{"id":25553,"date":"2014-04-02T20:47:12","date_gmt":"2014-04-02T23:47:12","guid":{"rendered":"http:\/\/aconteceunovale.com.br\/portal\/?p=25553"},"modified":"2014-04-02T20:47:12","modified_gmt":"2014-04-02T23:47:12","slug":"secretaria-de-agricultura-de-capelinha-fara-renovacao-de-alvaras-de-feirantes-da-area-coberta-do-mercado-municipal","status":"publish","type":"post","link":"https:\/\/aconteceunovale.com.br\/portal\/?p=25553","title":{"rendered":"Secretaria de Agricultura de Capelinha far\u00e1 renova\u00e7\u00e3o de alvar\u00e1s de feirantes da \u00e1rea coberta do Mercado Municipal"},"content":{"rendered":"<p>A Secretaria Municipal de Agricultura de Capelinha emitiu na tarde desta Quarta-Feira (02\/04), comunicado oficial sobre a renova\u00e7\u00e3o de alvar\u00e1s para feirantes que j\u00e1 vem atuando na \u00e1rea coberta do Mercado Municipal. Confira:<\/p>\n<p><strong>Comunicado<\/strong><\/p>\n<p>A Secretaria de Agricultura de Capelinha comunica aos feirantes da \u00e1rea coberta do Mercado Municipal, que de 07 \u00e1 30 de abril, no hor\u00e1rio de 08 \u00e1s 11 horas e de 13 \u00e1s 17 horas, estar\u00e1 sendo emitida autoriza\u00e7\u00e3o para emiss\u00e3o de alvar\u00e1s de funcionamento, referente ao ano de 2014.<\/p>\n<p>Portanto, todos os feirantes dever\u00e3o procurar a Secretaria de Agricultura, na Rua Dr. Hermelindo, n\u00ba 382, no prazo estipulado, munidos de alvar\u00e1 referente ao ano de 2013, para a devida regulariza\u00e7\u00e3o de suas atividades dentro do Mercado Municipal.<\/p>\n<p><img decoding=\"async\" src=\"http:\/\/aconteceunovale.com.br\/portal\/wp-content\/uploads\/2014\/04\/sac_renovacao_feirantes_02_04.jpg\" alt=\"\" \/><em>(Via Blog RegisCap1)<\/em><\/p>\n","protected":false},"excerpt":{"rendered":"<p>A Secretaria Municipal de Agricultura de Capelinha emitiu na tarde desta Quarta-Feira (02\/04), comunicado oficial sobre a renova\u00e7\u00e3o de alvar\u00e1s para feirantes que j\u00e1 vem atuando na \u00e1rea coberta do Mercado Municipal. Confira: Comunicado A Secretaria de Agricultura de Capelinha comunica aos feirantes da \u00e1rea coberta do Mercado Municipal, que de 07 \u00e1 30 de [&hellip;]<\/p>\n","protected":false},"author":1,"featured_media":25554,"comment_status":"open","ping_status":"closed","sticky":false,"template":"","format":"standard","meta":{"amp_status":"","footnotes":""},"categories":[120],"tags":[132,6244],"class_list":["post-25553","post","type-post","status-publish","format-standard","has-post-thumbnail","hentry","category-jequi","tag-capelinha","tag-secretaria-de-agricultura-de-capelinha-fara-renovacao-de-alvaras-de-feirantes-da-area-coberta-do-mercado-municipal"],"_links":{"self":[{"href":"https:\/\/aconteceunovale.com.br\/portal\/index.php?rest_route=\/wp\/v2\/posts\/25553","targetHints":{"allow":["GET"]}}],"collection":[{"href":"https:\/\/aconteceunovale.com.br\/portal\/index.php?rest_route=\/wp\/v2\/posts"}],"about":[{"href":"https:\/\/aconteceunovale.com.br\/portal\/index.php?rest_route=\/wp\/v2\/types\/post"}],"author":[{"embeddable":true,"href":"https:\/\/aconteceunovale.com.br\/portal\/index.php?rest_route=\/wp\/v2\/users\/1"}],"replies":[{"embeddable":true,"href":"https:\/\/aconteceunovale.com.br\/portal\/index.php?rest_route=%2Fwp%2Fv2%2Fcomments&post=25553"}],"version-history":[{"count":0,"href":"https:\/\/aconteceunovale.com.br\/portal\/index.php?rest_route=\/wp\/v2\/posts\/25553\/revisions"}],"wp:featuredmedia":[{"embeddable":true,"href":"https:\/\/aconteceunovale.com.br\/portal\/index.php?rest_route=\/wp\/v2\/media\/25554"}],"wp:attachment":[{"href":"https:\/\/aconteceunovale.com.br\/portal\/index.php?rest_route=%2Fwp%2Fv2%2Fmedia&parent=25553"}],"wp:term":[{"taxonomy":"category","embeddable":true,"href":"https:\/\/aconteceunovale.com.br\/portal\/index.php?rest_route=%2Fwp%2Fv2%2Fcategories&post=25553"},{"taxonomy":"post_tag","embeddable":true,"href":"https:\/\/aconteceunovale.com.br\/portal\/index.php?rest_route=%2Fwp%2Fv2%2Ftags&post=25553"}],"curies":[{"name":"wp","href":"https:\/\/api.w.org\/{rel}","templated":true}]}}