{"id":25550,"date":"2014-04-02T20:39:11","date_gmt":"2014-04-02T23:39:11","guid":{"rendered":"http:\/\/aconteceunovale.com.br\/portal\/?p=25550"},"modified":"2014-04-02T20:39:11","modified_gmt":"2014-04-02T23:39:11","slug":"show-de-paula-fernandes-na-festa-de-maio-de-taiobeiras-gera-expectativa-na-regiao-do-alto-rio-pardo","status":"publish","type":"post","link":"https:\/\/aconteceunovale.com.br\/portal\/?p=25550","title":{"rendered":"Show de Paula Fernandes na Festa de Maio de Taiobeiras gera expectativa na regi\u00e3o do Alto Rio Pardo"},"content":{"rendered":"<p>A Prefeitura de Taiobeiras anunciou a contrata\u00e7\u00e3o do mega show da cantora e compositora Paula Fernandes para a Festa de Maio 2014. O an\u00fancio est\u00e1 gerando alvoro\u00e7o em todas as cidades do Alto Rio Pardo, com intensas manifesta\u00e7\u00f5es nas redes sociais, colocando a festa taiobeirense no centro das aten\u00e7\u00f5es.<\/p>\n<p>Pelo que tudo indica, o show bater\u00e1 o recorde de p\u00fablico da festa, j\u00e1 que a mineira Paula Fernandes, de Sete Lagoas, possui repert\u00f3rio que agrada a maioria do p\u00fablico.<\/p>\n<p>A bela \u00e9 refer\u00eancia musical, principalmente no segmento sertanejo, onde \u00e9 a maior express\u00e3o feminina. Ela j\u00e1 vendeu mais de tr\u00eas milh\u00f5es de c\u00f3pias. Em 2012, Paula Fernandes tinha um dos cach\u00eas mais caro do Brasil: R$ 350 mil. A cantora j\u00e1 declarou em entrevista que, no in\u00edcio da carreira, recebeu cach\u00ea de R$ 40,00.<\/p>\n<p><img decoding=\"async\" src=\"http:\/\/aconteceunovale.com.br\/portal\/wp-content\/uploads\/2014\/04\/paula_fernandes_taio_14.jpg\" alt=\"\" \/> <em>(Foto: Reprodu\u00e7\u00e3o Facebook Paula Fernandes \/ Informa\u00e7\u00f5es: Jornal Folha Regional)<\/em><\/p>\n","protected":false},"excerpt":{"rendered":"<p>A Prefeitura de Taiobeiras anunciou a contrata\u00e7\u00e3o do mega show da cantora e compositora Paula Fernandes para a Festa de Maio 2014. O an\u00fancio est\u00e1 gerando alvoro\u00e7o em todas as cidades do Alto Rio Pardo, com intensas manifesta\u00e7\u00f5es nas redes sociais, colocando a festa taiobeirense no centro das aten\u00e7\u00f5es. Pelo que tudo indica, o show [&hellip;]<\/p>\n","protected":false},"author":1,"featured_media":25551,"comment_status":"open","ping_status":"closed","sticky":false,"template":"","format":"standard","meta":{"amp_status":"","footnotes":""},"categories":[1236],"tags":[1018,6243,6242,6241,419],"class_list":["post-25550","post","type-post","status-publish","format-standard","has-post-thumbnail","hentry","category-norte_de_minas","tag-destaque","tag-festa-de-maio-2014","tag-festa-de-maio-de-taiobeiras","tag-show-de-paula-fernandes-na-festa-de-maio-de-taiobeiras-gera-expectativa-na-regiao-do-alto-rio-pardo","tag-taiobeiras"],"_links":{"self":[{"href":"https:\/\/aconteceunovale.com.br\/portal\/index.php?rest_route=\/wp\/v2\/posts\/25550","targetHints":{"allow":["GET"]}}],"collection":[{"href":"https:\/\/aconteceunovale.com.br\/portal\/index.php?rest_route=\/wp\/v2\/posts"}],"about":[{"href":"https:\/\/aconteceunovale.com.br\/portal\/index.php?rest_route=\/wp\/v2\/types\/post"}],"author":[{"embeddable":true,"href":"https:\/\/aconteceunovale.com.br\/portal\/index.php?rest_route=\/wp\/v2\/users\/1"}],"replies":[{"embeddable":true,"href":"https:\/\/aconteceunovale.com.br\/portal\/index.php?rest_route=%2Fwp%2Fv2%2Fcomments&post=25550"}],"version-history":[{"count":0,"href":"https:\/\/aconteceunovale.com.br\/portal\/index.php?rest_route=\/wp\/v2\/posts\/25550\/revisions"}],"wp:featuredmedia":[{"embeddable":true,"href":"https:\/\/aconteceunovale.com.br\/portal\/index.php?rest_route=\/wp\/v2\/media\/25551"}],"wp:attachment":[{"href":"https:\/\/aconteceunovale.com.br\/portal\/index.php?rest_route=%2Fwp%2Fv2%2Fmedia&parent=25550"}],"wp:term":[{"taxonomy":"category","embeddable":true,"href":"https:\/\/aconteceunovale.com.br\/portal\/index.php?rest_route=%2Fwp%2Fv2%2Fcategories&post=25550"},{"taxonomy":"post_tag","embeddable":true,"href":"https:\/\/aconteceunovale.com.br\/portal\/index.php?rest_route=%2Fwp%2Fv2%2Ftags&post=25550"}],"curies":[{"name":"wp","href":"https:\/\/api.w.org\/{rel}","templated":true}]}}