{"id":25547,"date":"2014-04-02T20:17:23","date_gmt":"2014-04-02T23:17:23","guid":{"rendered":"http:\/\/aconteceunovale.com.br\/portal\/?p=25547"},"modified":"2014-04-02T20:17:35","modified_gmt":"2014-04-02T23:17:35","slug":"deputado-denuncia-desapropriacao-de-terras-para-mineroduto-vale-do-rio-pardo","status":"publish","type":"post","link":"https:\/\/aconteceunovale.com.br\/portal\/?p=25547","title":{"rendered":"Deputado denuncia desapropria\u00e7\u00e3o de terras para Mineroduto Vale do Rio Pardo"},"content":{"rendered":"<p>O deputado Rog\u00e9rio Correia (PT) protocolou na Assembl\u00e9ia Legislativa de Minas, um requerimento de audi\u00eancia p\u00fablica para debater os impactos ambientais de um decreto estadual que declarou de utilidade p\u00fablica terrenos situados em nove munic\u00edpios na regi\u00e3o Norte de Minas.<\/p>\n<p>O decreto do Governo Anastasia, com numera\u00e7\u00e3o especial 30, de 22 de janeiro deste ano, coloca mais de 300 km  de terras desses munic\u00edpios, \u00e0 disposi\u00e7\u00e3o da empresa Sul Americana de Metais S.A. (SAM), para a constru\u00e7\u00e3o do Mineroduto Projeto Vale do Rio Pardo.<\/p>\n<p>O mineroduto passar\u00e1 pelos munic\u00edpios de Gr\u00e3o Mogol, Padre Carvalho, Fruta de Leite, Novorizonte, Salinas, Taiobeiras, Curral de Dentro, Berizal e \u00c1guas Vermelhas.<\/p>\n<p>&#8220;Esse projeto assemelha-se ao do mineroduto Minas-Rio que vem causando transtornos \u00e0 popula\u00e7\u00e3o que habita as \u00e1reas onde este est\u00e1 sendo implantado&#8221;. disse o deputado em pronunciamento na tribuna da Assembl\u00e9ia.<\/p>\n<p>Segundo o deputado, o projeto do Mineroduto Vale do Rio Pardo, al\u00e9m do risco de contamina\u00e7\u00e3o do len\u00e7ol fre\u00e1tico, deve levar em considera\u00e7\u00e3o o grande volume de \u00e1gua utilizado no processo de lavagem e beneficiamento do metal em uma das regi\u00f5es mais secas do estado.<\/p>\n<p>A empresa SAM tem autoriza\u00e7\u00e3o do governo Anastasia para captar preventivamente da barragem de Irap\u00e9  974,4 litros por segundo (24 horas por dia).<\/p>\n<p>\u201cS\u00e3o 30,7 milh\u00f5es de metros c\u00fabicos por ano. Significa 30,7 milh\u00f5es de caixas d\u2019\u00e1gua de mil litros! Quase a mesma quantidade de \u00e1gua que consome o munic\u00edpio de Montes Claros (1.074L\/s). 12 vezes mais que o munic\u00edpio de Salinas. 69 vezes mais que Gr\u00e3o Mogol\u201d, denunciou na tarde desta ter\u00e7a-feira (2) o deputado Rog\u00e9rio Correa.<\/p>\n<h4><strong>Min\u00e9rio de ferro<\/strong><\/h4>\n<p>O projeto faz parte do investimento de cerca de R$ 3,6 bilh\u00f5es, que inclui a produ\u00e7\u00e3o de 25 milh\u00f5es de toneladas de min\u00e9rio de  ferro.<\/p>\n<p>Ser\u00e1 constru\u00eddo um mineroduto com extens\u00e3o de 490 quil\u00f4metros para levar o min\u00e9rio de ferro de Gr\u00e3o Mogol, Regi\u00e3o Norte de Minas, at\u00e9 o Porto Sul, em Ilh\u00e9us (BA).<\/p>\n<p>O mineroduto ser\u00e1 implantado pela Sul Americana Metais (SAM), subsidiaria da Votarantim Novos Neg\u00f3cios (VNN), uma das empresas que investem na explora\u00e7\u00e3o mineradora na regi\u00e3o.<\/p>\n<p><em>(Via Gazeta de Ara\u00e7ua\u00ed)<\/em><\/p>\n","protected":false},"excerpt":{"rendered":"<p>O deputado Rog\u00e9rio Correia (PT) protocolou na Assembl\u00e9ia Legislativa de Minas, um requerimento de audi\u00eancia p\u00fablica para debater os impactos ambientais de um decreto estadual que declarou de utilidade p\u00fablica terrenos situados em nove munic\u00edpios na regi\u00e3o Norte de Minas. O decreto do Governo Anastasia, com numera\u00e7\u00e3o especial 30, de 22 de janeiro deste ano, [&hellip;]<\/p>\n","protected":false},"author":1,"featured_media":25548,"comment_status":"open","ping_status":"closed","sticky":false,"template":"","format":"standard","meta":{"amp_status":"","footnotes":""},"categories":[1236],"tags":[4202,1342,1702,6240,1034,1153,6239,4532,877,190,419],"class_list":["post-25547","post","type-post","status-publish","format-standard","has-post-thumbnail","hentry","category-norte_de_minas","tag-aguas-vermelhas","tag-berizal","tag-curral-de-dentro","tag-deputado-denuncia-desapropriacao-de-terras-para-mineroduto-vale-do-rio-pardo","tag-fruta-de-leite","tag-grao-mogol","tag-mineroduto-vale-do-rio-pardo","tag-novorizonte","tag-padre-carvalho","tag-salinas","tag-taiobeiras"],"_links":{"self":[{"href":"https:\/\/aconteceunovale.com.br\/portal\/index.php?rest_route=\/wp\/v2\/posts\/25547","targetHints":{"allow":["GET"]}}],"collection":[{"href":"https:\/\/aconteceunovale.com.br\/portal\/index.php?rest_route=\/wp\/v2\/posts"}],"about":[{"href":"https:\/\/aconteceunovale.com.br\/portal\/index.php?rest_route=\/wp\/v2\/types\/post"}],"author":[{"embeddable":true,"href":"https:\/\/aconteceunovale.com.br\/portal\/index.php?rest_route=\/wp\/v2\/users\/1"}],"replies":[{"embeddable":true,"href":"https:\/\/aconteceunovale.com.br\/portal\/index.php?rest_route=%2Fwp%2Fv2%2Fcomments&post=25547"}],"version-history":[{"count":0,"href":"https:\/\/aconteceunovale.com.br\/portal\/index.php?rest_route=\/wp\/v2\/posts\/25547\/revisions"}],"wp:featuredmedia":[{"embeddable":true,"href":"https:\/\/aconteceunovale.com.br\/portal\/index.php?rest_route=\/wp\/v2\/media\/25548"}],"wp:attachment":[{"href":"https:\/\/aconteceunovale.com.br\/portal\/index.php?rest_route=%2Fwp%2Fv2%2Fmedia&parent=25547"}],"wp:term":[{"taxonomy":"category","embeddable":true,"href":"https:\/\/aconteceunovale.com.br\/portal\/index.php?rest_route=%2Fwp%2Fv2%2Fcategories&post=25547"},{"taxonomy":"post_tag","embeddable":true,"href":"https:\/\/aconteceunovale.com.br\/portal\/index.php?rest_route=%2Fwp%2Fv2%2Ftags&post=25547"}],"curies":[{"name":"wp","href":"https:\/\/api.w.org\/{rel}","templated":true}]}}