{"id":25545,"date":"2014-04-02T19:57:38","date_gmt":"2014-04-02T22:57:38","guid":{"rendered":"http:\/\/aconteceunovale.com.br\/portal\/?p=25545"},"modified":"2014-04-02T19:57:38","modified_gmt":"2014-04-02T22:57:38","slug":"der-e-deop-reaplicam-provas-de-concurso-para-as-areas-de-direito-e-administracao-neste-domingo","status":"publish","type":"post","link":"https:\/\/aconteceunovale.com.br\/portal\/?p=25545","title":{"rendered":"DER e Deop reaplicam provas de concurso para as \u00e1reas de Direito e Administra\u00e7\u00e3o neste domingo"},"content":{"rendered":"<p>Ser\u00e3o reaplicadas, neste domingo (06\/04), as provas do concurso p\u00fablico para o Departamento de Estradas de Rodagem de Minas Gerais (DER-MG) e o Departamento de Obras P\u00fablicas (Deop), especificamente para as \u00e1reas de Direito e Administra\u00e7\u00e3o, em raz\u00e3o do cancelamento ocorrido em 20 de mar\u00e7o. As provas remarcadas ser\u00e3o aplicadas na capital Belo Horizonte, Patos de Minas, Varginha, Montes Claros, Te\u00f3filo Otoni e Uberl\u00e2ndia, a partir de 13h30. Os port\u00f5es ser\u00e3o abertos \u00e0s 12h e a entrada ser\u00e1 encerrada \u00e0s 13h.<\/p>\n<p>Os candidatos inscritos para as \u00e1reas de Direito e Administra\u00e7\u00e3o t\u00eam a op\u00e7\u00e3o de requerer o valor pago pela inscri\u00e7\u00e3o, se desistirem de prestar o concurso. Caso o candidato opte pela restitui\u00e7\u00e3o, o requerimento dever\u00e1 ser feito a partir at\u00e9 o dia 5 de abril, \u00e0s 23h59. O requerimento encontra-se dispon\u00edvel para preenchimento no site do Instituto Brasileiro de Forma\u00e7\u00e3o e Capacita\u00e7\u00e3o (IBFC). A restitui\u00e7\u00e3o do valor de inscri\u00e7\u00e3o ao candidato ser\u00e1 feita pelo Instituto, em at\u00e9 30 dias ap\u00f3s a data de encerramento do cadastro feito pelo candidato.<\/p>\n<p>A reaplica\u00e7\u00e3o das provas para as \u00e1reas de Direito e Administra\u00e7\u00e3o vai preencher vagas para as carreiras de Gestor de Transportes e Obras P\u00fablicas e Fiscal de Transportes e Obras Rodovi\u00e1rios. O concurso \u00e9 regido pelo edital da Secretaria de Estado de Planejamento e Gest\u00e3o &#8211; Seplag\/DER\/Deop n\u00ba 06 de 2013.<\/p>\n<p>Os candidatos devem buscar informa\u00e7\u00f5es sobre os locais de aplica\u00e7\u00e3o das provas no site do IBFC, entidade executora respons\u00e1vel pela realiza\u00e7\u00e3o do certame. <a href=\"http:\/\/www.ibfc.org.br\/arquivos\/2880-C38.pdf?AspxAutoDetectCookieSupport=1\" target=\"_blank\">Clique aqui para acessar o comunicado completo relativo \u00e0 restitui\u00e7\u00e3o dos valores de inscri\u00e7\u00e3o.<\/a><\/p>\n","protected":false},"excerpt":{"rendered":"<p>Ser\u00e3o reaplicadas, neste domingo (06\/04), as provas do concurso p\u00fablico para o Departamento de Estradas de Rodagem de Minas Gerais (DER-MG) e o Departamento de Obras P\u00fablicas (Deop), especificamente para as \u00e1reas de Direito e Administra\u00e7\u00e3o, em raz\u00e3o do cancelamento ocorrido em 20 de mar\u00e7o. As provas remarcadas ser\u00e3o aplicadas na capital Belo Horizonte, Patos [&hellip;]<\/p>\n","protected":false},"author":1,"featured_media":13894,"comment_status":"open","ping_status":"closed","sticky":false,"template":"","format":"standard","meta":{"amp_status":"","footnotes":""},"categories":[123],"tags":[6238],"class_list":["post-25545","post","type-post","status-publish","format-standard","has-post-thumbnail","hentry","category-gerais","tag-der-e-deop-reaplicam-provas-de-concurso-para-as-areas-de-direito-e-administracao-neste-domingo"],"_links":{"self":[{"href":"https:\/\/aconteceunovale.com.br\/portal\/index.php?rest_route=\/wp\/v2\/posts\/25545","targetHints":{"allow":["GET"]}}],"collection":[{"href":"https:\/\/aconteceunovale.com.br\/portal\/index.php?rest_route=\/wp\/v2\/posts"}],"about":[{"href":"https:\/\/aconteceunovale.com.br\/portal\/index.php?rest_route=\/wp\/v2\/types\/post"}],"author":[{"embeddable":true,"href":"https:\/\/aconteceunovale.com.br\/portal\/index.php?rest_route=\/wp\/v2\/users\/1"}],"replies":[{"embeddable":true,"href":"https:\/\/aconteceunovale.com.br\/portal\/index.php?rest_route=%2Fwp%2Fv2%2Fcomments&post=25545"}],"version-history":[{"count":0,"href":"https:\/\/aconteceunovale.com.br\/portal\/index.php?rest_route=\/wp\/v2\/posts\/25545\/revisions"}],"wp:featuredmedia":[{"embeddable":true,"href":"https:\/\/aconteceunovale.com.br\/portal\/index.php?rest_route=\/wp\/v2\/media\/13894"}],"wp:attachment":[{"href":"https:\/\/aconteceunovale.com.br\/portal\/index.php?rest_route=%2Fwp%2Fv2%2Fmedia&parent=25545"}],"wp:term":[{"taxonomy":"category","embeddable":true,"href":"https:\/\/aconteceunovale.com.br\/portal\/index.php?rest_route=%2Fwp%2Fv2%2Fcategories&post=25545"},{"taxonomy":"post_tag","embeddable":true,"href":"https:\/\/aconteceunovale.com.br\/portal\/index.php?rest_route=%2Fwp%2Fv2%2Ftags&post=25545"}],"curies":[{"name":"wp","href":"https:\/\/api.w.org\/{rel}","templated":true}]}}