{"id":25538,"date":"2014-04-02T19:12:20","date_gmt":"2014-04-02T22:12:20","guid":{"rendered":"http:\/\/aconteceunovale.com.br\/portal\/?p=25538"},"modified":"2014-04-02T19:12:20","modified_gmt":"2014-04-02T22:12:20","slug":"nota-de-esclarecimento-da-cemig-sobre-interrupcao-do-fornecimento-de-energia-em-cidades-do-baixo-jequitinhonha","status":"publish","type":"post","link":"https:\/\/aconteceunovale.com.br\/portal\/?p=25538","title":{"rendered":"Nota de esclarecimento da CEMIG sobre interrup\u00e7\u00e3o do fornecimento de energia em cidades do Baixo Jequitinhonha"},"content":{"rendered":"<p>A Companhia Energ\u00e9tica de Minas Gerais \u2013 Cemig informa que a interrup\u00e7\u00e3o do fornecimento de energia ocorrida hoje, 02\/04, \u00e0s 15h14min, em parte do Vale do Jequitinhonha foi causada por um problema ocorrido na Subesta\u00e7\u00e3o Jequitinhonha, respons\u00e1vel pela alimenta\u00e7\u00e3o das subesta\u00e7\u00f5es Pedra Azul, Ara\u00e7agi, Machado Mineiro, Almenara e Jord\u00e2nia, que tamb\u00e9m foram atingidas.<\/p>\n<p>Imediatamente ap\u00f3s a identifica\u00e7\u00e3o da falha, engenheiro, t\u00e9cnicos e eletricistas trabalharam para sanar o problema, o que ocorreu \u00e0s 16h23min, com o completo reestabelecimento do fornecimento de energia para os clientes atingidos.<\/p>\n<p>A causa da falha na subesta\u00e7\u00e3o est\u00e1 sendo apurada.     <\/p>\n","protected":false},"excerpt":{"rendered":"<p>A Companhia Energ\u00e9tica de Minas Gerais \u2013 Cemig informa que a interrup\u00e7\u00e3o do fornecimento de energia ocorrida hoje, 02\/04, \u00e0s 15h14min, em parte do Vale do Jequitinhonha foi causada por um problema ocorrido na Subesta\u00e7\u00e3o Jequitinhonha, respons\u00e1vel pela alimenta\u00e7\u00e3o das subesta\u00e7\u00f5es Pedra Azul, Ara\u00e7agi, Machado Mineiro, Almenara e Jord\u00e2nia, que tamb\u00e9m foram atingidas. Imediatamente ap\u00f3s [&hellip;]<\/p>\n","protected":false},"author":1,"featured_media":13401,"comment_status":"open","ping_status":"closed","sticky":false,"template":"","format":"standard","meta":{"amp_status":"","footnotes":""},"categories":[120],"tags":[142,6234,475,6235,6233,455],"class_list":["post-25538","post","type-post","status-publish","format-standard","has-post-thumbnail","hentry","category-jequi","tag-almenara","tag-aracagi","tag-jordania","tag-machado-mineiro","tag-nota-de-esclarecimento-da-cemig-sobre-interrupcao-do-fornecimento-de-energia-em-cidades-do-baixo-jequitinhonha","tag-pedra-azul"],"_links":{"self":[{"href":"https:\/\/aconteceunovale.com.br\/portal\/index.php?rest_route=\/wp\/v2\/posts\/25538","targetHints":{"allow":["GET"]}}],"collection":[{"href":"https:\/\/aconteceunovale.com.br\/portal\/index.php?rest_route=\/wp\/v2\/posts"}],"about":[{"href":"https:\/\/aconteceunovale.com.br\/portal\/index.php?rest_route=\/wp\/v2\/types\/post"}],"author":[{"embeddable":true,"href":"https:\/\/aconteceunovale.com.br\/portal\/index.php?rest_route=\/wp\/v2\/users\/1"}],"replies":[{"embeddable":true,"href":"https:\/\/aconteceunovale.com.br\/portal\/index.php?rest_route=%2Fwp%2Fv2%2Fcomments&post=25538"}],"version-history":[{"count":0,"href":"https:\/\/aconteceunovale.com.br\/portal\/index.php?rest_route=\/wp\/v2\/posts\/25538\/revisions"}],"wp:featuredmedia":[{"embeddable":true,"href":"https:\/\/aconteceunovale.com.br\/portal\/index.php?rest_route=\/wp\/v2\/media\/13401"}],"wp:attachment":[{"href":"https:\/\/aconteceunovale.com.br\/portal\/index.php?rest_route=%2Fwp%2Fv2%2Fmedia&parent=25538"}],"wp:term":[{"taxonomy":"category","embeddable":true,"href":"https:\/\/aconteceunovale.com.br\/portal\/index.php?rest_route=%2Fwp%2Fv2%2Fcategories&post=25538"},{"taxonomy":"post_tag","embeddable":true,"href":"https:\/\/aconteceunovale.com.br\/portal\/index.php?rest_route=%2Fwp%2Fv2%2Ftags&post=25538"}],"curies":[{"name":"wp","href":"https:\/\/api.w.org\/{rel}","templated":true}]}}