{"id":25530,"date":"2014-04-02T14:09:48","date_gmt":"2014-04-02T17:09:48","guid":{"rendered":"http:\/\/aconteceunovale.com.br\/portal\/?p=25530"},"modified":"2014-04-02T14:09:48","modified_gmt":"2014-04-02T17:09:48","slug":"veiculo-da-prefeitura-de-diamantina-se-envolve-em-acidente-proximo-ao-campo-do-tijuco","status":"publish","type":"post","link":"https:\/\/aconteceunovale.com.br\/portal\/?p=25530","title":{"rendered":"Ve\u00edculo da Prefeitura de Diamantina se envolve em acidente pr\u00f3ximo ao Campo do Tijuco"},"content":{"rendered":"<p>Um ve\u00edculo com placas de Diamantina e adesivado com a marca do Governo do Estado se envolveu em um acidente com um ve\u00edculo Fiat Uno na manh\u00e3 desta quarta-feira (02\/04), pr\u00f3ximo ao Campo do Tijuco, em Diamantina\/MG.<\/p>\n<p>Os ve\u00edculos colidiram lateralmente. O acidente causou um pequeno congestionamento no local, que foi resolvido com a chegada de uma guarni\u00e7\u00e3o da Pol\u00edcia Militar.<\/p>\n<p>N\u00e3o houve relato de v\u00edtimas feridas gravemente, uma unidade m\u00f3vel do SAMU esteve no local e atendeu aos envolvidos na colis\u00e3o.<\/p>\n<p>As causas do acidente n\u00e3o foram divulgadas.<\/p>\n<h4><strong>FOTOS DO ACIDENTE<\/strong><\/h4>\n<p><em>(Fotos enviadas por S\u00e9rgio Souza)<\/em><\/p>\n<p><img decoding=\"async\" src=\"http:\/\/aconteceunovale.com.br\/portal\/wp-content\/uploads\/2014\/04\/acidente_dtna_02_04_4.jpg\" alt=\"\" \/><br \/>\n<div id='gallery-1' class='gallery galleryid-25530 gallery-columns-4 gallery-size-thumbnail'><figure class='gallery-item'>\n\t\t\t<div class='gallery-icon landscape'>\n\t\t\t\t<a href='https:\/\/aconteceunovale.com.br\/portal\/wp-content\/uploads\/2014\/04\/acidente_dtna_02_04_4.jpg'><img loading=\"lazy\" decoding=\"async\" width=\"150\" height=\"150\" src=\"https:\/\/aconteceunovale.com.br\/portal\/wp-content\/uploads\/2014\/04\/acidente_dtna_02_04_4-150x150.jpg\" class=\"attachment-thumbnail size-thumbnail\" alt=\"\" \/><\/a>\n\t\t\t<\/div><\/figure><figure class='gallery-item'>\n\t\t\t<div class='gallery-icon landscape'>\n\t\t\t\t<a href='https:\/\/aconteceunovale.com.br\/portal\/wp-content\/uploads\/2014\/04\/acidente_dtna_02_04_3.jpg'><img loading=\"lazy\" decoding=\"async\" width=\"150\" height=\"150\" src=\"https:\/\/aconteceunovale.com.br\/portal\/wp-content\/uploads\/2014\/04\/acidente_dtna_02_04_3-150x150.jpg\" class=\"attachment-thumbnail size-thumbnail\" alt=\"\" \/><\/a>\n\t\t\t<\/div><\/figure><figure class='gallery-item'>\n\t\t\t<div class='gallery-icon landscape'>\n\t\t\t\t<a href='https:\/\/aconteceunovale.com.br\/portal\/wp-content\/uploads\/2014\/04\/acidente_dtna_02_04_2.jpg'><img loading=\"lazy\" decoding=\"async\" width=\"150\" height=\"150\" src=\"https:\/\/aconteceunovale.com.br\/portal\/wp-content\/uploads\/2014\/04\/acidente_dtna_02_04_2-150x150.jpg\" class=\"attachment-thumbnail size-thumbnail\" alt=\"\" \/><\/a>\n\t\t\t<\/div><\/figure><figure class='gallery-item'>\n\t\t\t<div class='gallery-icon landscape'>\n\t\t\t\t<a href='https:\/\/aconteceunovale.com.br\/portal\/wp-content\/uploads\/2014\/04\/acidente_dtna_02_04_1.jpg'><img loading=\"lazy\" decoding=\"async\" width=\"150\" height=\"150\" src=\"https:\/\/aconteceunovale.com.br\/portal\/wp-content\/uploads\/2014\/04\/acidente_dtna_02_04_1-150x150.jpg\" class=\"attachment-thumbnail size-thumbnail\" alt=\"\" \/><\/a>\n\t\t\t<\/div><\/figure>\n\t\t<\/div>\n<\/p>\n<p><em>(Reda\u00e7\u00e3o do Portal Aconteceu no Vale com fotos e informa\u00e7\u00f5es de S\u00e9rgio Souza)<\/em><\/p>\n","protected":false},"excerpt":{"rendered":"<p>Um ve\u00edculo com placas de Diamantina e adesivado com a marca do Governo do Estado se envolveu em um acidente com um ve\u00edculo Fiat Uno na manh\u00e3 desta quarta-feira (02\/04), pr\u00f3ximo ao Campo do Tijuco, em Diamantina\/MG. Os ve\u00edculos colidiram lateralmente. O acidente causou um pequeno congestionamento no local, que foi resolvido com a chegada [&hellip;]<\/p>\n","protected":false},"author":1,"featured_media":25534,"comment_status":"open","ping_status":"closed","sticky":false,"template":"","format":"standard","meta":{"amp_status":"","footnotes":""},"categories":[120],"tags":[1018,198,6232],"class_list":["post-25530","post","type-post","status-publish","format-standard","has-post-thumbnail","hentry","category-jequi","tag-destaque","tag-diamantina","tag-veiculo-da-prefeitura-de-diamantina-se-envolve-em-acidente-proximo-ao-campo-do-tijuco"],"_links":{"self":[{"href":"https:\/\/aconteceunovale.com.br\/portal\/index.php?rest_route=\/wp\/v2\/posts\/25530","targetHints":{"allow":["GET"]}}],"collection":[{"href":"https:\/\/aconteceunovale.com.br\/portal\/index.php?rest_route=\/wp\/v2\/posts"}],"about":[{"href":"https:\/\/aconteceunovale.com.br\/portal\/index.php?rest_route=\/wp\/v2\/types\/post"}],"author":[{"embeddable":true,"href":"https:\/\/aconteceunovale.com.br\/portal\/index.php?rest_route=\/wp\/v2\/users\/1"}],"replies":[{"embeddable":true,"href":"https:\/\/aconteceunovale.com.br\/portal\/index.php?rest_route=%2Fwp%2Fv2%2Fcomments&post=25530"}],"version-history":[{"count":0,"href":"https:\/\/aconteceunovale.com.br\/portal\/index.php?rest_route=\/wp\/v2\/posts\/25530\/revisions"}],"wp:featuredmedia":[{"embeddable":true,"href":"https:\/\/aconteceunovale.com.br\/portal\/index.php?rest_route=\/wp\/v2\/media\/25534"}],"wp:attachment":[{"href":"https:\/\/aconteceunovale.com.br\/portal\/index.php?rest_route=%2Fwp%2Fv2%2Fmedia&parent=25530"}],"wp:term":[{"taxonomy":"category","embeddable":true,"href":"https:\/\/aconteceunovale.com.br\/portal\/index.php?rest_route=%2Fwp%2Fv2%2Fcategories&post=25530"},{"taxonomy":"post_tag","embeddable":true,"href":"https:\/\/aconteceunovale.com.br\/portal\/index.php?rest_route=%2Fwp%2Fv2%2Ftags&post=25530"}],"curies":[{"name":"wp","href":"https:\/\/api.w.org\/{rel}","templated":true}]}}