{"id":25526,"date":"2014-04-02T13:02:07","date_gmt":"2014-04-02T16:02:07","guid":{"rendered":"http:\/\/aconteceunovale.com.br\/portal\/?p=25526"},"modified":"2014-04-02T13:02:07","modified_gmt":"2014-04-02T16:02:07","slug":"samu-alerta-para-a-quantidade-de-acidentes-de-transito-no-norte-de-minas","status":"publish","type":"post","link":"https:\/\/aconteceunovale.com.br\/portal\/?p=25526","title":{"rendered":"Samu alerta para a quantidade de acidentes de tr\u00e2nsito no Norte de Minas"},"content":{"rendered":"<p>O Servi\u00e7o de Atendimento M\u00f3vel de Urg\u00eancia (Samu) divulgou nesta ter\u00e7a-feira (1) dados que relacionam o n\u00famero de atendimentos recebidos com a quantidade de acidentes de tr\u00e2nsito registrados. 30% de todos os chamados recebidos pelo Samu s\u00e3o de ocorr\u00eancias dessa natureza.<\/p>\n<p>De acordo com o levantamento do Samu, nos dois primeiros meses de 2014 foram registrados 1.818 atendimentos em acidentes de tr\u00e2nsito no Norte de Minas, sendo 780 somente em Montes Claros, maior cidade da regi\u00e3o.<\/p>\n<p>Segundo o Samu, em algumas avenidas de Montes Claros s\u00e3o registrados oito acidentes de tr\u00e2nsito por semana (confira a tabela), a maior parte envolve motociclistas. As estat\u00edsticas mostram que o n\u00famero de mortes em ocorr\u00eancias com motos \u00e9 tr\u00eas vezes maior.<\/p>\n<p>\u201cTrauma \u00e9 a principal causa de morte nas quatro primeiras d\u00e9cadas de vida e pode ser considerada uma epidemia de dif\u00edcil controle\u201d, fala o instrutor e m\u00e9dico intervencionista do Samu, Ant\u00f4nio Marinho Cedrim.<\/p>\n<p>Cedrim tamb\u00e9m destaca que em casos de acidentes, \u201co motociclista tamb\u00e9m est\u00e1 mais exposto ao risco de les\u00e3o\u201d. O Samu afirma ainda que a falta de educa\u00e7\u00e3o para o tr\u00e2nsito, intoler\u00e2ncia, imper\u00edcia e neglig\u00eancia dos condutores, e a combina\u00e7\u00e3o \u00e1lcool e dire\u00e7\u00e3o influenciam diretamente no tr\u00e2nsito.<\/p>\n<p>Sobre a ingest\u00e3o de \u00e1lcool, o m\u00e9dico diz que \u201ca maioria das pessoas alcoolizadas acredita que est\u00e1 bem para dirigir. Isso ocorre devido \u00e0 falsa sensa\u00e7\u00e3o de leveza e bem-estar que o \u00e1lcool proporciona.\u201d<\/p>\n<p>Ant\u00f4nio Cedrim cita alguns dos efeitos do \u00e1lcool no organismo: diminui\u00e7\u00e3o da coordena\u00e7\u00e3o motora, vis\u00e3o distorcida, dupla e fora de foco, racioc\u00ednio e rea\u00e7\u00f5es lentas, falta de concentra\u00e7\u00e3o, diminui\u00e7\u00e3o ou perda do esp\u00edrito cr\u00edtico e baixa qualidade de julgamento.<\/p>\n<p>Instrutoria de auto escola h\u00e1 seis anos, Andreia Silva, diz que os acidentes s\u00e3o influenciados principalmente pela falta de preparo dos motociclistas. &#8220;O contato pr\u00e1tico que o aluno tem com o ve\u00edculo \u00e9 dentro da motopista, que \u00e9 um circuito fechado e n\u00e3o corresponde \u00e0 din\u00e2mica do tr\u00e2nsito de fato, como \u00e9 nas ruas.&#8221;<\/p>\n<p>A instrutora aponta os dois principais erros cometidos pelo motociclistas no tr\u00e2nsito, ultrapassagens pela direita e desrespeito \u00e0 sinaliza\u00e7\u00e3o. Ela tamb\u00e9m diz que a situa\u00e7\u00e3o do tr\u00e2nsito de Montes Claros, que n\u00e3o comporta mais o fluxo de ve\u00edculos, tamb\u00e9m \u00e9 um fator que complica a vida de quem anda sobre duas rodas. <em>(Inter TV Grande Minas)<\/em><\/p>\n","protected":false},"excerpt":{"rendered":"<p>O Servi\u00e7o de Atendimento M\u00f3vel de Urg\u00eancia (Samu) divulgou nesta ter\u00e7a-feira (1) dados que relacionam o n\u00famero de atendimentos recebidos com a quantidade de acidentes de tr\u00e2nsito registrados. 30% de todos os chamados recebidos pelo Samu s\u00e3o de ocorr\u00eancias dessa natureza. De acordo com o levantamento do Samu, nos dois primeiros meses de 2014 foram [&hellip;]<\/p>\n","protected":false},"author":1,"featured_media":25527,"comment_status":"open","ping_status":"closed","sticky":false,"template":"","format":"standard","meta":{"amp_status":"","footnotes":""},"categories":[1236],"tags":[6231,1018,6230],"class_list":["post-25526","post","type-post","status-publish","format-standard","has-post-thumbnail","hentry","category-norte_de_minas","tag-acidentes-de-transito-no-norte-de-minas","tag-destaque","tag-samu-alerta-para-a-quantidade-de-acidentes-de-transito-no-norte-de-minas"],"_links":{"self":[{"href":"https:\/\/aconteceunovale.com.br\/portal\/index.php?rest_route=\/wp\/v2\/posts\/25526","targetHints":{"allow":["GET"]}}],"collection":[{"href":"https:\/\/aconteceunovale.com.br\/portal\/index.php?rest_route=\/wp\/v2\/posts"}],"about":[{"href":"https:\/\/aconteceunovale.com.br\/portal\/index.php?rest_route=\/wp\/v2\/types\/post"}],"author":[{"embeddable":true,"href":"https:\/\/aconteceunovale.com.br\/portal\/index.php?rest_route=\/wp\/v2\/users\/1"}],"replies":[{"embeddable":true,"href":"https:\/\/aconteceunovale.com.br\/portal\/index.php?rest_route=%2Fwp%2Fv2%2Fcomments&post=25526"}],"version-history":[{"count":0,"href":"https:\/\/aconteceunovale.com.br\/portal\/index.php?rest_route=\/wp\/v2\/posts\/25526\/revisions"}],"wp:featuredmedia":[{"embeddable":true,"href":"https:\/\/aconteceunovale.com.br\/portal\/index.php?rest_route=\/wp\/v2\/media\/25527"}],"wp:attachment":[{"href":"https:\/\/aconteceunovale.com.br\/portal\/index.php?rest_route=%2Fwp%2Fv2%2Fmedia&parent=25526"}],"wp:term":[{"taxonomy":"category","embeddable":true,"href":"https:\/\/aconteceunovale.com.br\/portal\/index.php?rest_route=%2Fwp%2Fv2%2Fcategories&post=25526"},{"taxonomy":"post_tag","embeddable":true,"href":"https:\/\/aconteceunovale.com.br\/portal\/index.php?rest_route=%2Fwp%2Fv2%2Ftags&post=25526"}],"curies":[{"name":"wp","href":"https:\/\/api.w.org\/{rel}","templated":true}]}}