{"id":25506,"date":"2014-04-02T11:01:45","date_gmt":"2014-04-02T14:01:45","guid":{"rendered":"http:\/\/aconteceunovale.com.br\/portal\/?p=25506"},"modified":"2014-04-02T11:01:45","modified_gmt":"2014-04-02T14:01:45","slug":"cemig-firma-parceria-com-emater-mg-para-beneficiar-consumidor-rural","status":"publish","type":"post","link":"https:\/\/aconteceunovale.com.br\/portal\/?p=25506","title":{"rendered":"Cemig firma parceria com Emater-MG para beneficiar consumidor rural"},"content":{"rendered":"<p>A Companhia Energ\u00e9tica de Minas Gerais \u2013 Cemig e a Empresa de Assist\u00eancia T\u00e9cnica e Extens\u00e3o Rural do Estado de Minas Gerais \u2013 Emater-MG assinaram, na tarde desta ter\u00e7a-feira, no edif\u00edcio-sede da Concession\u00e1ria, um conv\u00eanio para que a empresa de assist\u00eancia t\u00e9cnica prepare laudos t\u00e9cnicos nos casos de perdas e danos ocorridos em estabelecimentos rurais pela interrup\u00e7\u00e3o de energia el\u00e9trica.  A parceria visa agilizar os pedidos de ressarcimento dos produtores pela via administrativa e evitar os processos judiciais.<\/p>\n<p>Segundo termos do conv\u00eanio, o produtor que tiver algum tipo de preju\u00edzo por interrup\u00e7\u00e3o de energia deve procurar primeiramente a Cemig, que ir\u00e1  acionar a Emater-MG para que seja elaborado o laudo t\u00e9cnico. Atualmente, existem cerca de 400 a\u00e7\u00f5es judiciais em todo o Estado envolvendo pedidos de indeniza\u00e7\u00e3o por danos a produtores rurais decorrentes de falha no sistema el\u00e9trico.<\/p>\n<p>Para o diretor de Distribui\u00e7\u00e3o e Comercializa\u00e7\u00e3o da Cemig, Ricardo Jos\u00e9 Charbel,  a parceria com a Emater-MG vai permitir um avan\u00e7o consider\u00e1vel no relacionamento da Companhia com os produtores rurais em todo o Estado. \u201cA Cemig atende 96% do territ\u00f3rio do Estado e possui mais de 7,5 milh\u00f5es de consumidores, em 774 munic\u00edpios, com mais de 670 mil clientes rurais. T\u00ednhamos a necessidade de contratar uma empresa com a expertise da Emater-MG, que tem vasta experi\u00eancia nessa \u00e1rea e presen\u00e7a nas cidades onde prestamos servi\u00e7os\u201d.<\/p>\n<p>De acordo com o presidente da Emater-MG, Jos\u00e9 Ricardo Roseno, o grande beneficiado com esse conv\u00eanio ser\u00e1 o produtor. \u201cA Emater-MG vai funcionar como uma facilitadora para que os sinistros  relatados pelos agricultores sejam comprovados por meio de laudo t\u00e9cnico. Por outro lado, esses documentos dar\u00e3o \u00e0 Cemig a possibilidade legal de indenizar os produtores\u201d, afirmou.<\/p>\n<p>O contrato tem dura\u00e7\u00e3o de cinco anos e \u00e9 v\u00e1lido em todo o Estado. Pelo conv\u00eanio, a Emater-MG fica respons\u00e1vel pela elabora\u00e7\u00e3o de laudos t\u00e9cnicos nos casos de perdas e danos ocorridos em estabelecimentos rurais por falta de energia el\u00e9trica. Em alguns casos, os laudos ajudar\u00e3o a dimensionar  o valor do preju\u00edzo.<\/p>\n","protected":false},"excerpt":{"rendered":"<p>A Companhia Energ\u00e9tica de Minas Gerais \u2013 Cemig e a Empresa de Assist\u00eancia T\u00e9cnica e Extens\u00e3o Rural do Estado de Minas Gerais \u2013 Emater-MG assinaram, na tarde desta ter\u00e7a-feira, no edif\u00edcio-sede da Concession\u00e1ria, um conv\u00eanio para que a empresa de assist\u00eancia t\u00e9cnica prepare laudos t\u00e9cnicos nos casos de perdas e danos ocorridos em estabelecimentos rurais [&hellip;]<\/p>\n","protected":false},"author":1,"featured_media":13401,"comment_status":"open","ping_status":"closed","sticky":false,"template":"","format":"standard","meta":{"amp_status":"","footnotes":""},"categories":[123],"tags":[347,6220,6221,6222],"class_list":["post-25506","post","type-post","status-publish","format-standard","has-post-thumbnail","hentry","category-gerais","tag-cemig","tag-cemig-firma-parceria-com-emater-mg-para-beneficiar-consumidor-rural","tag-convenio-cemig-e-emater","tag-resolucao-de-problemas-quando-falta-energia-da-cemig-na-zona-rural"],"yoast_head":"<!-- This site is optimized with the Yoast SEO plugin v28.3 - https:\/\/yoast.com\/product\/yoast-seo-wordpress\/ -->\n<title>Cemig firma parceria com Emater-MG para beneficiar consumidor rural - Aconteceu no Vale<\/title>\n<meta name=\"robots\" content=\"index, follow, max-snippet:-1, max-image-preview:large, max-video-preview:-1\" \/>\n<link rel=\"canonical\" href=\"https:\/\/aconteceunovale.com.br\/portal\/?p=25506\" \/>\n<meta property=\"og:locale\" content=\"pt_BR\" \/>\n<meta property=\"og:type\" content=\"article\" \/>\n<meta property=\"og:title\" content=\"Cemig firma parceria com Emater-MG para beneficiar consumidor rural - Aconteceu no Vale\" \/>\n<meta property=\"og:description\" content=\"A Companhia Energ\u00e9tica de Minas Gerais \u2013 Cemig e a Empresa de Assist\u00eancia T\u00e9cnica e Extens\u00e3o Rural do Estado de Minas Gerais \u2013 Emater-MG assinaram, na tarde desta ter\u00e7a-feira, no edif\u00edcio-sede da Concession\u00e1ria, um conv\u00eanio para que a empresa de assist\u00eancia t\u00e9cnica prepare laudos t\u00e9cnicos nos casos de perdas e danos ocorridos em estabelecimentos rurais [&hellip;]\" \/>\n<meta property=\"og:url\" content=\"https:\/\/aconteceunovale.com.br\/portal\/?p=25506\" \/>\n<meta property=\"og:site_name\" content=\"Aconteceu no Vale\" \/>\n<meta property=\"article:publisher\" content=\"https:\/\/www.facebook.com\/aconteceunovale\/\" \/>\n<meta property=\"article:published_time\" content=\"2014-04-02T14:01:45+00:00\" \/>\n<meta property=\"og:image\" content=\"https:\/\/aconteceunovale.com.br\/portal\/wp-content\/uploads\/2013\/11\/cemig_logo-e1427562484756.jpg\" \/>\n\t<meta property=\"og:image:width\" content=\"450\" \/>\n\t<meta property=\"og:image:height\" content=\"297\" \/>\n\t<meta property=\"og:image:type\" content=\"image\/jpeg\" \/>\n<meta name=\"author\" content=\"Aconteceu no Vale\" \/>\n<meta name=\"twitter:card\" content=\"summary_large_image\" \/>\n<meta name=\"twitter:creator\" content=\"@noticiadosvales\" \/>\n<meta name=\"twitter:site\" content=\"@noticiadosvales\" \/>\n<meta name=\"twitter:label1\" content=\"Escrito por\" \/>\n\t<meta name=\"twitter:data1\" content=\"Aconteceu no Vale\" \/>\n\t<meta name=\"twitter:label2\" content=\"Est. tempo de leitura\" \/>\n\t<meta name=\"twitter:data2\" content=\"2 minutos\" \/>\n<script type=\"application\/ld+json\" class=\"yoast-schema-graph\">{\"@context\":\"https:\\\/\\\/schema.org\",\"@graph\":[{\"@type\":\"Article\",\"@id\":\"https:\\\/\\\/aconteceunovale.com.br\\\/portal\\\/?p=25506#article\",\"isPartOf\":{\"@id\":\"https:\\\/\\\/aconteceunovale.com.br\\\/portal\\\/?p=25506\"},\"author\":{\"name\":\"Aconteceu no Vale\",\"@id\":\"https:\\\/\\\/aconteceunovale.com.br\\\/portal\\\/#\\\/schema\\\/person\\\/633529146f2c94272bef50ac2953d589\"},\"headline\":\"Cemig firma parceria com Emater-MG para beneficiar consumidor rural\",\"datePublished\":\"2014-04-02T14:01:45+00:00\",\"mainEntityOfPage\":{\"@id\":\"https:\\\/\\\/aconteceunovale.com.br\\\/portal\\\/?p=25506\"},\"wordCount\":373,\"commentCount\":0,\"image\":{\"@id\":\"https:\\\/\\\/aconteceunovale.com.br\\\/portal\\\/?p=25506#primaryimage\"},\"thumbnailUrl\":\"https:\\\/\\\/aconteceunovale.com.br\\\/portal\\\/wp-content\\\/uploads\\\/2013\\\/11\\\/cemig_logo-e1427562484756.jpg\",\"keywords\":[\"cemig\",\"Cemig firma parceria com Emater-MG para beneficiar consumidor rural\",\"Conv\u00eanio Cemig e Emater\",\"resolu\u00e7\u00e3o de problemas quando falta energia da cemig na zona rural\"],\"articleSection\":[\"Minas Gerais\"],\"inLanguage\":\"pt-BR\",\"potentialAction\":[{\"@type\":\"CommentAction\",\"name\":\"Comment\",\"target\":[\"https:\\\/\\\/aconteceunovale.com.br\\\/portal\\\/?p=25506#respond\"]}]},{\"@type\":\"WebPage\",\"@id\":\"https:\\\/\\\/aconteceunovale.com.br\\\/portal\\\/?p=25506\",\"url\":\"https:\\\/\\\/aconteceunovale.com.br\\\/portal\\\/?p=25506\",\"name\":\"Cemig firma parceria com Emater-MG para beneficiar consumidor rural - Aconteceu no Vale\",\"isPartOf\":{\"@id\":\"https:\\\/\\\/aconteceunovale.com.br\\\/portal\\\/#website\"},\"primaryImageOfPage\":{\"@id\":\"https:\\\/\\\/aconteceunovale.com.br\\\/portal\\\/?p=25506#primaryimage\"},\"image\":{\"@id\":\"https:\\\/\\\/aconteceunovale.com.br\\\/portal\\\/?p=25506#primaryimage\"},\"thumbnailUrl\":\"https:\\\/\\\/aconteceunovale.com.br\\\/portal\\\/wp-content\\\/uploads\\\/2013\\\/11\\\/cemig_logo-e1427562484756.jpg\",\"datePublished\":\"2014-04-02T14:01:45+00:00\",\"author\":{\"@id\":\"https:\\\/\\\/aconteceunovale.com.br\\\/portal\\\/#\\\/schema\\\/person\\\/633529146f2c94272bef50ac2953d589\"},\"breadcrumb\":{\"@id\":\"https:\\\/\\\/aconteceunovale.com.br\\\/portal\\\/?p=25506#breadcrumb\"},\"inLanguage\":\"pt-BR\",\"potentialAction\":[{\"@type\":\"ReadAction\",\"target\":[\"https:\\\/\\\/aconteceunovale.com.br\\\/portal\\\/?p=25506\"]}]},{\"@type\":\"ImageObject\",\"inLanguage\":\"pt-BR\",\"@id\":\"https:\\\/\\\/aconteceunovale.com.br\\\/portal\\\/?p=25506#primaryimage\",\"url\":\"https:\\\/\\\/aconteceunovale.com.br\\\/portal\\\/wp-content\\\/uploads\\\/2013\\\/11\\\/cemig_logo-e1427562484756.jpg\",\"contentUrl\":\"https:\\\/\\\/aconteceunovale.com.br\\\/portal\\\/wp-content\\\/uploads\\\/2013\\\/11\\\/cemig_logo-e1427562484756.jpg\",\"width\":450,\"height\":297},{\"@type\":\"BreadcrumbList\",\"@id\":\"https:\\\/\\\/aconteceunovale.com.br\\\/portal\\\/?p=25506#breadcrumb\",\"itemListElement\":[{\"@type\":\"ListItem\",\"position\":1,\"name\":\"In\u00edcio\",\"item\":\"https:\\\/\\\/aconteceunovale.com.br\\\/portal\\\/\"},{\"@type\":\"ListItem\",\"position\":2,\"name\":\"Cemig firma parceria com Emater-MG para beneficiar consumidor rural\"}]},{\"@type\":\"WebSite\",\"@id\":\"https:\\\/\\\/aconteceunovale.com.br\\\/portal\\\/#website\",\"url\":\"https:\\\/\\\/aconteceunovale.com.br\\\/portal\\\/\",\"name\":\"Aconteceu no Vale\",\"description\":\"Portal de Not\u00edcias\",\"potentialAction\":[{\"@type\":\"SearchAction\",\"target\":{\"@type\":\"EntryPoint\",\"urlTemplate\":\"https:\\\/\\\/aconteceunovale.com.br\\\/portal\\\/?s={search_term_string}\"},\"query-input\":{\"@type\":\"PropertyValueSpecification\",\"valueRequired\":true,\"valueName\":\"search_term_string\"}}],\"inLanguage\":\"pt-BR\"},{\"@type\":\"Person\",\"@id\":\"https:\\\/\\\/aconteceunovale.com.br\\\/portal\\\/#\\\/schema\\\/person\\\/633529146f2c94272bef50ac2953d589\",\"name\":\"Aconteceu no Vale\",\"description\":\"Equipe de reportagem do Aconteceu no Vale, portal de not\u00edcias do Vale do Jequitinhonha, em Minas Gerais. Cobrimos as 51 cidades do Vale desde 2013. Sugest\u00f5es de pauta e pedidos de corre\u00e7\u00e3o: contato@aconteceunovale.com.br\",\"sameAs\":[\"http:\\\/\\\/www.aconteceunovale.com.br\"],\"url\":\"https:\\\/\\\/aconteceunovale.com.br\\\/portal\\\/?author=1\"}]}<\/script>\n<!-- \/ Yoast SEO plugin. -->","yoast_head_json":{"title":"Cemig firma parceria com Emater-MG para beneficiar consumidor rural - Aconteceu no Vale","robots":{"index":"index","follow":"follow","max-snippet":"max-snippet:-1","max-image-preview":"max-image-preview:large","max-video-preview":"max-video-preview:-1"},"canonical":"https:\/\/aconteceunovale.com.br\/portal\/?p=25506","og_locale":"pt_BR","og_type":"article","og_title":"Cemig firma parceria com Emater-MG para beneficiar consumidor rural - Aconteceu no Vale","og_description":"A Companhia Energ\u00e9tica de Minas Gerais \u2013 Cemig e a Empresa de Assist\u00eancia T\u00e9cnica e Extens\u00e3o Rural do Estado de Minas Gerais \u2013 Emater-MG assinaram, na tarde desta ter\u00e7a-feira, no edif\u00edcio-sede da Concession\u00e1ria, um conv\u00eanio para que a empresa de assist\u00eancia t\u00e9cnica prepare laudos t\u00e9cnicos nos casos de perdas e danos ocorridos em estabelecimentos rurais [&hellip;]","og_url":"https:\/\/aconteceunovale.com.br\/portal\/?p=25506","og_site_name":"Aconteceu no Vale","article_publisher":"https:\/\/www.facebook.com\/aconteceunovale\/","article_published_time":"2014-04-02T14:01:45+00:00","og_image":[{"width":450,"height":297,"url":"https:\/\/aconteceunovale.com.br\/portal\/wp-content\/uploads\/2013\/11\/cemig_logo-e1427562484756.jpg","type":"image\/jpeg"}],"author":"Aconteceu no Vale","twitter_card":"summary_large_image","twitter_creator":"@noticiadosvales","twitter_site":"@noticiadosvales","twitter_misc":{"Escrito por":"Aconteceu no Vale","Est. tempo de leitura":"2 minutos"},"schema":{"@context":"https:\/\/schema.org","@graph":[{"@type":"Article","@id":"https:\/\/aconteceunovale.com.br\/portal\/?p=25506#article","isPartOf":{"@id":"https:\/\/aconteceunovale.com.br\/portal\/?p=25506"},"author":{"name":"Aconteceu no Vale","@id":"https:\/\/aconteceunovale.com.br\/portal\/#\/schema\/person\/633529146f2c94272bef50ac2953d589"},"headline":"Cemig firma parceria com Emater-MG para beneficiar consumidor rural","datePublished":"2014-04-02T14:01:45+00:00","mainEntityOfPage":{"@id":"https:\/\/aconteceunovale.com.br\/portal\/?p=25506"},"wordCount":373,"commentCount":0,"image":{"@id":"https:\/\/aconteceunovale.com.br\/portal\/?p=25506#primaryimage"},"thumbnailUrl":"https:\/\/aconteceunovale.com.br\/portal\/wp-content\/uploads\/2013\/11\/cemig_logo-e1427562484756.jpg","keywords":["cemig","Cemig firma parceria com Emater-MG para beneficiar consumidor rural","Conv\u00eanio Cemig e Emater","resolu\u00e7\u00e3o de problemas quando falta energia da cemig na zona rural"],"articleSection":["Minas Gerais"],"inLanguage":"pt-BR","potentialAction":[{"@type":"CommentAction","name":"Comment","target":["https:\/\/aconteceunovale.com.br\/portal\/?p=25506#respond"]}]},{"@type":"WebPage","@id":"https:\/\/aconteceunovale.com.br\/portal\/?p=25506","url":"https:\/\/aconteceunovale.com.br\/portal\/?p=25506","name":"Cemig firma parceria com Emater-MG para beneficiar consumidor rural - Aconteceu no Vale","isPartOf":{"@id":"https:\/\/aconteceunovale.com.br\/portal\/#website"},"primaryImageOfPage":{"@id":"https:\/\/aconteceunovale.com.br\/portal\/?p=25506#primaryimage"},"image":{"@id":"https:\/\/aconteceunovale.com.br\/portal\/?p=25506#primaryimage"},"thumbnailUrl":"https:\/\/aconteceunovale.com.br\/portal\/wp-content\/uploads\/2013\/11\/cemig_logo-e1427562484756.jpg","datePublished":"2014-04-02T14:01:45+00:00","author":{"@id":"https:\/\/aconteceunovale.com.br\/portal\/#\/schema\/person\/633529146f2c94272bef50ac2953d589"},"breadcrumb":{"@id":"https:\/\/aconteceunovale.com.br\/portal\/?p=25506#breadcrumb"},"inLanguage":"pt-BR","potentialAction":[{"@type":"ReadAction","target":["https:\/\/aconteceunovale.com.br\/portal\/?p=25506"]}]},{"@type":"ImageObject","inLanguage":"pt-BR","@id":"https:\/\/aconteceunovale.com.br\/portal\/?p=25506#primaryimage","url":"https:\/\/aconteceunovale.com.br\/portal\/wp-content\/uploads\/2013\/11\/cemig_logo-e1427562484756.jpg","contentUrl":"https:\/\/aconteceunovale.com.br\/portal\/wp-content\/uploads\/2013\/11\/cemig_logo-e1427562484756.jpg","width":450,"height":297},{"@type":"BreadcrumbList","@id":"https:\/\/aconteceunovale.com.br\/portal\/?p=25506#breadcrumb","itemListElement":[{"@type":"ListItem","position":1,"name":"In\u00edcio","item":"https:\/\/aconteceunovale.com.br\/portal\/"},{"@type":"ListItem","position":2,"name":"Cemig firma parceria com Emater-MG para beneficiar consumidor rural"}]},{"@type":"WebSite","@id":"https:\/\/aconteceunovale.com.br\/portal\/#website","url":"https:\/\/aconteceunovale.com.br\/portal\/","name":"Aconteceu no Vale","description":"Portal de Not\u00edcias","potentialAction":[{"@type":"SearchAction","target":{"@type":"EntryPoint","urlTemplate":"https:\/\/aconteceunovale.com.br\/portal\/?s={search_term_string}"},"query-input":{"@type":"PropertyValueSpecification","valueRequired":true,"valueName":"search_term_string"}}],"inLanguage":"pt-BR"},{"@type":"Person","@id":"https:\/\/aconteceunovale.com.br\/portal\/#\/schema\/person\/633529146f2c94272bef50ac2953d589","name":"Aconteceu no Vale","description":"Equipe de reportagem do Aconteceu no Vale, portal de not\u00edcias do Vale do Jequitinhonha, em Minas Gerais. Cobrimos as 51 cidades do Vale desde 2013. Sugest\u00f5es de pauta e pedidos de corre\u00e7\u00e3o: contato@aconteceunovale.com.br","sameAs":["http:\/\/www.aconteceunovale.com.br"],"url":"https:\/\/aconteceunovale.com.br\/portal\/?author=1"}]}},"_links":{"self":[{"href":"https:\/\/aconteceunovale.com.br\/portal\/index.php?rest_route=\/wp\/v2\/posts\/25506","targetHints":{"allow":["GET"]}}],"collection":[{"href":"https:\/\/aconteceunovale.com.br\/portal\/index.php?rest_route=\/wp\/v2\/posts"}],"about":[{"href":"https:\/\/aconteceunovale.com.br\/portal\/index.php?rest_route=\/wp\/v2\/types\/post"}],"author":[{"embeddable":true,"href":"https:\/\/aconteceunovale.com.br\/portal\/index.php?rest_route=\/wp\/v2\/users\/1"}],"replies":[{"embeddable":true,"href":"https:\/\/aconteceunovale.com.br\/portal\/index.php?rest_route=%2Fwp%2Fv2%2Fcomments&post=25506"}],"version-history":[{"count":0,"href":"https:\/\/aconteceunovale.com.br\/portal\/index.php?rest_route=\/wp\/v2\/posts\/25506\/revisions"}],"wp:featuredmedia":[{"embeddable":true,"href":"https:\/\/aconteceunovale.com.br\/portal\/index.php?rest_route=\/wp\/v2\/media\/13401"}],"wp:attachment":[{"href":"https:\/\/aconteceunovale.com.br\/portal\/index.php?rest_route=%2Fwp%2Fv2%2Fmedia&parent=25506"}],"wp:term":[{"taxonomy":"category","embeddable":true,"href":"https:\/\/aconteceunovale.com.br\/portal\/index.php?rest_route=%2Fwp%2Fv2%2Fcategories&post=25506"},{"taxonomy":"post_tag","embeddable":true,"href":"https:\/\/aconteceunovale.com.br\/portal\/index.php?rest_route=%2Fwp%2Fv2%2Ftags&post=25506"}],"curies":[{"name":"wp","href":"https:\/\/api.w.org\/{rel}","templated":true}]}}