{"id":25503,"date":"2014-04-02T10:08:42","date_gmt":"2014-04-02T13:08:42","guid":{"rendered":"http:\/\/aconteceunovale.com.br\/portal\/?p=25503"},"modified":"2014-04-02T10:08:42","modified_gmt":"2014-04-02T13:08:42","slug":"premio-selecionara-trabalhos-sobre-mulheres-e-agroecologia-ate-30-de-agosto","status":"publish","type":"post","link":"https:\/\/aconteceunovale.com.br\/portal\/?p=25503","title":{"rendered":"Pr\u00eamio selecionar\u00e1 trabalhos sobre Mulheres e Agroecologia at\u00e9 30 de agosto"},"content":{"rendered":"<p>Aos 58 anos de idade, a mineira Sara Deolinda Pimenta sempre esteve envolvida com a luta das mulheres rurais. Em sua disserta\u00e7\u00e3o de mestrado, por exemplo, h\u00e1 quase dez anos, ela elaborou uma pesquisa ativa de campo sobre a luta de posseiras e posseiros por terras no Vale do Jequitinhonha, regi\u00e3o localizada no nordeste do estado de Minas Gerais. O trabalho rendeu a Sara o primeiro lugar, em 2005, na categoria Mestrado, no Pr\u00eamio Margarida Alves de Estudos Rurais e G\u00eaneros, que chega a sua 4\u00aa edi\u00e7\u00e3o em 2014.<\/p>\n<p><img decoding=\"async\" src=\"http:\/\/aconteceunovale.com.br\/portal\/wp-content\/uploads\/2014\/04\/premio_mulheres_e_ecologia_mda.jpg\" alt=\"\" \/><em>(Foto: Ascom\/MDA)<\/em><br \/>\n<\/br><\/p>\n<p>O Pr\u00eamio \u00e9 uma iniciativa do Minist\u00e9rio do Desenvolvimento Agr\u00e1rio (MDA) que, neste ano, vai selecionar e publicar os 15 melhores trabalhos com o tema Mulheres e Agroecologia, em tr\u00eas categorias: Ensaio In\u00e9dito, Relatos de Experi\u00eancias e Mem\u00f3rias.<\/p>\n<p>As inscri\u00e7\u00f5es come\u00e7aram nesta ter\u00e7a-feira (1\u00ba de abril) e seguem at\u00e9 30 de agosto, em \u00e2mbito nacional. Para participar, os interessados devem acessar o site de um dos organizadores do evento, preencher o formul\u00e1rio e enviar o texto de acordo com o edital, tamb\u00e9m dispon\u00edvel nos sites. Em 2014, o pr\u00eamio ser\u00e1 de R$ 3 mil para os vencedores de cada categoria, al\u00e9m da publica\u00e7\u00e3o impressa em colet\u00e2nea e certificado. A previs\u00e3o \u00e9 que os resultados sejam divulgados em dezembro deste ano.<\/p>\n<p>\u201cAl\u00e9m das pesquisas acad\u00eamicas, estamos colhendo informa\u00e7\u00f5es diretamente com as mulheres, para definir o que ser\u00e1 importante na elabora\u00e7\u00e3o de pol\u00edticas p\u00fablicas para o meio rural, que dialoguem com a quest\u00e3o de g\u00eanero\u201d, explica a coordenadora-geral de Organiza\u00e7\u00e3o Produtiva de Mulheres Rurais do MDA, Renata Leite.<\/p>\n<h4><strong>Participa\u00e7\u00e3o<\/strong><\/h4>\n<p>Podem participar do Pr\u00eamio pesquisadoras e pesquisadores ligados a qualquer \u00e1rea do conhecimento (gradua\u00e7\u00e3o e p\u00f3s-gradua\u00e7\u00e3o); representantes de Redes, entidades ou organiza\u00e7\u00f5es n\u00e3o governamentais com experi\u00eancia em Assist\u00eancia T\u00e9cnica e Extens\u00e3o Rural (Ater) para mulheres; e trabalhadoras rurais e lideran\u00e7as em comunidades. Cada autor (a) poder\u00e1 concorrer com apenas um trabalho na categoria a que pertence.<\/p>\n<p>Para Sara Pimenta fazer parte de um Pr\u00eamio como esse teve uma import\u00e2ncia muito grande, j\u00e1 que desde muito cedo ela presta assessoria a movimentos de trabalhadoras rurais. \u201cFoi importante pela simbologia do pr\u00eamio, de homenagear Margarida Alves. Isso \u00e9 muito emblem\u00e1tico pela luta das mulheres. Al\u00e9m disso, na \u00e9poca em que participei (2005), o MDA estava come\u00e7ando a construir pol\u00edticas voltadas para as mulheres rurais, o que foi bastante motivador\u201d, lembra. O pr\u00eamio recebido por Sara foi compartilhado entre as moradoras e moradores do assentamento no Vale do Jequitinhonha, que foi tema de seu trabalho.<\/p>\n<h4><strong>Margarida Alves<\/strong><\/h4>\n<p>Em sua 4\u00aa edi\u00e7\u00e3o, o Pr\u00eamio Margarida Alves de Estudos Rurais e G\u00eaneros presta homenagem \u00e0 dirigente sindical Margarida Maria Alves, brutalmente assassinada em 1983, aos 40 anos de idade. Margarida, ap\u00f3s 12 anos no Sindicato Rural de Alagoa Grande (PB), rompeu com padr\u00f5es tradicionais ao fundar o Centro de Educa\u00e7\u00e3o e Cultura do Trabalhador Rural, al\u00e9m de lutar contra o analfabetismo, injusti\u00e7as e explora\u00e7\u00e3o. A trabalhadora tamb\u00e9m foi uma forte defensora da reforma agr\u00e1ria.<\/p>\n<h4><strong>Parceiros<\/strong><\/h4>\n<p>A organiza\u00e7\u00e3o do evento \u00e9 da Diretoria de Pol\u00edticas para Mulheres Rurais (DPMR) e do N\u00facleo de Estudos Agr\u00e1rios e Desenvolvimento Rural (Nead), em parceria com o Instituto Nacional de Coloniza\u00e7\u00e3o e Reforma Agr\u00e1ria (Incra), a Secretaria Especial de Pol\u00edticas para as Mulheres (SPM), a Associa\u00e7\u00e3o Brasileira de Agroecologia (ABA- Agroecologia), a Associa\u00e7\u00e3o Brasileira de Antropologia (ABA), Associa\u00e7\u00e3o Nacional de Pesquisa e P\u00f3s-Gradua\u00e7\u00e3o em Ci\u00eancias Sociais (Anpocs), a Sociedade Brasileira de Sociologia (SBS) e movimentos sociais de mulheres trabalhadoras rurais.<\/p>\n<h4><strong>Servi\u00e7o<\/strong><\/h4>\n<p>Pr\u00eamio Margarida Alves de Estudos Rurais e G\u00eaneros \u2013 Mulheres e Agroecologia<\/p>\n<p><strong>Inscri\u00e7\u00f5es:<\/strong> 1\u00ba de abril a 30 de agosto de 2014<br \/>\n<strong>Sites:<\/strong> <a href=\"http:\/\/www.mda.gov.br\/aegre\" target=\"_blank\">www.mda.gov.br\/aegre<\/a>, <a href=\"http:\/\/www.nead.gov.br\" target=\"_blank\">www.nead.gov.br<\/a><\/p>\n<p><strong>Mais informa\u00e7\u00f5es<\/strong><br \/>\npremiomargaridaalves@mda.gov.br, premiomargaridaalves@gmail.com<br \/>\n<strong>Telefone:<\/strong> (61) 2020-0845<\/p>\n<p><a href=\"http:\/\/www.mda.gov.br\/portalmda\/sites\/default\/files\/user_img_198\/Edital%20-%20margarida%20alves%202014_0.pdf\" target=\"_blank\"><strong>Confira aqui o edital do Pr\u00eamio.<\/strong><\/a><\/p>\n","protected":false},"excerpt":{"rendered":"<p>Aos 58 anos de idade, a mineira Sara Deolinda Pimenta sempre esteve envolvida com a luta das mulheres rurais. Em sua disserta\u00e7\u00e3o de mestrado, por exemplo, h\u00e1 quase dez anos, ela elaborou uma pesquisa ativa de campo sobre a luta de posseiras e posseiros por terras no Vale do Jequitinhonha, regi\u00e3o localizada no nordeste do [&hellip;]<\/p>\n","protected":false},"author":1,"featured_media":25504,"comment_status":"open","ping_status":"closed","sticky":false,"template":"","format":"standard","meta":{"amp_status":"","footnotes":""},"categories":[6],"tags":[1018,6218,6219],"class_list":["post-25503","post","type-post","status-publish","format-standard","has-post-thumbnail","hentry","category-br","tag-destaque","tag-premio-seleciona-trabalhos-sobre-mulheres-e-agroecologia","tag-premio-selecionara-trabalhos-sobre-mulheres-e-agroecologia-ate-30-de-agosto"],"_links":{"self":[{"href":"https:\/\/aconteceunovale.com.br\/portal\/index.php?rest_route=\/wp\/v2\/posts\/25503","targetHints":{"allow":["GET"]}}],"collection":[{"href":"https:\/\/aconteceunovale.com.br\/portal\/index.php?rest_route=\/wp\/v2\/posts"}],"about":[{"href":"https:\/\/aconteceunovale.com.br\/portal\/index.php?rest_route=\/wp\/v2\/types\/post"}],"author":[{"embeddable":true,"href":"https:\/\/aconteceunovale.com.br\/portal\/index.php?rest_route=\/wp\/v2\/users\/1"}],"replies":[{"embeddable":true,"href":"https:\/\/aconteceunovale.com.br\/portal\/index.php?rest_route=%2Fwp%2Fv2%2Fcomments&post=25503"}],"version-history":[{"count":0,"href":"https:\/\/aconteceunovale.com.br\/portal\/index.php?rest_route=\/wp\/v2\/posts\/25503\/revisions"}],"wp:featuredmedia":[{"embeddable":true,"href":"https:\/\/aconteceunovale.com.br\/portal\/index.php?rest_route=\/wp\/v2\/media\/25504"}],"wp:attachment":[{"href":"https:\/\/aconteceunovale.com.br\/portal\/index.php?rest_route=%2Fwp%2Fv2%2Fmedia&parent=25503"}],"wp:term":[{"taxonomy":"category","embeddable":true,"href":"https:\/\/aconteceunovale.com.br\/portal\/index.php?rest_route=%2Fwp%2Fv2%2Fcategories&post=25503"},{"taxonomy":"post_tag","embeddable":true,"href":"https:\/\/aconteceunovale.com.br\/portal\/index.php?rest_route=%2Fwp%2Fv2%2Ftags&post=25503"}],"curies":[{"name":"wp","href":"https:\/\/api.w.org\/{rel}","templated":true}]}}