{"id":25498,"date":"2014-04-02T09:44:26","date_gmt":"2014-04-02T12:44:26","guid":{"rendered":"http:\/\/aconteceunovale.com.br\/portal\/?p=25498"},"modified":"2014-04-02T09:44:26","modified_gmt":"2014-04-02T12:44:26","slug":"obra-abandonada-de-oscar-niemeyer-em-diamantina-recebera-23-milhoes-do-pac-cidades-historicas","status":"publish","type":"post","link":"https:\/\/aconteceunovale.com.br\/portal\/?p=25498","title":{"rendered":"Obra abandonada de Oscar Niemeyer em Diamantina receber\u00e1 2,3 milh\u00f5es do PAC cidades hist\u00f3ricas"},"content":{"rendered":"<p>Na fachada e nos fundos, os tra\u00e7os do g\u00eanio do modernismo est\u00e3o encobertos pelo abandono. Paredes e teto foram tomados por rachaduras, infiltra\u00e7\u00f5es e picha\u00e7\u00f5es. Portas e janelas est\u00e3o quebradas e n\u00e3o restam mais vidros. E nos tradicionais arcos, marca registrada do arquiteto, o que salta aos olhos s\u00e3o azulejos danificados e o ac\u00famulo de lodo.<\/p>\n<p>O avan\u00e7ado estado de deteriora\u00e7\u00e3o do Clube Social, em Diamantina, no Vale do Jequitinhonha, finalmente ganha um alento. A constru\u00e7\u00e3o, primeira obra assinada por Oscar Niemeyer na terra de Juscelino Kubitschek, est\u00e1 com recursos assegurados da ordem de R$ 2,3 milh\u00f5es do PAC Cidades Hist\u00f3ricas. O restauro est\u00e1 previsto para este ano.<\/p>\n<p><img decoding=\"async\" src=\"http:\/\/aconteceunovale.com.br\/portal\/wp-content\/uploads\/2014\/04\/obra_abandonada_oscar_niemayer_dtna_1.jpg\" alt=\"\" \/><em>(Fl\u00e1vio Tavares\/Hoje em Dia)<\/em><br \/>\n<\/br><\/p>\n<p>Erguido em 1950, em meio \u00e0 arquitetura colonial do munic\u00edpio, o im\u00f3vel tem grande valor hist\u00f3rico e art\u00edstico. O clube foi palco de grandes eventos sociais e culturais at\u00e9 meados da d\u00e9cada de 80. Moradores e visitantes se reuniam com frequ\u00eancia para bailes de debutantes, concursos de miss e formaturas.<\/p>\n<p>Nascido e criado na mesma resid\u00eancia onde ainda mora, de frente para a edifica\u00e7\u00e3o, o aposentado Manoel Florentino Ferreira, de 82 anos, lamenta a atual situa\u00e7\u00e3o. \u201c\u00c9 uma vergonha. V\u00e1rias festas eram organizadas aqui. Isso sem falar na beleza da constru\u00e7\u00e3o, que carrega o nome de Niemeyer. Mas esse \u00e9 um problema antigo\u201d, afirmou o morador.<\/p>\n<p>De fato, como refor\u00e7ou Manoel Ferreira, o descaso j\u00e1 perdura h\u00e1 anos. Em 2012, o Hoje em Dia esteve no munic\u00edpio e mostrou a degrada\u00e7\u00e3o do espa\u00e7o, que n\u00e3o se restringe s\u00f3 \u00e0s estruturas de concreto. H\u00e1 mato e entulho por praticamente todo o entorno. Al\u00e9m disso, o local se transformou em ponto de venda e uso de drogas. \u201cDiariamente h\u00e1 jovens fumando maconha l\u00e1 dentro, sem qualquer constrangimento\u201d, contou uma comerciante da regi\u00e3o, que pediu para n\u00e3o ser identificada.<\/p>\n<p>Na tentativa de evitar novos atos de vandalismo, enquanto a reforma n\u00e3o \u00e9 iniciada, o secret\u00e1rio de Cultura, Turismo e Patrim\u00f4nio de Diamantina, Walter Cardoso Fran\u00e7a J\u00fanior, informou que a prefeitura avalia medidas de seguran\u00e7a. Segundo ele, ainda n\u00e3o foi definido como o espa\u00e7o ser\u00e1 utilizado ap\u00f3s o restauro. Uma das hip\u00f3teses s\u00e3o eventos e atividades conjuntas com a pra\u00e7a de esportes, que funciona ao lado. (Hoje em Dia)<\/p>\n","protected":false},"excerpt":{"rendered":"<p>Na fachada e nos fundos, os tra\u00e7os do g\u00eanio do modernismo est\u00e3o encobertos pelo abandono. Paredes e teto foram tomados por rachaduras, infiltra\u00e7\u00f5es e picha\u00e7\u00f5es. Portas e janelas est\u00e3o quebradas e n\u00e3o restam mais vidros. E nos tradicionais arcos, marca registrada do arquiteto, o que salta aos olhos s\u00e3o azulejos danificados e o ac\u00famulo de [&hellip;]<\/p>\n","protected":false},"author":1,"featured_media":25499,"comment_status":"open","ping_status":"closed","sticky":false,"template":"","format":"standard","meta":{"amp_status":"","footnotes":""},"categories":[120],"tags":[1018,198,6216],"class_list":["post-25498","post","type-post","status-publish","format-standard","has-post-thumbnail","hentry","category-jequi","tag-destaque","tag-diamantina","tag-obra-abandonada-de-oscar-niemeyer-em-diamantina"],"_links":{"self":[{"href":"https:\/\/aconteceunovale.com.br\/portal\/index.php?rest_route=\/wp\/v2\/posts\/25498","targetHints":{"allow":["GET"]}}],"collection":[{"href":"https:\/\/aconteceunovale.com.br\/portal\/index.php?rest_route=\/wp\/v2\/posts"}],"about":[{"href":"https:\/\/aconteceunovale.com.br\/portal\/index.php?rest_route=\/wp\/v2\/types\/post"}],"author":[{"embeddable":true,"href":"https:\/\/aconteceunovale.com.br\/portal\/index.php?rest_route=\/wp\/v2\/users\/1"}],"replies":[{"embeddable":true,"href":"https:\/\/aconteceunovale.com.br\/portal\/index.php?rest_route=%2Fwp%2Fv2%2Fcomments&post=25498"}],"version-history":[{"count":0,"href":"https:\/\/aconteceunovale.com.br\/portal\/index.php?rest_route=\/wp\/v2\/posts\/25498\/revisions"}],"wp:featuredmedia":[{"embeddable":true,"href":"https:\/\/aconteceunovale.com.br\/portal\/index.php?rest_route=\/wp\/v2\/media\/25499"}],"wp:attachment":[{"href":"https:\/\/aconteceunovale.com.br\/portal\/index.php?rest_route=%2Fwp%2Fv2%2Fmedia&parent=25498"}],"wp:term":[{"taxonomy":"category","embeddable":true,"href":"https:\/\/aconteceunovale.com.br\/portal\/index.php?rest_route=%2Fwp%2Fv2%2Fcategories&post=25498"},{"taxonomy":"post_tag","embeddable":true,"href":"https:\/\/aconteceunovale.com.br\/portal\/index.php?rest_route=%2Fwp%2Fv2%2Ftags&post=25498"}],"curies":[{"name":"wp","href":"https:\/\/api.w.org\/{rel}","templated":true}]}}