{"id":25495,"date":"2014-04-02T09:37:17","date_gmt":"2014-04-02T12:37:17","guid":{"rendered":"http:\/\/aconteceunovale.com.br\/portal\/?p=25495"},"modified":"2014-04-02T09:37:17","modified_gmt":"2014-04-02T12:37:17","slug":"reitor-da-ufvjm-vistoria-terrenos-para-instalacao-de-campus-em-nanuque","status":"publish","type":"post","link":"https:\/\/aconteceunovale.com.br\/portal\/?p=25495","title":{"rendered":"Reitor da UFVJM vistoria terrenos para instala\u00e7\u00e3o de campus em Nanuque"},"content":{"rendered":"<p>A convite do prefeito Ramon Ferraz, estiveram em Nanuque na manh\u00e3 de sexta-feira (28\/03)  o reitor da UFVJM (Universidade Federal dos Vales Jequitinhonha e Mucuri), Pedro \u00c2ngelo, e o deputado federal Leonardo Monteiro, com o objetivo de dar continuidade \u00e0 luta de trazer para Nanuque um campus da UFVJM, universidade que j\u00e1 tem um polo que funciona com aulas semipresenciais. Acompanhados por diversos profissionais da \u00e1rea de educa\u00e7\u00e3o e administra\u00e7\u00e3o, al\u00e9m de vereadores, servidores p\u00fablicos, a vice-prefeita Alba Lima e outros lideres da sociedade civil organizada, visitaram dois im\u00f3veis que j\u00e1 est\u00e3o \u00e0  disposi\u00e7\u00e3o da universidade para a constru\u00e7\u00e3o do campus.<\/p>\n<p><img decoding=\"async\" src=\"http:\/\/aconteceunovale.com.br\/portal\/wp-content\/uploads\/2014\/04\/pedro_angelo_visita_nanuque_1.jpg\" alt=\"\" \/><em>(Foto: Ascom Prefeitura de Nanuque)<\/em><br \/>\n<\/br><\/p>\n<p>Um dos principais intermedi\u00e1rios dessa conquista, o deputado Leonardo disse: \u201cQuero cumprimentar toda a popula\u00e7\u00e3o de Nanuque e do Vale do Mucuri. \u00c9 uma satisfa\u00e7\u00e3o, uma grande alegria pra mim como deputado estar participando desse processo, estar intermediando a vinda do campus da nossa Universidade Federal aqui pra Nanuque. N\u00f3s, a pedido do nosso prefeito Ramon e da nossa vice-prefeita Alba, e tamb\u00e9m atendendo ao apelo do reitor da Universidade, doutor Pedro \u00c2ngelo, estamos viabilizando trazer esse campus para c\u00e1, e, sem d\u00favidas, estar\u00e1 atendendo as expectativas da popula\u00e7\u00e3o desta regi\u00e3o do m\u00e9dio Mucuri. Portanto, n\u00f3s estamos nos empenhando. Hoje  estamos fazendo esta visita e j\u00e1 temos dois locais \u00e0 disposi\u00e7\u00e3o para que a Universidade possa escolher o melhor deles, e o que  ser\u00e1 mais adequado. Acreditamos que o campus deva ocupar uma \u00e1rea m\u00e9dia de 50 hectares, isso porque devem ser constru\u00eddos os pr\u00e9dios agora e depois vir\u00e3o alojamentos estudantis, e a pr\u00f3pria expans\u00e3o do campus, pois  iniciaremos com alguns cursos, e sabendo a capacidade produtiva da regi\u00e3o, dentro em breve necessitaremos de novos cursos, portanto novas salas de aula, novos espa\u00e7os\u201d.<\/p>\n<p>O deputado ainda explicou que os investimentos chegam a um montante da ordem de 100 milh\u00f5es  de reais, e que os retornos s\u00e3o indiscutivelmente compensat\u00f3rios.<\/p>\n<p>Marcio Miranda, coordenador  do polo da Universidade em Nanuque, diz que em 2012 foi convidado a participar do PDI (Plano de Desenvolvimento Infraestrutural) da UFVJM. \u201cNanuque foi contemplada e agora estamos aqui  reunidos com o reitor Pedro \u00c2ngelo juntamente como  o deputado federal Leonardo Monteiro e a sociedade civil, para podermos debater e de fato concretizar esse sonho pra Nanuque\u201d, lembrou.<\/p>\n<p>\u201cDe extrema import\u00e2ncia a conquista para Nanuque e toda a regi\u00e3o\u201d. \u00c9 assim que avalia o reitor Pedro \u00c2ngelo. \u201cUm campus universit\u00e1rio federal \u00e9 importante em qualquer lugar que chegue, pelo seu prop\u00f3sito e pela repercuss\u00e3o que ele cria em curto, m\u00e9dio e longo prazo, repercuss\u00e3o sobretudo socioecon\u00f4mica pra toda a regi\u00e3o. Promove a mudan\u00e7a de postura da sociedade, a cria\u00e7\u00e3o de massa cr\u00edtica, mudan\u00e7a tamb\u00e9m na gest\u00e3o p\u00fablica, na gest\u00e3o dos munic\u00edpios. A longo prazo, quando essas pessoas come\u00e7am a ocupar os novos espa\u00e7os, come\u00e7am a ser formadores de opini\u00e3o nas comunidades onde vivem. Uma vez disponibilizada uma \u00e1rea para a implanta\u00e7\u00e3o do campus, definidos os cursos, que t\u00eam de ser validados pela comunidade, haver\u00e1 ent\u00e3o uma intermedia\u00e7\u00e3o pol\u00edtica, promovida pelas lideran\u00e7as pol\u00edticas locais e as respectivas lideran\u00e7as do parlamento federal junto ao Minist\u00e9rio da Educa\u00e7\u00e3o, de maneira que seja tomada a decis\u00e3o pelo MEC e pelo governo federal, para a libera\u00e7\u00e3o dos recursos necess\u00e1rios para implanta\u00e7\u00e3o do campus, bem como libera\u00e7\u00e3o de docentes e corpo t\u00e9cnico administrativo.\u201d<\/p>\n<p>O prefeito Ramon Ferraz mostrava-se empolgado com a oportunidade de realizar esse verdadeiro sonho para a popula\u00e7\u00e3o de Nanuque. \u201cJ\u00e1 \u00e9 um sonho antigo, desde o ano passado j\u00e1 est\u00e1vamos nos reunindo, buscando, indo a Bras\u00edlia, com o apoio total do deputado federal  Leonardo Monteiro, e agora conseguimos traz\u00ea-los aqui, n\u00e3o s\u00f3 o deputado, mas tamb\u00e9m o reitor da UFVJM, Dr. Pedro \u00c2ngelo, que veio de Diamantina especialmente para nos orientar, nos dar as diretrizes, e estamos aqui apresentando duas \u00e1reas oferecidas pelo Munic\u00edpio para abrigar o futuro campus, uma aqui frente ao aeroporto, cedida pelo empres\u00e1rio Tadeu Milbratz, e a outra no bairro Vila Nova, cedida pelo agricultor Almir Fernandes. N\u00f3s estamos passando em visita, e agora \u00e9 continuar esse pleito pol\u00edtico para tentar tirar do papel, \u00e9 arrega\u00e7as as mangas e trabalhar, pois isso aqui tem a possibilidade de mudar por completo o cen\u00e1rio de Nanuque, pois precisamos trazer novas empresas para c\u00e1, e uma universidade vindo, inicialmente com uma m\u00e9dia de 150 professores, sem contar alunos. Portanto, dar\u00e1 um grande avan\u00e7o no desenvolvimento, n\u00e3o s\u00f3 de Nanuque, mas de toda a regi\u00e3o. A  expectativa muito boa, \u00e9 uma grande esperan\u00e7a, e \u00e9 isso que esperamos, alavancar esse projeto e concretizar mais esse sonho\u201d, vibrou Ramon.<\/p>\n<p>Para o presidente da C\u00e2mara de Vereadores, Rivaldo Monteiro, a conquista \u00e9 realmente motivo de festa. \u201cTemos um ambiente que consegue agregar v\u00e1rias cidades. Hoje Nanuque \u00e9 uma cidade polo, por isso precisamos da educa\u00e7\u00e3o, e como foi feito em Te\u00f3filo Otoni e Teixeira de Freitas, que se desenvolveram pela educa\u00e7\u00e3o, devemos fazer o mesmo aqui. Esse sonho se tornando realidade, s\u00f3 teremos a ganhar, pois esses cursos trar\u00e3o o desenvolvimento para Nanuque, e seremos eternamente gratos a quem conseguir trazer esse campus para a nossa cidade.\u201d (Ascom Prefeitura de Nanuque)<\/p>\n","protected":false},"excerpt":{"rendered":"<p>A convite do prefeito Ramon Ferraz, estiveram em Nanuque na manh\u00e3 de sexta-feira (28\/03) o reitor da UFVJM (Universidade Federal dos Vales Jequitinhonha e Mucuri), Pedro \u00c2ngelo, e o deputado federal Leonardo Monteiro, com o objetivo de dar continuidade \u00e0 luta de trazer para Nanuque um campus da UFVJM, universidade que j\u00e1 tem um polo [&hellip;]<\/p>\n","protected":false},"author":1,"featured_media":25496,"comment_status":"open","ping_status":"closed","sticky":false,"template":"","format":"standard","meta":{"amp_status":"","footnotes":""},"categories":[122],"tags":[1018,252,6215,250],"class_list":["post-25495","post","type-post","status-publish","format-standard","has-post-thumbnail","hentry","category-mucuri","tag-destaque","tag-nanuque","tag-reitor-da-ufvjm-vistoria-terrenos-para-instalacao-de-campus-em-nanuque","tag-ufvjm"],"_links":{"self":[{"href":"https:\/\/aconteceunovale.com.br\/portal\/index.php?rest_route=\/wp\/v2\/posts\/25495","targetHints":{"allow":["GET"]}}],"collection":[{"href":"https:\/\/aconteceunovale.com.br\/portal\/index.php?rest_route=\/wp\/v2\/posts"}],"about":[{"href":"https:\/\/aconteceunovale.com.br\/portal\/index.php?rest_route=\/wp\/v2\/types\/post"}],"author":[{"embeddable":true,"href":"https:\/\/aconteceunovale.com.br\/portal\/index.php?rest_route=\/wp\/v2\/users\/1"}],"replies":[{"embeddable":true,"href":"https:\/\/aconteceunovale.com.br\/portal\/index.php?rest_route=%2Fwp%2Fv2%2Fcomments&post=25495"}],"version-history":[{"count":0,"href":"https:\/\/aconteceunovale.com.br\/portal\/index.php?rest_route=\/wp\/v2\/posts\/25495\/revisions"}],"wp:featuredmedia":[{"embeddable":true,"href":"https:\/\/aconteceunovale.com.br\/portal\/index.php?rest_route=\/wp\/v2\/media\/25496"}],"wp:attachment":[{"href":"https:\/\/aconteceunovale.com.br\/portal\/index.php?rest_route=%2Fwp%2Fv2%2Fmedia&parent=25495"}],"wp:term":[{"taxonomy":"category","embeddable":true,"href":"https:\/\/aconteceunovale.com.br\/portal\/index.php?rest_route=%2Fwp%2Fv2%2Fcategories&post=25495"},{"taxonomy":"post_tag","embeddable":true,"href":"https:\/\/aconteceunovale.com.br\/portal\/index.php?rest_route=%2Fwp%2Fv2%2Ftags&post=25495"}],"curies":[{"name":"wp","href":"https:\/\/api.w.org\/{rel}","templated":true}]}}