{"id":25408,"date":"2014-04-01T18:29:51","date_gmt":"2014-04-01T21:29:51","guid":{"rendered":"http:\/\/aconteceunovale.com.br\/portal\/?p=25408"},"modified":"2014-04-01T18:29:51","modified_gmt":"2014-04-01T21:29:51","slug":"tremor-de-32-de-magnitude-e-registrado-proximo-a-montes-claros","status":"publish","type":"post","link":"https:\/\/aconteceunovale.com.br\/portal\/?p=25408","title":{"rendered":"Tremor de 3,2 de magnitude \u00e9 registrado pr\u00f3ximo a Montes Claros"},"content":{"rendered":"<h4><strong>Bombeiros registraram cerca de 30 chamadas nesta ter\u00e7a-feira (1). Observat\u00f3rio Sismol\u00f3gico da UnB confirmou o abalo s\u00edsmico.<\/strong><\/h4>\n<p><img decoding=\"async\" src=\"http:\/\/aconteceunovale.com.br\/portal\/wp-content\/uploads\/2014\/04\/tremor_moc_1_4.jpg\" alt=\"\" \/><em>(Foto: Valdivan Veloso\/G1)<\/em><\/p>\n<p>O Observat\u00f3rio Sismol\u00f3gico de Bras\u00edlia (Obsis) detectou um tremor de terra de magnitude de 3,2 na tarde desta ter\u00e7a-feira (1) sentido na cidade norte-mineira de Montes Claros. De acordo com o obvervat\u00f3rio, o epicentro do tremor foi pr\u00f3ximo \u00e0 cidade.<\/p>\n<p>&#8220;\u00c9 um evento fraco, mas que assusta. As pessoas que estavam paradas e pr\u00f3ximas ao epicentro puderam sentir com maior intensidade, se comparadas com aquelas que estavam em movimento e afastadas do epicentro&#8221;, comenta a subchefe do Obsis da Universidade de Bras\u00edlia, M\u00f4nica Von Huelsen.<\/p>\n<p>Ainda segundo M\u00f4nica Von Huelsen, o abalo s\u00edsmico foi detectado por duas esta\u00e7\u00f5es em Minas Gerais e uma em Goi\u00e1s, sendo respectivamente Itacarambi, Governador Valadares e Catal\u00e3o.<\/p>\n<p>O Corpo de Bombeiros registrou cerca de 30 liga\u00e7\u00f5es referentes a tremores de terra em Montes Claros. Segundo os bombeiros, n\u00e3o houve graves consequ\u00eancias em decorr\u00eancia dos abalos sentidos pelos moradores.<\/p>\n<p>Na regi\u00e3o norte em Montes Claros foi registrada a maioria das ocorr\u00eancias provocadas pelo tremor. O abalo desta ter\u00e7a-feira mudou mais uma vez a rotina dos moradores do bairro Vila \u00c1urea.<\/p>\n<p>Com medo de desabamento, a empregada dom\u00e9stica Dalva Bezerra afirma que ir\u00e1 passar a noite na varanda da casa. \u201cHoje eu n\u00e3o tenho coragem de dormir l\u00e1 em cima. Vamos dormir todos aqui embaixo para evitar acidentes\u201d, explica.<\/p>\n<p>Dalva afirma ainda que parte da casa j\u00e1 n\u00e3o \u00e9 muito utilizada por causa das rachaduras que surgiram com os tremores. \u201cFomos orientados pelos bombeiros a trocar o gesso do teto por PVC. Ainda n\u00e3o conseguimos trocar de dois quartos e sempre que h\u00e1 um abalo percebemos que as fendas est\u00e3o aumentando\u201d, afirma.<\/p>\n<p>Tamb\u00e9m assustada, aposentada Maria Braulina n\u00e3o esconde o medo em permanecer dentro de casa. \u201cEstava tomando banho quando senti primeiro tremor. Logo depois senti o outro e percebi que as rachaduras aqui em casa est\u00e3o aumentando. Em algumas partes da casa sempre passo correndo com medo de desabar\u201d, afirma.<\/p>\n<p>A estudante Ingrid Bessoni, moradora do bairro Planalto, conta que no momento do tremor tamb\u00e9m estava tomando banho.<\/p>\n<p>&#8220;N\u00e3o fiquei assustada, mas senti o tremor por volta de 12h40&#8221;, relata a estudante. V\u00e1rios moradores de Montes Claros relataram o ocorrido em seus perfis nas redes sociais, o que, devido \u00e0 data de 1\u00ba de Abril, Dia da Mentira, foram interpretados em primeiro momento como brincadeiras por parte da popula\u00e7\u00e3o.<\/p>\n<p>A informa\u00e7\u00e3o dos abalos tamb\u00e9m foi confirmada pelo coordenador da Defesa Civil de Montes Claros Mattson Malveira, que relata dois abalos na cidade. &#8220;O primeiro tremor foi sentido \u00e0s 13h e o segundo por volta das 13h20. Ambos foram relatados por toda a cidade, mas com maior intensidade na regi\u00e3o Norte de Montes Claros&#8221;, comenta o coordenador.<\/p>\n<p>O tremor de maior intensidade registrado na cidade foi de 4,2 de magnitude ocorrido em 19 de maio de 2012. (G1)<\/p>\n","protected":false},"excerpt":{"rendered":"<p>Bombeiros registraram cerca de 30 chamadas nesta ter\u00e7a-feira (1). Observat\u00f3rio Sismol\u00f3gico da UnB confirmou o abalo s\u00edsmico. (Foto: Valdivan Veloso\/G1) O Observat\u00f3rio Sismol\u00f3gico de Bras\u00edlia (Obsis) detectou um tremor de terra de magnitude de 3,2 na tarde desta ter\u00e7a-feira (1) sentido na cidade norte-mineira de Montes Claros. De acordo com o obvervat\u00f3rio, o epicentro do [&hellip;]<\/p>\n","protected":false},"author":1,"featured_media":25409,"comment_status":"open","ping_status":"closed","sticky":false,"template":"","format":"standard","meta":{"amp_status":"","footnotes":""},"categories":[1236],"tags":[1018,210,6198],"class_list":["post-25408","post","type-post","status-publish","format-standard","has-post-thumbnail","hentry","category-norte_de_minas","tag-destaque","tag-montes-claros","tag-tremor-de-3-2-de-magnitude-e-registrado-proximo-a-montes-claros"],"yoast_head":"<!-- This site is optimized with the Yoast SEO plugin v28.3 - https:\/\/yoast.com\/product\/yoast-seo-wordpress\/ -->\n<title>Tremor de 3,2 de magnitude \u00e9 registrado pr\u00f3ximo a Montes Claros - Aconteceu no Vale<\/title>\n<meta name=\"robots\" content=\"index, follow, max-snippet:-1, max-image-preview:large, max-video-preview:-1\" \/>\n<link rel=\"canonical\" href=\"https:\/\/aconteceunovale.com.br\/portal\/?p=25408\" \/>\n<meta property=\"og:locale\" content=\"pt_BR\" \/>\n<meta property=\"og:type\" content=\"article\" \/>\n<meta property=\"og:title\" content=\"Tremor de 3,2 de magnitude \u00e9 registrado pr\u00f3ximo a Montes Claros - Aconteceu no Vale\" \/>\n<meta property=\"og:description\" content=\"Bombeiros registraram cerca de 30 chamadas nesta ter\u00e7a-feira (1). Observat\u00f3rio Sismol\u00f3gico da UnB confirmou o abalo s\u00edsmico. (Foto: Valdivan Veloso\/G1) O Observat\u00f3rio Sismol\u00f3gico de Bras\u00edlia (Obsis) detectou um tremor de terra de magnitude de 3,2 na tarde desta ter\u00e7a-feira (1) sentido na cidade norte-mineira de Montes Claros. De acordo com o obvervat\u00f3rio, o epicentro do [&hellip;]\" \/>\n<meta property=\"og:url\" content=\"https:\/\/aconteceunovale.com.br\/portal\/?p=25408\" \/>\n<meta property=\"og:site_name\" content=\"Aconteceu no Vale\" \/>\n<meta property=\"article:publisher\" content=\"https:\/\/www.facebook.com\/aconteceunovale\/\" \/>\n<meta property=\"article:published_time\" content=\"2014-04-01T21:29:51+00:00\" \/>\n<meta property=\"og:image\" content=\"https:\/\/aconteceunovale.com.br\/portal\/wp-content\/uploads\/2014\/04\/tremor_moc_1_4.jpg\" \/>\n\t<meta property=\"og:image:width\" content=\"600\" \/>\n\t<meta property=\"og:image:height\" content=\"450\" \/>\n\t<meta property=\"og:image:type\" content=\"image\/jpeg\" \/>\n<meta name=\"author\" content=\"Aconteceu no Vale\" \/>\n<meta name=\"twitter:card\" content=\"summary_large_image\" \/>\n<meta name=\"twitter:creator\" content=\"@noticiadosvales\" \/>\n<meta name=\"twitter:site\" content=\"@noticiadosvales\" \/>\n<meta name=\"twitter:label1\" content=\"Escrito por\" \/>\n\t<meta name=\"twitter:data1\" content=\"Aconteceu no Vale\" \/>\n\t<meta name=\"twitter:label2\" content=\"Est. tempo de leitura\" \/>\n\t<meta name=\"twitter:data2\" content=\"3 minutos\" \/>\n<script type=\"application\/ld+json\" class=\"yoast-schema-graph\">{\"@context\":\"https:\\\/\\\/schema.org\",\"@graph\":[{\"@type\":\"Article\",\"@id\":\"https:\\\/\\\/aconteceunovale.com.br\\\/portal\\\/?p=25408#article\",\"isPartOf\":{\"@id\":\"https:\\\/\\\/aconteceunovale.com.br\\\/portal\\\/?p=25408\"},\"author\":{\"name\":\"Aconteceu no Vale\",\"@id\":\"https:\\\/\\\/aconteceunovale.com.br\\\/portal\\\/#\\\/schema\\\/person\\\/633529146f2c94272bef50ac2953d589\"},\"headline\":\"Tremor de 3,2 de magnitude \u00e9 registrado pr\u00f3ximo a Montes Claros\",\"datePublished\":\"2014-04-01T21:29:51+00:00\",\"mainEntityOfPage\":{\"@id\":\"https:\\\/\\\/aconteceunovale.com.br\\\/portal\\\/?p=25408\"},\"wordCount\":519,\"commentCount\":0,\"image\":{\"@id\":\"https:\\\/\\\/aconteceunovale.com.br\\\/portal\\\/?p=25408#primaryimage\"},\"thumbnailUrl\":\"https:\\\/\\\/aconteceunovale.com.br\\\/portal\\\/wp-content\\\/uploads\\\/2014\\\/04\\\/tremor_moc_1_4.jpg\",\"keywords\":[\"destaque\",\"Montes Claros\",\"Tremor de 3.2 de magnitude \u00e9 registrado pr\u00f3ximo a Montes Claros\"],\"articleSection\":[\"Norte de Minas\"],\"inLanguage\":\"pt-BR\",\"potentialAction\":[{\"@type\":\"CommentAction\",\"name\":\"Comment\",\"target\":[\"https:\\\/\\\/aconteceunovale.com.br\\\/portal\\\/?p=25408#respond\"]}]},{\"@type\":\"WebPage\",\"@id\":\"https:\\\/\\\/aconteceunovale.com.br\\\/portal\\\/?p=25408\",\"url\":\"https:\\\/\\\/aconteceunovale.com.br\\\/portal\\\/?p=25408\",\"name\":\"Tremor de 3,2 de magnitude \u00e9 registrado pr\u00f3ximo a Montes Claros - Aconteceu no Vale\",\"isPartOf\":{\"@id\":\"https:\\\/\\\/aconteceunovale.com.br\\\/portal\\\/#website\"},\"primaryImageOfPage\":{\"@id\":\"https:\\\/\\\/aconteceunovale.com.br\\\/portal\\\/?p=25408#primaryimage\"},\"image\":{\"@id\":\"https:\\\/\\\/aconteceunovale.com.br\\\/portal\\\/?p=25408#primaryimage\"},\"thumbnailUrl\":\"https:\\\/\\\/aconteceunovale.com.br\\\/portal\\\/wp-content\\\/uploads\\\/2014\\\/04\\\/tremor_moc_1_4.jpg\",\"datePublished\":\"2014-04-01T21:29:51+00:00\",\"author\":{\"@id\":\"https:\\\/\\\/aconteceunovale.com.br\\\/portal\\\/#\\\/schema\\\/person\\\/633529146f2c94272bef50ac2953d589\"},\"breadcrumb\":{\"@id\":\"https:\\\/\\\/aconteceunovale.com.br\\\/portal\\\/?p=25408#breadcrumb\"},\"inLanguage\":\"pt-BR\",\"potentialAction\":[{\"@type\":\"ReadAction\",\"target\":[\"https:\\\/\\\/aconteceunovale.com.br\\\/portal\\\/?p=25408\"]}]},{\"@type\":\"ImageObject\",\"inLanguage\":\"pt-BR\",\"@id\":\"https:\\\/\\\/aconteceunovale.com.br\\\/portal\\\/?p=25408#primaryimage\",\"url\":\"https:\\\/\\\/aconteceunovale.com.br\\\/portal\\\/wp-content\\\/uploads\\\/2014\\\/04\\\/tremor_moc_1_4.jpg\",\"contentUrl\":\"https:\\\/\\\/aconteceunovale.com.br\\\/portal\\\/wp-content\\\/uploads\\\/2014\\\/04\\\/tremor_moc_1_4.jpg\",\"width\":600,\"height\":450},{\"@type\":\"BreadcrumbList\",\"@id\":\"https:\\\/\\\/aconteceunovale.com.br\\\/portal\\\/?p=25408#breadcrumb\",\"itemListElement\":[{\"@type\":\"ListItem\",\"position\":1,\"name\":\"In\u00edcio\",\"item\":\"https:\\\/\\\/aconteceunovale.com.br\\\/portal\\\/\"},{\"@type\":\"ListItem\",\"position\":2,\"name\":\"Tremor de 3,2 de magnitude \u00e9 registrado pr\u00f3ximo a Montes Claros\"}]},{\"@type\":\"WebSite\",\"@id\":\"https:\\\/\\\/aconteceunovale.com.br\\\/portal\\\/#website\",\"url\":\"https:\\\/\\\/aconteceunovale.com.br\\\/portal\\\/\",\"name\":\"Aconteceu no Vale\",\"description\":\"Portal de Not\u00edcias\",\"potentialAction\":[{\"@type\":\"SearchAction\",\"target\":{\"@type\":\"EntryPoint\",\"urlTemplate\":\"https:\\\/\\\/aconteceunovale.com.br\\\/portal\\\/?s={search_term_string}\"},\"query-input\":{\"@type\":\"PropertyValueSpecification\",\"valueRequired\":true,\"valueName\":\"search_term_string\"}}],\"inLanguage\":\"pt-BR\"},{\"@type\":\"Person\",\"@id\":\"https:\\\/\\\/aconteceunovale.com.br\\\/portal\\\/#\\\/schema\\\/person\\\/633529146f2c94272bef50ac2953d589\",\"name\":\"Aconteceu no Vale\",\"description\":\"Equipe de reportagem do Aconteceu no Vale, portal de not\u00edcias do Vale do Jequitinhonha, em Minas Gerais. Cobrimos as 51 cidades do Vale desde 2013. Sugest\u00f5es de pauta e pedidos de corre\u00e7\u00e3o: contato@aconteceunovale.com.br\",\"sameAs\":[\"http:\\\/\\\/www.aconteceunovale.com.br\"],\"url\":\"https:\\\/\\\/aconteceunovale.com.br\\\/portal\\\/?author=1\"}]}<\/script>\n<!-- \/ Yoast SEO plugin. -->","yoast_head_json":{"title":"Tremor de 3,2 de magnitude \u00e9 registrado pr\u00f3ximo a Montes Claros - Aconteceu no Vale","robots":{"index":"index","follow":"follow","max-snippet":"max-snippet:-1","max-image-preview":"max-image-preview:large","max-video-preview":"max-video-preview:-1"},"canonical":"https:\/\/aconteceunovale.com.br\/portal\/?p=25408","og_locale":"pt_BR","og_type":"article","og_title":"Tremor de 3,2 de magnitude \u00e9 registrado pr\u00f3ximo a Montes Claros - Aconteceu no Vale","og_description":"Bombeiros registraram cerca de 30 chamadas nesta ter\u00e7a-feira (1). Observat\u00f3rio Sismol\u00f3gico da UnB confirmou o abalo s\u00edsmico. (Foto: Valdivan Veloso\/G1) O Observat\u00f3rio Sismol\u00f3gico de Bras\u00edlia (Obsis) detectou um tremor de terra de magnitude de 3,2 na tarde desta ter\u00e7a-feira (1) sentido na cidade norte-mineira de Montes Claros. De acordo com o obvervat\u00f3rio, o epicentro do [&hellip;]","og_url":"https:\/\/aconteceunovale.com.br\/portal\/?p=25408","og_site_name":"Aconteceu no Vale","article_publisher":"https:\/\/www.facebook.com\/aconteceunovale\/","article_published_time":"2014-04-01T21:29:51+00:00","og_image":[{"width":600,"height":450,"url":"https:\/\/aconteceunovale.com.br\/portal\/wp-content\/uploads\/2014\/04\/tremor_moc_1_4.jpg","type":"image\/jpeg"}],"author":"Aconteceu no Vale","twitter_card":"summary_large_image","twitter_creator":"@noticiadosvales","twitter_site":"@noticiadosvales","twitter_misc":{"Escrito por":"Aconteceu no Vale","Est. tempo de leitura":"3 minutos"},"schema":{"@context":"https:\/\/schema.org","@graph":[{"@type":"Article","@id":"https:\/\/aconteceunovale.com.br\/portal\/?p=25408#article","isPartOf":{"@id":"https:\/\/aconteceunovale.com.br\/portal\/?p=25408"},"author":{"name":"Aconteceu no Vale","@id":"https:\/\/aconteceunovale.com.br\/portal\/#\/schema\/person\/633529146f2c94272bef50ac2953d589"},"headline":"Tremor de 3,2 de magnitude \u00e9 registrado pr\u00f3ximo a Montes Claros","datePublished":"2014-04-01T21:29:51+00:00","mainEntityOfPage":{"@id":"https:\/\/aconteceunovale.com.br\/portal\/?p=25408"},"wordCount":519,"commentCount":0,"image":{"@id":"https:\/\/aconteceunovale.com.br\/portal\/?p=25408#primaryimage"},"thumbnailUrl":"https:\/\/aconteceunovale.com.br\/portal\/wp-content\/uploads\/2014\/04\/tremor_moc_1_4.jpg","keywords":["destaque","Montes Claros","Tremor de 3.2 de magnitude \u00e9 registrado pr\u00f3ximo a Montes Claros"],"articleSection":["Norte de Minas"],"inLanguage":"pt-BR","potentialAction":[{"@type":"CommentAction","name":"Comment","target":["https:\/\/aconteceunovale.com.br\/portal\/?p=25408#respond"]}]},{"@type":"WebPage","@id":"https:\/\/aconteceunovale.com.br\/portal\/?p=25408","url":"https:\/\/aconteceunovale.com.br\/portal\/?p=25408","name":"Tremor de 3,2 de magnitude \u00e9 registrado pr\u00f3ximo a Montes Claros - Aconteceu no Vale","isPartOf":{"@id":"https:\/\/aconteceunovale.com.br\/portal\/#website"},"primaryImageOfPage":{"@id":"https:\/\/aconteceunovale.com.br\/portal\/?p=25408#primaryimage"},"image":{"@id":"https:\/\/aconteceunovale.com.br\/portal\/?p=25408#primaryimage"},"thumbnailUrl":"https:\/\/aconteceunovale.com.br\/portal\/wp-content\/uploads\/2014\/04\/tremor_moc_1_4.jpg","datePublished":"2014-04-01T21:29:51+00:00","author":{"@id":"https:\/\/aconteceunovale.com.br\/portal\/#\/schema\/person\/633529146f2c94272bef50ac2953d589"},"breadcrumb":{"@id":"https:\/\/aconteceunovale.com.br\/portal\/?p=25408#breadcrumb"},"inLanguage":"pt-BR","potentialAction":[{"@type":"ReadAction","target":["https:\/\/aconteceunovale.com.br\/portal\/?p=25408"]}]},{"@type":"ImageObject","inLanguage":"pt-BR","@id":"https:\/\/aconteceunovale.com.br\/portal\/?p=25408#primaryimage","url":"https:\/\/aconteceunovale.com.br\/portal\/wp-content\/uploads\/2014\/04\/tremor_moc_1_4.jpg","contentUrl":"https:\/\/aconteceunovale.com.br\/portal\/wp-content\/uploads\/2014\/04\/tremor_moc_1_4.jpg","width":600,"height":450},{"@type":"BreadcrumbList","@id":"https:\/\/aconteceunovale.com.br\/portal\/?p=25408#breadcrumb","itemListElement":[{"@type":"ListItem","position":1,"name":"In\u00edcio","item":"https:\/\/aconteceunovale.com.br\/portal\/"},{"@type":"ListItem","position":2,"name":"Tremor de 3,2 de magnitude \u00e9 registrado pr\u00f3ximo a Montes Claros"}]},{"@type":"WebSite","@id":"https:\/\/aconteceunovale.com.br\/portal\/#website","url":"https:\/\/aconteceunovale.com.br\/portal\/","name":"Aconteceu no Vale","description":"Portal de Not\u00edcias","potentialAction":[{"@type":"SearchAction","target":{"@type":"EntryPoint","urlTemplate":"https:\/\/aconteceunovale.com.br\/portal\/?s={search_term_string}"},"query-input":{"@type":"PropertyValueSpecification","valueRequired":true,"valueName":"search_term_string"}}],"inLanguage":"pt-BR"},{"@type":"Person","@id":"https:\/\/aconteceunovale.com.br\/portal\/#\/schema\/person\/633529146f2c94272bef50ac2953d589","name":"Aconteceu no Vale","description":"Equipe de reportagem do Aconteceu no Vale, portal de not\u00edcias do Vale do Jequitinhonha, em Minas Gerais. Cobrimos as 51 cidades do Vale desde 2013. Sugest\u00f5es de pauta e pedidos de corre\u00e7\u00e3o: contato@aconteceunovale.com.br","sameAs":["http:\/\/www.aconteceunovale.com.br"],"url":"https:\/\/aconteceunovale.com.br\/portal\/?author=1"}]}},"_links":{"self":[{"href":"https:\/\/aconteceunovale.com.br\/portal\/index.php?rest_route=\/wp\/v2\/posts\/25408","targetHints":{"allow":["GET"]}}],"collection":[{"href":"https:\/\/aconteceunovale.com.br\/portal\/index.php?rest_route=\/wp\/v2\/posts"}],"about":[{"href":"https:\/\/aconteceunovale.com.br\/portal\/index.php?rest_route=\/wp\/v2\/types\/post"}],"author":[{"embeddable":true,"href":"https:\/\/aconteceunovale.com.br\/portal\/index.php?rest_route=\/wp\/v2\/users\/1"}],"replies":[{"embeddable":true,"href":"https:\/\/aconteceunovale.com.br\/portal\/index.php?rest_route=%2Fwp%2Fv2%2Fcomments&post=25408"}],"version-history":[{"count":0,"href":"https:\/\/aconteceunovale.com.br\/portal\/index.php?rest_route=\/wp\/v2\/posts\/25408\/revisions"}],"wp:featuredmedia":[{"embeddable":true,"href":"https:\/\/aconteceunovale.com.br\/portal\/index.php?rest_route=\/wp\/v2\/media\/25409"}],"wp:attachment":[{"href":"https:\/\/aconteceunovale.com.br\/portal\/index.php?rest_route=%2Fwp%2Fv2%2Fmedia&parent=25408"}],"wp:term":[{"taxonomy":"category","embeddable":true,"href":"https:\/\/aconteceunovale.com.br\/portal\/index.php?rest_route=%2Fwp%2Fv2%2Fcategories&post=25408"},{"taxonomy":"post_tag","embeddable":true,"href":"https:\/\/aconteceunovale.com.br\/portal\/index.php?rest_route=%2Fwp%2Fv2%2Ftags&post=25408"}],"curies":[{"name":"wp","href":"https:\/\/api.w.org\/{rel}","templated":true}]}}