{"id":25384,"date":"2014-04-01T14:40:16","date_gmt":"2014-04-01T17:40:16","guid":{"rendered":"http:\/\/aconteceunovale.com.br\/portal\/?p=25384"},"modified":"2014-05-16T19:32:39","modified_gmt":"2014-05-16T22:32:39","slug":"exclusivo-capelinhense-ausente-2014-ja-tem-shows-definidos","status":"publish","type":"post","link":"https:\/\/aconteceunovale.com.br\/portal\/?p=25384","title":{"rendered":"EXCLUSIVO: Capelinhense Ausente 2014 j\u00e1 tem shows definidos"},"content":{"rendered":"<h4><strong>(Essa not\u00edcia era apenas uma brincadeira em alus\u00e3o ao Dia Internacional da Mentira. Se voc\u00ea compartilhou o cartaz publicado ou saiu divulgando a informa\u00e7\u00e3o como se fosse verdadeira, voc\u00ea tem um s\u00e9rio problema. Passe a ler todo o conte\u00fado, n\u00e3o leia apenas o t\u00edtulo e olhe a imagem. Esse \u00e9 um problema muito s\u00e9rio e que precisa ser corrigido. As pessoas tem o s\u00e9rio defeito de n\u00e3o ler, com isso, muitas vezes pessoas de bem acabam caindo em golpes, acreditando em mentiras e as usando como se fossem verdades.Desde o momento da publica\u00e7\u00e3o, no pr\u00f3prio artigo, estava em destaque que a informa\u00e7\u00e3o era uma brincadeira.)<\/strong><\/h4>\n<p> &#8211; <em>Atualiza\u00e7\u00e3o: 02\/04\/2014 &#8211; 00:14<\/em><\/p>\n<h4><strong>ARTIGO PUBLICADO NO DIA 01\/04\/2014<\/strong><\/h4>\n<p>Na noite desta segunda-feira, 31 de mar\u00e7o, a C\u00e2mara Municipal de Capelinha manteve o veto ao projeto de lei 056\/2013, que foi apresentado para regulamenta\u00e7\u00e3o da festa do Capelinhense Ausente. Com a derrubada do veto, o evento poder\u00e1 ser realizado nos mesmos moldes das edi\u00e7\u00f5es anteriores.<\/p>\n<p>Com essa decis\u00e3o da C\u00e2mara, imediatamente foi divulgado as atra\u00e7\u00f5es que se apresentar\u00e3o na edi\u00e7\u00e3o 2014 de uma das maiores festas da regi\u00e3o.<\/p>\n<p><strong>O evento ser\u00e1 realizado no per\u00edodo de 19 a 22 de junho e ter\u00e1 a seguinte programa\u00e7\u00e3o:<\/strong><\/p>\n<p>&#8211; 19\/06 \u2013 (Quinta-feira) \u2013 Wilson Costa &#038; Ademir, GUSTTAVO LIMA e Eduardo Neto.<br \/>\n&#8211; 20\/06 \u2013 (Sexta-feira) \u2013 Banda Barco a Vela, CLA\u00daDIA LEITTE e Vicente Di Paula.<br \/>\n&#8211; 21\/06 \u2013 (S\u00e1bado) \u2013 Dimas e Seus Teclados, Daniel Campos, CRISTIANO ARA\u00daJO, Kurti\u00e7\u00e3o e uma atra\u00e7\u00e3o a ser confirmada (MUNHOZ &#038; MARIANO OU O REI ROBERTO CARLOS).<br \/>\n&#8211; 22\/06 \u2013 (Domingo) \u2013 Jo\u00e3o Kazak, Seu Aur\u00e9lio, Z\u00c9 RAMALHO, Sambart e DJ Venenu.<\/p>\n<p>A programa\u00e7\u00e3o foi montada com o objetivo de valorizar os talentos da terra sem perder a tradi\u00e7\u00e3o de grandes shows nacionais.<\/p>\n<p><img decoding=\"async\" src=\"http:\/\/aconteceunovale.com.br\/portal\/wp-content\/uploads\/2014\/04\/capelinhense_ausente_2014.jpg\" alt=\"\" \/><em>(Cartaz ilus\u00f3rio ao Capelinhense Ausente 2014)<\/em><br \/>\n<\/br><\/p>\n<h4><strong>Uma bela not\u00edcia para ser publicada hoje (1\u00ba de abril) Dia da Mentira<\/strong><\/h4>\n<p>Mas em partes a nota \u00e9 verdadeira. A C\u00e2mara Municipal de Capelinha realmente manteve o veto da Prefeitura Municipal ao Projeto de Lei 56\/2013 de autoria dos vereadores Cleuber Luiz e Mazinho do A\u00e7ougue. O resto \u00e9 \u201clorota\u201d pura, ou seja, apenas fizemos uma brincadeira em alus\u00e3o ao DIA DA MENTIDA.<\/p>\n<h4><strong>SABIA QUE O ANO COME\u00c7AVA EM 1\u00ba DE ABRIL? <\/strong><\/h4>\n<p>N\u00e3o \u00e9 mentira n\u00e3o! De acordo com o calend\u00e1rio Juliano, que foi adotado at\u00e9 o ano 1582, o r\u00e9veillon era comemorado em 1\u00ba de Abril. Com a promulga\u00e7\u00e3o do calend\u00e1rio Gregoriano pelo Papa Greg\u00f3rio XIII, o ano come\u00e7ou a ter in\u00edcio no m\u00eas de Janeiro. Inclusive, essa \u00e9 a fonte mais prov\u00e1vel sobre a origem do DIA DA MENTIRA. Com a mudan\u00e7a do inicio do ano para o dia 01 de Janeiro, alguns gozadores passaram a ridicularizar o 1\u00ba de Abril, enviando convites para festas e concertos que n\u00e3o existiam (como estamos fazendo com voc\u00ea nesse momento).<\/p>\n<p>No Brasil a data come\u00e7ou a ser difundida em Minas Gerais, quando foi lan\u00e7ado um jornal em 1\u00ba de Abril de 1848, que em primeira m\u00e3o noticiava a morte do imperador Pedro II, desmentida no dia seguinte. O mesmo jornal publicou em 1849 (01 ano depois) uma nota convocando todos os devedores do estado a acertarem suas contas com a coroa no dia 1\u00ba de Abril do ano seguinte. O endere\u00e7o divulgado para o acerto de contas n\u00e3o foi encontrado at\u00e9 hoje.<\/p>\n<h4><strong>ABAIXO UMA RELA\u00c7\u00c3O DAS MENTIRAS MAIS CONTADAS NOS \u00daLTIMOS S\u00c9CULOS<\/strong><\/h4>\n<p>O ADVOGADO \u2013 Esse processo \u00e9 r\u00e1pido. Dentro de pouco tempo n\u00f3s j\u00e1 vamos ter uma resposta.<br \/>\nO ANFITRI\u00c3O \u2013 J\u00e1 vai? Ainda \u00e9 cedo e voc\u00ea n\u00e3o demorou nada!<br \/>\nO BEBADO MOTORISTA \u2013 N\u00e3o se preocupe em andar comigo, eu sei perfeitamente o que eu estou fazendo.<br \/>\nO DENTISTA \u2013 Fique numa boa, \u00e9 s\u00f3 passar uma pomadinha que n\u00e3o vai doer nada<br \/>\nO ENCANADOR \u2013 Essa conex\u00e3o se partiu, pois \u00e9 muita press\u00e3o que vem da rua.<br \/>\nO REC\u00c9M-CASADO \u2013 Meu amor n\u00f3s vamos viver juntos at\u00e9 que a morte nos separe.<br \/>\nO POL\u00cdTICO \u2013 Meu discurso ser\u00e1 breve! Vou dizer apenas 02 palavras!<br \/>\nO DEVEDOR \u2013 Pode ficar despreocupado, pago voc\u00ea amanh\u00e3, sem falta.<br \/>\nO ANIVERSARIANTE \u2013 Presente? N\u00e3o precisava o mais importante pra mim \u00e9 a sua presen\u00e7a.<br \/>\nO NAMORADO \u2013 Voc\u00ea foi a \u00fanica mulher que eu amei em toda a minha vida!<\/p>\n<p><em>(Fonte: Wikipedia \/ Pesquisa da R\u00e1dio Turmalina)<\/em><\/p>\n","protected":false},"excerpt":{"rendered":"<p>(Essa not\u00edcia era apenas uma brincadeira em alus\u00e3o ao Dia Internacional da Mentira. Se voc\u00ea compartilhou o cartaz publicado ou saiu divulgando a informa\u00e7\u00e3o como se fosse verdadeira, voc\u00ea tem um s\u00e9rio problema. Passe a ler todo o conte\u00fado, n\u00e3o leia apenas o t\u00edtulo e olhe a imagem. Esse \u00e9 um problema muito s\u00e9rio e [&hellip;]<\/p>\n","protected":false},"author":1,"featured_media":25385,"comment_status":"open","ping_status":"closed","sticky":false,"template":"","format":"standard","meta":{"amp_status":"","footnotes":""},"categories":[6],"tags":[132,838,6193,2564],"class_list":["post-25384","post","type-post","status-publish","format-standard","has-post-thumbnail","hentry","category-br","tag-capelinha","tag-capelinhense-ausente-2014","tag-capelinhense-ausente-2014-ja-tem-shows-definidos","tag-shows-do-capelinhense-ausente-2014"],"yoast_head":"<!-- This site is optimized with the Yoast SEO plugin v28.3 - https:\/\/yoast.com\/product\/yoast-seo-wordpress\/ -->\n<title>EXCLUSIVO: Capelinhense Ausente 2014 j\u00e1 tem shows definidos - Aconteceu no Vale<\/title>\n<meta name=\"robots\" content=\"index, follow, max-snippet:-1, max-image-preview:large, max-video-preview:-1\" \/>\n<link rel=\"canonical\" href=\"https:\/\/aconteceunovale.com.br\/portal\/?p=25384\" \/>\n<meta property=\"og:locale\" content=\"pt_BR\" \/>\n<meta property=\"og:type\" content=\"article\" \/>\n<meta property=\"og:title\" content=\"EXCLUSIVO: Capelinhense Ausente 2014 j\u00e1 tem shows definidos - Aconteceu no Vale\" \/>\n<meta property=\"og:description\" content=\"(Essa not\u00edcia era apenas uma brincadeira em alus\u00e3o ao Dia Internacional da Mentira. Se voc\u00ea compartilhou o cartaz publicado ou saiu divulgando a informa\u00e7\u00e3o como se fosse verdadeira, voc\u00ea tem um s\u00e9rio problema. Passe a ler todo o conte\u00fado, n\u00e3o leia apenas o t\u00edtulo e olhe a imagem. Esse \u00e9 um problema muito s\u00e9rio e [&hellip;]\" \/>\n<meta property=\"og:url\" content=\"https:\/\/aconteceunovale.com.br\/portal\/?p=25384\" \/>\n<meta property=\"og:site_name\" content=\"Aconteceu no Vale\" \/>\n<meta property=\"article:publisher\" content=\"https:\/\/www.facebook.com\/aconteceunovale\/\" \/>\n<meta property=\"article:published_time\" content=\"2014-04-01T17:40:16+00:00\" \/>\n<meta property=\"article:modified_time\" content=\"2014-05-16T22:32:39+00:00\" \/>\n<meta property=\"og:image\" content=\"https:\/\/aconteceunovale.com.br\/portal\/wp-content\/uploads\/2014\/04\/capelinhense_ausente_2014.jpg\" \/>\n\t<meta property=\"og:image:width\" content=\"633\" \/>\n\t<meta property=\"og:image:height\" content=\"450\" \/>\n\t<meta property=\"og:image:type\" content=\"image\/jpeg\" \/>\n<meta name=\"author\" content=\"Aconteceu no Vale\" \/>\n<meta name=\"twitter:card\" content=\"summary_large_image\" \/>\n<meta name=\"twitter:creator\" content=\"@noticiadosvales\" \/>\n<meta name=\"twitter:site\" content=\"@noticiadosvales\" \/>\n<meta name=\"twitter:label1\" content=\"Escrito por\" \/>\n\t<meta name=\"twitter:data1\" content=\"Aconteceu no Vale\" \/>\n\t<meta name=\"twitter:label2\" content=\"Est. tempo de leitura\" \/>\n\t<meta name=\"twitter:data2\" content=\"4 minutos\" \/>\n<script type=\"application\/ld+json\" class=\"yoast-schema-graph\">{\"@context\":\"https:\\\/\\\/schema.org\",\"@graph\":[{\"@type\":\"Article\",\"@id\":\"https:\\\/\\\/aconteceunovale.com.br\\\/portal\\\/?p=25384#article\",\"isPartOf\":{\"@id\":\"https:\\\/\\\/aconteceunovale.com.br\\\/portal\\\/?p=25384\"},\"author\":{\"name\":\"Aconteceu no Vale\",\"@id\":\"https:\\\/\\\/aconteceunovale.com.br\\\/portal\\\/#\\\/schema\\\/person\\\/633529146f2c94272bef50ac2953d589\"},\"headline\":\"EXCLUSIVO: Capelinhense Ausente 2014 j\u00e1 tem shows definidos\",\"datePublished\":\"2014-04-01T17:40:16+00:00\",\"dateModified\":\"2014-05-16T22:32:39+00:00\",\"mainEntityOfPage\":{\"@id\":\"https:\\\/\\\/aconteceunovale.com.br\\\/portal\\\/?p=25384\"},\"wordCount\":743,\"commentCount\":0,\"image\":{\"@id\":\"https:\\\/\\\/aconteceunovale.com.br\\\/portal\\\/?p=25384#primaryimage\"},\"thumbnailUrl\":\"https:\\\/\\\/aconteceunovale.com.br\\\/portal\\\/wp-content\\\/uploads\\\/2014\\\/04\\\/capelinhense_ausente_2014.jpg\",\"keywords\":[\"Capelinha\",\"capelinhense ausente 2014\",\"Capelinhense Ausente 2014 j\u00e1 tem shows definidos\",\"Shows do Capelinhense Ausente 2014\"],\"articleSection\":[\"Brasil\"],\"inLanguage\":\"pt-BR\",\"potentialAction\":[{\"@type\":\"CommentAction\",\"name\":\"Comment\",\"target\":[\"https:\\\/\\\/aconteceunovale.com.br\\\/portal\\\/?p=25384#respond\"]}]},{\"@type\":\"WebPage\",\"@id\":\"https:\\\/\\\/aconteceunovale.com.br\\\/portal\\\/?p=25384\",\"url\":\"https:\\\/\\\/aconteceunovale.com.br\\\/portal\\\/?p=25384\",\"name\":\"EXCLUSIVO: Capelinhense Ausente 2014 j\u00e1 tem shows definidos - Aconteceu no Vale\",\"isPartOf\":{\"@id\":\"https:\\\/\\\/aconteceunovale.com.br\\\/portal\\\/#website\"},\"primaryImageOfPage\":{\"@id\":\"https:\\\/\\\/aconteceunovale.com.br\\\/portal\\\/?p=25384#primaryimage\"},\"image\":{\"@id\":\"https:\\\/\\\/aconteceunovale.com.br\\\/portal\\\/?p=25384#primaryimage\"},\"thumbnailUrl\":\"https:\\\/\\\/aconteceunovale.com.br\\\/portal\\\/wp-content\\\/uploads\\\/2014\\\/04\\\/capelinhense_ausente_2014.jpg\",\"datePublished\":\"2014-04-01T17:40:16+00:00\",\"dateModified\":\"2014-05-16T22:32:39+00:00\",\"author\":{\"@id\":\"https:\\\/\\\/aconteceunovale.com.br\\\/portal\\\/#\\\/schema\\\/person\\\/633529146f2c94272bef50ac2953d589\"},\"breadcrumb\":{\"@id\":\"https:\\\/\\\/aconteceunovale.com.br\\\/portal\\\/?p=25384#breadcrumb\"},\"inLanguage\":\"pt-BR\",\"potentialAction\":[{\"@type\":\"ReadAction\",\"target\":[\"https:\\\/\\\/aconteceunovale.com.br\\\/portal\\\/?p=25384\"]}]},{\"@type\":\"ImageObject\",\"inLanguage\":\"pt-BR\",\"@id\":\"https:\\\/\\\/aconteceunovale.com.br\\\/portal\\\/?p=25384#primaryimage\",\"url\":\"https:\\\/\\\/aconteceunovale.com.br\\\/portal\\\/wp-content\\\/uploads\\\/2014\\\/04\\\/capelinhense_ausente_2014.jpg\",\"contentUrl\":\"https:\\\/\\\/aconteceunovale.com.br\\\/portal\\\/wp-content\\\/uploads\\\/2014\\\/04\\\/capelinhense_ausente_2014.jpg\",\"width\":633,\"height\":450},{\"@type\":\"BreadcrumbList\",\"@id\":\"https:\\\/\\\/aconteceunovale.com.br\\\/portal\\\/?p=25384#breadcrumb\",\"itemListElement\":[{\"@type\":\"ListItem\",\"position\":1,\"name\":\"In\u00edcio\",\"item\":\"https:\\\/\\\/aconteceunovale.com.br\\\/portal\\\/\"},{\"@type\":\"ListItem\",\"position\":2,\"name\":\"EXCLUSIVO: Capelinhense Ausente 2014 j\u00e1 tem shows definidos\"}]},{\"@type\":\"WebSite\",\"@id\":\"https:\\\/\\\/aconteceunovale.com.br\\\/portal\\\/#website\",\"url\":\"https:\\\/\\\/aconteceunovale.com.br\\\/portal\\\/\",\"name\":\"Aconteceu no Vale\",\"description\":\"Portal de Not\u00edcias\",\"potentialAction\":[{\"@type\":\"SearchAction\",\"target\":{\"@type\":\"EntryPoint\",\"urlTemplate\":\"https:\\\/\\\/aconteceunovale.com.br\\\/portal\\\/?s={search_term_string}\"},\"query-input\":{\"@type\":\"PropertyValueSpecification\",\"valueRequired\":true,\"valueName\":\"search_term_string\"}}],\"inLanguage\":\"pt-BR\"},{\"@type\":\"Person\",\"@id\":\"https:\\\/\\\/aconteceunovale.com.br\\\/portal\\\/#\\\/schema\\\/person\\\/633529146f2c94272bef50ac2953d589\",\"name\":\"Aconteceu no Vale\",\"description\":\"Equipe de reportagem do Aconteceu no Vale, portal de not\u00edcias do Vale do Jequitinhonha, em Minas Gerais. Cobrimos as 51 cidades do Vale desde 2013. Sugest\u00f5es de pauta e pedidos de corre\u00e7\u00e3o: contato@aconteceunovale.com.br\",\"sameAs\":[\"http:\\\/\\\/www.aconteceunovale.com.br\"],\"url\":\"https:\\\/\\\/aconteceunovale.com.br\\\/portal\\\/?author=1\"}]}<\/script>\n<!-- \/ Yoast SEO plugin. -->","yoast_head_json":{"title":"EXCLUSIVO: Capelinhense Ausente 2014 j\u00e1 tem shows definidos - Aconteceu no Vale","robots":{"index":"index","follow":"follow","max-snippet":"max-snippet:-1","max-image-preview":"max-image-preview:large","max-video-preview":"max-video-preview:-1"},"canonical":"https:\/\/aconteceunovale.com.br\/portal\/?p=25384","og_locale":"pt_BR","og_type":"article","og_title":"EXCLUSIVO: Capelinhense Ausente 2014 j\u00e1 tem shows definidos - Aconteceu no Vale","og_description":"(Essa not\u00edcia era apenas uma brincadeira em alus\u00e3o ao Dia Internacional da Mentira. Se voc\u00ea compartilhou o cartaz publicado ou saiu divulgando a informa\u00e7\u00e3o como se fosse verdadeira, voc\u00ea tem um s\u00e9rio problema. Passe a ler todo o conte\u00fado, n\u00e3o leia apenas o t\u00edtulo e olhe a imagem. Esse \u00e9 um problema muito s\u00e9rio e [&hellip;]","og_url":"https:\/\/aconteceunovale.com.br\/portal\/?p=25384","og_site_name":"Aconteceu no Vale","article_publisher":"https:\/\/www.facebook.com\/aconteceunovale\/","article_published_time":"2014-04-01T17:40:16+00:00","article_modified_time":"2014-05-16T22:32:39+00:00","og_image":[{"width":633,"height":450,"url":"https:\/\/aconteceunovale.com.br\/portal\/wp-content\/uploads\/2014\/04\/capelinhense_ausente_2014.jpg","type":"image\/jpeg"}],"author":"Aconteceu no Vale","twitter_card":"summary_large_image","twitter_creator":"@noticiadosvales","twitter_site":"@noticiadosvales","twitter_misc":{"Escrito por":"Aconteceu no Vale","Est. tempo de leitura":"4 minutos"},"schema":{"@context":"https:\/\/schema.org","@graph":[{"@type":"Article","@id":"https:\/\/aconteceunovale.com.br\/portal\/?p=25384#article","isPartOf":{"@id":"https:\/\/aconteceunovale.com.br\/portal\/?p=25384"},"author":{"name":"Aconteceu no Vale","@id":"https:\/\/aconteceunovale.com.br\/portal\/#\/schema\/person\/633529146f2c94272bef50ac2953d589"},"headline":"EXCLUSIVO: Capelinhense Ausente 2014 j\u00e1 tem shows definidos","datePublished":"2014-04-01T17:40:16+00:00","dateModified":"2014-05-16T22:32:39+00:00","mainEntityOfPage":{"@id":"https:\/\/aconteceunovale.com.br\/portal\/?p=25384"},"wordCount":743,"commentCount":0,"image":{"@id":"https:\/\/aconteceunovale.com.br\/portal\/?p=25384#primaryimage"},"thumbnailUrl":"https:\/\/aconteceunovale.com.br\/portal\/wp-content\/uploads\/2014\/04\/capelinhense_ausente_2014.jpg","keywords":["Capelinha","capelinhense ausente 2014","Capelinhense Ausente 2014 j\u00e1 tem shows definidos","Shows do Capelinhense Ausente 2014"],"articleSection":["Brasil"],"inLanguage":"pt-BR","potentialAction":[{"@type":"CommentAction","name":"Comment","target":["https:\/\/aconteceunovale.com.br\/portal\/?p=25384#respond"]}]},{"@type":"WebPage","@id":"https:\/\/aconteceunovale.com.br\/portal\/?p=25384","url":"https:\/\/aconteceunovale.com.br\/portal\/?p=25384","name":"EXCLUSIVO: Capelinhense Ausente 2014 j\u00e1 tem shows definidos - Aconteceu no Vale","isPartOf":{"@id":"https:\/\/aconteceunovale.com.br\/portal\/#website"},"primaryImageOfPage":{"@id":"https:\/\/aconteceunovale.com.br\/portal\/?p=25384#primaryimage"},"image":{"@id":"https:\/\/aconteceunovale.com.br\/portal\/?p=25384#primaryimage"},"thumbnailUrl":"https:\/\/aconteceunovale.com.br\/portal\/wp-content\/uploads\/2014\/04\/capelinhense_ausente_2014.jpg","datePublished":"2014-04-01T17:40:16+00:00","dateModified":"2014-05-16T22:32:39+00:00","author":{"@id":"https:\/\/aconteceunovale.com.br\/portal\/#\/schema\/person\/633529146f2c94272bef50ac2953d589"},"breadcrumb":{"@id":"https:\/\/aconteceunovale.com.br\/portal\/?p=25384#breadcrumb"},"inLanguage":"pt-BR","potentialAction":[{"@type":"ReadAction","target":["https:\/\/aconteceunovale.com.br\/portal\/?p=25384"]}]},{"@type":"ImageObject","inLanguage":"pt-BR","@id":"https:\/\/aconteceunovale.com.br\/portal\/?p=25384#primaryimage","url":"https:\/\/aconteceunovale.com.br\/portal\/wp-content\/uploads\/2014\/04\/capelinhense_ausente_2014.jpg","contentUrl":"https:\/\/aconteceunovale.com.br\/portal\/wp-content\/uploads\/2014\/04\/capelinhense_ausente_2014.jpg","width":633,"height":450},{"@type":"BreadcrumbList","@id":"https:\/\/aconteceunovale.com.br\/portal\/?p=25384#breadcrumb","itemListElement":[{"@type":"ListItem","position":1,"name":"In\u00edcio","item":"https:\/\/aconteceunovale.com.br\/portal\/"},{"@type":"ListItem","position":2,"name":"EXCLUSIVO: Capelinhense Ausente 2014 j\u00e1 tem shows definidos"}]},{"@type":"WebSite","@id":"https:\/\/aconteceunovale.com.br\/portal\/#website","url":"https:\/\/aconteceunovale.com.br\/portal\/","name":"Aconteceu no Vale","description":"Portal de Not\u00edcias","potentialAction":[{"@type":"SearchAction","target":{"@type":"EntryPoint","urlTemplate":"https:\/\/aconteceunovale.com.br\/portal\/?s={search_term_string}"},"query-input":{"@type":"PropertyValueSpecification","valueRequired":true,"valueName":"search_term_string"}}],"inLanguage":"pt-BR"},{"@type":"Person","@id":"https:\/\/aconteceunovale.com.br\/portal\/#\/schema\/person\/633529146f2c94272bef50ac2953d589","name":"Aconteceu no Vale","description":"Equipe de reportagem do Aconteceu no Vale, portal de not\u00edcias do Vale do Jequitinhonha, em Minas Gerais. Cobrimos as 51 cidades do Vale desde 2013. Sugest\u00f5es de pauta e pedidos de corre\u00e7\u00e3o: contato@aconteceunovale.com.br","sameAs":["http:\/\/www.aconteceunovale.com.br"],"url":"https:\/\/aconteceunovale.com.br\/portal\/?author=1"}]}},"_links":{"self":[{"href":"https:\/\/aconteceunovale.com.br\/portal\/index.php?rest_route=\/wp\/v2\/posts\/25384","targetHints":{"allow":["GET"]}}],"collection":[{"href":"https:\/\/aconteceunovale.com.br\/portal\/index.php?rest_route=\/wp\/v2\/posts"}],"about":[{"href":"https:\/\/aconteceunovale.com.br\/portal\/index.php?rest_route=\/wp\/v2\/types\/post"}],"author":[{"embeddable":true,"href":"https:\/\/aconteceunovale.com.br\/portal\/index.php?rest_route=\/wp\/v2\/users\/1"}],"replies":[{"embeddable":true,"href":"https:\/\/aconteceunovale.com.br\/portal\/index.php?rest_route=%2Fwp%2Fv2%2Fcomments&post=25384"}],"version-history":[{"count":0,"href":"https:\/\/aconteceunovale.com.br\/portal\/index.php?rest_route=\/wp\/v2\/posts\/25384\/revisions"}],"wp:featuredmedia":[{"embeddable":true,"href":"https:\/\/aconteceunovale.com.br\/portal\/index.php?rest_route=\/wp\/v2\/media\/25385"}],"wp:attachment":[{"href":"https:\/\/aconteceunovale.com.br\/portal\/index.php?rest_route=%2Fwp%2Fv2%2Fmedia&parent=25384"}],"wp:term":[{"taxonomy":"category","embeddable":true,"href":"https:\/\/aconteceunovale.com.br\/portal\/index.php?rest_route=%2Fwp%2Fv2%2Fcategories&post=25384"},{"taxonomy":"post_tag","embeddable":true,"href":"https:\/\/aconteceunovale.com.br\/portal\/index.php?rest_route=%2Fwp%2Fv2%2Ftags&post=25384"}],"curies":[{"name":"wp","href":"https:\/\/api.w.org\/{rel}","templated":true}]}}