{"id":25381,"date":"2014-04-01T13:36:33","date_gmt":"2014-04-01T16:36:33","guid":{"rendered":"http:\/\/aconteceunovale.com.br\/portal\/?p=25381"},"modified":"2026-09-02T12:23:54","modified_gmt":"2026-09-02T15:23:54","slug":"autor-de-homicidios-em-belo-horizonte-e-preso-na-zona-rural-de-aracuai","status":"publish","type":"post","link":"https:\/\/aconteceunovale.com.br\/portal\/?p=25381","title":{"rendered":"Autor de homic\u00eddios em Belo Horizonte \u00e9 preso na zona rural de Ara\u00e7ua\u00ed"},"content":{"rendered":"<p>Um homem  suspeito de ter cometido dois homic\u00eddios e uma tentativa de homic\u00eddio em Belo Horizonte entre 2012 e 2013, foi preso no domingo (30) no distrito de Engenheiro Schnoor, a 45 km de Ara\u00e7ua\u00ed, no Vale do Jequitinhonha (MG).<\/p>\n<p>Uma guarni\u00e7\u00e3o da PM fazia uma opera\u00e7\u00e3o na localidade e suspeitou do comportamento de Ailton Soares Pereira, conhecido por \u201cFoguinho\u201d,  22 anos, que pilotava uma motocicleta.<\/p>\n<p>Ao perceber a presen\u00e7a da viatura, ele fugiu em alta velocidade mas foi perseguido e preso.<\/p>\n<p>Ao verificar a situa\u00e7\u00e3o do ve\u00edculo, uma moto Honda CG 150, cinza, placa HGU 4548, os militares descobriram que tratava-se de produto de roubo, ocorrido em 2008.<\/p>\n<p><img decoding=\"async\" src=\"http:\/\/aconteceunovale.com.br\/portal\/wp-content\/uploads\/2014\/04\/foguinho_ara_01_14.jpg\" alt=\"\" \/><em>(No final de setembro do ano passado, Ailton se envolveu em uma briga com um vereador de Ara\u00e7ua\u00ed &#8211; Foto: Divulga\u00e7\u00e3o PM)<\/em><br \/>\n<\/br><\/p>\n<p>O rapaz confessou que comprou a moto por R$ 1.500 atrav\u00e9s de um homem  chamado Evandro, residente em Estiva, povoado de Jenipapo de Minas, tamb\u00e9m no Vale do Jequitinhonha.<\/p>\n<p>Apesar de n\u00e3o estar com mandado de pris\u00e3o em aberto, na ficha policial de Ailton Soares Pereira, consta al\u00e9m de dois homic\u00eddios e tentativa de homic\u00eddio em Belo Horizonte, um processo por porte ilegal de arma. Ele chegou a ficar 11 dias preso em Belo Horizonte.<\/p>\n<p>No final de setembro do ano passado ele se envolveu em uma confus\u00e3o com  o vereador de Ara\u00e7ua\u00ed, Tadeu Gomes da Costa, 59 anos, que resultou em troca de agress\u00f5es e ferimentos em ambos. Ele esfaqueou o vereador que revidou as agress\u00f5es. Tudo porque o vereador n\u00e3o aceitou a inscri\u00e7\u00e3o dele em um torneio de truco realizado no Distrito. Na \u00e9poca, ambos foram presos e liberados ap\u00f3s pagamento de fian\u00e7a.<\/p>\n<p>Na manh\u00e3 desta segunda-feira (31\/03) Ailton foi conduzido para a Delegacia Regional de Pedra Azul para finaliza\u00e7\u00e3o da ocorr\u00eancia.<\/p>\n<p>A Pol\u00edcia Civil dever\u00e1 investigar o caso do roubo da moto que foi apreendida e encaminhada para um p\u00e1tio credenciado pelo Detran em Ara\u00e7ua\u00ed.<\/p>\n<p>Ele se encontra \u00e0 disposi\u00e7\u00e3o da justi\u00e7a no pres\u00eddio Carlos Vitoriano, em Ara\u00e7ua\u00ed. <em>(Gazeta de Ara\u00e7ua\u00ed)<\/em><\/p>\n","protected":false},"excerpt":{"rendered":"<p>Um homem suspeito de ter cometido dois homic\u00eddios e uma tentativa de homic\u00eddio em Belo Horizonte entre 2012 e 2013, foi preso no domingo (30) no distrito de Engenheiro Schnoor, a 45 km de Ara\u00e7ua\u00ed, no Vale do Jequitinhonha (MG). Uma guarni\u00e7\u00e3o da PM fazia uma opera\u00e7\u00e3o na localidade e suspeitou do comportamento de Ailton [&hellip;]<\/p>\n","protected":false},"author":1,"featured_media":25382,"comment_status":"open","ping_status":"closed","sticky":false,"template":"","format":"standard","meta":{"amp_status":"","footnotes":""},"categories":[272530,120],"tags":[6192,186,6191,1018],"class_list":["post-25381","post","type-post","status-publish","format-standard","has-post-thumbnail","hentry","category-aracuai","category-jequi","tag-ailton-soares-pereira","tag-aracuai","tag-autor-de-homicidios-em-belo-horizonte-e-preso-na-zona-rural-de-aracuai","tag-destaque"],"yoast_head":"<!-- This site is optimized with the Yoast SEO plugin v28.3 - https:\/\/yoast.com\/product\/yoast-seo-wordpress\/ -->\n<title>Autor de homic\u00eddios em Belo Horizonte \u00e9 preso na zona rural de Ara\u00e7ua\u00ed - Aconteceu no Vale<\/title>\n<meta name=\"robots\" content=\"index, follow, max-snippet:-1, max-image-preview:large, max-video-preview:-1\" \/>\n<link rel=\"canonical\" href=\"https:\/\/aconteceunovale.com.br\/portal\/?p=25381\" \/>\n<meta property=\"og:locale\" content=\"pt_BR\" \/>\n<meta property=\"og:type\" content=\"article\" \/>\n<meta property=\"og:title\" content=\"Autor de homic\u00eddios em Belo Horizonte \u00e9 preso na zona rural de Ara\u00e7ua\u00ed - Aconteceu no Vale\" \/>\n<meta property=\"og:description\" content=\"Um homem suspeito de ter cometido dois homic\u00eddios e uma tentativa de homic\u00eddio em Belo Horizonte entre 2012 e 2013, foi preso no domingo (30) no distrito de Engenheiro Schnoor, a 45 km de Ara\u00e7ua\u00ed, no Vale do Jequitinhonha (MG). Uma guarni\u00e7\u00e3o da PM fazia uma opera\u00e7\u00e3o na localidade e suspeitou do comportamento de Ailton [&hellip;]\" \/>\n<meta property=\"og:url\" content=\"https:\/\/aconteceunovale.com.br\/portal\/?p=25381\" \/>\n<meta property=\"og:site_name\" content=\"Aconteceu no Vale\" \/>\n<meta property=\"article:publisher\" content=\"https:\/\/www.facebook.com\/aconteceunovale\/\" \/>\n<meta property=\"article:published_time\" content=\"2014-04-01T16:36:33+00:00\" \/>\n<meta property=\"article:modified_time\" content=\"2026-09-02T15:23:54+00:00\" \/>\n<meta property=\"og:image\" content=\"https:\/\/aconteceunovale.com.br\/portal\/wp-content\/uploads\/2014\/04\/foguinho_ara_01_14.jpg\" \/>\n\t<meta property=\"og:image:width\" content=\"640\" \/>\n\t<meta property=\"og:image:height\" content=\"338\" \/>\n\t<meta property=\"og:image:type\" content=\"image\/jpeg\" \/>\n<meta name=\"author\" content=\"Aconteceu no Vale\" \/>\n<meta name=\"twitter:card\" content=\"summary_large_image\" \/>\n<meta name=\"twitter:creator\" content=\"@noticiadosvales\" \/>\n<meta name=\"twitter:site\" content=\"@noticiadosvales\" \/>\n<meta name=\"twitter:label1\" content=\"Escrito por\" \/>\n\t<meta name=\"twitter:data1\" content=\"Aconteceu no Vale\" \/>\n\t<meta name=\"twitter:label2\" content=\"Est. tempo de leitura\" \/>\n\t<meta name=\"twitter:data2\" content=\"2 minutos\" \/>\n<script type=\"application\/ld+json\" class=\"yoast-schema-graph\">{\"@context\":\"https:\\\/\\\/schema.org\",\"@graph\":[{\"@type\":\"Article\",\"@id\":\"https:\\\/\\\/aconteceunovale.com.br\\\/portal\\\/?p=25381#article\",\"isPartOf\":{\"@id\":\"https:\\\/\\\/aconteceunovale.com.br\\\/portal\\\/?p=25381\"},\"author\":{\"name\":\"Aconteceu no Vale\",\"@id\":\"https:\\\/\\\/aconteceunovale.com.br\\\/portal\\\/#\\\/schema\\\/person\\\/633529146f2c94272bef50ac2953d589\"},\"headline\":\"Autor de homic\u00eddios em Belo Horizonte \u00e9 preso na zona rural de Ara\u00e7ua\u00ed\",\"datePublished\":\"2014-04-01T16:36:33+00:00\",\"dateModified\":\"2026-09-02T15:23:54+00:00\",\"mainEntityOfPage\":{\"@id\":\"https:\\\/\\\/aconteceunovale.com.br\\\/portal\\\/?p=25381\"},\"wordCount\":371,\"commentCount\":0,\"image\":{\"@id\":\"https:\\\/\\\/aconteceunovale.com.br\\\/portal\\\/?p=25381#primaryimage\"},\"thumbnailUrl\":\"https:\\\/\\\/aconteceunovale.com.br\\\/portal\\\/wp-content\\\/uploads\\\/2014\\\/04\\\/foguinho_ara_01_14.jpg\",\"keywords\":[\"Ailton Soares Pereira\",\"Ara\u00e7ua\u00ed\",\"Autor de homic\u00eddios em Belo Horizonte \u00e9 preso na zona rural de Ara\u00e7ua\u00ed\",\"destaque\"],\"articleSection\":[\"Ara\u00e7ua\u00ed\",\"Vale do Jequitinhonha\"],\"inLanguage\":\"pt-BR\",\"potentialAction\":[{\"@type\":\"CommentAction\",\"name\":\"Comment\",\"target\":[\"https:\\\/\\\/aconteceunovale.com.br\\\/portal\\\/?p=25381#respond\"]}]},{\"@type\":\"WebPage\",\"@id\":\"https:\\\/\\\/aconteceunovale.com.br\\\/portal\\\/?p=25381\",\"url\":\"https:\\\/\\\/aconteceunovale.com.br\\\/portal\\\/?p=25381\",\"name\":\"Autor de homic\u00eddios em Belo Horizonte \u00e9 preso na zona rural de Ara\u00e7ua\u00ed - Aconteceu no Vale\",\"isPartOf\":{\"@id\":\"https:\\\/\\\/aconteceunovale.com.br\\\/portal\\\/#website\"},\"primaryImageOfPage\":{\"@id\":\"https:\\\/\\\/aconteceunovale.com.br\\\/portal\\\/?p=25381#primaryimage\"},\"image\":{\"@id\":\"https:\\\/\\\/aconteceunovale.com.br\\\/portal\\\/?p=25381#primaryimage\"},\"thumbnailUrl\":\"https:\\\/\\\/aconteceunovale.com.br\\\/portal\\\/wp-content\\\/uploads\\\/2014\\\/04\\\/foguinho_ara_01_14.jpg\",\"datePublished\":\"2014-04-01T16:36:33+00:00\",\"dateModified\":\"2026-09-02T15:23:54+00:00\",\"author\":{\"@id\":\"https:\\\/\\\/aconteceunovale.com.br\\\/portal\\\/#\\\/schema\\\/person\\\/633529146f2c94272bef50ac2953d589\"},\"breadcrumb\":{\"@id\":\"https:\\\/\\\/aconteceunovale.com.br\\\/portal\\\/?p=25381#breadcrumb\"},\"inLanguage\":\"pt-BR\",\"potentialAction\":[{\"@type\":\"ReadAction\",\"target\":[\"https:\\\/\\\/aconteceunovale.com.br\\\/portal\\\/?p=25381\"]}]},{\"@type\":\"ImageObject\",\"inLanguage\":\"pt-BR\",\"@id\":\"https:\\\/\\\/aconteceunovale.com.br\\\/portal\\\/?p=25381#primaryimage\",\"url\":\"https:\\\/\\\/aconteceunovale.com.br\\\/portal\\\/wp-content\\\/uploads\\\/2014\\\/04\\\/foguinho_ara_01_14.jpg\",\"contentUrl\":\"https:\\\/\\\/aconteceunovale.com.br\\\/portal\\\/wp-content\\\/uploads\\\/2014\\\/04\\\/foguinho_ara_01_14.jpg\",\"width\":640,\"height\":338},{\"@type\":\"BreadcrumbList\",\"@id\":\"https:\\\/\\\/aconteceunovale.com.br\\\/portal\\\/?p=25381#breadcrumb\",\"itemListElement\":[{\"@type\":\"ListItem\",\"position\":1,\"name\":\"In\u00edcio\",\"item\":\"https:\\\/\\\/aconteceunovale.com.br\\\/portal\\\/\"},{\"@type\":\"ListItem\",\"position\":2,\"name\":\"Autor de homic\u00eddios em Belo Horizonte \u00e9 preso na zona rural de Ara\u00e7ua\u00ed\"}]},{\"@type\":\"WebSite\",\"@id\":\"https:\\\/\\\/aconteceunovale.com.br\\\/portal\\\/#website\",\"url\":\"https:\\\/\\\/aconteceunovale.com.br\\\/portal\\\/\",\"name\":\"Aconteceu no Vale\",\"description\":\"Portal de Not\u00edcias\",\"potentialAction\":[{\"@type\":\"SearchAction\",\"target\":{\"@type\":\"EntryPoint\",\"urlTemplate\":\"https:\\\/\\\/aconteceunovale.com.br\\\/portal\\\/?s={search_term_string}\"},\"query-input\":{\"@type\":\"PropertyValueSpecification\",\"valueRequired\":true,\"valueName\":\"search_term_string\"}}],\"inLanguage\":\"pt-BR\"},{\"@type\":\"Person\",\"@id\":\"https:\\\/\\\/aconteceunovale.com.br\\\/portal\\\/#\\\/schema\\\/person\\\/633529146f2c94272bef50ac2953d589\",\"name\":\"Aconteceu no Vale\",\"description\":\"Equipe de reportagem do Aconteceu no Vale, portal de not\u00edcias do Vale do Jequitinhonha, em Minas Gerais. Cobrimos as 51 cidades do Vale desde 2013. Sugest\u00f5es de pauta e pedidos de corre\u00e7\u00e3o: contato@aconteceunovale.com.br\",\"sameAs\":[\"http:\\\/\\\/www.aconteceunovale.com.br\"],\"url\":\"https:\\\/\\\/aconteceunovale.com.br\\\/portal\\\/?author=1\"}]}<\/script>\n<!-- \/ Yoast SEO plugin. -->","yoast_head_json":{"title":"Autor de homic\u00eddios em Belo Horizonte \u00e9 preso na zona rural de Ara\u00e7ua\u00ed - Aconteceu no Vale","robots":{"index":"index","follow":"follow","max-snippet":"max-snippet:-1","max-image-preview":"max-image-preview:large","max-video-preview":"max-video-preview:-1"},"canonical":"https:\/\/aconteceunovale.com.br\/portal\/?p=25381","og_locale":"pt_BR","og_type":"article","og_title":"Autor de homic\u00eddios em Belo Horizonte \u00e9 preso na zona rural de Ara\u00e7ua\u00ed - Aconteceu no Vale","og_description":"Um homem suspeito de ter cometido dois homic\u00eddios e uma tentativa de homic\u00eddio em Belo Horizonte entre 2012 e 2013, foi preso no domingo (30) no distrito de Engenheiro Schnoor, a 45 km de Ara\u00e7ua\u00ed, no Vale do Jequitinhonha (MG). Uma guarni\u00e7\u00e3o da PM fazia uma opera\u00e7\u00e3o na localidade e suspeitou do comportamento de Ailton [&hellip;]","og_url":"https:\/\/aconteceunovale.com.br\/portal\/?p=25381","og_site_name":"Aconteceu no Vale","article_publisher":"https:\/\/www.facebook.com\/aconteceunovale\/","article_published_time":"2014-04-01T16:36:33+00:00","article_modified_time":"2026-09-02T15:23:54+00:00","og_image":[{"width":640,"height":338,"url":"https:\/\/aconteceunovale.com.br\/portal\/wp-content\/uploads\/2014\/04\/foguinho_ara_01_14.jpg","type":"image\/jpeg"}],"author":"Aconteceu no Vale","twitter_card":"summary_large_image","twitter_creator":"@noticiadosvales","twitter_site":"@noticiadosvales","twitter_misc":{"Escrito por":"Aconteceu no Vale","Est. tempo de leitura":"2 minutos"},"schema":{"@context":"https:\/\/schema.org","@graph":[{"@type":"Article","@id":"https:\/\/aconteceunovale.com.br\/portal\/?p=25381#article","isPartOf":{"@id":"https:\/\/aconteceunovale.com.br\/portal\/?p=25381"},"author":{"name":"Aconteceu no Vale","@id":"https:\/\/aconteceunovale.com.br\/portal\/#\/schema\/person\/633529146f2c94272bef50ac2953d589"},"headline":"Autor de homic\u00eddios em Belo Horizonte \u00e9 preso na zona rural de Ara\u00e7ua\u00ed","datePublished":"2014-04-01T16:36:33+00:00","dateModified":"2026-09-02T15:23:54+00:00","mainEntityOfPage":{"@id":"https:\/\/aconteceunovale.com.br\/portal\/?p=25381"},"wordCount":371,"commentCount":0,"image":{"@id":"https:\/\/aconteceunovale.com.br\/portal\/?p=25381#primaryimage"},"thumbnailUrl":"https:\/\/aconteceunovale.com.br\/portal\/wp-content\/uploads\/2014\/04\/foguinho_ara_01_14.jpg","keywords":["Ailton Soares Pereira","Ara\u00e7ua\u00ed","Autor de homic\u00eddios em Belo Horizonte \u00e9 preso na zona rural de Ara\u00e7ua\u00ed","destaque"],"articleSection":["Ara\u00e7ua\u00ed","Vale do Jequitinhonha"],"inLanguage":"pt-BR","potentialAction":[{"@type":"CommentAction","name":"Comment","target":["https:\/\/aconteceunovale.com.br\/portal\/?p=25381#respond"]}]},{"@type":"WebPage","@id":"https:\/\/aconteceunovale.com.br\/portal\/?p=25381","url":"https:\/\/aconteceunovale.com.br\/portal\/?p=25381","name":"Autor de homic\u00eddios em Belo Horizonte \u00e9 preso na zona rural de Ara\u00e7ua\u00ed - Aconteceu no Vale","isPartOf":{"@id":"https:\/\/aconteceunovale.com.br\/portal\/#website"},"primaryImageOfPage":{"@id":"https:\/\/aconteceunovale.com.br\/portal\/?p=25381#primaryimage"},"image":{"@id":"https:\/\/aconteceunovale.com.br\/portal\/?p=25381#primaryimage"},"thumbnailUrl":"https:\/\/aconteceunovale.com.br\/portal\/wp-content\/uploads\/2014\/04\/foguinho_ara_01_14.jpg","datePublished":"2014-04-01T16:36:33+00:00","dateModified":"2026-09-02T15:23:54+00:00","author":{"@id":"https:\/\/aconteceunovale.com.br\/portal\/#\/schema\/person\/633529146f2c94272bef50ac2953d589"},"breadcrumb":{"@id":"https:\/\/aconteceunovale.com.br\/portal\/?p=25381#breadcrumb"},"inLanguage":"pt-BR","potentialAction":[{"@type":"ReadAction","target":["https:\/\/aconteceunovale.com.br\/portal\/?p=25381"]}]},{"@type":"ImageObject","inLanguage":"pt-BR","@id":"https:\/\/aconteceunovale.com.br\/portal\/?p=25381#primaryimage","url":"https:\/\/aconteceunovale.com.br\/portal\/wp-content\/uploads\/2014\/04\/foguinho_ara_01_14.jpg","contentUrl":"https:\/\/aconteceunovale.com.br\/portal\/wp-content\/uploads\/2014\/04\/foguinho_ara_01_14.jpg","width":640,"height":338},{"@type":"BreadcrumbList","@id":"https:\/\/aconteceunovale.com.br\/portal\/?p=25381#breadcrumb","itemListElement":[{"@type":"ListItem","position":1,"name":"In\u00edcio","item":"https:\/\/aconteceunovale.com.br\/portal\/"},{"@type":"ListItem","position":2,"name":"Autor de homic\u00eddios em Belo Horizonte \u00e9 preso na zona rural de Ara\u00e7ua\u00ed"}]},{"@type":"WebSite","@id":"https:\/\/aconteceunovale.com.br\/portal\/#website","url":"https:\/\/aconteceunovale.com.br\/portal\/","name":"Aconteceu no Vale","description":"Portal de Not\u00edcias","potentialAction":[{"@type":"SearchAction","target":{"@type":"EntryPoint","urlTemplate":"https:\/\/aconteceunovale.com.br\/portal\/?s={search_term_string}"},"query-input":{"@type":"PropertyValueSpecification","valueRequired":true,"valueName":"search_term_string"}}],"inLanguage":"pt-BR"},{"@type":"Person","@id":"https:\/\/aconteceunovale.com.br\/portal\/#\/schema\/person\/633529146f2c94272bef50ac2953d589","name":"Aconteceu no Vale","description":"Equipe de reportagem do Aconteceu no Vale, portal de not\u00edcias do Vale do Jequitinhonha, em Minas Gerais. Cobrimos as 51 cidades do Vale desde 2013. Sugest\u00f5es de pauta e pedidos de corre\u00e7\u00e3o: contato@aconteceunovale.com.br","sameAs":["http:\/\/www.aconteceunovale.com.br"],"url":"https:\/\/aconteceunovale.com.br\/portal\/?author=1"}]}},"_links":{"self":[{"href":"https:\/\/aconteceunovale.com.br\/portal\/index.php?rest_route=\/wp\/v2\/posts\/25381","targetHints":{"allow":["GET"]}}],"collection":[{"href":"https:\/\/aconteceunovale.com.br\/portal\/index.php?rest_route=\/wp\/v2\/posts"}],"about":[{"href":"https:\/\/aconteceunovale.com.br\/portal\/index.php?rest_route=\/wp\/v2\/types\/post"}],"author":[{"embeddable":true,"href":"https:\/\/aconteceunovale.com.br\/portal\/index.php?rest_route=\/wp\/v2\/users\/1"}],"replies":[{"embeddable":true,"href":"https:\/\/aconteceunovale.com.br\/portal\/index.php?rest_route=%2Fwp%2Fv2%2Fcomments&post=25381"}],"version-history":[{"count":1,"href":"https:\/\/aconteceunovale.com.br\/portal\/index.php?rest_route=\/wp\/v2\/posts\/25381\/revisions"}],"predecessor-version":[{"id":199842,"href":"https:\/\/aconteceunovale.com.br\/portal\/index.php?rest_route=\/wp\/v2\/posts\/25381\/revisions\/199842"}],"wp:featuredmedia":[{"embeddable":true,"href":"https:\/\/aconteceunovale.com.br\/portal\/index.php?rest_route=\/wp\/v2\/media\/25382"}],"wp:attachment":[{"href":"https:\/\/aconteceunovale.com.br\/portal\/index.php?rest_route=%2Fwp%2Fv2%2Fmedia&parent=25381"}],"wp:term":[{"taxonomy":"category","embeddable":true,"href":"https:\/\/aconteceunovale.com.br\/portal\/index.php?rest_route=%2Fwp%2Fv2%2Fcategories&post=25381"},{"taxonomy":"post_tag","embeddable":true,"href":"https:\/\/aconteceunovale.com.br\/portal\/index.php?rest_route=%2Fwp%2Fv2%2Ftags&post=25381"}],"curies":[{"name":"wp","href":"https:\/\/api.w.org\/{rel}","templated":true}]}}