{"id":25368,"date":"2014-04-01T09:50:18","date_gmt":"2014-04-01T12:50:18","guid":{"rendered":"http:\/\/aconteceunovale.com.br\/portal\/?p=25368"},"modified":"2014-04-01T09:50:18","modified_gmt":"2014-04-01T12:50:18","slug":"suspeitos-de-atearem-fogo-em-onibus-em-ipatinga-sao-presos","status":"publish","type":"post","link":"https:\/\/aconteceunovale.com.br\/portal\/?p=25368","title":{"rendered":"Suspeitos de atearem fogo em \u00f4nibus em Ipatinga s\u00e3o presos"},"content":{"rendered":"<p>Cinco, dos setes suspeitos de atearem fogo em um \u00f4nibus na noite do s\u00e1bado (29), foram detidos nesse domingo (30), em Ipatinga.  O grupo foi encontrado pela pol\u00edcia em ruas do bairro Planalto. Entre os envolvidos, est\u00e1 um menor de 15 anos.<\/p>\n<p>Segundo a PM, logo ap\u00f3s o atentado, diversas den\u00fancias an\u00f4nimas informaram a identidade dos envolvidos no crime. <\/p>\n<p>Todos os detidos, inclusive o adolescente apreendido, possuem passagens pela pol\u00edcia por crimes como tr\u00e1fico ou consumo de drogas, furto e tentativa de homic\u00eddio.<\/p>\n<p>Os detidos, segundo levantamentos da PM, s\u00e3o apontados como sendo membros de uma fac\u00e7\u00e3o criminosa do bairro Planalto, que vive em rivalidade com uma gangue do bairro Veneza.<\/p>\n<p>O tenente coronel Edv\u00e2nio Carneiro, comandante do 14\u00ba Batalh\u00e3o, afirmou nessa segunda-feira (31) que o adolescente apreendido ser\u00e1 internado em um Centro para menores infratores. Os maiores foram encaminhados ao Centro de Remanejamento de Presos (Ceresp) de Ipatinga.<\/p>\n<p><img decoding=\"async\" src=\"http:\/\/aconteceunovale.com.br\/portal\/wp-content\/uploads\/2014\/04\/onibus_queimado_ipa_1.jpg\" alt=\"\" \/><em>(Foto: Patr\u00edcia Belo \/ G1)<\/em><br \/>\n<\/br><\/p>\n<h4><strong>Retalia\u00e7\u00e3o<\/strong><\/h4>\n<p>Segundo a pol\u00edcia, a a\u00e7\u00e3o criminosa foi uma forma de retalia\u00e7\u00e3o \u00e0 morte de dois adolescentes. Um deles foi o menor de 15 anos morto carbonizado, nesse s\u00e1bado (29), ap\u00f3s roubar um carro na cidade de Iapu e bater em um caminh\u00e3o de boi, enquanto tentava fugir da pol\u00edcia. O outro vingado, seria um jovem de 19 anos, que foi assassinado na noite de sexta-feira (28), por uma gangue rival do bairro Planalto.<\/p>\n<h4><strong>Entenda o caso<\/strong><\/h4>\n<p>O \u00f4nibus incendiado fazia a linha Cana\u00e3zinho\/Hospital e havia cerca de 20 passageiros. Segundo testemunhas, cerca de sete bandidos encapuzados invadiram o coletivo e, simulando estarem armados, ordenaram que o motorista apagasse as luzes e continuasse o trajeto.<\/p>\n<p>Um dos suspeitos estava com um gal\u00e3o de gasolina em m\u00e3os e, no momento da a\u00e7\u00e3o, todos os envolvidos pediram que os ocupantes deixassem o carro. O ve\u00edculo foi totalmente destru\u00eddo. Nessa segunda-feira (31) a concession\u00e1ria de transporte coletivo suspendeu a passagem da linha pelo bairro Planalto. (G1)<\/p>\n","protected":false},"excerpt":{"rendered":"<p>Cinco, dos setes suspeitos de atearem fogo em um \u00f4nibus na noite do s\u00e1bado (29), foram detidos nesse domingo (30), em Ipatinga. O grupo foi encontrado pela pol\u00edcia em ruas do bairro Planalto. Entre os envolvidos, est\u00e1 um menor de 15 anos. Segundo a PM, logo ap\u00f3s o atentado, diversas den\u00fancias an\u00f4nimas informaram a identidade [&hellip;]<\/p>\n","protected":false},"author":1,"featured_media":25369,"comment_status":"open","ping_status":"closed","sticky":false,"template":"","format":"standard","meta":{"amp_status":"","footnotes":""},"categories":[121],"tags":[201,6186],"class_list":["post-25368","post","type-post","status-publish","format-standard","has-post-thumbnail","hentry","category-leste","tag-ipatinga","tag-suspeitos-de-atearem-fogo-em-onibus-em-ipatinga-sao-presos"],"yoast_head":"<!-- This site is optimized with the Yoast SEO plugin v28.3 - https:\/\/yoast.com\/product\/yoast-seo-wordpress\/ -->\n<title>Suspeitos de atearem fogo em \u00f4nibus em Ipatinga s\u00e3o presos - Aconteceu no Vale<\/title>\n<meta name=\"robots\" content=\"index, follow, max-snippet:-1, max-image-preview:large, max-video-preview:-1\" \/>\n<link rel=\"canonical\" href=\"https:\/\/aconteceunovale.com.br\/portal\/?p=25368\" \/>\n<meta property=\"og:locale\" content=\"pt_BR\" \/>\n<meta property=\"og:type\" content=\"article\" \/>\n<meta property=\"og:title\" content=\"Suspeitos de atearem fogo em \u00f4nibus em Ipatinga s\u00e3o presos - Aconteceu no Vale\" \/>\n<meta property=\"og:description\" content=\"Cinco, dos setes suspeitos de atearem fogo em um \u00f4nibus na noite do s\u00e1bado (29), foram detidos nesse domingo (30), em Ipatinga. O grupo foi encontrado pela pol\u00edcia em ruas do bairro Planalto. Entre os envolvidos, est\u00e1 um menor de 15 anos. Segundo a PM, logo ap\u00f3s o atentado, diversas den\u00fancias an\u00f4nimas informaram a identidade [&hellip;]\" \/>\n<meta property=\"og:url\" content=\"https:\/\/aconteceunovale.com.br\/portal\/?p=25368\" \/>\n<meta property=\"og:site_name\" content=\"Aconteceu no Vale\" \/>\n<meta property=\"article:publisher\" content=\"https:\/\/www.facebook.com\/aconteceunovale\/\" \/>\n<meta property=\"article:published_time\" content=\"2014-04-01T12:50:18+00:00\" \/>\n<meta property=\"og:image\" content=\"https:\/\/aconteceunovale.com.br\/portal\/wp-content\/uploads\/2014\/04\/onibus_queimado_ipa_1.jpg\" \/>\n\t<meta property=\"og:image:width\" content=\"600\" \/>\n\t<meta property=\"og:image:height\" content=\"450\" \/>\n\t<meta property=\"og:image:type\" content=\"image\/jpeg\" \/>\n<meta name=\"author\" content=\"Aconteceu no Vale\" \/>\n<meta name=\"twitter:card\" content=\"summary_large_image\" \/>\n<meta name=\"twitter:creator\" content=\"@noticiadosvales\" \/>\n<meta name=\"twitter:site\" content=\"@noticiadosvales\" \/>\n<meta name=\"twitter:label1\" content=\"Escrito por\" \/>\n\t<meta name=\"twitter:data1\" content=\"Aconteceu no Vale\" \/>\n\t<meta name=\"twitter:label2\" content=\"Est. tempo de leitura\" \/>\n\t<meta name=\"twitter:data2\" content=\"2 minutos\" \/>\n<script type=\"application\/ld+json\" class=\"yoast-schema-graph\">{\"@context\":\"https:\\\/\\\/schema.org\",\"@graph\":[{\"@type\":\"Article\",\"@id\":\"https:\\\/\\\/aconteceunovale.com.br\\\/portal\\\/?p=25368#article\",\"isPartOf\":{\"@id\":\"https:\\\/\\\/aconteceunovale.com.br\\\/portal\\\/?p=25368\"},\"author\":{\"name\":\"Aconteceu no Vale\",\"@id\":\"https:\\\/\\\/aconteceunovale.com.br\\\/portal\\\/#\\\/schema\\\/person\\\/633529146f2c94272bef50ac2953d589\"},\"headline\":\"Suspeitos de atearem fogo em \u00f4nibus em Ipatinga s\u00e3o presos\",\"datePublished\":\"2014-04-01T12:50:18+00:00\",\"mainEntityOfPage\":{\"@id\":\"https:\\\/\\\/aconteceunovale.com.br\\\/portal\\\/?p=25368\"},\"wordCount\":344,\"commentCount\":0,\"image\":{\"@id\":\"https:\\\/\\\/aconteceunovale.com.br\\\/portal\\\/?p=25368#primaryimage\"},\"thumbnailUrl\":\"https:\\\/\\\/aconteceunovale.com.br\\\/portal\\\/wp-content\\\/uploads\\\/2014\\\/04\\\/onibus_queimado_ipa_1.jpg\",\"keywords\":[\"Ipatinga\",\"Suspeitos de atearem fogo em \u00f4nibus em Ipatinga s\u00e3o presos\"],\"articleSection\":[\"Leste de Minas\"],\"inLanguage\":\"pt-BR\",\"potentialAction\":[{\"@type\":\"CommentAction\",\"name\":\"Comment\",\"target\":[\"https:\\\/\\\/aconteceunovale.com.br\\\/portal\\\/?p=25368#respond\"]}]},{\"@type\":\"WebPage\",\"@id\":\"https:\\\/\\\/aconteceunovale.com.br\\\/portal\\\/?p=25368\",\"url\":\"https:\\\/\\\/aconteceunovale.com.br\\\/portal\\\/?p=25368\",\"name\":\"Suspeitos de atearem fogo em \u00f4nibus em Ipatinga s\u00e3o presos - Aconteceu no Vale\",\"isPartOf\":{\"@id\":\"https:\\\/\\\/aconteceunovale.com.br\\\/portal\\\/#website\"},\"primaryImageOfPage\":{\"@id\":\"https:\\\/\\\/aconteceunovale.com.br\\\/portal\\\/?p=25368#primaryimage\"},\"image\":{\"@id\":\"https:\\\/\\\/aconteceunovale.com.br\\\/portal\\\/?p=25368#primaryimage\"},\"thumbnailUrl\":\"https:\\\/\\\/aconteceunovale.com.br\\\/portal\\\/wp-content\\\/uploads\\\/2014\\\/04\\\/onibus_queimado_ipa_1.jpg\",\"datePublished\":\"2014-04-01T12:50:18+00:00\",\"author\":{\"@id\":\"https:\\\/\\\/aconteceunovale.com.br\\\/portal\\\/#\\\/schema\\\/person\\\/633529146f2c94272bef50ac2953d589\"},\"breadcrumb\":{\"@id\":\"https:\\\/\\\/aconteceunovale.com.br\\\/portal\\\/?p=25368#breadcrumb\"},\"inLanguage\":\"pt-BR\",\"potentialAction\":[{\"@type\":\"ReadAction\",\"target\":[\"https:\\\/\\\/aconteceunovale.com.br\\\/portal\\\/?p=25368\"]}]},{\"@type\":\"ImageObject\",\"inLanguage\":\"pt-BR\",\"@id\":\"https:\\\/\\\/aconteceunovale.com.br\\\/portal\\\/?p=25368#primaryimage\",\"url\":\"https:\\\/\\\/aconteceunovale.com.br\\\/portal\\\/wp-content\\\/uploads\\\/2014\\\/04\\\/onibus_queimado_ipa_1.jpg\",\"contentUrl\":\"https:\\\/\\\/aconteceunovale.com.br\\\/portal\\\/wp-content\\\/uploads\\\/2014\\\/04\\\/onibus_queimado_ipa_1.jpg\",\"width\":600,\"height\":450},{\"@type\":\"BreadcrumbList\",\"@id\":\"https:\\\/\\\/aconteceunovale.com.br\\\/portal\\\/?p=25368#breadcrumb\",\"itemListElement\":[{\"@type\":\"ListItem\",\"position\":1,\"name\":\"In\u00edcio\",\"item\":\"https:\\\/\\\/aconteceunovale.com.br\\\/portal\\\/\"},{\"@type\":\"ListItem\",\"position\":2,\"name\":\"Suspeitos de atearem fogo em \u00f4nibus em Ipatinga s\u00e3o presos\"}]},{\"@type\":\"WebSite\",\"@id\":\"https:\\\/\\\/aconteceunovale.com.br\\\/portal\\\/#website\",\"url\":\"https:\\\/\\\/aconteceunovale.com.br\\\/portal\\\/\",\"name\":\"Aconteceu no Vale\",\"description\":\"Portal de Not\u00edcias\",\"potentialAction\":[{\"@type\":\"SearchAction\",\"target\":{\"@type\":\"EntryPoint\",\"urlTemplate\":\"https:\\\/\\\/aconteceunovale.com.br\\\/portal\\\/?s={search_term_string}\"},\"query-input\":{\"@type\":\"PropertyValueSpecification\",\"valueRequired\":true,\"valueName\":\"search_term_string\"}}],\"inLanguage\":\"pt-BR\"},{\"@type\":\"Person\",\"@id\":\"https:\\\/\\\/aconteceunovale.com.br\\\/portal\\\/#\\\/schema\\\/person\\\/633529146f2c94272bef50ac2953d589\",\"name\":\"Aconteceu no Vale\",\"description\":\"Equipe de reportagem do Aconteceu no Vale, portal de not\u00edcias do Vale do Jequitinhonha, em Minas Gerais. Cobrimos as 51 cidades do Vale desde 2013. Sugest\u00f5es de pauta e pedidos de corre\u00e7\u00e3o: contato@aconteceunovale.com.br\",\"sameAs\":[\"http:\\\/\\\/www.aconteceunovale.com.br\"],\"url\":\"https:\\\/\\\/aconteceunovale.com.br\\\/portal\\\/?author=1\"}]}<\/script>\n<!-- \/ Yoast SEO plugin. -->","yoast_head_json":{"title":"Suspeitos de atearem fogo em \u00f4nibus em Ipatinga s\u00e3o presos - Aconteceu no Vale","robots":{"index":"index","follow":"follow","max-snippet":"max-snippet:-1","max-image-preview":"max-image-preview:large","max-video-preview":"max-video-preview:-1"},"canonical":"https:\/\/aconteceunovale.com.br\/portal\/?p=25368","og_locale":"pt_BR","og_type":"article","og_title":"Suspeitos de atearem fogo em \u00f4nibus em Ipatinga s\u00e3o presos - Aconteceu no Vale","og_description":"Cinco, dos setes suspeitos de atearem fogo em um \u00f4nibus na noite do s\u00e1bado (29), foram detidos nesse domingo (30), em Ipatinga. O grupo foi encontrado pela pol\u00edcia em ruas do bairro Planalto. Entre os envolvidos, est\u00e1 um menor de 15 anos. Segundo a PM, logo ap\u00f3s o atentado, diversas den\u00fancias an\u00f4nimas informaram a identidade [&hellip;]","og_url":"https:\/\/aconteceunovale.com.br\/portal\/?p=25368","og_site_name":"Aconteceu no Vale","article_publisher":"https:\/\/www.facebook.com\/aconteceunovale\/","article_published_time":"2014-04-01T12:50:18+00:00","og_image":[{"width":600,"height":450,"url":"https:\/\/aconteceunovale.com.br\/portal\/wp-content\/uploads\/2014\/04\/onibus_queimado_ipa_1.jpg","type":"image\/jpeg"}],"author":"Aconteceu no Vale","twitter_card":"summary_large_image","twitter_creator":"@noticiadosvales","twitter_site":"@noticiadosvales","twitter_misc":{"Escrito por":"Aconteceu no Vale","Est. tempo de leitura":"2 minutos"},"schema":{"@context":"https:\/\/schema.org","@graph":[{"@type":"Article","@id":"https:\/\/aconteceunovale.com.br\/portal\/?p=25368#article","isPartOf":{"@id":"https:\/\/aconteceunovale.com.br\/portal\/?p=25368"},"author":{"name":"Aconteceu no Vale","@id":"https:\/\/aconteceunovale.com.br\/portal\/#\/schema\/person\/633529146f2c94272bef50ac2953d589"},"headline":"Suspeitos de atearem fogo em \u00f4nibus em Ipatinga s\u00e3o presos","datePublished":"2014-04-01T12:50:18+00:00","mainEntityOfPage":{"@id":"https:\/\/aconteceunovale.com.br\/portal\/?p=25368"},"wordCount":344,"commentCount":0,"image":{"@id":"https:\/\/aconteceunovale.com.br\/portal\/?p=25368#primaryimage"},"thumbnailUrl":"https:\/\/aconteceunovale.com.br\/portal\/wp-content\/uploads\/2014\/04\/onibus_queimado_ipa_1.jpg","keywords":["Ipatinga","Suspeitos de atearem fogo em \u00f4nibus em Ipatinga s\u00e3o presos"],"articleSection":["Leste de Minas"],"inLanguage":"pt-BR","potentialAction":[{"@type":"CommentAction","name":"Comment","target":["https:\/\/aconteceunovale.com.br\/portal\/?p=25368#respond"]}]},{"@type":"WebPage","@id":"https:\/\/aconteceunovale.com.br\/portal\/?p=25368","url":"https:\/\/aconteceunovale.com.br\/portal\/?p=25368","name":"Suspeitos de atearem fogo em \u00f4nibus em Ipatinga s\u00e3o presos - Aconteceu no Vale","isPartOf":{"@id":"https:\/\/aconteceunovale.com.br\/portal\/#website"},"primaryImageOfPage":{"@id":"https:\/\/aconteceunovale.com.br\/portal\/?p=25368#primaryimage"},"image":{"@id":"https:\/\/aconteceunovale.com.br\/portal\/?p=25368#primaryimage"},"thumbnailUrl":"https:\/\/aconteceunovale.com.br\/portal\/wp-content\/uploads\/2014\/04\/onibus_queimado_ipa_1.jpg","datePublished":"2014-04-01T12:50:18+00:00","author":{"@id":"https:\/\/aconteceunovale.com.br\/portal\/#\/schema\/person\/633529146f2c94272bef50ac2953d589"},"breadcrumb":{"@id":"https:\/\/aconteceunovale.com.br\/portal\/?p=25368#breadcrumb"},"inLanguage":"pt-BR","potentialAction":[{"@type":"ReadAction","target":["https:\/\/aconteceunovale.com.br\/portal\/?p=25368"]}]},{"@type":"ImageObject","inLanguage":"pt-BR","@id":"https:\/\/aconteceunovale.com.br\/portal\/?p=25368#primaryimage","url":"https:\/\/aconteceunovale.com.br\/portal\/wp-content\/uploads\/2014\/04\/onibus_queimado_ipa_1.jpg","contentUrl":"https:\/\/aconteceunovale.com.br\/portal\/wp-content\/uploads\/2014\/04\/onibus_queimado_ipa_1.jpg","width":600,"height":450},{"@type":"BreadcrumbList","@id":"https:\/\/aconteceunovale.com.br\/portal\/?p=25368#breadcrumb","itemListElement":[{"@type":"ListItem","position":1,"name":"In\u00edcio","item":"https:\/\/aconteceunovale.com.br\/portal\/"},{"@type":"ListItem","position":2,"name":"Suspeitos de atearem fogo em \u00f4nibus em Ipatinga s\u00e3o presos"}]},{"@type":"WebSite","@id":"https:\/\/aconteceunovale.com.br\/portal\/#website","url":"https:\/\/aconteceunovale.com.br\/portal\/","name":"Aconteceu no Vale","description":"Portal de Not\u00edcias","potentialAction":[{"@type":"SearchAction","target":{"@type":"EntryPoint","urlTemplate":"https:\/\/aconteceunovale.com.br\/portal\/?s={search_term_string}"},"query-input":{"@type":"PropertyValueSpecification","valueRequired":true,"valueName":"search_term_string"}}],"inLanguage":"pt-BR"},{"@type":"Person","@id":"https:\/\/aconteceunovale.com.br\/portal\/#\/schema\/person\/633529146f2c94272bef50ac2953d589","name":"Aconteceu no Vale","description":"Equipe de reportagem do Aconteceu no Vale, portal de not\u00edcias do Vale do Jequitinhonha, em Minas Gerais. Cobrimos as 51 cidades do Vale desde 2013. Sugest\u00f5es de pauta e pedidos de corre\u00e7\u00e3o: contato@aconteceunovale.com.br","sameAs":["http:\/\/www.aconteceunovale.com.br"],"url":"https:\/\/aconteceunovale.com.br\/portal\/?author=1"}]}},"_links":{"self":[{"href":"https:\/\/aconteceunovale.com.br\/portal\/index.php?rest_route=\/wp\/v2\/posts\/25368","targetHints":{"allow":["GET"]}}],"collection":[{"href":"https:\/\/aconteceunovale.com.br\/portal\/index.php?rest_route=\/wp\/v2\/posts"}],"about":[{"href":"https:\/\/aconteceunovale.com.br\/portal\/index.php?rest_route=\/wp\/v2\/types\/post"}],"author":[{"embeddable":true,"href":"https:\/\/aconteceunovale.com.br\/portal\/index.php?rest_route=\/wp\/v2\/users\/1"}],"replies":[{"embeddable":true,"href":"https:\/\/aconteceunovale.com.br\/portal\/index.php?rest_route=%2Fwp%2Fv2%2Fcomments&post=25368"}],"version-history":[{"count":0,"href":"https:\/\/aconteceunovale.com.br\/portal\/index.php?rest_route=\/wp\/v2\/posts\/25368\/revisions"}],"wp:featuredmedia":[{"embeddable":true,"href":"https:\/\/aconteceunovale.com.br\/portal\/index.php?rest_route=\/wp\/v2\/media\/25369"}],"wp:attachment":[{"href":"https:\/\/aconteceunovale.com.br\/portal\/index.php?rest_route=%2Fwp%2Fv2%2Fmedia&parent=25368"}],"wp:term":[{"taxonomy":"category","embeddable":true,"href":"https:\/\/aconteceunovale.com.br\/portal\/index.php?rest_route=%2Fwp%2Fv2%2Fcategories&post=25368"},{"taxonomy":"post_tag","embeddable":true,"href":"https:\/\/aconteceunovale.com.br\/portal\/index.php?rest_route=%2Fwp%2Fv2%2Ftags&post=25368"}],"curies":[{"name":"wp","href":"https:\/\/api.w.org\/{rel}","templated":true}]}}