{"id":25364,"date":"2014-04-01T09:44:47","date_gmt":"2014-04-01T12:44:47","guid":{"rendered":"http:\/\/aconteceunovale.com.br\/portal\/?p=25364"},"modified":"2014-04-01T09:51:06","modified_gmt":"2014-04-01T12:51:06","slug":"pedido-da-policia-causou-acidente-fatal-em-caratinga-segundo-comandante-da-pm","status":"publish","type":"post","link":"https:\/\/aconteceunovale.com.br\/portal\/?p=25364","title":{"rendered":"Pedido da pol\u00edcia causou acidente fatal em Caratinga, segundo comandante da PM"},"content":{"rendered":"<h4><strong>Condutor de um caminh\u00e3o precisou atravessar o ve\u00edculo na BR-458. Inten\u00e7\u00e3o da PM era bloquear pista e parar dois menores infratores.<\/strong><\/h4>\n<p><img decoding=\"async\" src=\"http:\/\/aconteceunovale.com.br\/portal\/wp-content\/uploads\/2014\/04\/acidente_caratinga_menores_pm_01.jpg\" alt=\"\" \/><em>(Foto: Patr\u00edcia Belo \/ G1)<\/em><br \/>\n<\/br><\/p>\n<p>O comandante do 14\u00ba Batalh\u00e3o da Pol\u00edcia Militar de Ipatinga, Edv\u00e2nio Carneiro, confirmou na tarde dessa segunda-feira (31), que partiu de policiais militares a ordem para que um caminh\u00e3o de bois atravessasse em uma das pistas da BR-458 em Caratinga, na noite do s\u00e1bado (29). A ordem do policial causou um grave acidente, que vitimou um adolescente de 15 anos; ele morreu carbonizado.<\/p>\n<p>Segundo informa\u00e7\u00f5es da pol\u00edcia, a v\u00edtima e o comparsa, de 17 anos, roubaram um carro no Centro da cidade de Iapu. Os adolescentes fugiram, mas foram perseguidos por militares.<\/p>\n<p>De acordo com a entrevista coletiva do comandante da pol\u00edcia, na altura da cidade de Caratinga, pr\u00f3ximo a Lagoa Silv\u00e2nia, militares ordenaram que o motorista de um caminh\u00e3o boiadeiro, que sa\u00eda de um posto de combust\u00edveis, deixasse o ve\u00edculo de carga atravessado na pista, de forma a for\u00e7ar que os adolescentes infratores a pararem o carro.<\/p>\n<p>\u201cO policial militar solicitou que o caminhoneiro deixasse o ve\u00edculo virado na pista para que fosse feita uma reten\u00e7\u00e3o na rodovia e propiciar a abordagem dos indiv\u00edduos. Houve sim um pedido, n\u00e3o h\u00e1 duvida sobre isso e n\u00f3s n\u00e3o fugimos desta responsabilidade\u201d, disse Edv\u00e2nio.<\/p>\n<p>Quando questionado sobre a possibilidade de uma trag\u00e9dia ainda maior o comandante afirmou que seria mais preocupante se a PM tivesse se omitido no caso. \u201cN\u00f3s temos o dever de proteger a sociedade. Se formos colocar as coisas dentro das hip\u00f3teses, poder\u00edamos pensar que poderia ter acontecido coisa ainda mais grave. Ali\u00e1s, o menor que sobreviveu nos disse que o objetivo deles era assaltar o carro em Iapu, ficar com o ve\u00edculo dentro de Ipatinga e cometer um homic\u00eddio no Veneza\u201d, diz.<\/p>\n<p>Edv\u00e2nio disse ainda que \u201ctodo mecanismo adotado para fazer o bloqueio de um carro tem como objetivo n\u00e3o colocar outras pessoas em risco. Quem morreu era pessoa ligada \u00e0 pr\u00e1tica de ato infracional e morreu porque o colega dele n\u00e3o parou. A alternativa de parar foi dada a ele. A nossa orienta\u00e7\u00e3o \u00e9, em qualquer intercepta\u00e7\u00e3o, qualquer bloqueio, n\u00e3o colocar em risco a vida de outras pessoas\u201d, concluiu o comandante.<\/p>\n<h4><strong>Acidente<\/strong><\/h4>\n<p>Edv\u00e2nio disse ainda que o adolescente de 17 anos dirigia o carro em alta velocidade e n\u00e3o conseguiu parar o autom\u00f3vel, que bateu no caminh\u00e3o e explodiu. O motorista conseguiu saltar do carro e sofreu apenas um corte no queixo e um ferimento na m\u00e3o.<\/p>\n<p>Ele foi encaminhado para a Unidade de Pronto Atendimento em Ipatinga (UPA), onde foi atendido e liberado. Em seguida, foi encaminhado ao Ceresp e teve sua interna\u00e7\u00e3o provis\u00f3ria decretada pela Justi\u00e7a de Ipatinga. J\u00e1 o outro ocupante do ve\u00edculo, de 15 anos, morreu carbonizado.<\/p>\n<p>No caminh\u00e3o usado como bloqueio da pista havia 22 bois. Cinco deles morreram queimados e os outros 17 teriam fugido pela rodovia. Ap\u00f3s a explos\u00e3o, testemunhas que estavam em um posto de combust\u00edveis nas proximidades informaram que v\u00e1rios animais em chamas sa\u00edram correndo pela BR. O motorista que conduzia o caminh\u00e3o de bois n\u00e3o se feriu. (G1)<\/p>\n","protected":false},"excerpt":{"rendered":"<p>Condutor de um caminh\u00e3o precisou atravessar o ve\u00edculo na BR-458. Inten\u00e7\u00e3o da PM era bloquear pista e parar dois menores infratores. (Foto: Patr\u00edcia Belo \/ G1) O comandante do 14\u00ba Batalh\u00e3o da Pol\u00edcia Militar de Ipatinga, Edv\u00e2nio Carneiro, confirmou na tarde dessa segunda-feira (31), que partiu de policiais militares a ordem para que um caminh\u00e3o [&hellip;]<\/p>\n","protected":false},"author":1,"featured_media":25365,"comment_status":"open","ping_status":"closed","sticky":false,"template":"","format":"standard","meta":{"amp_status":"","footnotes":""},"categories":[121],"tags":[237,1018,1722,201,6185],"class_list":["post-25364","post","type-post","status-publish","format-standard","has-post-thumbnail","hentry","category-leste","tag-caratinga","tag-destaque","tag-iapu","tag-ipatinga","tag-pedido-da-policia-causou-acidente-fatal-em-caratinga"],"yoast_head":"<!-- This site is optimized with the Yoast SEO plugin v28.3 - https:\/\/yoast.com\/product\/yoast-seo-wordpress\/ -->\n<title>Pedido da pol\u00edcia causou acidente fatal em Caratinga, segundo comandante da PM - Aconteceu no Vale<\/title>\n<meta name=\"robots\" content=\"index, follow, max-snippet:-1, max-image-preview:large, max-video-preview:-1\" \/>\n<link rel=\"canonical\" href=\"https:\/\/aconteceunovale.com.br\/portal\/?p=25364\" \/>\n<meta property=\"og:locale\" content=\"pt_BR\" \/>\n<meta property=\"og:type\" content=\"article\" \/>\n<meta property=\"og:title\" content=\"Pedido da pol\u00edcia causou acidente fatal em Caratinga, segundo comandante da PM - Aconteceu no Vale\" \/>\n<meta property=\"og:description\" content=\"Condutor de um caminh\u00e3o precisou atravessar o ve\u00edculo na BR-458. Inten\u00e7\u00e3o da PM era bloquear pista e parar dois menores infratores. (Foto: Patr\u00edcia Belo \/ G1) O comandante do 14\u00ba Batalh\u00e3o da Pol\u00edcia Militar de Ipatinga, Edv\u00e2nio Carneiro, confirmou na tarde dessa segunda-feira (31), que partiu de policiais militares a ordem para que um caminh\u00e3o [&hellip;]\" \/>\n<meta property=\"og:url\" content=\"https:\/\/aconteceunovale.com.br\/portal\/?p=25364\" \/>\n<meta property=\"og:site_name\" content=\"Aconteceu no Vale\" \/>\n<meta property=\"article:publisher\" content=\"https:\/\/www.facebook.com\/aconteceunovale\/\" \/>\n<meta property=\"article:published_time\" content=\"2014-04-01T12:44:47+00:00\" \/>\n<meta property=\"article:modified_time\" content=\"2014-04-01T12:51:06+00:00\" \/>\n<meta property=\"og:image\" content=\"https:\/\/aconteceunovale.com.br\/portal\/wp-content\/uploads\/2014\/04\/acidente_caratinga_menores_pm_01.jpg\" \/>\n\t<meta property=\"og:image:width\" content=\"600\" \/>\n\t<meta property=\"og:image:height\" content=\"450\" \/>\n\t<meta property=\"og:image:type\" content=\"image\/jpeg\" \/>\n<meta name=\"author\" content=\"Aconteceu no Vale\" \/>\n<meta name=\"twitter:card\" content=\"summary_large_image\" \/>\n<meta name=\"twitter:creator\" content=\"@noticiadosvales\" \/>\n<meta name=\"twitter:site\" content=\"@noticiadosvales\" \/>\n<meta name=\"twitter:label1\" content=\"Escrito por\" \/>\n\t<meta name=\"twitter:data1\" content=\"Aconteceu no Vale\" \/>\n\t<meta name=\"twitter:label2\" content=\"Est. tempo de leitura\" \/>\n\t<meta name=\"twitter:data2\" content=\"3 minutos\" \/>\n<script type=\"application\/ld+json\" class=\"yoast-schema-graph\">{\"@context\":\"https:\\\/\\\/schema.org\",\"@graph\":[{\"@type\":\"Article\",\"@id\":\"https:\\\/\\\/aconteceunovale.com.br\\\/portal\\\/?p=25364#article\",\"isPartOf\":{\"@id\":\"https:\\\/\\\/aconteceunovale.com.br\\\/portal\\\/?p=25364\"},\"author\":{\"name\":\"Aconteceu no Vale\",\"@id\":\"https:\\\/\\\/aconteceunovale.com.br\\\/portal\\\/#\\\/schema\\\/person\\\/633529146f2c94272bef50ac2953d589\"},\"headline\":\"Pedido da pol\u00edcia causou acidente fatal em Caratinga, segundo comandante da PM\",\"datePublished\":\"2014-04-01T12:44:47+00:00\",\"dateModified\":\"2014-04-01T12:51:06+00:00\",\"mainEntityOfPage\":{\"@id\":\"https:\\\/\\\/aconteceunovale.com.br\\\/portal\\\/?p=25364\"},\"wordCount\":576,\"commentCount\":0,\"image\":{\"@id\":\"https:\\\/\\\/aconteceunovale.com.br\\\/portal\\\/?p=25364#primaryimage\"},\"thumbnailUrl\":\"https:\\\/\\\/aconteceunovale.com.br\\\/portal\\\/wp-content\\\/uploads\\\/2014\\\/04\\\/acidente_caratinga_menores_pm_01.jpg\",\"keywords\":[\"Caratinga\",\"destaque\",\"Iapu\",\"Ipatinga\",\"Pedido da pol\u00edcia causou acidente fatal em Caratinga\"],\"articleSection\":[\"Leste de Minas\"],\"inLanguage\":\"pt-BR\",\"potentialAction\":[{\"@type\":\"CommentAction\",\"name\":\"Comment\",\"target\":[\"https:\\\/\\\/aconteceunovale.com.br\\\/portal\\\/?p=25364#respond\"]}]},{\"@type\":\"WebPage\",\"@id\":\"https:\\\/\\\/aconteceunovale.com.br\\\/portal\\\/?p=25364\",\"url\":\"https:\\\/\\\/aconteceunovale.com.br\\\/portal\\\/?p=25364\",\"name\":\"Pedido da pol\u00edcia causou acidente fatal em Caratinga, segundo comandante da PM - Aconteceu no Vale\",\"isPartOf\":{\"@id\":\"https:\\\/\\\/aconteceunovale.com.br\\\/portal\\\/#website\"},\"primaryImageOfPage\":{\"@id\":\"https:\\\/\\\/aconteceunovale.com.br\\\/portal\\\/?p=25364#primaryimage\"},\"image\":{\"@id\":\"https:\\\/\\\/aconteceunovale.com.br\\\/portal\\\/?p=25364#primaryimage\"},\"thumbnailUrl\":\"https:\\\/\\\/aconteceunovale.com.br\\\/portal\\\/wp-content\\\/uploads\\\/2014\\\/04\\\/acidente_caratinga_menores_pm_01.jpg\",\"datePublished\":\"2014-04-01T12:44:47+00:00\",\"dateModified\":\"2014-04-01T12:51:06+00:00\",\"author\":{\"@id\":\"https:\\\/\\\/aconteceunovale.com.br\\\/portal\\\/#\\\/schema\\\/person\\\/633529146f2c94272bef50ac2953d589\"},\"breadcrumb\":{\"@id\":\"https:\\\/\\\/aconteceunovale.com.br\\\/portal\\\/?p=25364#breadcrumb\"},\"inLanguage\":\"pt-BR\",\"potentialAction\":[{\"@type\":\"ReadAction\",\"target\":[\"https:\\\/\\\/aconteceunovale.com.br\\\/portal\\\/?p=25364\"]}]},{\"@type\":\"ImageObject\",\"inLanguage\":\"pt-BR\",\"@id\":\"https:\\\/\\\/aconteceunovale.com.br\\\/portal\\\/?p=25364#primaryimage\",\"url\":\"https:\\\/\\\/aconteceunovale.com.br\\\/portal\\\/wp-content\\\/uploads\\\/2014\\\/04\\\/acidente_caratinga_menores_pm_01.jpg\",\"contentUrl\":\"https:\\\/\\\/aconteceunovale.com.br\\\/portal\\\/wp-content\\\/uploads\\\/2014\\\/04\\\/acidente_caratinga_menores_pm_01.jpg\",\"width\":600,\"height\":450},{\"@type\":\"BreadcrumbList\",\"@id\":\"https:\\\/\\\/aconteceunovale.com.br\\\/portal\\\/?p=25364#breadcrumb\",\"itemListElement\":[{\"@type\":\"ListItem\",\"position\":1,\"name\":\"In\u00edcio\",\"item\":\"https:\\\/\\\/aconteceunovale.com.br\\\/portal\\\/\"},{\"@type\":\"ListItem\",\"position\":2,\"name\":\"Pedido da pol\u00edcia causou acidente fatal em Caratinga, segundo comandante da PM\"}]},{\"@type\":\"WebSite\",\"@id\":\"https:\\\/\\\/aconteceunovale.com.br\\\/portal\\\/#website\",\"url\":\"https:\\\/\\\/aconteceunovale.com.br\\\/portal\\\/\",\"name\":\"Aconteceu no Vale\",\"description\":\"Portal de Not\u00edcias\",\"potentialAction\":[{\"@type\":\"SearchAction\",\"target\":{\"@type\":\"EntryPoint\",\"urlTemplate\":\"https:\\\/\\\/aconteceunovale.com.br\\\/portal\\\/?s={search_term_string}\"},\"query-input\":{\"@type\":\"PropertyValueSpecification\",\"valueRequired\":true,\"valueName\":\"search_term_string\"}}],\"inLanguage\":\"pt-BR\"},{\"@type\":\"Person\",\"@id\":\"https:\\\/\\\/aconteceunovale.com.br\\\/portal\\\/#\\\/schema\\\/person\\\/633529146f2c94272bef50ac2953d589\",\"name\":\"Aconteceu no Vale\",\"description\":\"Equipe de reportagem do Aconteceu no Vale, portal de not\u00edcias do Vale do Jequitinhonha, em Minas Gerais. Cobrimos as 51 cidades do Vale desde 2013. Sugest\u00f5es de pauta e pedidos de corre\u00e7\u00e3o: contato@aconteceunovale.com.br\",\"sameAs\":[\"http:\\\/\\\/www.aconteceunovale.com.br\"],\"url\":\"https:\\\/\\\/aconteceunovale.com.br\\\/portal\\\/?author=1\"}]}<\/script>\n<!-- \/ Yoast SEO plugin. -->","yoast_head_json":{"title":"Pedido da pol\u00edcia causou acidente fatal em Caratinga, segundo comandante da PM - Aconteceu no Vale","robots":{"index":"index","follow":"follow","max-snippet":"max-snippet:-1","max-image-preview":"max-image-preview:large","max-video-preview":"max-video-preview:-1"},"canonical":"https:\/\/aconteceunovale.com.br\/portal\/?p=25364","og_locale":"pt_BR","og_type":"article","og_title":"Pedido da pol\u00edcia causou acidente fatal em Caratinga, segundo comandante da PM - Aconteceu no Vale","og_description":"Condutor de um caminh\u00e3o precisou atravessar o ve\u00edculo na BR-458. Inten\u00e7\u00e3o da PM era bloquear pista e parar dois menores infratores. (Foto: Patr\u00edcia Belo \/ G1) O comandante do 14\u00ba Batalh\u00e3o da Pol\u00edcia Militar de Ipatinga, Edv\u00e2nio Carneiro, confirmou na tarde dessa segunda-feira (31), que partiu de policiais militares a ordem para que um caminh\u00e3o [&hellip;]","og_url":"https:\/\/aconteceunovale.com.br\/portal\/?p=25364","og_site_name":"Aconteceu no Vale","article_publisher":"https:\/\/www.facebook.com\/aconteceunovale\/","article_published_time":"2014-04-01T12:44:47+00:00","article_modified_time":"2014-04-01T12:51:06+00:00","og_image":[{"width":600,"height":450,"url":"https:\/\/aconteceunovale.com.br\/portal\/wp-content\/uploads\/2014\/04\/acidente_caratinga_menores_pm_01.jpg","type":"image\/jpeg"}],"author":"Aconteceu no Vale","twitter_card":"summary_large_image","twitter_creator":"@noticiadosvales","twitter_site":"@noticiadosvales","twitter_misc":{"Escrito por":"Aconteceu no Vale","Est. tempo de leitura":"3 minutos"},"schema":{"@context":"https:\/\/schema.org","@graph":[{"@type":"Article","@id":"https:\/\/aconteceunovale.com.br\/portal\/?p=25364#article","isPartOf":{"@id":"https:\/\/aconteceunovale.com.br\/portal\/?p=25364"},"author":{"name":"Aconteceu no Vale","@id":"https:\/\/aconteceunovale.com.br\/portal\/#\/schema\/person\/633529146f2c94272bef50ac2953d589"},"headline":"Pedido da pol\u00edcia causou acidente fatal em Caratinga, segundo comandante da PM","datePublished":"2014-04-01T12:44:47+00:00","dateModified":"2014-04-01T12:51:06+00:00","mainEntityOfPage":{"@id":"https:\/\/aconteceunovale.com.br\/portal\/?p=25364"},"wordCount":576,"commentCount":0,"image":{"@id":"https:\/\/aconteceunovale.com.br\/portal\/?p=25364#primaryimage"},"thumbnailUrl":"https:\/\/aconteceunovale.com.br\/portal\/wp-content\/uploads\/2014\/04\/acidente_caratinga_menores_pm_01.jpg","keywords":["Caratinga","destaque","Iapu","Ipatinga","Pedido da pol\u00edcia causou acidente fatal em Caratinga"],"articleSection":["Leste de Minas"],"inLanguage":"pt-BR","potentialAction":[{"@type":"CommentAction","name":"Comment","target":["https:\/\/aconteceunovale.com.br\/portal\/?p=25364#respond"]}]},{"@type":"WebPage","@id":"https:\/\/aconteceunovale.com.br\/portal\/?p=25364","url":"https:\/\/aconteceunovale.com.br\/portal\/?p=25364","name":"Pedido da pol\u00edcia causou acidente fatal em Caratinga, segundo comandante da PM - Aconteceu no Vale","isPartOf":{"@id":"https:\/\/aconteceunovale.com.br\/portal\/#website"},"primaryImageOfPage":{"@id":"https:\/\/aconteceunovale.com.br\/portal\/?p=25364#primaryimage"},"image":{"@id":"https:\/\/aconteceunovale.com.br\/portal\/?p=25364#primaryimage"},"thumbnailUrl":"https:\/\/aconteceunovale.com.br\/portal\/wp-content\/uploads\/2014\/04\/acidente_caratinga_menores_pm_01.jpg","datePublished":"2014-04-01T12:44:47+00:00","dateModified":"2014-04-01T12:51:06+00:00","author":{"@id":"https:\/\/aconteceunovale.com.br\/portal\/#\/schema\/person\/633529146f2c94272bef50ac2953d589"},"breadcrumb":{"@id":"https:\/\/aconteceunovale.com.br\/portal\/?p=25364#breadcrumb"},"inLanguage":"pt-BR","potentialAction":[{"@type":"ReadAction","target":["https:\/\/aconteceunovale.com.br\/portal\/?p=25364"]}]},{"@type":"ImageObject","inLanguage":"pt-BR","@id":"https:\/\/aconteceunovale.com.br\/portal\/?p=25364#primaryimage","url":"https:\/\/aconteceunovale.com.br\/portal\/wp-content\/uploads\/2014\/04\/acidente_caratinga_menores_pm_01.jpg","contentUrl":"https:\/\/aconteceunovale.com.br\/portal\/wp-content\/uploads\/2014\/04\/acidente_caratinga_menores_pm_01.jpg","width":600,"height":450},{"@type":"BreadcrumbList","@id":"https:\/\/aconteceunovale.com.br\/portal\/?p=25364#breadcrumb","itemListElement":[{"@type":"ListItem","position":1,"name":"In\u00edcio","item":"https:\/\/aconteceunovale.com.br\/portal\/"},{"@type":"ListItem","position":2,"name":"Pedido da pol\u00edcia causou acidente fatal em Caratinga, segundo comandante da PM"}]},{"@type":"WebSite","@id":"https:\/\/aconteceunovale.com.br\/portal\/#website","url":"https:\/\/aconteceunovale.com.br\/portal\/","name":"Aconteceu no Vale","description":"Portal de Not\u00edcias","potentialAction":[{"@type":"SearchAction","target":{"@type":"EntryPoint","urlTemplate":"https:\/\/aconteceunovale.com.br\/portal\/?s={search_term_string}"},"query-input":{"@type":"PropertyValueSpecification","valueRequired":true,"valueName":"search_term_string"}}],"inLanguage":"pt-BR"},{"@type":"Person","@id":"https:\/\/aconteceunovale.com.br\/portal\/#\/schema\/person\/633529146f2c94272bef50ac2953d589","name":"Aconteceu no Vale","description":"Equipe de reportagem do Aconteceu no Vale, portal de not\u00edcias do Vale do Jequitinhonha, em Minas Gerais. Cobrimos as 51 cidades do Vale desde 2013. Sugest\u00f5es de pauta e pedidos de corre\u00e7\u00e3o: contato@aconteceunovale.com.br","sameAs":["http:\/\/www.aconteceunovale.com.br"],"url":"https:\/\/aconteceunovale.com.br\/portal\/?author=1"}]}},"_links":{"self":[{"href":"https:\/\/aconteceunovale.com.br\/portal\/index.php?rest_route=\/wp\/v2\/posts\/25364","targetHints":{"allow":["GET"]}}],"collection":[{"href":"https:\/\/aconteceunovale.com.br\/portal\/index.php?rest_route=\/wp\/v2\/posts"}],"about":[{"href":"https:\/\/aconteceunovale.com.br\/portal\/index.php?rest_route=\/wp\/v2\/types\/post"}],"author":[{"embeddable":true,"href":"https:\/\/aconteceunovale.com.br\/portal\/index.php?rest_route=\/wp\/v2\/users\/1"}],"replies":[{"embeddable":true,"href":"https:\/\/aconteceunovale.com.br\/portal\/index.php?rest_route=%2Fwp%2Fv2%2Fcomments&post=25364"}],"version-history":[{"count":0,"href":"https:\/\/aconteceunovale.com.br\/portal\/index.php?rest_route=\/wp\/v2\/posts\/25364\/revisions"}],"wp:featuredmedia":[{"embeddable":true,"href":"https:\/\/aconteceunovale.com.br\/portal\/index.php?rest_route=\/wp\/v2\/media\/25365"}],"wp:attachment":[{"href":"https:\/\/aconteceunovale.com.br\/portal\/index.php?rest_route=%2Fwp%2Fv2%2Fmedia&parent=25364"}],"wp:term":[{"taxonomy":"category","embeddable":true,"href":"https:\/\/aconteceunovale.com.br\/portal\/index.php?rest_route=%2Fwp%2Fv2%2Fcategories&post=25364"},{"taxonomy":"post_tag","embeddable":true,"href":"https:\/\/aconteceunovale.com.br\/portal\/index.php?rest_route=%2Fwp%2Fv2%2Ftags&post=25364"}],"curies":[{"name":"wp","href":"https:\/\/api.w.org\/{rel}","templated":true}]}}