{"id":25356,"date":"2014-04-01T07:58:48","date_gmt":"2014-04-01T10:58:48","guid":{"rendered":"http:\/\/aconteceunovale.com.br\/portal\/?p=25356"},"modified":"2014-04-01T07:59:17","modified_gmt":"2014-04-01T10:59:17","slug":"repudio-e-denuncia-contra-violencia-sexual-crescem-na-internet","status":"publish","type":"post","link":"https:\/\/aconteceunovale.com.br\/portal\/?p=25356","title":{"rendered":"Rep\u00fadio e den\u00fancia contra viol\u00eancia sexual crescem na internet"},"content":{"rendered":"<p>Caladas desde a inf\u00e2ncia e a adolesc\u00eancia, mulheres v\u00edtimas de estupro, que sentiam vergonha de expor o pr\u00f3prio caso diante da cultura machista brasileira, encontraram um canal aberto para tirar o n\u00f3 da garganta. O movimento \u201c<a href=\"https:\/\/www.facebook.com\/pages\/Eu-n%C3%A3o-mere%C3%A7o-ser-estuprada\/262686010579662?fref=ts\" target=\"_blank\"><strong>#Eu n\u00e3o mere\u00e7o ser estuprada<\/strong><\/a>\u201d, criado pela jornalista de Bras\u00edlia Nana Queiroz e outras 13 participantes, no \u00faltimo s\u00e1bado, registra na manh\u00e3 desta ter\u00e7a-feira, 01 de abril, 45,8 mil ades\u00f5es na internet. S\u00e3o relatos corajosos de mulheres com pouca ou nenhuma roupa, an\u00f4nimas ou famosas, magras ou cheinhas, exibindo no pr\u00f3prio corpo os dizeres da campanha e suas deriva\u00e7\u00f5es, que j\u00e1 recebeu o apoio de artistas, como o da cantora baiana Daniela Mercury e da funkeira Valeska Popozuda.<\/p>\n<p><img decoding=\"async\" src=\"http:\/\/aconteceunovale.com.br\/portal\/wp-content\/uploads\/2014\/03\/campanha_nao_mereco_ser_estuprada_31.jpg\" alt=\"\" \/> <em>(Nana Queiroz iniciou protesto no Facebook e tem quase 46 mil seguidores)<\/em><br \/>\n<\/br><\/p>\n<p>\u201cEu sou minha\u201d, \u201cTire o seu machismo do meu corpo\u201d, \u201cMeu corpo, minhas regras\u201d, \u201cEu e minha filha n\u00e3o merecemos ser estupradas\u201d s\u00e3o alguns dos \u201cgritos\u201d publicados pelas apoiadoras do movimento e at\u00e9 por alguns homens, que sa\u00edram em defesa das v\u00edtimas.<\/p>\n<p>\u201cOs crimes n\u00e3o acontecem no beco escuro ou no ponto de \u00f4nibus, mas sim no quarto ao lado, com a participa\u00e7\u00e3o do pr\u00f3prio pai, do primo, de um amigo da fam\u00edlia\u201d, denuncia Nana Queiroz, que ouviu o depoimento de uma mulher abusada durante a vida inteira pelo pr\u00f3prio pai. Pela primeira vez, ela criou coragem para se abrir sobre o abuso. <\/p>\n<p>A a\u00e7\u00e3o acontece ap\u00f3s o resultado de uma pesquisa divulgada pelo Instituto de Pesquisa Econ\u00f4mica Aplicada (Ipea), que apontou que a maioria dos brasileiros acha que \u201cmulheres que usam roupas que mostram o corpo merecem ser atacadas\u201d. Segundo o Sistema de Indicadores de Percep\u00e7\u00e3o Social (Sips), 65,1% das pessoas \u2013 incluindo homens e mulheres \u2013 concordaram com essa informa\u00e7\u00e3o. J\u00e1 58,5% concordam com a afirma\u00e7\u00e3o \u201cse mulheres soubessem como se comportar, haveria menos estupros\u201d. <\/p>\n<p>\u201cN\u00e3o tem a ver com a roupa, mas sim com a mentalidade das pessoas. A culpa \u00e9 do estuprador e de uma sociedade doente que pensa ser normal culpar as v\u00edtimas\u201d, defende Nana Queiroz. Ela lembra que, em um dos posts publicados na p\u00e1gina, o uso de r\u00edmel em excesso foi acusado de ser provocar o aumento dos casos de estupro em mulheres de pa\u00edses isl\u00e2micos.<\/p>\n<p>Paralelamente, a jornalista passou tamb\u00e9m a sofrer amea\u00e7as, em menor n\u00famero, com a publica\u00e7\u00e3o de mensagens agressivas em defesa do crime de estupro. Um deles deixou a jornalista particularmente chocada: num perfil, que j\u00e1 foi apagado, um homem disse que j\u00e1 tinha cometido o crime e faria de novo. Ela decidiu dar queixa na Delegacia da Mulher. A Pol\u00edcia Federal j\u00e1 est\u00e1 investigando o caso.<\/p>\n<h4><strong>Prote\u00e7\u00e3o <\/strong><\/h4>\n<p><strong>ONDE PROCURAR AJUDA<\/strong><\/p>\n<p>Divis\u00e3o da Mulher, do Idoso e da Pessoa com Defici\u00eancia<\/p>\n<p>Rua Aimor\u00e9s , 3.005, Barro Preto, Belo Horizonte <\/p>\n<p>Telefone: (31) 3291-2931<\/p>\n<p>N\u00facleo de Atendimento \u00e0s V\u00edtimas de Crimes Violentos (NAVCV)<\/p>\n<p><strong>Belo Horizonte<\/strong><\/p>\n<p>Av. Amazonas, 558 \u2013 4\u00b0 andar, Centro <\/p>\n<p>Telefone: (31) 3270-3294<\/p>\n<p>Hor\u00e1rio de funcionamento: das 8h \u00e0s 18h<\/p>\n<p>Email: navcvbh@gmail.com<\/p>\n<p><strong>Montes Claros<\/strong><\/p>\n<p>Rua Tiradentes, n\u00ba 422 \u2013 Centro<\/p>\n<p>(38) 3229-8515<\/p>\n<p>Hor\u00e1rio de funcionamento: das 8h \u00e0s 18h<\/p>\n<p>Email: navcvmoc@yahoo.com.br<\/p>\n<p><strong>Ribeir\u00e3o das Neves<\/strong><\/p>\n<p>Rua Jos\u00e9 Bonif\u00e1cio Nogueira, n\u00b0 130 \u2013 Bairro S\u00e3o Pedro<\/p>\n<p>Telefone: (31) 3627-2570<\/p>\n<p>Hor\u00e1rio de funcionamento: das 8h \u00e0s 18h<\/p>\n<p>Email: navcv.rn@gmail.com<\/p>\n<p><strong>Governador Valadares<\/strong><\/p>\n<p>Em processo de reabertura. At\u00e9 o momento, n\u00e3o possui sede<\/p>\n<p>Telefone: (31) 3270-3294<\/p>\n<p>E-mail: navcvbh@gmail.com<\/p>\n<p><em>(Fonte: Pol\u00edcia Civil \/ Estado de Minas)<\/em><\/p>\n","protected":false},"excerpt":{"rendered":"<p>Caladas desde a inf\u00e2ncia e a adolesc\u00eancia, mulheres v\u00edtimas de estupro, que sentiam vergonha de expor o pr\u00f3prio caso diante da cultura machista brasileira, encontraram um canal aberto para tirar o n\u00f3 da garganta. O movimento \u201c#Eu n\u00e3o mere\u00e7o ser estuprada\u201d, criado pela jornalista de Bras\u00edlia Nana Queiroz e outras 13 participantes, no \u00faltimo s\u00e1bado, [&hellip;]<\/p>\n","protected":false},"author":1,"featured_media":25244,"comment_status":"open","ping_status":"closed","sticky":false,"template":"","format":"standard","meta":{"amp_status":"","footnotes":""},"categories":[6],"tags":[6143,6181,6142,1018,6141,6180,6179],"class_list":["post-25356","post","type-post","status-publish","format-standard","has-post-thumbnail","hentry","category-br","tag-eunaomerecoserestuprada","tag-campanha-criada-pela-jornalista-nana-queiroz","tag-campanha-eu-nao-mereco-ser-estuprada","tag-destaque","tag-eu-nao-mereco-ser-estuprada","tag-nana-queiroz","tag-repudio-e-denuncia-contra-violencia-sexual-crescem-na-internet"],"yoast_head":"<!-- This site is optimized with the Yoast SEO plugin v28.3 - https:\/\/yoast.com\/product\/yoast-seo-wordpress\/ -->\n<title>Rep\u00fadio e den\u00fancia contra viol\u00eancia sexual crescem na internet - Aconteceu no Vale<\/title>\n<meta name=\"robots\" content=\"index, follow, max-snippet:-1, max-image-preview:large, max-video-preview:-1\" \/>\n<link rel=\"canonical\" href=\"https:\/\/aconteceunovale.com.br\/portal\/?p=25356\" \/>\n<meta property=\"og:locale\" content=\"pt_BR\" \/>\n<meta property=\"og:type\" content=\"article\" \/>\n<meta property=\"og:title\" content=\"Rep\u00fadio e den\u00fancia contra viol\u00eancia sexual crescem na internet - Aconteceu no Vale\" \/>\n<meta property=\"og:description\" content=\"Caladas desde a inf\u00e2ncia e a adolesc\u00eancia, mulheres v\u00edtimas de estupro, que sentiam vergonha de expor o pr\u00f3prio caso diante da cultura machista brasileira, encontraram um canal aberto para tirar o n\u00f3 da garganta. O movimento \u201c#Eu n\u00e3o mere\u00e7o ser estuprada\u201d, criado pela jornalista de Bras\u00edlia Nana Queiroz e outras 13 participantes, no \u00faltimo s\u00e1bado, [&hellip;]\" \/>\n<meta property=\"og:url\" content=\"https:\/\/aconteceunovale.com.br\/portal\/?p=25356\" \/>\n<meta property=\"og:site_name\" content=\"Aconteceu no Vale\" \/>\n<meta property=\"article:publisher\" content=\"https:\/\/www.facebook.com\/aconteceunovale\/\" \/>\n<meta property=\"article:published_time\" content=\"2014-04-01T10:58:48+00:00\" \/>\n<meta property=\"article:modified_time\" content=\"2014-04-01T10:59:17+00:00\" \/>\n<meta property=\"og:image\" content=\"https:\/\/aconteceunovale.com.br\/portal\/wp-content\/uploads\/2014\/03\/campanha_nao_mereco_ser_estuprada_31.jpg\" \/>\n\t<meta property=\"og:image:width\" content=\"600\" \/>\n\t<meta property=\"og:image:height\" content=\"400\" \/>\n\t<meta property=\"og:image:type\" content=\"image\/jpeg\" \/>\n<meta name=\"author\" content=\"Aconteceu no Vale\" \/>\n<meta name=\"twitter:card\" content=\"summary_large_image\" \/>\n<meta name=\"twitter:creator\" content=\"@noticiadosvales\" \/>\n<meta name=\"twitter:site\" content=\"@noticiadosvales\" \/>\n<meta name=\"twitter:label1\" content=\"Escrito por\" \/>\n\t<meta name=\"twitter:data1\" content=\"Aconteceu no Vale\" \/>\n\t<meta name=\"twitter:label2\" content=\"Est. tempo de leitura\" \/>\n\t<meta name=\"twitter:data2\" content=\"3 minutos\" \/>\n<script type=\"application\/ld+json\" class=\"yoast-schema-graph\">{\"@context\":\"https:\\\/\\\/schema.org\",\"@graph\":[{\"@type\":\"Article\",\"@id\":\"https:\\\/\\\/aconteceunovale.com.br\\\/portal\\\/?p=25356#article\",\"isPartOf\":{\"@id\":\"https:\\\/\\\/aconteceunovale.com.br\\\/portal\\\/?p=25356\"},\"author\":{\"name\":\"Aconteceu no Vale\",\"@id\":\"https:\\\/\\\/aconteceunovale.com.br\\\/portal\\\/#\\\/schema\\\/person\\\/633529146f2c94272bef50ac2953d589\"},\"headline\":\"Rep\u00fadio e den\u00fancia contra viol\u00eancia sexual crescem na internet\",\"datePublished\":\"2014-04-01T10:58:48+00:00\",\"dateModified\":\"2014-04-01T10:59:17+00:00\",\"mainEntityOfPage\":{\"@id\":\"https:\\\/\\\/aconteceunovale.com.br\\\/portal\\\/?p=25356\"},\"wordCount\":609,\"commentCount\":0,\"image\":{\"@id\":\"https:\\\/\\\/aconteceunovale.com.br\\\/portal\\\/?p=25356#primaryimage\"},\"thumbnailUrl\":\"https:\\\/\\\/aconteceunovale.com.br\\\/portal\\\/wp-content\\\/uploads\\\/2014\\\/03\\\/campanha_nao_mereco_ser_estuprada_31.jpg\",\"keywords\":[\"#EuN\u00e3oMere\u00e7oSerEstuprada\",\"campanha criada pela jornalista Nana Queiroz\",\"campanha Eu n\u00e3o mere\u00e7o ser estuprada\",\"destaque\",\"Eu n\u00e3o mere\u00e7o ser estuprada\",\"Nana Queiroz\",\"Rep\u00fadio e den\u00fancia contra viol\u00eancia sexual crescem na internet\"],\"articleSection\":[\"Brasil\"],\"inLanguage\":\"pt-BR\",\"potentialAction\":[{\"@type\":\"CommentAction\",\"name\":\"Comment\",\"target\":[\"https:\\\/\\\/aconteceunovale.com.br\\\/portal\\\/?p=25356#respond\"]}]},{\"@type\":\"WebPage\",\"@id\":\"https:\\\/\\\/aconteceunovale.com.br\\\/portal\\\/?p=25356\",\"url\":\"https:\\\/\\\/aconteceunovale.com.br\\\/portal\\\/?p=25356\",\"name\":\"Rep\u00fadio e den\u00fancia contra viol\u00eancia sexual crescem na internet - Aconteceu no Vale\",\"isPartOf\":{\"@id\":\"https:\\\/\\\/aconteceunovale.com.br\\\/portal\\\/#website\"},\"primaryImageOfPage\":{\"@id\":\"https:\\\/\\\/aconteceunovale.com.br\\\/portal\\\/?p=25356#primaryimage\"},\"image\":{\"@id\":\"https:\\\/\\\/aconteceunovale.com.br\\\/portal\\\/?p=25356#primaryimage\"},\"thumbnailUrl\":\"https:\\\/\\\/aconteceunovale.com.br\\\/portal\\\/wp-content\\\/uploads\\\/2014\\\/03\\\/campanha_nao_mereco_ser_estuprada_31.jpg\",\"datePublished\":\"2014-04-01T10:58:48+00:00\",\"dateModified\":\"2014-04-01T10:59:17+00:00\",\"author\":{\"@id\":\"https:\\\/\\\/aconteceunovale.com.br\\\/portal\\\/#\\\/schema\\\/person\\\/633529146f2c94272bef50ac2953d589\"},\"breadcrumb\":{\"@id\":\"https:\\\/\\\/aconteceunovale.com.br\\\/portal\\\/?p=25356#breadcrumb\"},\"inLanguage\":\"pt-BR\",\"potentialAction\":[{\"@type\":\"ReadAction\",\"target\":[\"https:\\\/\\\/aconteceunovale.com.br\\\/portal\\\/?p=25356\"]}]},{\"@type\":\"ImageObject\",\"inLanguage\":\"pt-BR\",\"@id\":\"https:\\\/\\\/aconteceunovale.com.br\\\/portal\\\/?p=25356#primaryimage\",\"url\":\"https:\\\/\\\/aconteceunovale.com.br\\\/portal\\\/wp-content\\\/uploads\\\/2014\\\/03\\\/campanha_nao_mereco_ser_estuprada_31.jpg\",\"contentUrl\":\"https:\\\/\\\/aconteceunovale.com.br\\\/portal\\\/wp-content\\\/uploads\\\/2014\\\/03\\\/campanha_nao_mereco_ser_estuprada_31.jpg\",\"width\":600,\"height\":400},{\"@type\":\"BreadcrumbList\",\"@id\":\"https:\\\/\\\/aconteceunovale.com.br\\\/portal\\\/?p=25356#breadcrumb\",\"itemListElement\":[{\"@type\":\"ListItem\",\"position\":1,\"name\":\"In\u00edcio\",\"item\":\"https:\\\/\\\/aconteceunovale.com.br\\\/portal\\\/\"},{\"@type\":\"ListItem\",\"position\":2,\"name\":\"Rep\u00fadio e den\u00fancia contra viol\u00eancia sexual crescem na internet\"}]},{\"@type\":\"WebSite\",\"@id\":\"https:\\\/\\\/aconteceunovale.com.br\\\/portal\\\/#website\",\"url\":\"https:\\\/\\\/aconteceunovale.com.br\\\/portal\\\/\",\"name\":\"Aconteceu no Vale\",\"description\":\"Portal de Not\u00edcias\",\"potentialAction\":[{\"@type\":\"SearchAction\",\"target\":{\"@type\":\"EntryPoint\",\"urlTemplate\":\"https:\\\/\\\/aconteceunovale.com.br\\\/portal\\\/?s={search_term_string}\"},\"query-input\":{\"@type\":\"PropertyValueSpecification\",\"valueRequired\":true,\"valueName\":\"search_term_string\"}}],\"inLanguage\":\"pt-BR\"},{\"@type\":\"Person\",\"@id\":\"https:\\\/\\\/aconteceunovale.com.br\\\/portal\\\/#\\\/schema\\\/person\\\/633529146f2c94272bef50ac2953d589\",\"name\":\"Aconteceu no Vale\",\"description\":\"Equipe de reportagem do Aconteceu no Vale, portal de not\u00edcias do Vale do Jequitinhonha, em Minas Gerais. Cobrimos as 51 cidades do Vale desde 2013. Sugest\u00f5es de pauta e pedidos de corre\u00e7\u00e3o: contato@aconteceunovale.com.br\",\"sameAs\":[\"http:\\\/\\\/www.aconteceunovale.com.br\"],\"url\":\"https:\\\/\\\/aconteceunovale.com.br\\\/portal\\\/?author=1\"}]}<\/script>\n<!-- \/ Yoast SEO plugin. -->","yoast_head_json":{"title":"Rep\u00fadio e den\u00fancia contra viol\u00eancia sexual crescem na internet - Aconteceu no Vale","robots":{"index":"index","follow":"follow","max-snippet":"max-snippet:-1","max-image-preview":"max-image-preview:large","max-video-preview":"max-video-preview:-1"},"canonical":"https:\/\/aconteceunovale.com.br\/portal\/?p=25356","og_locale":"pt_BR","og_type":"article","og_title":"Rep\u00fadio e den\u00fancia contra viol\u00eancia sexual crescem na internet - Aconteceu no Vale","og_description":"Caladas desde a inf\u00e2ncia e a adolesc\u00eancia, mulheres v\u00edtimas de estupro, que sentiam vergonha de expor o pr\u00f3prio caso diante da cultura machista brasileira, encontraram um canal aberto para tirar o n\u00f3 da garganta. O movimento \u201c#Eu n\u00e3o mere\u00e7o ser estuprada\u201d, criado pela jornalista de Bras\u00edlia Nana Queiroz e outras 13 participantes, no \u00faltimo s\u00e1bado, [&hellip;]","og_url":"https:\/\/aconteceunovale.com.br\/portal\/?p=25356","og_site_name":"Aconteceu no Vale","article_publisher":"https:\/\/www.facebook.com\/aconteceunovale\/","article_published_time":"2014-04-01T10:58:48+00:00","article_modified_time":"2014-04-01T10:59:17+00:00","og_image":[{"width":600,"height":400,"url":"https:\/\/aconteceunovale.com.br\/portal\/wp-content\/uploads\/2014\/03\/campanha_nao_mereco_ser_estuprada_31.jpg","type":"image\/jpeg"}],"author":"Aconteceu no Vale","twitter_card":"summary_large_image","twitter_creator":"@noticiadosvales","twitter_site":"@noticiadosvales","twitter_misc":{"Escrito por":"Aconteceu no Vale","Est. tempo de leitura":"3 minutos"},"schema":{"@context":"https:\/\/schema.org","@graph":[{"@type":"Article","@id":"https:\/\/aconteceunovale.com.br\/portal\/?p=25356#article","isPartOf":{"@id":"https:\/\/aconteceunovale.com.br\/portal\/?p=25356"},"author":{"name":"Aconteceu no Vale","@id":"https:\/\/aconteceunovale.com.br\/portal\/#\/schema\/person\/633529146f2c94272bef50ac2953d589"},"headline":"Rep\u00fadio e den\u00fancia contra viol\u00eancia sexual crescem na internet","datePublished":"2014-04-01T10:58:48+00:00","dateModified":"2014-04-01T10:59:17+00:00","mainEntityOfPage":{"@id":"https:\/\/aconteceunovale.com.br\/portal\/?p=25356"},"wordCount":609,"commentCount":0,"image":{"@id":"https:\/\/aconteceunovale.com.br\/portal\/?p=25356#primaryimage"},"thumbnailUrl":"https:\/\/aconteceunovale.com.br\/portal\/wp-content\/uploads\/2014\/03\/campanha_nao_mereco_ser_estuprada_31.jpg","keywords":["#EuN\u00e3oMere\u00e7oSerEstuprada","campanha criada pela jornalista Nana Queiroz","campanha Eu n\u00e3o mere\u00e7o ser estuprada","destaque","Eu n\u00e3o mere\u00e7o ser estuprada","Nana Queiroz","Rep\u00fadio e den\u00fancia contra viol\u00eancia sexual crescem na internet"],"articleSection":["Brasil"],"inLanguage":"pt-BR","potentialAction":[{"@type":"CommentAction","name":"Comment","target":["https:\/\/aconteceunovale.com.br\/portal\/?p=25356#respond"]}]},{"@type":"WebPage","@id":"https:\/\/aconteceunovale.com.br\/portal\/?p=25356","url":"https:\/\/aconteceunovale.com.br\/portal\/?p=25356","name":"Rep\u00fadio e den\u00fancia contra viol\u00eancia sexual crescem na internet - Aconteceu no Vale","isPartOf":{"@id":"https:\/\/aconteceunovale.com.br\/portal\/#website"},"primaryImageOfPage":{"@id":"https:\/\/aconteceunovale.com.br\/portal\/?p=25356#primaryimage"},"image":{"@id":"https:\/\/aconteceunovale.com.br\/portal\/?p=25356#primaryimage"},"thumbnailUrl":"https:\/\/aconteceunovale.com.br\/portal\/wp-content\/uploads\/2014\/03\/campanha_nao_mereco_ser_estuprada_31.jpg","datePublished":"2014-04-01T10:58:48+00:00","dateModified":"2014-04-01T10:59:17+00:00","author":{"@id":"https:\/\/aconteceunovale.com.br\/portal\/#\/schema\/person\/633529146f2c94272bef50ac2953d589"},"breadcrumb":{"@id":"https:\/\/aconteceunovale.com.br\/portal\/?p=25356#breadcrumb"},"inLanguage":"pt-BR","potentialAction":[{"@type":"ReadAction","target":["https:\/\/aconteceunovale.com.br\/portal\/?p=25356"]}]},{"@type":"ImageObject","inLanguage":"pt-BR","@id":"https:\/\/aconteceunovale.com.br\/portal\/?p=25356#primaryimage","url":"https:\/\/aconteceunovale.com.br\/portal\/wp-content\/uploads\/2014\/03\/campanha_nao_mereco_ser_estuprada_31.jpg","contentUrl":"https:\/\/aconteceunovale.com.br\/portal\/wp-content\/uploads\/2014\/03\/campanha_nao_mereco_ser_estuprada_31.jpg","width":600,"height":400},{"@type":"BreadcrumbList","@id":"https:\/\/aconteceunovale.com.br\/portal\/?p=25356#breadcrumb","itemListElement":[{"@type":"ListItem","position":1,"name":"In\u00edcio","item":"https:\/\/aconteceunovale.com.br\/portal\/"},{"@type":"ListItem","position":2,"name":"Rep\u00fadio e den\u00fancia contra viol\u00eancia sexual crescem na internet"}]},{"@type":"WebSite","@id":"https:\/\/aconteceunovale.com.br\/portal\/#website","url":"https:\/\/aconteceunovale.com.br\/portal\/","name":"Aconteceu no Vale","description":"Portal de Not\u00edcias","potentialAction":[{"@type":"SearchAction","target":{"@type":"EntryPoint","urlTemplate":"https:\/\/aconteceunovale.com.br\/portal\/?s={search_term_string}"},"query-input":{"@type":"PropertyValueSpecification","valueRequired":true,"valueName":"search_term_string"}}],"inLanguage":"pt-BR"},{"@type":"Person","@id":"https:\/\/aconteceunovale.com.br\/portal\/#\/schema\/person\/633529146f2c94272bef50ac2953d589","name":"Aconteceu no Vale","description":"Equipe de reportagem do Aconteceu no Vale, portal de not\u00edcias do Vale do Jequitinhonha, em Minas Gerais. Cobrimos as 51 cidades do Vale desde 2013. Sugest\u00f5es de pauta e pedidos de corre\u00e7\u00e3o: contato@aconteceunovale.com.br","sameAs":["http:\/\/www.aconteceunovale.com.br"],"url":"https:\/\/aconteceunovale.com.br\/portal\/?author=1"}]}},"_links":{"self":[{"href":"https:\/\/aconteceunovale.com.br\/portal\/index.php?rest_route=\/wp\/v2\/posts\/25356","targetHints":{"allow":["GET"]}}],"collection":[{"href":"https:\/\/aconteceunovale.com.br\/portal\/index.php?rest_route=\/wp\/v2\/posts"}],"about":[{"href":"https:\/\/aconteceunovale.com.br\/portal\/index.php?rest_route=\/wp\/v2\/types\/post"}],"author":[{"embeddable":true,"href":"https:\/\/aconteceunovale.com.br\/portal\/index.php?rest_route=\/wp\/v2\/users\/1"}],"replies":[{"embeddable":true,"href":"https:\/\/aconteceunovale.com.br\/portal\/index.php?rest_route=%2Fwp%2Fv2%2Fcomments&post=25356"}],"version-history":[{"count":0,"href":"https:\/\/aconteceunovale.com.br\/portal\/index.php?rest_route=\/wp\/v2\/posts\/25356\/revisions"}],"wp:featuredmedia":[{"embeddable":true,"href":"https:\/\/aconteceunovale.com.br\/portal\/index.php?rest_route=\/wp\/v2\/media\/25244"}],"wp:attachment":[{"href":"https:\/\/aconteceunovale.com.br\/portal\/index.php?rest_route=%2Fwp%2Fv2%2Fmedia&parent=25356"}],"wp:term":[{"taxonomy":"category","embeddable":true,"href":"https:\/\/aconteceunovale.com.br\/portal\/index.php?rest_route=%2Fwp%2Fv2%2Fcategories&post=25356"},{"taxonomy":"post_tag","embeddable":true,"href":"https:\/\/aconteceunovale.com.br\/portal\/index.php?rest_route=%2Fwp%2Fv2%2Ftags&post=25356"}],"curies":[{"name":"wp","href":"https:\/\/api.w.org\/{rel}","templated":true}]}}