{"id":25343,"date":"2014-03-31T23:35:24","date_gmt":"2014-04-01T02:35:24","guid":{"rendered":"http:\/\/aconteceunovale.com.br\/portal\/?p=25343"},"modified":"2014-03-31T23:35:24","modified_gmt":"2014-04-01T02:35:24","slug":"alunos-da-rede-estadual-que-moram-na-zona-rural-ficam-sem-transporte-em-montes-claros","status":"publish","type":"post","link":"https:\/\/aconteceunovale.com.br\/portal\/?p=25343","title":{"rendered":"Alunos da rede estadual que moram na zona rural ficam sem transporte em Montes Claros"},"content":{"rendered":"<p>Cerca de 1.700 alunos \u2013 de um total de 40 mil \u2013 da rede estadual de educa\u00e7\u00e3o de Montes Claros, no Norte de Minas Gerais, ficar\u00e3o sem transporte escolar a partir desta ter\u00e7a-feira (1). De acordo com o prefeito, Ruy Muniz (PRB), a decis\u00e3o foi tomada porque o repasse feito em janeiro pela Secretaria de Estado de Educa\u00e7\u00e3o (SEE) \u00e0 Secretaria Municipal de Montes Claros \u00e9 insuficiente para fornecer o benef\u00edcio.<\/p>\n<p>De acordo com o prefeito, os R$ 1,024 milh\u00e3o repassados \u00e0 cidade em janeiro n\u00e3o atendem as necessidades dos estudantes, que s\u00e3o de R$ 2,810 milh\u00f5es, segundo estimativa dele. Ainda segundo Muniz, em setembro de 2013, quando o prefeito anunciou a previs\u00e3o or\u00e7ament\u00e1ria de investimentos na educa\u00e7\u00e3o, a secret\u00e1ria estadual de Educa\u00e7\u00e3o, Ana L\u00facia Gazzola, disse que o repasse poderia chegar a R$ 1,170 milh\u00e3o.<\/p>\n<p>O prefeito explicou que a medida objetiva pressionar o governo a repassar o valor que a cidade precisa para atender as necessidades da educa\u00e7\u00e3o. \u201cMontes Claros \u00e9 o primeiro munic\u00edpio do Estado a tomar essa medida de suspens\u00e3o. Espero que outros se posicionem da mesma forma\u201d, afirmou.<\/p>\n<p>H\u00e1 um m\u00eas, a Secretaria Municipal de Educa\u00e7\u00e3o de Montes Claros enviou notifica\u00e7\u00e3o oficial \u00e0 secret\u00e1ria, que ainda n\u00e3o fez uma contraproposta, segundo o prefeito.<\/p>\n<h4><strong>Preju\u00edzo<\/strong><\/h4>\n<p>Ainda conforme ele, a suspens\u00e3o do transporte ocorrer\u00e1 apenas na zona rural, pois os gastos para manter o transporte na cidade s\u00e3o menores. A maioria dos prejudicados estuda na zona rural da cidade, no turno da noite.<\/p>\n<p>Jo\u00e3o Luiz Silv\u00e9rio, 18, aluno da Escola Caio Lafet\u00e1, localizada no distrito de Ermidinha, \u00e9 um dos afetados. \u201cA falta do transporte escolar dificultar\u00e1 muito minha ida \u00e0 escola. Vou gastar o dobro do tempo para ir e voltar, j\u00e1 que passarei a depender de outras formas de locomo\u00e7\u00e3o\u201d, lamentou. <\/p>\n<p><img decoding=\"async\" src=\"http:\/\/aconteceunovale.com.br\/portal\/wp-content\/uploads\/2014\/03\/ruy_muniz_corta_transporte_moc.jpg\" alt=\"\" \/><em>(O Tempo \/ Foto: M\u00e1rcia Vieira \/ Prefeitura de Montes Claros)<\/em><\/p>\n","protected":false},"excerpt":{"rendered":"<p>Cerca de 1.700 alunos \u2013 de um total de 40 mil \u2013 da rede estadual de educa\u00e7\u00e3o de Montes Claros, no Norte de Minas Gerais, ficar\u00e3o sem transporte escolar a partir desta ter\u00e7a-feira (1). De acordo com o prefeito, Ruy Muniz (PRB), a decis\u00e3o foi tomada porque o repasse feito em janeiro pela Secretaria de [&hellip;]<\/p>\n","protected":false},"author":1,"featured_media":25344,"comment_status":"open","ping_status":"closed","sticky":false,"template":"","format":"standard","meta":{"amp_status":"","footnotes":""},"categories":[1236],"tags":[6176,1018,210],"class_list":["post-25343","post","type-post","status-publish","format-standard","has-post-thumbnail","hentry","category-norte_de_minas","tag-alunos-da-rede-estadual-que-moram-na-zona-rural-ficam-sem-transporte-em-montes-claros","tag-destaque","tag-montes-claros"],"yoast_head":"<!-- This site is optimized with the Yoast SEO plugin v28.3 - https:\/\/yoast.com\/product\/yoast-seo-wordpress\/ -->\n<title>Alunos da rede estadual que moram na zona rural ficam sem transporte em Montes Claros - Aconteceu no Vale<\/title>\n<meta name=\"robots\" content=\"index, follow, max-snippet:-1, max-image-preview:large, max-video-preview:-1\" \/>\n<link rel=\"canonical\" href=\"https:\/\/aconteceunovale.com.br\/portal\/?p=25343\" \/>\n<meta property=\"og:locale\" content=\"pt_BR\" \/>\n<meta property=\"og:type\" content=\"article\" \/>\n<meta property=\"og:title\" content=\"Alunos da rede estadual que moram na zona rural ficam sem transporte em Montes Claros - Aconteceu no Vale\" \/>\n<meta property=\"og:description\" content=\"Cerca de 1.700 alunos \u2013 de um total de 40 mil \u2013 da rede estadual de educa\u00e7\u00e3o de Montes Claros, no Norte de Minas Gerais, ficar\u00e3o sem transporte escolar a partir desta ter\u00e7a-feira (1). De acordo com o prefeito, Ruy Muniz (PRB), a decis\u00e3o foi tomada porque o repasse feito em janeiro pela Secretaria de [&hellip;]\" \/>\n<meta property=\"og:url\" content=\"https:\/\/aconteceunovale.com.br\/portal\/?p=25343\" \/>\n<meta property=\"og:site_name\" content=\"Aconteceu no Vale\" \/>\n<meta property=\"article:publisher\" content=\"https:\/\/www.facebook.com\/aconteceunovale\/\" \/>\n<meta property=\"article:published_time\" content=\"2014-04-01T02:35:24+00:00\" \/>\n<meta property=\"og:image\" content=\"https:\/\/aconteceunovale.com.br\/portal\/wp-content\/uploads\/2014\/03\/ruy_muniz_corta_transporte_moc.jpg\" \/>\n\t<meta property=\"og:image:width\" content=\"620\" \/>\n\t<meta property=\"og:image:height\" content=\"420\" \/>\n\t<meta property=\"og:image:type\" content=\"image\/jpeg\" \/>\n<meta name=\"author\" content=\"Aconteceu no Vale\" \/>\n<meta name=\"twitter:card\" content=\"summary_large_image\" \/>\n<meta name=\"twitter:creator\" content=\"@noticiadosvales\" \/>\n<meta name=\"twitter:site\" content=\"@noticiadosvales\" \/>\n<meta name=\"twitter:label1\" content=\"Escrito por\" \/>\n\t<meta name=\"twitter:data1\" content=\"Aconteceu no Vale\" \/>\n\t<meta name=\"twitter:label2\" content=\"Est. tempo de leitura\" \/>\n\t<meta name=\"twitter:data2\" content=\"2 minutos\" \/>\n<script type=\"application\/ld+json\" class=\"yoast-schema-graph\">{\"@context\":\"https:\\\/\\\/schema.org\",\"@graph\":[{\"@type\":\"Article\",\"@id\":\"https:\\\/\\\/aconteceunovale.com.br\\\/portal\\\/?p=25343#article\",\"isPartOf\":{\"@id\":\"https:\\\/\\\/aconteceunovale.com.br\\\/portal\\\/?p=25343\"},\"author\":{\"name\":\"Aconteceu no Vale\",\"@id\":\"https:\\\/\\\/aconteceunovale.com.br\\\/portal\\\/#\\\/schema\\\/person\\\/633529146f2c94272bef50ac2953d589\"},\"headline\":\"Alunos da rede estadual que moram na zona rural ficam sem transporte em Montes Claros\",\"datePublished\":\"2014-04-01T02:35:24+00:00\",\"mainEntityOfPage\":{\"@id\":\"https:\\\/\\\/aconteceunovale.com.br\\\/portal\\\/?p=25343\"},\"wordCount\":336,\"commentCount\":0,\"image\":{\"@id\":\"https:\\\/\\\/aconteceunovale.com.br\\\/portal\\\/?p=25343#primaryimage\"},\"thumbnailUrl\":\"https:\\\/\\\/aconteceunovale.com.br\\\/portal\\\/wp-content\\\/uploads\\\/2014\\\/03\\\/ruy_muniz_corta_transporte_moc.jpg\",\"keywords\":[\"Alunos da rede estadual que moram na zona rural ficam sem transporte em Montes Claros\",\"destaque\",\"Montes Claros\"],\"articleSection\":[\"Norte de Minas\"],\"inLanguage\":\"pt-BR\",\"potentialAction\":[{\"@type\":\"CommentAction\",\"name\":\"Comment\",\"target\":[\"https:\\\/\\\/aconteceunovale.com.br\\\/portal\\\/?p=25343#respond\"]}]},{\"@type\":\"WebPage\",\"@id\":\"https:\\\/\\\/aconteceunovale.com.br\\\/portal\\\/?p=25343\",\"url\":\"https:\\\/\\\/aconteceunovale.com.br\\\/portal\\\/?p=25343\",\"name\":\"Alunos da rede estadual que moram na zona rural ficam sem transporte em Montes Claros - Aconteceu no Vale\",\"isPartOf\":{\"@id\":\"https:\\\/\\\/aconteceunovale.com.br\\\/portal\\\/#website\"},\"primaryImageOfPage\":{\"@id\":\"https:\\\/\\\/aconteceunovale.com.br\\\/portal\\\/?p=25343#primaryimage\"},\"image\":{\"@id\":\"https:\\\/\\\/aconteceunovale.com.br\\\/portal\\\/?p=25343#primaryimage\"},\"thumbnailUrl\":\"https:\\\/\\\/aconteceunovale.com.br\\\/portal\\\/wp-content\\\/uploads\\\/2014\\\/03\\\/ruy_muniz_corta_transporte_moc.jpg\",\"datePublished\":\"2014-04-01T02:35:24+00:00\",\"author\":{\"@id\":\"https:\\\/\\\/aconteceunovale.com.br\\\/portal\\\/#\\\/schema\\\/person\\\/633529146f2c94272bef50ac2953d589\"},\"breadcrumb\":{\"@id\":\"https:\\\/\\\/aconteceunovale.com.br\\\/portal\\\/?p=25343#breadcrumb\"},\"inLanguage\":\"pt-BR\",\"potentialAction\":[{\"@type\":\"ReadAction\",\"target\":[\"https:\\\/\\\/aconteceunovale.com.br\\\/portal\\\/?p=25343\"]}]},{\"@type\":\"ImageObject\",\"inLanguage\":\"pt-BR\",\"@id\":\"https:\\\/\\\/aconteceunovale.com.br\\\/portal\\\/?p=25343#primaryimage\",\"url\":\"https:\\\/\\\/aconteceunovale.com.br\\\/portal\\\/wp-content\\\/uploads\\\/2014\\\/03\\\/ruy_muniz_corta_transporte_moc.jpg\",\"contentUrl\":\"https:\\\/\\\/aconteceunovale.com.br\\\/portal\\\/wp-content\\\/uploads\\\/2014\\\/03\\\/ruy_muniz_corta_transporte_moc.jpg\",\"width\":620,\"height\":420},{\"@type\":\"BreadcrumbList\",\"@id\":\"https:\\\/\\\/aconteceunovale.com.br\\\/portal\\\/?p=25343#breadcrumb\",\"itemListElement\":[{\"@type\":\"ListItem\",\"position\":1,\"name\":\"In\u00edcio\",\"item\":\"https:\\\/\\\/aconteceunovale.com.br\\\/portal\\\/\"},{\"@type\":\"ListItem\",\"position\":2,\"name\":\"Alunos da rede estadual que moram na zona rural ficam sem transporte em Montes Claros\"}]},{\"@type\":\"WebSite\",\"@id\":\"https:\\\/\\\/aconteceunovale.com.br\\\/portal\\\/#website\",\"url\":\"https:\\\/\\\/aconteceunovale.com.br\\\/portal\\\/\",\"name\":\"Aconteceu no Vale\",\"description\":\"Portal de Not\u00edcias\",\"potentialAction\":[{\"@type\":\"SearchAction\",\"target\":{\"@type\":\"EntryPoint\",\"urlTemplate\":\"https:\\\/\\\/aconteceunovale.com.br\\\/portal\\\/?s={search_term_string}\"},\"query-input\":{\"@type\":\"PropertyValueSpecification\",\"valueRequired\":true,\"valueName\":\"search_term_string\"}}],\"inLanguage\":\"pt-BR\"},{\"@type\":\"Person\",\"@id\":\"https:\\\/\\\/aconteceunovale.com.br\\\/portal\\\/#\\\/schema\\\/person\\\/633529146f2c94272bef50ac2953d589\",\"name\":\"Aconteceu no Vale\",\"description\":\"Equipe de reportagem do Aconteceu no Vale, portal de not\u00edcias do Vale do Jequitinhonha, em Minas Gerais. Cobrimos as 51 cidades do Vale desde 2013. Sugest\u00f5es de pauta e pedidos de corre\u00e7\u00e3o: contato@aconteceunovale.com.br\",\"sameAs\":[\"http:\\\/\\\/www.aconteceunovale.com.br\"],\"url\":\"https:\\\/\\\/aconteceunovale.com.br\\\/portal\\\/?author=1\"}]}<\/script>\n<!-- \/ Yoast SEO plugin. -->","yoast_head_json":{"title":"Alunos da rede estadual que moram na zona rural ficam sem transporte em Montes Claros - Aconteceu no Vale","robots":{"index":"index","follow":"follow","max-snippet":"max-snippet:-1","max-image-preview":"max-image-preview:large","max-video-preview":"max-video-preview:-1"},"canonical":"https:\/\/aconteceunovale.com.br\/portal\/?p=25343","og_locale":"pt_BR","og_type":"article","og_title":"Alunos da rede estadual que moram na zona rural ficam sem transporte em Montes Claros - Aconteceu no Vale","og_description":"Cerca de 1.700 alunos \u2013 de um total de 40 mil \u2013 da rede estadual de educa\u00e7\u00e3o de Montes Claros, no Norte de Minas Gerais, ficar\u00e3o sem transporte escolar a partir desta ter\u00e7a-feira (1). De acordo com o prefeito, Ruy Muniz (PRB), a decis\u00e3o foi tomada porque o repasse feito em janeiro pela Secretaria de [&hellip;]","og_url":"https:\/\/aconteceunovale.com.br\/portal\/?p=25343","og_site_name":"Aconteceu no Vale","article_publisher":"https:\/\/www.facebook.com\/aconteceunovale\/","article_published_time":"2014-04-01T02:35:24+00:00","og_image":[{"width":620,"height":420,"url":"https:\/\/aconteceunovale.com.br\/portal\/wp-content\/uploads\/2014\/03\/ruy_muniz_corta_transporte_moc.jpg","type":"image\/jpeg"}],"author":"Aconteceu no Vale","twitter_card":"summary_large_image","twitter_creator":"@noticiadosvales","twitter_site":"@noticiadosvales","twitter_misc":{"Escrito por":"Aconteceu no Vale","Est. tempo de leitura":"2 minutos"},"schema":{"@context":"https:\/\/schema.org","@graph":[{"@type":"Article","@id":"https:\/\/aconteceunovale.com.br\/portal\/?p=25343#article","isPartOf":{"@id":"https:\/\/aconteceunovale.com.br\/portal\/?p=25343"},"author":{"name":"Aconteceu no Vale","@id":"https:\/\/aconteceunovale.com.br\/portal\/#\/schema\/person\/633529146f2c94272bef50ac2953d589"},"headline":"Alunos da rede estadual que moram na zona rural ficam sem transporte em Montes Claros","datePublished":"2014-04-01T02:35:24+00:00","mainEntityOfPage":{"@id":"https:\/\/aconteceunovale.com.br\/portal\/?p=25343"},"wordCount":336,"commentCount":0,"image":{"@id":"https:\/\/aconteceunovale.com.br\/portal\/?p=25343#primaryimage"},"thumbnailUrl":"https:\/\/aconteceunovale.com.br\/portal\/wp-content\/uploads\/2014\/03\/ruy_muniz_corta_transporte_moc.jpg","keywords":["Alunos da rede estadual que moram na zona rural ficam sem transporte em Montes Claros","destaque","Montes Claros"],"articleSection":["Norte de Minas"],"inLanguage":"pt-BR","potentialAction":[{"@type":"CommentAction","name":"Comment","target":["https:\/\/aconteceunovale.com.br\/portal\/?p=25343#respond"]}]},{"@type":"WebPage","@id":"https:\/\/aconteceunovale.com.br\/portal\/?p=25343","url":"https:\/\/aconteceunovale.com.br\/portal\/?p=25343","name":"Alunos da rede estadual que moram na zona rural ficam sem transporte em Montes Claros - Aconteceu no Vale","isPartOf":{"@id":"https:\/\/aconteceunovale.com.br\/portal\/#website"},"primaryImageOfPage":{"@id":"https:\/\/aconteceunovale.com.br\/portal\/?p=25343#primaryimage"},"image":{"@id":"https:\/\/aconteceunovale.com.br\/portal\/?p=25343#primaryimage"},"thumbnailUrl":"https:\/\/aconteceunovale.com.br\/portal\/wp-content\/uploads\/2014\/03\/ruy_muniz_corta_transporte_moc.jpg","datePublished":"2014-04-01T02:35:24+00:00","author":{"@id":"https:\/\/aconteceunovale.com.br\/portal\/#\/schema\/person\/633529146f2c94272bef50ac2953d589"},"breadcrumb":{"@id":"https:\/\/aconteceunovale.com.br\/portal\/?p=25343#breadcrumb"},"inLanguage":"pt-BR","potentialAction":[{"@type":"ReadAction","target":["https:\/\/aconteceunovale.com.br\/portal\/?p=25343"]}]},{"@type":"ImageObject","inLanguage":"pt-BR","@id":"https:\/\/aconteceunovale.com.br\/portal\/?p=25343#primaryimage","url":"https:\/\/aconteceunovale.com.br\/portal\/wp-content\/uploads\/2014\/03\/ruy_muniz_corta_transporte_moc.jpg","contentUrl":"https:\/\/aconteceunovale.com.br\/portal\/wp-content\/uploads\/2014\/03\/ruy_muniz_corta_transporte_moc.jpg","width":620,"height":420},{"@type":"BreadcrumbList","@id":"https:\/\/aconteceunovale.com.br\/portal\/?p=25343#breadcrumb","itemListElement":[{"@type":"ListItem","position":1,"name":"In\u00edcio","item":"https:\/\/aconteceunovale.com.br\/portal\/"},{"@type":"ListItem","position":2,"name":"Alunos da rede estadual que moram na zona rural ficam sem transporte em Montes Claros"}]},{"@type":"WebSite","@id":"https:\/\/aconteceunovale.com.br\/portal\/#website","url":"https:\/\/aconteceunovale.com.br\/portal\/","name":"Aconteceu no Vale","description":"Portal de Not\u00edcias","potentialAction":[{"@type":"SearchAction","target":{"@type":"EntryPoint","urlTemplate":"https:\/\/aconteceunovale.com.br\/portal\/?s={search_term_string}"},"query-input":{"@type":"PropertyValueSpecification","valueRequired":true,"valueName":"search_term_string"}}],"inLanguage":"pt-BR"},{"@type":"Person","@id":"https:\/\/aconteceunovale.com.br\/portal\/#\/schema\/person\/633529146f2c94272bef50ac2953d589","name":"Aconteceu no Vale","description":"Equipe de reportagem do Aconteceu no Vale, portal de not\u00edcias do Vale do Jequitinhonha, em Minas Gerais. Cobrimos as 51 cidades do Vale desde 2013. Sugest\u00f5es de pauta e pedidos de corre\u00e7\u00e3o: contato@aconteceunovale.com.br","sameAs":["http:\/\/www.aconteceunovale.com.br"],"url":"https:\/\/aconteceunovale.com.br\/portal\/?author=1"}]}},"_links":{"self":[{"href":"https:\/\/aconteceunovale.com.br\/portal\/index.php?rest_route=\/wp\/v2\/posts\/25343","targetHints":{"allow":["GET"]}}],"collection":[{"href":"https:\/\/aconteceunovale.com.br\/portal\/index.php?rest_route=\/wp\/v2\/posts"}],"about":[{"href":"https:\/\/aconteceunovale.com.br\/portal\/index.php?rest_route=\/wp\/v2\/types\/post"}],"author":[{"embeddable":true,"href":"https:\/\/aconteceunovale.com.br\/portal\/index.php?rest_route=\/wp\/v2\/users\/1"}],"replies":[{"embeddable":true,"href":"https:\/\/aconteceunovale.com.br\/portal\/index.php?rest_route=%2Fwp%2Fv2%2Fcomments&post=25343"}],"version-history":[{"count":0,"href":"https:\/\/aconteceunovale.com.br\/portal\/index.php?rest_route=\/wp\/v2\/posts\/25343\/revisions"}],"wp:featuredmedia":[{"embeddable":true,"href":"https:\/\/aconteceunovale.com.br\/portal\/index.php?rest_route=\/wp\/v2\/media\/25344"}],"wp:attachment":[{"href":"https:\/\/aconteceunovale.com.br\/portal\/index.php?rest_route=%2Fwp%2Fv2%2Fmedia&parent=25343"}],"wp:term":[{"taxonomy":"category","embeddable":true,"href":"https:\/\/aconteceunovale.com.br\/portal\/index.php?rest_route=%2Fwp%2Fv2%2Fcategories&post=25343"},{"taxonomy":"post_tag","embeddable":true,"href":"https:\/\/aconteceunovale.com.br\/portal\/index.php?rest_route=%2Fwp%2Fv2%2Ftags&post=25343"}],"curies":[{"name":"wp","href":"https:\/\/api.w.org\/{rel}","templated":true}]}}