{"id":25327,"date":"2014-03-31T21:36:01","date_gmt":"2014-04-01T00:36:01","guid":{"rendered":"http:\/\/aconteceunovale.com.br\/portal\/?p=25327"},"modified":"2014-03-31T21:36:01","modified_gmt":"2014-04-01T00:36:01","slug":"minas-registra-quarta-morte-por-dengue-hemorragica-neste-ano","status":"publish","type":"post","link":"https:\/\/aconteceunovale.com.br\/portal\/?p=25327","title":{"rendered":"Minas registra quarta morte por dengue hemorr\u00e1gica neste ano"},"content":{"rendered":"<p>A quarta morte por dengue hemorr\u00e1gica em Minas Gerais, neste ano, foi confirmada nesta segunda-feira (31) em Juiz de Fora, na Zona da Mata do Estado. Uma mulher de 34 anos que estava internada no Centro de Terapia Intensiva (CTI) da Maternidade Terezinha de Jesus morreu na madrugada deste domingo (30) com a doen\u00e7a.<\/p>\n<p>Segundo a assessoria de imprensa do hospital, a mulher foi diagnosticada com dengue hemorr\u00e1gica na semana passada, ap\u00f3s passar por uma s\u00e9rie de exames.  Ela deu entrada no hospital na \u00faltima quinta-feira (27) com um quadro de pneumonia e gr\u00e1vida. Um dia ap\u00f3s entrar no hospital, a paciente perdeu o beb\u00ea, mas ainda n\u00e3o se sabe se o aborto est\u00e1 relacionado \u00e0 doen\u00e7a.<\/p>\n<p>Ainda de acordo com a assessoria do hospital, a Vigil\u00e2ncia Epidemiol\u00f3gica do munic\u00edpio j\u00e1 foi notificada. A assessoria de imprensa da Secretaria Municipal de Sa\u00fade de Juiz de Fora prometeu divulgar uma nota sobre o assunto at\u00e9 o fim da tarde desta segunda-feira.<\/p>\n<p>A Secretaria de Estado de Sa\u00fade (SES) informou que j\u00e1 foram registrados outros dois casos de dengue hemorr\u00e1gica em Passos, no Sul do Estado e em Paracatu, na regi\u00e3o Noroeste do Estado. O \u00f3rg\u00e3o ainda n\u00e3o recebeu a notifica\u00e7\u00e3o sobre a morte em Juiz de Fora pela doen\u00e7a. <\/p>\n<p>At\u00e9 esta segunda-feira a cidade de Juiz de Fora registrou 110 notifica\u00e7\u00f5es de casos de dengue, desse total 38 foram confirmados, 41 descartados e 31 aguardam confirma\u00e7\u00e3o. A dengue hemorr\u00e1gica tem sintomas parecidos com a da dengue cl\u00e1ssica, febre, dor no corpo, manchas avermelhadas. No entanto no quarto dia, o doente come\u00e7a a ter hemorragias na pele e pelos \u00f3rg\u00e3os. O paciente tamb\u00e9m tem queda de press\u00e3o e tonturas. (O Tempo)<\/p>\n","protected":false},"excerpt":{"rendered":"<p>A quarta morte por dengue hemorr\u00e1gica em Minas Gerais, neste ano, foi confirmada nesta segunda-feira (31) em Juiz de Fora, na Zona da Mata do Estado. Uma mulher de 34 anos que estava internada no Centro de Terapia Intensiva (CTI) da Maternidade Terezinha de Jesus morreu na madrugada deste domingo (30) com a doen\u00e7a. Segundo [&hellip;]<\/p>\n","protected":false},"author":1,"featured_media":25328,"comment_status":"open","ping_status":"closed","sticky":false,"template":"","format":"standard","meta":{"amp_status":"","footnotes":""},"categories":[123],"tags":[6171,6170],"class_list":["post-25327","post","type-post","status-publish","format-standard","has-post-thumbnail","hentry","category-gerais","tag-casos-de-dengue-hemorragica-em-minas-gerais","tag-minas-registra-quarta-morte-por-dengue-hemorragica-neste-ano"],"yoast_head":"<!-- This site is optimized with the Yoast SEO plugin v28.3 - https:\/\/yoast.com\/product\/yoast-seo-wordpress\/ -->\n<title>Minas registra quarta morte por dengue hemorr\u00e1gica neste ano - Aconteceu no Vale<\/title>\n<meta name=\"robots\" content=\"index, follow, max-snippet:-1, max-image-preview:large, max-video-preview:-1\" \/>\n<link rel=\"canonical\" href=\"https:\/\/aconteceunovale.com.br\/portal\/?p=25327\" \/>\n<meta property=\"og:locale\" content=\"pt_BR\" \/>\n<meta property=\"og:type\" content=\"article\" \/>\n<meta property=\"og:title\" content=\"Minas registra quarta morte por dengue hemorr\u00e1gica neste ano - Aconteceu no Vale\" \/>\n<meta property=\"og:description\" content=\"A quarta morte por dengue hemorr\u00e1gica em Minas Gerais, neste ano, foi confirmada nesta segunda-feira (31) em Juiz de Fora, na Zona da Mata do Estado. Uma mulher de 34 anos que estava internada no Centro de Terapia Intensiva (CTI) da Maternidade Terezinha de Jesus morreu na madrugada deste domingo (30) com a doen\u00e7a. Segundo [&hellip;]\" \/>\n<meta property=\"og:url\" content=\"https:\/\/aconteceunovale.com.br\/portal\/?p=25327\" \/>\n<meta property=\"og:site_name\" content=\"Aconteceu no Vale\" \/>\n<meta property=\"article:publisher\" content=\"https:\/\/www.facebook.com\/aconteceunovale\/\" \/>\n<meta property=\"article:published_time\" content=\"2014-04-01T00:36:01+00:00\" \/>\n<meta property=\"og:image\" content=\"https:\/\/aconteceunovale.com.br\/portal\/wp-content\/uploads\/2014\/03\/dengue_mg_31.jpg\" \/>\n\t<meta property=\"og:image:width\" content=\"488\" \/>\n\t<meta property=\"og:image:height\" content=\"450\" \/>\n\t<meta property=\"og:image:type\" content=\"image\/jpeg\" \/>\n<meta name=\"author\" content=\"Aconteceu no Vale\" \/>\n<meta name=\"twitter:card\" content=\"summary_large_image\" \/>\n<meta name=\"twitter:creator\" content=\"@noticiadosvales\" \/>\n<meta name=\"twitter:site\" content=\"@noticiadosvales\" \/>\n<meta name=\"twitter:label1\" content=\"Escrito por\" \/>\n\t<meta name=\"twitter:data1\" content=\"Aconteceu no Vale\" \/>\n\t<meta name=\"twitter:label2\" content=\"Est. tempo de leitura\" \/>\n\t<meta name=\"twitter:data2\" content=\"1 minuto\" \/>\n<script type=\"application\/ld+json\" class=\"yoast-schema-graph\">{\"@context\":\"https:\\\/\\\/schema.org\",\"@graph\":[{\"@type\":\"Article\",\"@id\":\"https:\\\/\\\/aconteceunovale.com.br\\\/portal\\\/?p=25327#article\",\"isPartOf\":{\"@id\":\"https:\\\/\\\/aconteceunovale.com.br\\\/portal\\\/?p=25327\"},\"author\":{\"name\":\"Aconteceu no Vale\",\"@id\":\"https:\\\/\\\/aconteceunovale.com.br\\\/portal\\\/#\\\/schema\\\/person\\\/633529146f2c94272bef50ac2953d589\"},\"headline\":\"Minas registra quarta morte por dengue hemorr\u00e1gica neste ano\",\"datePublished\":\"2014-04-01T00:36:01+00:00\",\"mainEntityOfPage\":{\"@id\":\"https:\\\/\\\/aconteceunovale.com.br\\\/portal\\\/?p=25327\"},\"wordCount\":308,\"commentCount\":0,\"image\":{\"@id\":\"https:\\\/\\\/aconteceunovale.com.br\\\/portal\\\/?p=25327#primaryimage\"},\"thumbnailUrl\":\"https:\\\/\\\/aconteceunovale.com.br\\\/portal\\\/wp-content\\\/uploads\\\/2014\\\/03\\\/dengue_mg_31.jpg\",\"keywords\":[\"casos de dengue hemorr\u00e1gica em minas gerais\",\"Minas registra quarta morte por dengue hemorr\u00e1gica neste ano\"],\"articleSection\":[\"Minas Gerais\"],\"inLanguage\":\"pt-BR\",\"potentialAction\":[{\"@type\":\"CommentAction\",\"name\":\"Comment\",\"target\":[\"https:\\\/\\\/aconteceunovale.com.br\\\/portal\\\/?p=25327#respond\"]}]},{\"@type\":\"WebPage\",\"@id\":\"https:\\\/\\\/aconteceunovale.com.br\\\/portal\\\/?p=25327\",\"url\":\"https:\\\/\\\/aconteceunovale.com.br\\\/portal\\\/?p=25327\",\"name\":\"Minas registra quarta morte por dengue hemorr\u00e1gica neste ano - Aconteceu no Vale\",\"isPartOf\":{\"@id\":\"https:\\\/\\\/aconteceunovale.com.br\\\/portal\\\/#website\"},\"primaryImageOfPage\":{\"@id\":\"https:\\\/\\\/aconteceunovale.com.br\\\/portal\\\/?p=25327#primaryimage\"},\"image\":{\"@id\":\"https:\\\/\\\/aconteceunovale.com.br\\\/portal\\\/?p=25327#primaryimage\"},\"thumbnailUrl\":\"https:\\\/\\\/aconteceunovale.com.br\\\/portal\\\/wp-content\\\/uploads\\\/2014\\\/03\\\/dengue_mg_31.jpg\",\"datePublished\":\"2014-04-01T00:36:01+00:00\",\"author\":{\"@id\":\"https:\\\/\\\/aconteceunovale.com.br\\\/portal\\\/#\\\/schema\\\/person\\\/633529146f2c94272bef50ac2953d589\"},\"breadcrumb\":{\"@id\":\"https:\\\/\\\/aconteceunovale.com.br\\\/portal\\\/?p=25327#breadcrumb\"},\"inLanguage\":\"pt-BR\",\"potentialAction\":[{\"@type\":\"ReadAction\",\"target\":[\"https:\\\/\\\/aconteceunovale.com.br\\\/portal\\\/?p=25327\"]}]},{\"@type\":\"ImageObject\",\"inLanguage\":\"pt-BR\",\"@id\":\"https:\\\/\\\/aconteceunovale.com.br\\\/portal\\\/?p=25327#primaryimage\",\"url\":\"https:\\\/\\\/aconteceunovale.com.br\\\/portal\\\/wp-content\\\/uploads\\\/2014\\\/03\\\/dengue_mg_31.jpg\",\"contentUrl\":\"https:\\\/\\\/aconteceunovale.com.br\\\/portal\\\/wp-content\\\/uploads\\\/2014\\\/03\\\/dengue_mg_31.jpg\",\"width\":488,\"height\":450},{\"@type\":\"BreadcrumbList\",\"@id\":\"https:\\\/\\\/aconteceunovale.com.br\\\/portal\\\/?p=25327#breadcrumb\",\"itemListElement\":[{\"@type\":\"ListItem\",\"position\":1,\"name\":\"In\u00edcio\",\"item\":\"https:\\\/\\\/aconteceunovale.com.br\\\/portal\\\/\"},{\"@type\":\"ListItem\",\"position\":2,\"name\":\"Minas registra quarta morte por dengue hemorr\u00e1gica neste ano\"}]},{\"@type\":\"WebSite\",\"@id\":\"https:\\\/\\\/aconteceunovale.com.br\\\/portal\\\/#website\",\"url\":\"https:\\\/\\\/aconteceunovale.com.br\\\/portal\\\/\",\"name\":\"Aconteceu no Vale\",\"description\":\"Portal de Not\u00edcias\",\"potentialAction\":[{\"@type\":\"SearchAction\",\"target\":{\"@type\":\"EntryPoint\",\"urlTemplate\":\"https:\\\/\\\/aconteceunovale.com.br\\\/portal\\\/?s={search_term_string}\"},\"query-input\":{\"@type\":\"PropertyValueSpecification\",\"valueRequired\":true,\"valueName\":\"search_term_string\"}}],\"inLanguage\":\"pt-BR\"},{\"@type\":\"Person\",\"@id\":\"https:\\\/\\\/aconteceunovale.com.br\\\/portal\\\/#\\\/schema\\\/person\\\/633529146f2c94272bef50ac2953d589\",\"name\":\"Aconteceu no Vale\",\"description\":\"Equipe de reportagem do Aconteceu no Vale, portal de not\u00edcias do Vale do Jequitinhonha, em Minas Gerais. Cobrimos as 51 cidades do Vale desde 2013. Sugest\u00f5es de pauta e pedidos de corre\u00e7\u00e3o: contato@aconteceunovale.com.br\",\"sameAs\":[\"http:\\\/\\\/www.aconteceunovale.com.br\"],\"url\":\"https:\\\/\\\/aconteceunovale.com.br\\\/portal\\\/?author=1\"}]}<\/script>\n<!-- \/ Yoast SEO plugin. -->","yoast_head_json":{"title":"Minas registra quarta morte por dengue hemorr\u00e1gica neste ano - Aconteceu no Vale","robots":{"index":"index","follow":"follow","max-snippet":"max-snippet:-1","max-image-preview":"max-image-preview:large","max-video-preview":"max-video-preview:-1"},"canonical":"https:\/\/aconteceunovale.com.br\/portal\/?p=25327","og_locale":"pt_BR","og_type":"article","og_title":"Minas registra quarta morte por dengue hemorr\u00e1gica neste ano - Aconteceu no Vale","og_description":"A quarta morte por dengue hemorr\u00e1gica em Minas Gerais, neste ano, foi confirmada nesta segunda-feira (31) em Juiz de Fora, na Zona da Mata do Estado. Uma mulher de 34 anos que estava internada no Centro de Terapia Intensiva (CTI) da Maternidade Terezinha de Jesus morreu na madrugada deste domingo (30) com a doen\u00e7a. Segundo [&hellip;]","og_url":"https:\/\/aconteceunovale.com.br\/portal\/?p=25327","og_site_name":"Aconteceu no Vale","article_publisher":"https:\/\/www.facebook.com\/aconteceunovale\/","article_published_time":"2014-04-01T00:36:01+00:00","og_image":[{"width":488,"height":450,"url":"https:\/\/aconteceunovale.com.br\/portal\/wp-content\/uploads\/2014\/03\/dengue_mg_31.jpg","type":"image\/jpeg"}],"author":"Aconteceu no Vale","twitter_card":"summary_large_image","twitter_creator":"@noticiadosvales","twitter_site":"@noticiadosvales","twitter_misc":{"Escrito por":"Aconteceu no Vale","Est. tempo de leitura":"1 minuto"},"schema":{"@context":"https:\/\/schema.org","@graph":[{"@type":"Article","@id":"https:\/\/aconteceunovale.com.br\/portal\/?p=25327#article","isPartOf":{"@id":"https:\/\/aconteceunovale.com.br\/portal\/?p=25327"},"author":{"name":"Aconteceu no Vale","@id":"https:\/\/aconteceunovale.com.br\/portal\/#\/schema\/person\/633529146f2c94272bef50ac2953d589"},"headline":"Minas registra quarta morte por dengue hemorr\u00e1gica neste ano","datePublished":"2014-04-01T00:36:01+00:00","mainEntityOfPage":{"@id":"https:\/\/aconteceunovale.com.br\/portal\/?p=25327"},"wordCount":308,"commentCount":0,"image":{"@id":"https:\/\/aconteceunovale.com.br\/portal\/?p=25327#primaryimage"},"thumbnailUrl":"https:\/\/aconteceunovale.com.br\/portal\/wp-content\/uploads\/2014\/03\/dengue_mg_31.jpg","keywords":["casos de dengue hemorr\u00e1gica em minas gerais","Minas registra quarta morte por dengue hemorr\u00e1gica neste ano"],"articleSection":["Minas Gerais"],"inLanguage":"pt-BR","potentialAction":[{"@type":"CommentAction","name":"Comment","target":["https:\/\/aconteceunovale.com.br\/portal\/?p=25327#respond"]}]},{"@type":"WebPage","@id":"https:\/\/aconteceunovale.com.br\/portal\/?p=25327","url":"https:\/\/aconteceunovale.com.br\/portal\/?p=25327","name":"Minas registra quarta morte por dengue hemorr\u00e1gica neste ano - Aconteceu no Vale","isPartOf":{"@id":"https:\/\/aconteceunovale.com.br\/portal\/#website"},"primaryImageOfPage":{"@id":"https:\/\/aconteceunovale.com.br\/portal\/?p=25327#primaryimage"},"image":{"@id":"https:\/\/aconteceunovale.com.br\/portal\/?p=25327#primaryimage"},"thumbnailUrl":"https:\/\/aconteceunovale.com.br\/portal\/wp-content\/uploads\/2014\/03\/dengue_mg_31.jpg","datePublished":"2014-04-01T00:36:01+00:00","author":{"@id":"https:\/\/aconteceunovale.com.br\/portal\/#\/schema\/person\/633529146f2c94272bef50ac2953d589"},"breadcrumb":{"@id":"https:\/\/aconteceunovale.com.br\/portal\/?p=25327#breadcrumb"},"inLanguage":"pt-BR","potentialAction":[{"@type":"ReadAction","target":["https:\/\/aconteceunovale.com.br\/portal\/?p=25327"]}]},{"@type":"ImageObject","inLanguage":"pt-BR","@id":"https:\/\/aconteceunovale.com.br\/portal\/?p=25327#primaryimage","url":"https:\/\/aconteceunovale.com.br\/portal\/wp-content\/uploads\/2014\/03\/dengue_mg_31.jpg","contentUrl":"https:\/\/aconteceunovale.com.br\/portal\/wp-content\/uploads\/2014\/03\/dengue_mg_31.jpg","width":488,"height":450},{"@type":"BreadcrumbList","@id":"https:\/\/aconteceunovale.com.br\/portal\/?p=25327#breadcrumb","itemListElement":[{"@type":"ListItem","position":1,"name":"In\u00edcio","item":"https:\/\/aconteceunovale.com.br\/portal\/"},{"@type":"ListItem","position":2,"name":"Minas registra quarta morte por dengue hemorr\u00e1gica neste ano"}]},{"@type":"WebSite","@id":"https:\/\/aconteceunovale.com.br\/portal\/#website","url":"https:\/\/aconteceunovale.com.br\/portal\/","name":"Aconteceu no Vale","description":"Portal de Not\u00edcias","potentialAction":[{"@type":"SearchAction","target":{"@type":"EntryPoint","urlTemplate":"https:\/\/aconteceunovale.com.br\/portal\/?s={search_term_string}"},"query-input":{"@type":"PropertyValueSpecification","valueRequired":true,"valueName":"search_term_string"}}],"inLanguage":"pt-BR"},{"@type":"Person","@id":"https:\/\/aconteceunovale.com.br\/portal\/#\/schema\/person\/633529146f2c94272bef50ac2953d589","name":"Aconteceu no Vale","description":"Equipe de reportagem do Aconteceu no Vale, portal de not\u00edcias do Vale do Jequitinhonha, em Minas Gerais. Cobrimos as 51 cidades do Vale desde 2013. Sugest\u00f5es de pauta e pedidos de corre\u00e7\u00e3o: contato@aconteceunovale.com.br","sameAs":["http:\/\/www.aconteceunovale.com.br"],"url":"https:\/\/aconteceunovale.com.br\/portal\/?author=1"}]}},"_links":{"self":[{"href":"https:\/\/aconteceunovale.com.br\/portal\/index.php?rest_route=\/wp\/v2\/posts\/25327","targetHints":{"allow":["GET"]}}],"collection":[{"href":"https:\/\/aconteceunovale.com.br\/portal\/index.php?rest_route=\/wp\/v2\/posts"}],"about":[{"href":"https:\/\/aconteceunovale.com.br\/portal\/index.php?rest_route=\/wp\/v2\/types\/post"}],"author":[{"embeddable":true,"href":"https:\/\/aconteceunovale.com.br\/portal\/index.php?rest_route=\/wp\/v2\/users\/1"}],"replies":[{"embeddable":true,"href":"https:\/\/aconteceunovale.com.br\/portal\/index.php?rest_route=%2Fwp%2Fv2%2Fcomments&post=25327"}],"version-history":[{"count":0,"href":"https:\/\/aconteceunovale.com.br\/portal\/index.php?rest_route=\/wp\/v2\/posts\/25327\/revisions"}],"wp:featuredmedia":[{"embeddable":true,"href":"https:\/\/aconteceunovale.com.br\/portal\/index.php?rest_route=\/wp\/v2\/media\/25328"}],"wp:attachment":[{"href":"https:\/\/aconteceunovale.com.br\/portal\/index.php?rest_route=%2Fwp%2Fv2%2Fmedia&parent=25327"}],"wp:term":[{"taxonomy":"category","embeddable":true,"href":"https:\/\/aconteceunovale.com.br\/portal\/index.php?rest_route=%2Fwp%2Fv2%2Fcategories&post=25327"},{"taxonomy":"post_tag","embeddable":true,"href":"https:\/\/aconteceunovale.com.br\/portal\/index.php?rest_route=%2Fwp%2Fv2%2Ftags&post=25327"}],"curies":[{"name":"wp","href":"https:\/\/api.w.org\/{rel}","templated":true}]}}