{"id":25286,"date":"2014-03-31T20:10:48","date_gmt":"2014-03-31T23:10:48","guid":{"rendered":"http:\/\/aconteceunovale.com.br\/portal\/?p=25286"},"modified":"2014-03-31T20:11:07","modified_gmt":"2014-03-31T23:11:07","slug":"onibus-da-banda-levada-louca-pega-fogo-na-br-367","status":"publish","type":"post","link":"https:\/\/aconteceunovale.com.br\/portal\/?p=25286","title":{"rendered":"\u00d4nibus da Banda Levada Louca pega fogo na BR-367, em Minas Gerais"},"content":{"rendered":"<p>Um \u00f4nibus  que transportava a banda baiana,  Levada Louca, pegou fogo no inicio da manh\u00e3  desta segunda-feira (31\/03) na altura do km 304, da BR-367, distante  12 km de Virgem da Lapa, no Vale do Jequitinhonha (MG), no local conhecido como Itapicur\u00fa.<\/p>\n<p>A banda seguia para Salvado (BA) ap\u00f3s apresenta\u00e7\u00e3o de encerramento das festividades de anivers\u00e1rio da cidade de Jos\u00e9 Gon\u00e7alves de Minas, na noite de domingo (30).<\/p>\n<p>De acordo com informa\u00e7\u00f5es do motorista, Marcos de Moraes Bernardo, de 34 anos, a viagem seguia normalmente, quando ele percebeu um forte cheiro de fios queimados. Ele parou o \u00f4nibus no acostamento e ao descer, percebeu que um dos pneus traseiros pegava fogo.<\/p>\n<p>Havia cinco passageiros no \u00f4nibus, incluindo os integrantes da banda, que usaram extintores e terra, na tentativa de apagar o fogo.<\/p>\n<p>No entanto,  as chamas se alastraram  com rapidez  e destruiu completamente o ve\u00edculo.<\/p>\n<p>Os ocupantes do \u00f4nibus  ainda tiveram tempo de retirar os equipamentos da banda e as bagagens. Ningu\u00e9m se feriu.<\/p>\n<p>O \u00f4nibus pertence \u00e0 empresa baiana, Zuleuda Transporte e Turismo, que \u00e9 a respons\u00e1vel pela retirada da carca\u00e7a do \u00f4nibus da rodovia, \u201ccaso contr\u00e1rio, o DER dever\u00e1 tomar uma provid\u00eancia\u201d, disse um militar da Pol\u00edcia Rodovi\u00e1ria em Ara\u00e7uai, que atendeu a ocorr\u00eancia.<\/p>\n<p>A banda, que surgiu na Bahia em 2004,  seguiu viagem em outro ve\u00edculo fretado.<\/p>\n<p><img decoding=\"async\" src=\"http:\/\/aconteceunovale.com.br\/portal\/wp-content\/uploads\/2014\/03\/onibus_levada_louca_31.jpg\" alt=\"\" \/><em>(Foto e informa\u00e7\u00f5es do Jornal Gazeta de Ara\u00e7ua\u00ed)<\/em><\/p>\n","protected":false},"excerpt":{"rendered":"<p>Um \u00f4nibus que transportava a banda baiana, Levada Louca, pegou fogo no inicio da manh\u00e3 desta segunda-feira (31\/03) na altura do km 304, da BR-367, distante 12 km de Virgem da Lapa, no Vale do Jequitinhonha (MG), no local conhecido como Itapicur\u00fa. A banda seguia para Salvado (BA) ap\u00f3s apresenta\u00e7\u00e3o de encerramento das festividades de [&hellip;]<\/p>\n","protected":false},"author":1,"featured_media":25287,"comment_status":"open","ping_status":"closed","sticky":false,"template":"","format":"standard","meta":{"amp_status":"","footnotes":""},"categories":[120],"tags":[6159,1018,917,6158,6157,482],"class_list":["post-25286","post","type-post","status-publish","format-standard","has-post-thumbnail","hentry","category-jequi","tag-banda-levada-louca","tag-destaque","tag-jose-goncalves-de-minas","tag-onibus-da-banda-levada-louca","tag-onibus-da-banda-levada-louca-pega-fogo-na-br-367","tag-virgem-da-lapa"],"yoast_head":"<!-- This site is optimized with the Yoast SEO plugin v28.3 - https:\/\/yoast.com\/product\/yoast-seo-wordpress\/ -->\n<title>\u00d4nibus da Banda Levada Louca pega fogo na BR-367, em Minas Gerais - Aconteceu no Vale<\/title>\n<meta name=\"robots\" content=\"index, follow, max-snippet:-1, max-image-preview:large, max-video-preview:-1\" \/>\n<link rel=\"canonical\" href=\"https:\/\/aconteceunovale.com.br\/portal\/?p=25286\" \/>\n<meta property=\"og:locale\" content=\"pt_BR\" \/>\n<meta property=\"og:type\" content=\"article\" \/>\n<meta property=\"og:title\" content=\"\u00d4nibus da Banda Levada Louca pega fogo na BR-367, em Minas Gerais - Aconteceu no Vale\" \/>\n<meta property=\"og:description\" content=\"Um \u00f4nibus que transportava a banda baiana, Levada Louca, pegou fogo no inicio da manh\u00e3 desta segunda-feira (31\/03) na altura do km 304, da BR-367, distante 12 km de Virgem da Lapa, no Vale do Jequitinhonha (MG), no local conhecido como Itapicur\u00fa. A banda seguia para Salvado (BA) ap\u00f3s apresenta\u00e7\u00e3o de encerramento das festividades de [&hellip;]\" \/>\n<meta property=\"og:url\" content=\"https:\/\/aconteceunovale.com.br\/portal\/?p=25286\" \/>\n<meta property=\"og:site_name\" content=\"Aconteceu no Vale\" \/>\n<meta property=\"article:publisher\" content=\"https:\/\/www.facebook.com\/aconteceunovale\/\" \/>\n<meta property=\"article:published_time\" content=\"2014-03-31T23:10:48+00:00\" \/>\n<meta property=\"article:modified_time\" content=\"2014-03-31T23:11:07+00:00\" \/>\n<meta property=\"og:image\" content=\"https:\/\/aconteceunovale.com.br\/portal\/wp-content\/uploads\/2014\/03\/onibus_levada_louca_31.jpg\" \/>\n\t<meta property=\"og:image:width\" content=\"640\" \/>\n\t<meta property=\"og:image:height\" content=\"368\" \/>\n\t<meta property=\"og:image:type\" content=\"image\/jpeg\" \/>\n<meta name=\"author\" content=\"Aconteceu no Vale\" \/>\n<meta name=\"twitter:card\" content=\"summary_large_image\" \/>\n<meta name=\"twitter:creator\" content=\"@noticiadosvales\" \/>\n<meta name=\"twitter:site\" content=\"@noticiadosvales\" \/>\n<meta name=\"twitter:label1\" content=\"Escrito por\" \/>\n\t<meta name=\"twitter:data1\" content=\"Aconteceu no Vale\" \/>\n\t<meta name=\"twitter:label2\" content=\"Est. tempo de leitura\" \/>\n\t<meta name=\"twitter:data2\" content=\"1 minuto\" \/>\n<script type=\"application\/ld+json\" class=\"yoast-schema-graph\">{\"@context\":\"https:\\\/\\\/schema.org\",\"@graph\":[{\"@type\":\"Article\",\"@id\":\"https:\\\/\\\/aconteceunovale.com.br\\\/portal\\\/?p=25286#article\",\"isPartOf\":{\"@id\":\"https:\\\/\\\/aconteceunovale.com.br\\\/portal\\\/?p=25286\"},\"author\":{\"name\":\"Aconteceu no Vale\",\"@id\":\"https:\\\/\\\/aconteceunovale.com.br\\\/portal\\\/#\\\/schema\\\/person\\\/633529146f2c94272bef50ac2953d589\"},\"headline\":\"\u00d4nibus da Banda Levada Louca pega fogo na BR-367, em Minas Gerais\",\"datePublished\":\"2014-03-31T23:10:48+00:00\",\"dateModified\":\"2014-03-31T23:11:07+00:00\",\"mainEntityOfPage\":{\"@id\":\"https:\\\/\\\/aconteceunovale.com.br\\\/portal\\\/?p=25286\"},\"wordCount\":250,\"commentCount\":0,\"image\":{\"@id\":\"https:\\\/\\\/aconteceunovale.com.br\\\/portal\\\/?p=25286#primaryimage\"},\"thumbnailUrl\":\"https:\\\/\\\/aconteceunovale.com.br\\\/portal\\\/wp-content\\\/uploads\\\/2014\\\/03\\\/onibus_levada_louca_31.jpg\",\"keywords\":[\"Banda Levada Louca\",\"destaque\",\"jos\u00e9 gon\u00e7alves de minas\",\"\u00d4nibus da banda levada louca\",\"\u00d4nibus da Banda Levada Louca pega fogo na BR-367\",\"Virgem da Lapa\"],\"articleSection\":[\"Vale do Jequitinhonha\"],\"inLanguage\":\"pt-BR\",\"potentialAction\":[{\"@type\":\"CommentAction\",\"name\":\"Comment\",\"target\":[\"https:\\\/\\\/aconteceunovale.com.br\\\/portal\\\/?p=25286#respond\"]}]},{\"@type\":\"WebPage\",\"@id\":\"https:\\\/\\\/aconteceunovale.com.br\\\/portal\\\/?p=25286\",\"url\":\"https:\\\/\\\/aconteceunovale.com.br\\\/portal\\\/?p=25286\",\"name\":\"\u00d4nibus da Banda Levada Louca pega fogo na BR-367, em Minas Gerais - Aconteceu no Vale\",\"isPartOf\":{\"@id\":\"https:\\\/\\\/aconteceunovale.com.br\\\/portal\\\/#website\"},\"primaryImageOfPage\":{\"@id\":\"https:\\\/\\\/aconteceunovale.com.br\\\/portal\\\/?p=25286#primaryimage\"},\"image\":{\"@id\":\"https:\\\/\\\/aconteceunovale.com.br\\\/portal\\\/?p=25286#primaryimage\"},\"thumbnailUrl\":\"https:\\\/\\\/aconteceunovale.com.br\\\/portal\\\/wp-content\\\/uploads\\\/2014\\\/03\\\/onibus_levada_louca_31.jpg\",\"datePublished\":\"2014-03-31T23:10:48+00:00\",\"dateModified\":\"2014-03-31T23:11:07+00:00\",\"author\":{\"@id\":\"https:\\\/\\\/aconteceunovale.com.br\\\/portal\\\/#\\\/schema\\\/person\\\/633529146f2c94272bef50ac2953d589\"},\"breadcrumb\":{\"@id\":\"https:\\\/\\\/aconteceunovale.com.br\\\/portal\\\/?p=25286#breadcrumb\"},\"inLanguage\":\"pt-BR\",\"potentialAction\":[{\"@type\":\"ReadAction\",\"target\":[\"https:\\\/\\\/aconteceunovale.com.br\\\/portal\\\/?p=25286\"]}]},{\"@type\":\"ImageObject\",\"inLanguage\":\"pt-BR\",\"@id\":\"https:\\\/\\\/aconteceunovale.com.br\\\/portal\\\/?p=25286#primaryimage\",\"url\":\"https:\\\/\\\/aconteceunovale.com.br\\\/portal\\\/wp-content\\\/uploads\\\/2014\\\/03\\\/onibus_levada_louca_31.jpg\",\"contentUrl\":\"https:\\\/\\\/aconteceunovale.com.br\\\/portal\\\/wp-content\\\/uploads\\\/2014\\\/03\\\/onibus_levada_louca_31.jpg\",\"width\":640,\"height\":368},{\"@type\":\"BreadcrumbList\",\"@id\":\"https:\\\/\\\/aconteceunovale.com.br\\\/portal\\\/?p=25286#breadcrumb\",\"itemListElement\":[{\"@type\":\"ListItem\",\"position\":1,\"name\":\"In\u00edcio\",\"item\":\"https:\\\/\\\/aconteceunovale.com.br\\\/portal\\\/\"},{\"@type\":\"ListItem\",\"position\":2,\"name\":\"\u00d4nibus da Banda Levada Louca pega fogo na BR-367, em Minas Gerais\"}]},{\"@type\":\"WebSite\",\"@id\":\"https:\\\/\\\/aconteceunovale.com.br\\\/portal\\\/#website\",\"url\":\"https:\\\/\\\/aconteceunovale.com.br\\\/portal\\\/\",\"name\":\"Aconteceu no Vale\",\"description\":\"Portal de Not\u00edcias\",\"potentialAction\":[{\"@type\":\"SearchAction\",\"target\":{\"@type\":\"EntryPoint\",\"urlTemplate\":\"https:\\\/\\\/aconteceunovale.com.br\\\/portal\\\/?s={search_term_string}\"},\"query-input\":{\"@type\":\"PropertyValueSpecification\",\"valueRequired\":true,\"valueName\":\"search_term_string\"}}],\"inLanguage\":\"pt-BR\"},{\"@type\":\"Person\",\"@id\":\"https:\\\/\\\/aconteceunovale.com.br\\\/portal\\\/#\\\/schema\\\/person\\\/633529146f2c94272bef50ac2953d589\",\"name\":\"Aconteceu no Vale\",\"description\":\"Equipe de reportagem do Aconteceu no Vale, portal de not\u00edcias do Vale do Jequitinhonha, em Minas Gerais. Cobrimos as 51 cidades do Vale desde 2013. Sugest\u00f5es de pauta e pedidos de corre\u00e7\u00e3o: contato@aconteceunovale.com.br\",\"sameAs\":[\"http:\\\/\\\/www.aconteceunovale.com.br\"],\"url\":\"https:\\\/\\\/aconteceunovale.com.br\\\/portal\\\/?author=1\"}]}<\/script>\n<!-- \/ Yoast SEO plugin. -->","yoast_head_json":{"title":"\u00d4nibus da Banda Levada Louca pega fogo na BR-367, em Minas Gerais - Aconteceu no Vale","robots":{"index":"index","follow":"follow","max-snippet":"max-snippet:-1","max-image-preview":"max-image-preview:large","max-video-preview":"max-video-preview:-1"},"canonical":"https:\/\/aconteceunovale.com.br\/portal\/?p=25286","og_locale":"pt_BR","og_type":"article","og_title":"\u00d4nibus da Banda Levada Louca pega fogo na BR-367, em Minas Gerais - Aconteceu no Vale","og_description":"Um \u00f4nibus que transportava a banda baiana, Levada Louca, pegou fogo no inicio da manh\u00e3 desta segunda-feira (31\/03) na altura do km 304, da BR-367, distante 12 km de Virgem da Lapa, no Vale do Jequitinhonha (MG), no local conhecido como Itapicur\u00fa. A banda seguia para Salvado (BA) ap\u00f3s apresenta\u00e7\u00e3o de encerramento das festividades de [&hellip;]","og_url":"https:\/\/aconteceunovale.com.br\/portal\/?p=25286","og_site_name":"Aconteceu no Vale","article_publisher":"https:\/\/www.facebook.com\/aconteceunovale\/","article_published_time":"2014-03-31T23:10:48+00:00","article_modified_time":"2014-03-31T23:11:07+00:00","og_image":[{"width":640,"height":368,"url":"https:\/\/aconteceunovale.com.br\/portal\/wp-content\/uploads\/2014\/03\/onibus_levada_louca_31.jpg","type":"image\/jpeg"}],"author":"Aconteceu no Vale","twitter_card":"summary_large_image","twitter_creator":"@noticiadosvales","twitter_site":"@noticiadosvales","twitter_misc":{"Escrito por":"Aconteceu no Vale","Est. tempo de leitura":"1 minuto"},"schema":{"@context":"https:\/\/schema.org","@graph":[{"@type":"Article","@id":"https:\/\/aconteceunovale.com.br\/portal\/?p=25286#article","isPartOf":{"@id":"https:\/\/aconteceunovale.com.br\/portal\/?p=25286"},"author":{"name":"Aconteceu no Vale","@id":"https:\/\/aconteceunovale.com.br\/portal\/#\/schema\/person\/633529146f2c94272bef50ac2953d589"},"headline":"\u00d4nibus da Banda Levada Louca pega fogo na BR-367, em Minas Gerais","datePublished":"2014-03-31T23:10:48+00:00","dateModified":"2014-03-31T23:11:07+00:00","mainEntityOfPage":{"@id":"https:\/\/aconteceunovale.com.br\/portal\/?p=25286"},"wordCount":250,"commentCount":0,"image":{"@id":"https:\/\/aconteceunovale.com.br\/portal\/?p=25286#primaryimage"},"thumbnailUrl":"https:\/\/aconteceunovale.com.br\/portal\/wp-content\/uploads\/2014\/03\/onibus_levada_louca_31.jpg","keywords":["Banda Levada Louca","destaque","jos\u00e9 gon\u00e7alves de minas","\u00d4nibus da banda levada louca","\u00d4nibus da Banda Levada Louca pega fogo na BR-367","Virgem da Lapa"],"articleSection":["Vale do Jequitinhonha"],"inLanguage":"pt-BR","potentialAction":[{"@type":"CommentAction","name":"Comment","target":["https:\/\/aconteceunovale.com.br\/portal\/?p=25286#respond"]}]},{"@type":"WebPage","@id":"https:\/\/aconteceunovale.com.br\/portal\/?p=25286","url":"https:\/\/aconteceunovale.com.br\/portal\/?p=25286","name":"\u00d4nibus da Banda Levada Louca pega fogo na BR-367, em Minas Gerais - Aconteceu no Vale","isPartOf":{"@id":"https:\/\/aconteceunovale.com.br\/portal\/#website"},"primaryImageOfPage":{"@id":"https:\/\/aconteceunovale.com.br\/portal\/?p=25286#primaryimage"},"image":{"@id":"https:\/\/aconteceunovale.com.br\/portal\/?p=25286#primaryimage"},"thumbnailUrl":"https:\/\/aconteceunovale.com.br\/portal\/wp-content\/uploads\/2014\/03\/onibus_levada_louca_31.jpg","datePublished":"2014-03-31T23:10:48+00:00","dateModified":"2014-03-31T23:11:07+00:00","author":{"@id":"https:\/\/aconteceunovale.com.br\/portal\/#\/schema\/person\/633529146f2c94272bef50ac2953d589"},"breadcrumb":{"@id":"https:\/\/aconteceunovale.com.br\/portal\/?p=25286#breadcrumb"},"inLanguage":"pt-BR","potentialAction":[{"@type":"ReadAction","target":["https:\/\/aconteceunovale.com.br\/portal\/?p=25286"]}]},{"@type":"ImageObject","inLanguage":"pt-BR","@id":"https:\/\/aconteceunovale.com.br\/portal\/?p=25286#primaryimage","url":"https:\/\/aconteceunovale.com.br\/portal\/wp-content\/uploads\/2014\/03\/onibus_levada_louca_31.jpg","contentUrl":"https:\/\/aconteceunovale.com.br\/portal\/wp-content\/uploads\/2014\/03\/onibus_levada_louca_31.jpg","width":640,"height":368},{"@type":"BreadcrumbList","@id":"https:\/\/aconteceunovale.com.br\/portal\/?p=25286#breadcrumb","itemListElement":[{"@type":"ListItem","position":1,"name":"In\u00edcio","item":"https:\/\/aconteceunovale.com.br\/portal\/"},{"@type":"ListItem","position":2,"name":"\u00d4nibus da Banda Levada Louca pega fogo na BR-367, em Minas Gerais"}]},{"@type":"WebSite","@id":"https:\/\/aconteceunovale.com.br\/portal\/#website","url":"https:\/\/aconteceunovale.com.br\/portal\/","name":"Aconteceu no Vale","description":"Portal de Not\u00edcias","potentialAction":[{"@type":"SearchAction","target":{"@type":"EntryPoint","urlTemplate":"https:\/\/aconteceunovale.com.br\/portal\/?s={search_term_string}"},"query-input":{"@type":"PropertyValueSpecification","valueRequired":true,"valueName":"search_term_string"}}],"inLanguage":"pt-BR"},{"@type":"Person","@id":"https:\/\/aconteceunovale.com.br\/portal\/#\/schema\/person\/633529146f2c94272bef50ac2953d589","name":"Aconteceu no Vale","description":"Equipe de reportagem do Aconteceu no Vale, portal de not\u00edcias do Vale do Jequitinhonha, em Minas Gerais. Cobrimos as 51 cidades do Vale desde 2013. Sugest\u00f5es de pauta e pedidos de corre\u00e7\u00e3o: contato@aconteceunovale.com.br","sameAs":["http:\/\/www.aconteceunovale.com.br"],"url":"https:\/\/aconteceunovale.com.br\/portal\/?author=1"}]}},"_links":{"self":[{"href":"https:\/\/aconteceunovale.com.br\/portal\/index.php?rest_route=\/wp\/v2\/posts\/25286","targetHints":{"allow":["GET"]}}],"collection":[{"href":"https:\/\/aconteceunovale.com.br\/portal\/index.php?rest_route=\/wp\/v2\/posts"}],"about":[{"href":"https:\/\/aconteceunovale.com.br\/portal\/index.php?rest_route=\/wp\/v2\/types\/post"}],"author":[{"embeddable":true,"href":"https:\/\/aconteceunovale.com.br\/portal\/index.php?rest_route=\/wp\/v2\/users\/1"}],"replies":[{"embeddable":true,"href":"https:\/\/aconteceunovale.com.br\/portal\/index.php?rest_route=%2Fwp%2Fv2%2Fcomments&post=25286"}],"version-history":[{"count":0,"href":"https:\/\/aconteceunovale.com.br\/portal\/index.php?rest_route=\/wp\/v2\/posts\/25286\/revisions"}],"wp:featuredmedia":[{"embeddable":true,"href":"https:\/\/aconteceunovale.com.br\/portal\/index.php?rest_route=\/wp\/v2\/media\/25287"}],"wp:attachment":[{"href":"https:\/\/aconteceunovale.com.br\/portal\/index.php?rest_route=%2Fwp%2Fv2%2Fmedia&parent=25286"}],"wp:term":[{"taxonomy":"category","embeddable":true,"href":"https:\/\/aconteceunovale.com.br\/portal\/index.php?rest_route=%2Fwp%2Fv2%2Fcategories&post=25286"},{"taxonomy":"post_tag","embeddable":true,"href":"https:\/\/aconteceunovale.com.br\/portal\/index.php?rest_route=%2Fwp%2Fv2%2Ftags&post=25286"}],"curies":[{"name":"wp","href":"https:\/\/api.w.org\/{rel}","templated":true}]}}