{"id":25273,"date":"2014-03-31T16:35:08","date_gmt":"2014-03-31T19:35:08","guid":{"rendered":"http:\/\/aconteceunovale.com.br\/portal\/?p=25273"},"modified":"2014-03-31T16:35:08","modified_gmt":"2014-03-31T19:35:08","slug":"sabinopolense-da-gema-e-um-dos-compositores-do-proximo-cd-de-dona-jandira","status":"publish","type":"post","link":"https:\/\/aconteceunovale.com.br\/portal\/?p=25273","title":{"rendered":"Sabinopolense da gema \u00e9 um dos compositores do pr\u00f3ximo CD de Dona Jandira"},"content":{"rendered":"<p>Tino Fernandes. sabinopolense da gema \u00e9 um dos compositores do pr\u00f3ximo CD de Dona Jandira. Inspirado no contexto rural e em lembran\u00e7as de sua inf\u00e2ncia, retrata este cen\u00e1rio nost\u00e1lgico em can\u00e7\u00f5es da vertenta Samba Rural com ritmos regionais mineiros. Na sexta-feira, dia 04 de abril \u00e0s 20:00, Tino Fernandes juntamente com outros cinco compositores ir\u00e1 apresentar suas can\u00e7\u00f5es em um show de 1 hora e meia de dura\u00e7\u00e3o.<\/p>\n<p><img decoding=\"async\" src=\"http:\/\/aconteceunovale.com.br\/portal\/wp-content\/uploads\/2014\/03\/show_samba_dona_jandira_2.jpg\" alt=\"\" \/><\/p>\n<p>links das can\u00e7\u00f5es de Tino Fernandes que ir\u00e3o compor a apresenta\u00e7\u00e3o:<\/p>\n<p><strong>&#8211; TELHADO DE VIDRO \/ QUANDO VI VOV\u00d3 CHORAR<\/strong><br \/>\n<iframe loading=\"lazy\" width=\"640\" height=\"360\" src=\"\/\/www.youtube.com\/embed\/qJ44_pOGZCI\" frameborder=\"0\" allowfullscreen><\/iframe><\/p>\n<p><strong>&#8211; O CAITITU E A ON\u00c7A<\/strong><br \/>\n<iframe loading=\"lazy\" width=\"640\" height=\"360\" src=\"\/\/www.youtube.com\/embed\/t4VDPQS1IX0\" frameborder=\"0\" allowfullscreen><\/iframe><\/p>\n<p><strong>Show &#8220;DONA JANDIRA APRESENTA OS DONOS DAS CAN\u00c7\u00d5ES&#8221;<\/strong><\/p>\n<p>Local &#8211; Conservat\u00f3rio de M\u00fasica da UFMG &#8211; Belo Horizonte<br \/>\nEndere\u00e7o &#8211; Av. Afonso Pena, 1534 &#8211;<br \/>\nTel:(31) 3409-8300 Dia &#8211; 04\/04\/2014<br \/>\nHor\u00e1rio &#8211; 20:00<br \/>\nValor do ingresso &#8211; R$ 15,00 (inteira) R$ 7,00 (meia)<\/p>\n<p>Os ingressos s\u00e3o limitados. Entre em contato para adquirir o seu!<\/p>\n<p>+55(31)8561-3661 Oi \/ Whatsapp<br \/>\n+55(31)7528-7526 Tim<br \/>\n@angelaptavares<br \/>\nskype: angelapinhotavares<\/p>\n<p><img decoding=\"async\" src=\"http:\/\/aconteceunovale.com.br\/portal\/wp-content\/uploads\/2014\/03\/show_samba_dona_jandira_1.jpg\" alt=\"\" \/><\/p>\n","protected":false},"excerpt":{"rendered":"<p>Tino Fernandes. sabinopolense da gema \u00e9 um dos compositores do pr\u00f3ximo CD de Dona Jandira. Inspirado no contexto rural e em lembran\u00e7as de sua inf\u00e2ncia, retrata este cen\u00e1rio nost\u00e1lgico em can\u00e7\u00f5es da vertenta Samba Rural com ritmos regionais mineiros. Na sexta-feira, dia 04 de abril \u00e0s 20:00, Tino Fernandes juntamente com outros cinco compositores ir\u00e1 [&hellip;]<\/p>\n","protected":false},"author":1,"featured_media":25274,"comment_status":"open","ping_status":"closed","sticky":false,"template":"","format":"standard","meta":{"amp_status":"","footnotes":""},"categories":[125],"tags":[6153,310],"class_list":["post-25273","post","type-post","status-publish","format-standard","has-post-thumbnail","hentry","category-noticias","tag-sabinopolense-da-gema-e-um-dos-compositores-do-proximo-cd-de-dona-jandira","tag-sabinopolis"],"yoast_head":"<!-- This site is optimized with the Yoast SEO plugin v28.3 - https:\/\/yoast.com\/product\/yoast-seo-wordpress\/ -->\n<title>Sabinopolense da gema \u00e9 um dos compositores do pr\u00f3ximo CD de Dona Jandira - Aconteceu no Vale<\/title>\n<meta name=\"robots\" content=\"index, follow, max-snippet:-1, max-image-preview:large, max-video-preview:-1\" \/>\n<link rel=\"canonical\" href=\"https:\/\/aconteceunovale.com.br\/portal\/?p=25273\" \/>\n<meta property=\"og:locale\" content=\"pt_BR\" \/>\n<meta property=\"og:type\" content=\"article\" \/>\n<meta property=\"og:title\" content=\"Sabinopolense da gema \u00e9 um dos compositores do pr\u00f3ximo CD de Dona Jandira - Aconteceu no Vale\" \/>\n<meta property=\"og:description\" content=\"Tino Fernandes. sabinopolense da gema \u00e9 um dos compositores do pr\u00f3ximo CD de Dona Jandira. Inspirado no contexto rural e em lembran\u00e7as de sua inf\u00e2ncia, retrata este cen\u00e1rio nost\u00e1lgico em can\u00e7\u00f5es da vertenta Samba Rural com ritmos regionais mineiros. Na sexta-feira, dia 04 de abril \u00e0s 20:00, Tino Fernandes juntamente com outros cinco compositores ir\u00e1 [&hellip;]\" \/>\n<meta property=\"og:url\" content=\"https:\/\/aconteceunovale.com.br\/portal\/?p=25273\" \/>\n<meta property=\"og:site_name\" content=\"Aconteceu no Vale\" \/>\n<meta property=\"article:publisher\" content=\"https:\/\/www.facebook.com\/aconteceunovale\/\" \/>\n<meta property=\"article:published_time\" content=\"2014-03-31T19:35:08+00:00\" \/>\n<meta property=\"og:image\" content=\"https:\/\/aconteceunovale.com.br\/portal\/wp-content\/uploads\/2014\/03\/show_samba_dona_jandira_2.jpg\" \/>\n\t<meta property=\"og:image:width\" content=\"600\" \/>\n\t<meta property=\"og:image:height\" content=\"404\" \/>\n\t<meta property=\"og:image:type\" content=\"image\/jpeg\" \/>\n<meta name=\"author\" content=\"Aconteceu no Vale\" \/>\n<meta name=\"twitter:card\" content=\"summary_large_image\" \/>\n<meta name=\"twitter:creator\" content=\"@noticiadosvales\" \/>\n<meta name=\"twitter:site\" content=\"@noticiadosvales\" \/>\n<meta name=\"twitter:label1\" content=\"Escrito por\" \/>\n\t<meta name=\"twitter:data1\" content=\"Aconteceu no Vale\" \/>\n\t<meta name=\"twitter:label2\" content=\"Est. tempo de leitura\" \/>\n\t<meta name=\"twitter:data2\" content=\"1 minuto\" \/>\n<script type=\"application\/ld+json\" class=\"yoast-schema-graph\">{\"@context\":\"https:\\\/\\\/schema.org\",\"@graph\":[{\"@type\":\"Article\",\"@id\":\"https:\\\/\\\/aconteceunovale.com.br\\\/portal\\\/?p=25273#article\",\"isPartOf\":{\"@id\":\"https:\\\/\\\/aconteceunovale.com.br\\\/portal\\\/?p=25273\"},\"author\":{\"name\":\"Aconteceu no Vale\",\"@id\":\"https:\\\/\\\/aconteceunovale.com.br\\\/portal\\\/#\\\/schema\\\/person\\\/633529146f2c94272bef50ac2953d589\"},\"headline\":\"Sabinopolense da gema \u00e9 um dos compositores do pr\u00f3ximo CD de Dona Jandira\",\"datePublished\":\"2014-03-31T19:35:08+00:00\",\"mainEntityOfPage\":{\"@id\":\"https:\\\/\\\/aconteceunovale.com.br\\\/portal\\\/?p=25273\"},\"wordCount\":177,\"commentCount\":0,\"image\":{\"@id\":\"https:\\\/\\\/aconteceunovale.com.br\\\/portal\\\/?p=25273#primaryimage\"},\"thumbnailUrl\":\"https:\\\/\\\/aconteceunovale.com.br\\\/portal\\\/wp-content\\\/uploads\\\/2014\\\/03\\\/show_samba_dona_jandira_2.jpg\",\"keywords\":[\"Sabinopolense da gema \u00e9 um dos compositores do pr\u00f3ximo CD de Dona Jandira\",\"Sabin\u00f3polis\"],\"articleSection\":[\"Eventos\"],\"inLanguage\":\"pt-BR\",\"potentialAction\":[{\"@type\":\"CommentAction\",\"name\":\"Comment\",\"target\":[\"https:\\\/\\\/aconteceunovale.com.br\\\/portal\\\/?p=25273#respond\"]}]},{\"@type\":\"WebPage\",\"@id\":\"https:\\\/\\\/aconteceunovale.com.br\\\/portal\\\/?p=25273\",\"url\":\"https:\\\/\\\/aconteceunovale.com.br\\\/portal\\\/?p=25273\",\"name\":\"Sabinopolense da gema \u00e9 um dos compositores do pr\u00f3ximo CD de Dona Jandira - Aconteceu no Vale\",\"isPartOf\":{\"@id\":\"https:\\\/\\\/aconteceunovale.com.br\\\/portal\\\/#website\"},\"primaryImageOfPage\":{\"@id\":\"https:\\\/\\\/aconteceunovale.com.br\\\/portal\\\/?p=25273#primaryimage\"},\"image\":{\"@id\":\"https:\\\/\\\/aconteceunovale.com.br\\\/portal\\\/?p=25273#primaryimage\"},\"thumbnailUrl\":\"https:\\\/\\\/aconteceunovale.com.br\\\/portal\\\/wp-content\\\/uploads\\\/2014\\\/03\\\/show_samba_dona_jandira_2.jpg\",\"datePublished\":\"2014-03-31T19:35:08+00:00\",\"author\":{\"@id\":\"https:\\\/\\\/aconteceunovale.com.br\\\/portal\\\/#\\\/schema\\\/person\\\/633529146f2c94272bef50ac2953d589\"},\"breadcrumb\":{\"@id\":\"https:\\\/\\\/aconteceunovale.com.br\\\/portal\\\/?p=25273#breadcrumb\"},\"inLanguage\":\"pt-BR\",\"potentialAction\":[{\"@type\":\"ReadAction\",\"target\":[\"https:\\\/\\\/aconteceunovale.com.br\\\/portal\\\/?p=25273\"]}]},{\"@type\":\"ImageObject\",\"inLanguage\":\"pt-BR\",\"@id\":\"https:\\\/\\\/aconteceunovale.com.br\\\/portal\\\/?p=25273#primaryimage\",\"url\":\"https:\\\/\\\/aconteceunovale.com.br\\\/portal\\\/wp-content\\\/uploads\\\/2014\\\/03\\\/show_samba_dona_jandira_2.jpg\",\"contentUrl\":\"https:\\\/\\\/aconteceunovale.com.br\\\/portal\\\/wp-content\\\/uploads\\\/2014\\\/03\\\/show_samba_dona_jandira_2.jpg\",\"width\":600,\"height\":404},{\"@type\":\"BreadcrumbList\",\"@id\":\"https:\\\/\\\/aconteceunovale.com.br\\\/portal\\\/?p=25273#breadcrumb\",\"itemListElement\":[{\"@type\":\"ListItem\",\"position\":1,\"name\":\"In\u00edcio\",\"item\":\"https:\\\/\\\/aconteceunovale.com.br\\\/portal\\\/\"},{\"@type\":\"ListItem\",\"position\":2,\"name\":\"Sabinopolense da gema \u00e9 um dos compositores do pr\u00f3ximo CD de Dona Jandira\"}]},{\"@type\":\"WebSite\",\"@id\":\"https:\\\/\\\/aconteceunovale.com.br\\\/portal\\\/#website\",\"url\":\"https:\\\/\\\/aconteceunovale.com.br\\\/portal\\\/\",\"name\":\"Aconteceu no Vale\",\"description\":\"Portal de Not\u00edcias\",\"potentialAction\":[{\"@type\":\"SearchAction\",\"target\":{\"@type\":\"EntryPoint\",\"urlTemplate\":\"https:\\\/\\\/aconteceunovale.com.br\\\/portal\\\/?s={search_term_string}\"},\"query-input\":{\"@type\":\"PropertyValueSpecification\",\"valueRequired\":true,\"valueName\":\"search_term_string\"}}],\"inLanguage\":\"pt-BR\"},{\"@type\":\"Person\",\"@id\":\"https:\\\/\\\/aconteceunovale.com.br\\\/portal\\\/#\\\/schema\\\/person\\\/633529146f2c94272bef50ac2953d589\",\"name\":\"Aconteceu no Vale\",\"description\":\"Equipe de reportagem do Aconteceu no Vale, portal de not\u00edcias do Vale do Jequitinhonha, em Minas Gerais. Cobrimos as 51 cidades do Vale desde 2013. Sugest\u00f5es de pauta e pedidos de corre\u00e7\u00e3o: contato@aconteceunovale.com.br\",\"sameAs\":[\"http:\\\/\\\/www.aconteceunovale.com.br\"],\"url\":\"https:\\\/\\\/aconteceunovale.com.br\\\/portal\\\/?author=1\"}]}<\/script>\n<!-- \/ Yoast SEO plugin. -->","yoast_head_json":{"title":"Sabinopolense da gema \u00e9 um dos compositores do pr\u00f3ximo CD de Dona Jandira - Aconteceu no Vale","robots":{"index":"index","follow":"follow","max-snippet":"max-snippet:-1","max-image-preview":"max-image-preview:large","max-video-preview":"max-video-preview:-1"},"canonical":"https:\/\/aconteceunovale.com.br\/portal\/?p=25273","og_locale":"pt_BR","og_type":"article","og_title":"Sabinopolense da gema \u00e9 um dos compositores do pr\u00f3ximo CD de Dona Jandira - Aconteceu no Vale","og_description":"Tino Fernandes. sabinopolense da gema \u00e9 um dos compositores do pr\u00f3ximo CD de Dona Jandira. Inspirado no contexto rural e em lembran\u00e7as de sua inf\u00e2ncia, retrata este cen\u00e1rio nost\u00e1lgico em can\u00e7\u00f5es da vertenta Samba Rural com ritmos regionais mineiros. Na sexta-feira, dia 04 de abril \u00e0s 20:00, Tino Fernandes juntamente com outros cinco compositores ir\u00e1 [&hellip;]","og_url":"https:\/\/aconteceunovale.com.br\/portal\/?p=25273","og_site_name":"Aconteceu no Vale","article_publisher":"https:\/\/www.facebook.com\/aconteceunovale\/","article_published_time":"2014-03-31T19:35:08+00:00","og_image":[{"width":600,"height":404,"url":"https:\/\/aconteceunovale.com.br\/portal\/wp-content\/uploads\/2014\/03\/show_samba_dona_jandira_2.jpg","type":"image\/jpeg"}],"author":"Aconteceu no Vale","twitter_card":"summary_large_image","twitter_creator":"@noticiadosvales","twitter_site":"@noticiadosvales","twitter_misc":{"Escrito por":"Aconteceu no Vale","Est. tempo de leitura":"1 minuto"},"schema":{"@context":"https:\/\/schema.org","@graph":[{"@type":"Article","@id":"https:\/\/aconteceunovale.com.br\/portal\/?p=25273#article","isPartOf":{"@id":"https:\/\/aconteceunovale.com.br\/portal\/?p=25273"},"author":{"name":"Aconteceu no Vale","@id":"https:\/\/aconteceunovale.com.br\/portal\/#\/schema\/person\/633529146f2c94272bef50ac2953d589"},"headline":"Sabinopolense da gema \u00e9 um dos compositores do pr\u00f3ximo CD de Dona Jandira","datePublished":"2014-03-31T19:35:08+00:00","mainEntityOfPage":{"@id":"https:\/\/aconteceunovale.com.br\/portal\/?p=25273"},"wordCount":177,"commentCount":0,"image":{"@id":"https:\/\/aconteceunovale.com.br\/portal\/?p=25273#primaryimage"},"thumbnailUrl":"https:\/\/aconteceunovale.com.br\/portal\/wp-content\/uploads\/2014\/03\/show_samba_dona_jandira_2.jpg","keywords":["Sabinopolense da gema \u00e9 um dos compositores do pr\u00f3ximo CD de Dona Jandira","Sabin\u00f3polis"],"articleSection":["Eventos"],"inLanguage":"pt-BR","potentialAction":[{"@type":"CommentAction","name":"Comment","target":["https:\/\/aconteceunovale.com.br\/portal\/?p=25273#respond"]}]},{"@type":"WebPage","@id":"https:\/\/aconteceunovale.com.br\/portal\/?p=25273","url":"https:\/\/aconteceunovale.com.br\/portal\/?p=25273","name":"Sabinopolense da gema \u00e9 um dos compositores do pr\u00f3ximo CD de Dona Jandira - Aconteceu no Vale","isPartOf":{"@id":"https:\/\/aconteceunovale.com.br\/portal\/#website"},"primaryImageOfPage":{"@id":"https:\/\/aconteceunovale.com.br\/portal\/?p=25273#primaryimage"},"image":{"@id":"https:\/\/aconteceunovale.com.br\/portal\/?p=25273#primaryimage"},"thumbnailUrl":"https:\/\/aconteceunovale.com.br\/portal\/wp-content\/uploads\/2014\/03\/show_samba_dona_jandira_2.jpg","datePublished":"2014-03-31T19:35:08+00:00","author":{"@id":"https:\/\/aconteceunovale.com.br\/portal\/#\/schema\/person\/633529146f2c94272bef50ac2953d589"},"breadcrumb":{"@id":"https:\/\/aconteceunovale.com.br\/portal\/?p=25273#breadcrumb"},"inLanguage":"pt-BR","potentialAction":[{"@type":"ReadAction","target":["https:\/\/aconteceunovale.com.br\/portal\/?p=25273"]}]},{"@type":"ImageObject","inLanguage":"pt-BR","@id":"https:\/\/aconteceunovale.com.br\/portal\/?p=25273#primaryimage","url":"https:\/\/aconteceunovale.com.br\/portal\/wp-content\/uploads\/2014\/03\/show_samba_dona_jandira_2.jpg","contentUrl":"https:\/\/aconteceunovale.com.br\/portal\/wp-content\/uploads\/2014\/03\/show_samba_dona_jandira_2.jpg","width":600,"height":404},{"@type":"BreadcrumbList","@id":"https:\/\/aconteceunovale.com.br\/portal\/?p=25273#breadcrumb","itemListElement":[{"@type":"ListItem","position":1,"name":"In\u00edcio","item":"https:\/\/aconteceunovale.com.br\/portal\/"},{"@type":"ListItem","position":2,"name":"Sabinopolense da gema \u00e9 um dos compositores do pr\u00f3ximo CD de Dona Jandira"}]},{"@type":"WebSite","@id":"https:\/\/aconteceunovale.com.br\/portal\/#website","url":"https:\/\/aconteceunovale.com.br\/portal\/","name":"Aconteceu no Vale","description":"Portal de Not\u00edcias","potentialAction":[{"@type":"SearchAction","target":{"@type":"EntryPoint","urlTemplate":"https:\/\/aconteceunovale.com.br\/portal\/?s={search_term_string}"},"query-input":{"@type":"PropertyValueSpecification","valueRequired":true,"valueName":"search_term_string"}}],"inLanguage":"pt-BR"},{"@type":"Person","@id":"https:\/\/aconteceunovale.com.br\/portal\/#\/schema\/person\/633529146f2c94272bef50ac2953d589","name":"Aconteceu no Vale","description":"Equipe de reportagem do Aconteceu no Vale, portal de not\u00edcias do Vale do Jequitinhonha, em Minas Gerais. Cobrimos as 51 cidades do Vale desde 2013. Sugest\u00f5es de pauta e pedidos de corre\u00e7\u00e3o: contato@aconteceunovale.com.br","sameAs":["http:\/\/www.aconteceunovale.com.br"],"url":"https:\/\/aconteceunovale.com.br\/portal\/?author=1"}]}},"_links":{"self":[{"href":"https:\/\/aconteceunovale.com.br\/portal\/index.php?rest_route=\/wp\/v2\/posts\/25273","targetHints":{"allow":["GET"]}}],"collection":[{"href":"https:\/\/aconteceunovale.com.br\/portal\/index.php?rest_route=\/wp\/v2\/posts"}],"about":[{"href":"https:\/\/aconteceunovale.com.br\/portal\/index.php?rest_route=\/wp\/v2\/types\/post"}],"author":[{"embeddable":true,"href":"https:\/\/aconteceunovale.com.br\/portal\/index.php?rest_route=\/wp\/v2\/users\/1"}],"replies":[{"embeddable":true,"href":"https:\/\/aconteceunovale.com.br\/portal\/index.php?rest_route=%2Fwp%2Fv2%2Fcomments&post=25273"}],"version-history":[{"count":0,"href":"https:\/\/aconteceunovale.com.br\/portal\/index.php?rest_route=\/wp\/v2\/posts\/25273\/revisions"}],"wp:featuredmedia":[{"embeddable":true,"href":"https:\/\/aconteceunovale.com.br\/portal\/index.php?rest_route=\/wp\/v2\/media\/25274"}],"wp:attachment":[{"href":"https:\/\/aconteceunovale.com.br\/portal\/index.php?rest_route=%2Fwp%2Fv2%2Fmedia&parent=25273"}],"wp:term":[{"taxonomy":"category","embeddable":true,"href":"https:\/\/aconteceunovale.com.br\/portal\/index.php?rest_route=%2Fwp%2Fv2%2Fcategories&post=25273"},{"taxonomy":"post_tag","embeddable":true,"href":"https:\/\/aconteceunovale.com.br\/portal\/index.php?rest_route=%2Fwp%2Fv2%2Ftags&post=25273"}],"curies":[{"name":"wp","href":"https:\/\/api.w.org\/{rel}","templated":true}]}}