{"id":25270,"date":"2014-03-31T16:12:20","date_gmt":"2014-03-31T19:12:20","guid":{"rendered":"http:\/\/aconteceunovale.com.br\/portal\/?p=25270"},"modified":"2014-03-31T16:12:20","modified_gmt":"2014-03-31T19:12:20","slug":"jovem-de-22-anos-morre-afogado-no-distrito-de-euxenita-em-sabinopolis","status":"publish","type":"post","link":"https:\/\/aconteceunovale.com.br\/portal\/?p=25270","title":{"rendered":"Jovem de 22 anos morre afogado no distrito de Euxenita em Sabin\u00f3polis"},"content":{"rendered":"<p>Edinaldo Tavares dos Santos se afogou no in\u00edcio da tarde deste domingo (30\/03) em um tanque de propriedade do Sr. Marquinhos, no C\u00f3rrego Tavares &#8211; Euxenita &#8211; Sabin\u00f3polis\/MG.<\/p>\n<p><img decoding=\"async\" src=\"http:\/\/aconteceunovale.com.br\/portal\/wp-content\/uploads\/2014\/03\/jovem_morre_afogado_em_sabinopolis_30.jpg\" alt=\"\" \/><em>(Foto: Reprodu\u00e7\u00e3o Facebook)<\/em><br \/>\n<\/br><\/p>\n<p>A informa\u00e7\u00e3o \u00e9 que o jovem havia ido ao local acompanhado por mais dois amigos com o intuito de aprender a nadar. Segundo amigos do jovem, o mesmo foi alertado pelo propriet\u00e1rio do terreno, que o tanque era muito perigoso, pois era fundo e o jovem n\u00e3o sabia nadar. Conforme informa\u00e7\u00f5es, ele j\u00e1 teria ido l\u00e1 no s\u00e1bado e retornou no domingo, quando mais uma vez foi alertado pelo propriet\u00e1rio do risco, mas mesmo assim o jovem entrou. N\u00e3o demorou muito, os amigos foram correndo at\u00e9 a sede da fazenda, chamando por socorro, pois o Edinaldo estava se afogando. O propriet\u00e1rio chamou mais dois filhos e foram para o local na tentativa de salv\u00e1-lo. Chegando l\u00e1, um de seus filhos mergulhou e tirou o jovem j\u00e1 sem vida. Em seguida, foi chamada a PM de Sabin\u00f3polis, que imediatamente chegou ao local e acionou os peritos da cidade de Guanh\u00e3es para fazerem seu trabalho de praxe e liberar o corpo para o IML de Governador Valadares, onde atrav\u00e9s de per\u00edcia, sair\u00e1 um laudo sobre as causas do afogamento.<\/p>\n<p>O fato se tornou ainda mais triste e constrangedor, com a demora da chegada do rabec\u00e3o. O corpo s\u00f3 foi retirado do local para o IML 6 horas ap\u00f3s o acontecido, j\u00e1 de noite, pois o rabec\u00e3o estava em outras ocorr\u00eancias. At\u00e9 o fechamento desta mat\u00e9ria o corpo de Edinaldo, ainda n\u00e3o tinha retornado para o vel\u00f3rio no distrito de Euxenita. (TV Em Foco)<\/p>\n","protected":false},"excerpt":{"rendered":"<p>Edinaldo Tavares dos Santos se afogou no in\u00edcio da tarde deste domingo (30\/03) em um tanque de propriedade do Sr. Marquinhos, no C\u00f3rrego Tavares &#8211; Euxenita &#8211; Sabin\u00f3polis\/MG. (Foto: Reprodu\u00e7\u00e3o Facebook) A informa\u00e7\u00e3o \u00e9 que o jovem havia ido ao local acompanhado por mais dois amigos com o intuito de aprender a nadar. Segundo amigos [&hellip;]<\/p>\n","protected":false},"author":1,"featured_media":25271,"comment_status":"open","ping_status":"closed","sticky":false,"template":"","format":"standard","meta":{"amp_status":"","footnotes":""},"categories":[121],"tags":[1018,1482,6152,310],"class_list":["post-25270","post","type-post","status-publish","format-standard","has-post-thumbnail","hentry","category-leste","tag-destaque","tag-euxenita","tag-jovem-de-22-anos-morre-afogado-no-distrito-de-euxenita-em-sabinopolis","tag-sabinopolis"],"yoast_head":"<!-- This site is optimized with the Yoast SEO plugin v28.3 - https:\/\/yoast.com\/product\/yoast-seo-wordpress\/ -->\n<title>Jovem de 22 anos morre afogado no distrito de Euxenita em Sabin\u00f3polis - Aconteceu no Vale<\/title>\n<meta name=\"robots\" content=\"index, follow, max-snippet:-1, max-image-preview:large, max-video-preview:-1\" \/>\n<link rel=\"canonical\" href=\"https:\/\/aconteceunovale.com.br\/portal\/?p=25270\" \/>\n<meta property=\"og:locale\" content=\"pt_BR\" \/>\n<meta property=\"og:type\" content=\"article\" \/>\n<meta property=\"og:title\" content=\"Jovem de 22 anos morre afogado no distrito de Euxenita em Sabin\u00f3polis - Aconteceu no Vale\" \/>\n<meta property=\"og:description\" content=\"Edinaldo Tavares dos Santos se afogou no in\u00edcio da tarde deste domingo (30\/03) em um tanque de propriedade do Sr. Marquinhos, no C\u00f3rrego Tavares &#8211; Euxenita &#8211; Sabin\u00f3polis\/MG. (Foto: Reprodu\u00e7\u00e3o Facebook) A informa\u00e7\u00e3o \u00e9 que o jovem havia ido ao local acompanhado por mais dois amigos com o intuito de aprender a nadar. Segundo amigos [&hellip;]\" \/>\n<meta property=\"og:url\" content=\"https:\/\/aconteceunovale.com.br\/portal\/?p=25270\" \/>\n<meta property=\"og:site_name\" content=\"Aconteceu no Vale\" \/>\n<meta property=\"article:publisher\" content=\"https:\/\/www.facebook.com\/aconteceunovale\/\" \/>\n<meta property=\"article:published_time\" content=\"2014-03-31T19:12:20+00:00\" \/>\n<meta property=\"og:image\" content=\"https:\/\/aconteceunovale.com.br\/portal\/wp-content\/uploads\/2014\/03\/jovem_morre_afogado_em_sabinopolis_30.jpg\" \/>\n\t<meta property=\"og:image:width\" content=\"657\" \/>\n\t<meta property=\"og:image:height\" content=\"450\" \/>\n\t<meta property=\"og:image:type\" content=\"image\/jpeg\" \/>\n<meta name=\"author\" content=\"Aconteceu no Vale\" \/>\n<meta name=\"twitter:card\" content=\"summary_large_image\" \/>\n<meta name=\"twitter:creator\" content=\"@noticiadosvales\" \/>\n<meta name=\"twitter:site\" content=\"@noticiadosvales\" \/>\n<meta name=\"twitter:label1\" content=\"Escrito por\" \/>\n\t<meta name=\"twitter:data1\" content=\"Aconteceu no Vale\" \/>\n\t<meta name=\"twitter:label2\" content=\"Est. tempo de leitura\" \/>\n\t<meta name=\"twitter:data2\" content=\"1 minuto\" \/>\n<script type=\"application\/ld+json\" class=\"yoast-schema-graph\">{\"@context\":\"https:\\\/\\\/schema.org\",\"@graph\":[{\"@type\":\"Article\",\"@id\":\"https:\\\/\\\/aconteceunovale.com.br\\\/portal\\\/?p=25270#article\",\"isPartOf\":{\"@id\":\"https:\\\/\\\/aconteceunovale.com.br\\\/portal\\\/?p=25270\"},\"author\":{\"name\":\"Aconteceu no Vale\",\"@id\":\"https:\\\/\\\/aconteceunovale.com.br\\\/portal\\\/#\\\/schema\\\/person\\\/633529146f2c94272bef50ac2953d589\"},\"headline\":\"Jovem de 22 anos morre afogado no distrito de Euxenita em Sabin\u00f3polis\",\"datePublished\":\"2014-03-31T19:12:20+00:00\",\"mainEntityOfPage\":{\"@id\":\"https:\\\/\\\/aconteceunovale.com.br\\\/portal\\\/?p=25270\"},\"wordCount\":306,\"commentCount\":0,\"image\":{\"@id\":\"https:\\\/\\\/aconteceunovale.com.br\\\/portal\\\/?p=25270#primaryimage\"},\"thumbnailUrl\":\"https:\\\/\\\/aconteceunovale.com.br\\\/portal\\\/wp-content\\\/uploads\\\/2014\\\/03\\\/jovem_morre_afogado_em_sabinopolis_30.jpg\",\"keywords\":[\"destaque\",\"euxenita\",\"Jovem de 22 anos morre afogado no distrito de Euxenita em Sabin\u00f3polis\",\"Sabin\u00f3polis\"],\"articleSection\":[\"Leste de Minas\"],\"inLanguage\":\"pt-BR\",\"potentialAction\":[{\"@type\":\"CommentAction\",\"name\":\"Comment\",\"target\":[\"https:\\\/\\\/aconteceunovale.com.br\\\/portal\\\/?p=25270#respond\"]}]},{\"@type\":\"WebPage\",\"@id\":\"https:\\\/\\\/aconteceunovale.com.br\\\/portal\\\/?p=25270\",\"url\":\"https:\\\/\\\/aconteceunovale.com.br\\\/portal\\\/?p=25270\",\"name\":\"Jovem de 22 anos morre afogado no distrito de Euxenita em Sabin\u00f3polis - Aconteceu no Vale\",\"isPartOf\":{\"@id\":\"https:\\\/\\\/aconteceunovale.com.br\\\/portal\\\/#website\"},\"primaryImageOfPage\":{\"@id\":\"https:\\\/\\\/aconteceunovale.com.br\\\/portal\\\/?p=25270#primaryimage\"},\"image\":{\"@id\":\"https:\\\/\\\/aconteceunovale.com.br\\\/portal\\\/?p=25270#primaryimage\"},\"thumbnailUrl\":\"https:\\\/\\\/aconteceunovale.com.br\\\/portal\\\/wp-content\\\/uploads\\\/2014\\\/03\\\/jovem_morre_afogado_em_sabinopolis_30.jpg\",\"datePublished\":\"2014-03-31T19:12:20+00:00\",\"author\":{\"@id\":\"https:\\\/\\\/aconteceunovale.com.br\\\/portal\\\/#\\\/schema\\\/person\\\/633529146f2c94272bef50ac2953d589\"},\"breadcrumb\":{\"@id\":\"https:\\\/\\\/aconteceunovale.com.br\\\/portal\\\/?p=25270#breadcrumb\"},\"inLanguage\":\"pt-BR\",\"potentialAction\":[{\"@type\":\"ReadAction\",\"target\":[\"https:\\\/\\\/aconteceunovale.com.br\\\/portal\\\/?p=25270\"]}]},{\"@type\":\"ImageObject\",\"inLanguage\":\"pt-BR\",\"@id\":\"https:\\\/\\\/aconteceunovale.com.br\\\/portal\\\/?p=25270#primaryimage\",\"url\":\"https:\\\/\\\/aconteceunovale.com.br\\\/portal\\\/wp-content\\\/uploads\\\/2014\\\/03\\\/jovem_morre_afogado_em_sabinopolis_30.jpg\",\"contentUrl\":\"https:\\\/\\\/aconteceunovale.com.br\\\/portal\\\/wp-content\\\/uploads\\\/2014\\\/03\\\/jovem_morre_afogado_em_sabinopolis_30.jpg\",\"width\":657,\"height\":450},{\"@type\":\"BreadcrumbList\",\"@id\":\"https:\\\/\\\/aconteceunovale.com.br\\\/portal\\\/?p=25270#breadcrumb\",\"itemListElement\":[{\"@type\":\"ListItem\",\"position\":1,\"name\":\"In\u00edcio\",\"item\":\"https:\\\/\\\/aconteceunovale.com.br\\\/portal\\\/\"},{\"@type\":\"ListItem\",\"position\":2,\"name\":\"Jovem de 22 anos morre afogado no distrito de Euxenita em Sabin\u00f3polis\"}]},{\"@type\":\"WebSite\",\"@id\":\"https:\\\/\\\/aconteceunovale.com.br\\\/portal\\\/#website\",\"url\":\"https:\\\/\\\/aconteceunovale.com.br\\\/portal\\\/\",\"name\":\"Aconteceu no Vale\",\"description\":\"Portal de Not\u00edcias\",\"potentialAction\":[{\"@type\":\"SearchAction\",\"target\":{\"@type\":\"EntryPoint\",\"urlTemplate\":\"https:\\\/\\\/aconteceunovale.com.br\\\/portal\\\/?s={search_term_string}\"},\"query-input\":{\"@type\":\"PropertyValueSpecification\",\"valueRequired\":true,\"valueName\":\"search_term_string\"}}],\"inLanguage\":\"pt-BR\"},{\"@type\":\"Person\",\"@id\":\"https:\\\/\\\/aconteceunovale.com.br\\\/portal\\\/#\\\/schema\\\/person\\\/633529146f2c94272bef50ac2953d589\",\"name\":\"Aconteceu no Vale\",\"description\":\"Equipe de reportagem do Aconteceu no Vale, portal de not\u00edcias do Vale do Jequitinhonha, em Minas Gerais. Cobrimos as 51 cidades do Vale desde 2013. Sugest\u00f5es de pauta e pedidos de corre\u00e7\u00e3o: contato@aconteceunovale.com.br\",\"sameAs\":[\"http:\\\/\\\/www.aconteceunovale.com.br\"],\"url\":\"https:\\\/\\\/aconteceunovale.com.br\\\/portal\\\/?author=1\"}]}<\/script>\n<!-- \/ Yoast SEO plugin. -->","yoast_head_json":{"title":"Jovem de 22 anos morre afogado no distrito de Euxenita em Sabin\u00f3polis - Aconteceu no Vale","robots":{"index":"index","follow":"follow","max-snippet":"max-snippet:-1","max-image-preview":"max-image-preview:large","max-video-preview":"max-video-preview:-1"},"canonical":"https:\/\/aconteceunovale.com.br\/portal\/?p=25270","og_locale":"pt_BR","og_type":"article","og_title":"Jovem de 22 anos morre afogado no distrito de Euxenita em Sabin\u00f3polis - Aconteceu no Vale","og_description":"Edinaldo Tavares dos Santos se afogou no in\u00edcio da tarde deste domingo (30\/03) em um tanque de propriedade do Sr. Marquinhos, no C\u00f3rrego Tavares &#8211; Euxenita &#8211; Sabin\u00f3polis\/MG. (Foto: Reprodu\u00e7\u00e3o Facebook) A informa\u00e7\u00e3o \u00e9 que o jovem havia ido ao local acompanhado por mais dois amigos com o intuito de aprender a nadar. Segundo amigos [&hellip;]","og_url":"https:\/\/aconteceunovale.com.br\/portal\/?p=25270","og_site_name":"Aconteceu no Vale","article_publisher":"https:\/\/www.facebook.com\/aconteceunovale\/","article_published_time":"2014-03-31T19:12:20+00:00","og_image":[{"width":657,"height":450,"url":"https:\/\/aconteceunovale.com.br\/portal\/wp-content\/uploads\/2014\/03\/jovem_morre_afogado_em_sabinopolis_30.jpg","type":"image\/jpeg"}],"author":"Aconteceu no Vale","twitter_card":"summary_large_image","twitter_creator":"@noticiadosvales","twitter_site":"@noticiadosvales","twitter_misc":{"Escrito por":"Aconteceu no Vale","Est. tempo de leitura":"1 minuto"},"schema":{"@context":"https:\/\/schema.org","@graph":[{"@type":"Article","@id":"https:\/\/aconteceunovale.com.br\/portal\/?p=25270#article","isPartOf":{"@id":"https:\/\/aconteceunovale.com.br\/portal\/?p=25270"},"author":{"name":"Aconteceu no Vale","@id":"https:\/\/aconteceunovale.com.br\/portal\/#\/schema\/person\/633529146f2c94272bef50ac2953d589"},"headline":"Jovem de 22 anos morre afogado no distrito de Euxenita em Sabin\u00f3polis","datePublished":"2014-03-31T19:12:20+00:00","mainEntityOfPage":{"@id":"https:\/\/aconteceunovale.com.br\/portal\/?p=25270"},"wordCount":306,"commentCount":0,"image":{"@id":"https:\/\/aconteceunovale.com.br\/portal\/?p=25270#primaryimage"},"thumbnailUrl":"https:\/\/aconteceunovale.com.br\/portal\/wp-content\/uploads\/2014\/03\/jovem_morre_afogado_em_sabinopolis_30.jpg","keywords":["destaque","euxenita","Jovem de 22 anos morre afogado no distrito de Euxenita em Sabin\u00f3polis","Sabin\u00f3polis"],"articleSection":["Leste de Minas"],"inLanguage":"pt-BR","potentialAction":[{"@type":"CommentAction","name":"Comment","target":["https:\/\/aconteceunovale.com.br\/portal\/?p=25270#respond"]}]},{"@type":"WebPage","@id":"https:\/\/aconteceunovale.com.br\/portal\/?p=25270","url":"https:\/\/aconteceunovale.com.br\/portal\/?p=25270","name":"Jovem de 22 anos morre afogado no distrito de Euxenita em Sabin\u00f3polis - Aconteceu no Vale","isPartOf":{"@id":"https:\/\/aconteceunovale.com.br\/portal\/#website"},"primaryImageOfPage":{"@id":"https:\/\/aconteceunovale.com.br\/portal\/?p=25270#primaryimage"},"image":{"@id":"https:\/\/aconteceunovale.com.br\/portal\/?p=25270#primaryimage"},"thumbnailUrl":"https:\/\/aconteceunovale.com.br\/portal\/wp-content\/uploads\/2014\/03\/jovem_morre_afogado_em_sabinopolis_30.jpg","datePublished":"2014-03-31T19:12:20+00:00","author":{"@id":"https:\/\/aconteceunovale.com.br\/portal\/#\/schema\/person\/633529146f2c94272bef50ac2953d589"},"breadcrumb":{"@id":"https:\/\/aconteceunovale.com.br\/portal\/?p=25270#breadcrumb"},"inLanguage":"pt-BR","potentialAction":[{"@type":"ReadAction","target":["https:\/\/aconteceunovale.com.br\/portal\/?p=25270"]}]},{"@type":"ImageObject","inLanguage":"pt-BR","@id":"https:\/\/aconteceunovale.com.br\/portal\/?p=25270#primaryimage","url":"https:\/\/aconteceunovale.com.br\/portal\/wp-content\/uploads\/2014\/03\/jovem_morre_afogado_em_sabinopolis_30.jpg","contentUrl":"https:\/\/aconteceunovale.com.br\/portal\/wp-content\/uploads\/2014\/03\/jovem_morre_afogado_em_sabinopolis_30.jpg","width":657,"height":450},{"@type":"BreadcrumbList","@id":"https:\/\/aconteceunovale.com.br\/portal\/?p=25270#breadcrumb","itemListElement":[{"@type":"ListItem","position":1,"name":"In\u00edcio","item":"https:\/\/aconteceunovale.com.br\/portal\/"},{"@type":"ListItem","position":2,"name":"Jovem de 22 anos morre afogado no distrito de Euxenita em Sabin\u00f3polis"}]},{"@type":"WebSite","@id":"https:\/\/aconteceunovale.com.br\/portal\/#website","url":"https:\/\/aconteceunovale.com.br\/portal\/","name":"Aconteceu no Vale","description":"Portal de Not\u00edcias","potentialAction":[{"@type":"SearchAction","target":{"@type":"EntryPoint","urlTemplate":"https:\/\/aconteceunovale.com.br\/portal\/?s={search_term_string}"},"query-input":{"@type":"PropertyValueSpecification","valueRequired":true,"valueName":"search_term_string"}}],"inLanguage":"pt-BR"},{"@type":"Person","@id":"https:\/\/aconteceunovale.com.br\/portal\/#\/schema\/person\/633529146f2c94272bef50ac2953d589","name":"Aconteceu no Vale","description":"Equipe de reportagem do Aconteceu no Vale, portal de not\u00edcias do Vale do Jequitinhonha, em Minas Gerais. Cobrimos as 51 cidades do Vale desde 2013. Sugest\u00f5es de pauta e pedidos de corre\u00e7\u00e3o: contato@aconteceunovale.com.br","sameAs":["http:\/\/www.aconteceunovale.com.br"],"url":"https:\/\/aconteceunovale.com.br\/portal\/?author=1"}]}},"_links":{"self":[{"href":"https:\/\/aconteceunovale.com.br\/portal\/index.php?rest_route=\/wp\/v2\/posts\/25270","targetHints":{"allow":["GET"]}}],"collection":[{"href":"https:\/\/aconteceunovale.com.br\/portal\/index.php?rest_route=\/wp\/v2\/posts"}],"about":[{"href":"https:\/\/aconteceunovale.com.br\/portal\/index.php?rest_route=\/wp\/v2\/types\/post"}],"author":[{"embeddable":true,"href":"https:\/\/aconteceunovale.com.br\/portal\/index.php?rest_route=\/wp\/v2\/users\/1"}],"replies":[{"embeddable":true,"href":"https:\/\/aconteceunovale.com.br\/portal\/index.php?rest_route=%2Fwp%2Fv2%2Fcomments&post=25270"}],"version-history":[{"count":0,"href":"https:\/\/aconteceunovale.com.br\/portal\/index.php?rest_route=\/wp\/v2\/posts\/25270\/revisions"}],"wp:featuredmedia":[{"embeddable":true,"href":"https:\/\/aconteceunovale.com.br\/portal\/index.php?rest_route=\/wp\/v2\/media\/25271"}],"wp:attachment":[{"href":"https:\/\/aconteceunovale.com.br\/portal\/index.php?rest_route=%2Fwp%2Fv2%2Fmedia&parent=25270"}],"wp:term":[{"taxonomy":"category","embeddable":true,"href":"https:\/\/aconteceunovale.com.br\/portal\/index.php?rest_route=%2Fwp%2Fv2%2Fcategories&post=25270"},{"taxonomy":"post_tag","embeddable":true,"href":"https:\/\/aconteceunovale.com.br\/portal\/index.php?rest_route=%2Fwp%2Fv2%2Ftags&post=25270"}],"curies":[{"name":"wp","href":"https:\/\/api.w.org\/{rel}","templated":true}]}}