{"id":25266,"date":"2014-03-31T14:31:37","date_gmt":"2014-03-31T17:31:37","guid":{"rendered":"http:\/\/aconteceunovale.com.br\/portal\/?p=25266"},"modified":"2014-03-31T14:31:37","modified_gmt":"2014-03-31T17:31:37","slug":"subsecao-oab-sera-instalada-em-pecanha-nesta-sexta-feira","status":"publish","type":"post","link":"https:\/\/aconteceunovale.com.br\/portal\/?p=25266","title":{"rendered":"Subse\u00e7\u00e3o OAB ser\u00e1 instalada em Pe\u00e7anha nesta sexta-feira"},"content":{"rendered":"<p>Nesta sexta-feira (4), a diretoria da OAB\/MG chega a regi\u00e3o para cumprir duas agendas. A primeira \u00e9 a inaugura\u00e7\u00e3o da revitaliza\u00e7\u00e3o da sala da 32 \u00aa Subse\u00e7\u00e3o OAB\/MG, em Guanh\u00e3es.<\/p>\n<p>Em seguida, a diretoria segue para Pe\u00e7anha,onde acontecer\u00e1 a cerim\u00f4nia de instala\u00e7\u00e3o da subse\u00e7\u00e3o na cidade, que contar\u00e1 com a presen\u00e7a do presidente da Seccional Mineira, Lu\u00eds Cl\u00e1udio Chaves.<\/p>\n<p>A data da instala\u00e7\u00e3o foi definida no final de janeiro, quando o presidente da OAB\/MG, recebeu, na sede da Seccional Mineira, o presidente da subse\u00e7\u00e3o de Guanh\u00e3es, Geraldo Temponi Godinho que estava acompanhado do presidente da subse\u00e7\u00e3o de Pe\u00e7anha, Humberto Braga Caldeira.<\/p>\n<p><img decoding=\"async\" src=\"http:\/\/aconteceunovale.com.br\/portal\/wp-content\/uploads\/2014\/03\/oab_pecanha_30.jpg\" alt=\"\" \/><\/p>\n<p><em>(Foto: Portal OAB\/MG &#8211; via Folha de Guanh\u00e3es)<\/em><\/p>\n","protected":false},"excerpt":{"rendered":"<p>Nesta sexta-feira (4), a diretoria da OAB\/MG chega a regi\u00e3o para cumprir duas agendas. A primeira \u00e9 a inaugura\u00e7\u00e3o da revitaliza\u00e7\u00e3o da sala da 32 \u00aa Subse\u00e7\u00e3o OAB\/MG, em Guanh\u00e3es. Em seguida, a diretoria segue para Pe\u00e7anha,onde acontecer\u00e1 a cerim\u00f4nia de instala\u00e7\u00e3o da subse\u00e7\u00e3o na cidade, que contar\u00e1 com a presen\u00e7a do presidente da Seccional [&hellip;]<\/p>\n","protected":false},"author":1,"featured_media":25268,"comment_status":"open","ping_status":"closed","sticky":false,"template":"","format":"standard","meta":{"amp_status":"","footnotes":""},"categories":[121],"tags":[306,6151],"class_list":["post-25266","post","type-post","status-publish","format-standard","has-post-thumbnail","hentry","category-leste","tag-pecanha","tag-subsecao-oab-sera-instalada-em-pecanha-nesta-sexta-feira"],"yoast_head":"<!-- This site is optimized with the Yoast SEO plugin v28.3 - https:\/\/yoast.com\/product\/yoast-seo-wordpress\/ -->\n<title>Subse\u00e7\u00e3o OAB ser\u00e1 instalada em Pe\u00e7anha nesta sexta-feira - Aconteceu no Vale<\/title>\n<meta name=\"robots\" content=\"index, follow, max-snippet:-1, max-image-preview:large, max-video-preview:-1\" \/>\n<link rel=\"canonical\" href=\"https:\/\/aconteceunovale.com.br\/portal\/?p=25266\" \/>\n<meta property=\"og:locale\" content=\"pt_BR\" \/>\n<meta property=\"og:type\" content=\"article\" \/>\n<meta property=\"og:title\" content=\"Subse\u00e7\u00e3o OAB ser\u00e1 instalada em Pe\u00e7anha nesta sexta-feira - Aconteceu no Vale\" \/>\n<meta property=\"og:description\" content=\"Nesta sexta-feira (4), a diretoria da OAB\/MG chega a regi\u00e3o para cumprir duas agendas. A primeira \u00e9 a inaugura\u00e7\u00e3o da revitaliza\u00e7\u00e3o da sala da 32 \u00aa Subse\u00e7\u00e3o OAB\/MG, em Guanh\u00e3es. Em seguida, a diretoria segue para Pe\u00e7anha,onde acontecer\u00e1 a cerim\u00f4nia de instala\u00e7\u00e3o da subse\u00e7\u00e3o na cidade, que contar\u00e1 com a presen\u00e7a do presidente da Seccional [&hellip;]\" \/>\n<meta property=\"og:url\" content=\"https:\/\/aconteceunovale.com.br\/portal\/?p=25266\" \/>\n<meta property=\"og:site_name\" content=\"Aconteceu no Vale\" \/>\n<meta property=\"article:publisher\" content=\"https:\/\/www.facebook.com\/aconteceunovale\/\" \/>\n<meta property=\"article:published_time\" content=\"2014-03-31T17:31:37+00:00\" \/>\n<meta property=\"og:image\" content=\"https:\/\/aconteceunovale.com.br\/portal\/wp-content\/uploads\/2014\/03\/oab_pecanha_30.jpg\" \/>\n\t<meta property=\"og:image:width\" content=\"651\" \/>\n\t<meta property=\"og:image:height\" content=\"450\" \/>\n\t<meta property=\"og:image:type\" content=\"image\/jpeg\" \/>\n<meta name=\"author\" content=\"Aconteceu no Vale\" \/>\n<meta name=\"twitter:card\" content=\"summary_large_image\" \/>\n<meta name=\"twitter:creator\" content=\"@noticiadosvales\" \/>\n<meta name=\"twitter:site\" content=\"@noticiadosvales\" \/>\n<meta name=\"twitter:label1\" content=\"Escrito por\" \/>\n\t<meta name=\"twitter:data1\" content=\"Aconteceu no Vale\" \/>\n\t<meta name=\"twitter:label2\" content=\"Est. tempo de leitura\" \/>\n\t<meta name=\"twitter:data2\" content=\"1 minuto\" \/>\n<script type=\"application\/ld+json\" class=\"yoast-schema-graph\">{\"@context\":\"https:\\\/\\\/schema.org\",\"@graph\":[{\"@type\":\"Article\",\"@id\":\"https:\\\/\\\/aconteceunovale.com.br\\\/portal\\\/?p=25266#article\",\"isPartOf\":{\"@id\":\"https:\\\/\\\/aconteceunovale.com.br\\\/portal\\\/?p=25266\"},\"author\":{\"name\":\"Aconteceu no Vale\",\"@id\":\"https:\\\/\\\/aconteceunovale.com.br\\\/portal\\\/#\\\/schema\\\/person\\\/633529146f2c94272bef50ac2953d589\"},\"headline\":\"Subse\u00e7\u00e3o OAB ser\u00e1 instalada em Pe\u00e7anha nesta sexta-feira\",\"datePublished\":\"2014-03-31T17:31:37+00:00\",\"mainEntityOfPage\":{\"@id\":\"https:\\\/\\\/aconteceunovale.com.br\\\/portal\\\/?p=25266\"},\"wordCount\":138,\"commentCount\":0,\"image\":{\"@id\":\"https:\\\/\\\/aconteceunovale.com.br\\\/portal\\\/?p=25266#primaryimage\"},\"thumbnailUrl\":\"https:\\\/\\\/aconteceunovale.com.br\\\/portal\\\/wp-content\\\/uploads\\\/2014\\\/03\\\/oab_pecanha_30.jpg\",\"keywords\":[\"Pe\u00e7anha\",\"Subse\u00e7\u00e3o OAB ser\u00e1 instalada em Pe\u00e7anha nesta sexta-feira\"],\"articleSection\":[\"Leste de Minas\"],\"inLanguage\":\"pt-BR\",\"potentialAction\":[{\"@type\":\"CommentAction\",\"name\":\"Comment\",\"target\":[\"https:\\\/\\\/aconteceunovale.com.br\\\/portal\\\/?p=25266#respond\"]}]},{\"@type\":\"WebPage\",\"@id\":\"https:\\\/\\\/aconteceunovale.com.br\\\/portal\\\/?p=25266\",\"url\":\"https:\\\/\\\/aconteceunovale.com.br\\\/portal\\\/?p=25266\",\"name\":\"Subse\u00e7\u00e3o OAB ser\u00e1 instalada em Pe\u00e7anha nesta sexta-feira - Aconteceu no Vale\",\"isPartOf\":{\"@id\":\"https:\\\/\\\/aconteceunovale.com.br\\\/portal\\\/#website\"},\"primaryImageOfPage\":{\"@id\":\"https:\\\/\\\/aconteceunovale.com.br\\\/portal\\\/?p=25266#primaryimage\"},\"image\":{\"@id\":\"https:\\\/\\\/aconteceunovale.com.br\\\/portal\\\/?p=25266#primaryimage\"},\"thumbnailUrl\":\"https:\\\/\\\/aconteceunovale.com.br\\\/portal\\\/wp-content\\\/uploads\\\/2014\\\/03\\\/oab_pecanha_30.jpg\",\"datePublished\":\"2014-03-31T17:31:37+00:00\",\"author\":{\"@id\":\"https:\\\/\\\/aconteceunovale.com.br\\\/portal\\\/#\\\/schema\\\/person\\\/633529146f2c94272bef50ac2953d589\"},\"breadcrumb\":{\"@id\":\"https:\\\/\\\/aconteceunovale.com.br\\\/portal\\\/?p=25266#breadcrumb\"},\"inLanguage\":\"pt-BR\",\"potentialAction\":[{\"@type\":\"ReadAction\",\"target\":[\"https:\\\/\\\/aconteceunovale.com.br\\\/portal\\\/?p=25266\"]}]},{\"@type\":\"ImageObject\",\"inLanguage\":\"pt-BR\",\"@id\":\"https:\\\/\\\/aconteceunovale.com.br\\\/portal\\\/?p=25266#primaryimage\",\"url\":\"https:\\\/\\\/aconteceunovale.com.br\\\/portal\\\/wp-content\\\/uploads\\\/2014\\\/03\\\/oab_pecanha_30.jpg\",\"contentUrl\":\"https:\\\/\\\/aconteceunovale.com.br\\\/portal\\\/wp-content\\\/uploads\\\/2014\\\/03\\\/oab_pecanha_30.jpg\",\"width\":651,\"height\":450},{\"@type\":\"BreadcrumbList\",\"@id\":\"https:\\\/\\\/aconteceunovale.com.br\\\/portal\\\/?p=25266#breadcrumb\",\"itemListElement\":[{\"@type\":\"ListItem\",\"position\":1,\"name\":\"In\u00edcio\",\"item\":\"https:\\\/\\\/aconteceunovale.com.br\\\/portal\\\/\"},{\"@type\":\"ListItem\",\"position\":2,\"name\":\"Subse\u00e7\u00e3o OAB ser\u00e1 instalada em Pe\u00e7anha nesta sexta-feira\"}]},{\"@type\":\"WebSite\",\"@id\":\"https:\\\/\\\/aconteceunovale.com.br\\\/portal\\\/#website\",\"url\":\"https:\\\/\\\/aconteceunovale.com.br\\\/portal\\\/\",\"name\":\"Aconteceu no Vale\",\"description\":\"Portal de Not\u00edcias\",\"potentialAction\":[{\"@type\":\"SearchAction\",\"target\":{\"@type\":\"EntryPoint\",\"urlTemplate\":\"https:\\\/\\\/aconteceunovale.com.br\\\/portal\\\/?s={search_term_string}\"},\"query-input\":{\"@type\":\"PropertyValueSpecification\",\"valueRequired\":true,\"valueName\":\"search_term_string\"}}],\"inLanguage\":\"pt-BR\"},{\"@type\":\"Person\",\"@id\":\"https:\\\/\\\/aconteceunovale.com.br\\\/portal\\\/#\\\/schema\\\/person\\\/633529146f2c94272bef50ac2953d589\",\"name\":\"Aconteceu no Vale\",\"description\":\"Equipe de reportagem do Aconteceu no Vale, portal de not\u00edcias do Vale do Jequitinhonha, em Minas Gerais. Cobrimos as 51 cidades do Vale desde 2013. Sugest\u00f5es de pauta e pedidos de corre\u00e7\u00e3o: contato@aconteceunovale.com.br\",\"sameAs\":[\"http:\\\/\\\/www.aconteceunovale.com.br\"],\"url\":\"https:\\\/\\\/aconteceunovale.com.br\\\/portal\\\/?author=1\"}]}<\/script>\n<!-- \/ Yoast SEO plugin. -->","yoast_head_json":{"title":"Subse\u00e7\u00e3o OAB ser\u00e1 instalada em Pe\u00e7anha nesta sexta-feira - Aconteceu no Vale","robots":{"index":"index","follow":"follow","max-snippet":"max-snippet:-1","max-image-preview":"max-image-preview:large","max-video-preview":"max-video-preview:-1"},"canonical":"https:\/\/aconteceunovale.com.br\/portal\/?p=25266","og_locale":"pt_BR","og_type":"article","og_title":"Subse\u00e7\u00e3o OAB ser\u00e1 instalada em Pe\u00e7anha nesta sexta-feira - Aconteceu no Vale","og_description":"Nesta sexta-feira (4), a diretoria da OAB\/MG chega a regi\u00e3o para cumprir duas agendas. A primeira \u00e9 a inaugura\u00e7\u00e3o da revitaliza\u00e7\u00e3o da sala da 32 \u00aa Subse\u00e7\u00e3o OAB\/MG, em Guanh\u00e3es. Em seguida, a diretoria segue para Pe\u00e7anha,onde acontecer\u00e1 a cerim\u00f4nia de instala\u00e7\u00e3o da subse\u00e7\u00e3o na cidade, que contar\u00e1 com a presen\u00e7a do presidente da Seccional [&hellip;]","og_url":"https:\/\/aconteceunovale.com.br\/portal\/?p=25266","og_site_name":"Aconteceu no Vale","article_publisher":"https:\/\/www.facebook.com\/aconteceunovale\/","article_published_time":"2014-03-31T17:31:37+00:00","og_image":[{"width":651,"height":450,"url":"https:\/\/aconteceunovale.com.br\/portal\/wp-content\/uploads\/2014\/03\/oab_pecanha_30.jpg","type":"image\/jpeg"}],"author":"Aconteceu no Vale","twitter_card":"summary_large_image","twitter_creator":"@noticiadosvales","twitter_site":"@noticiadosvales","twitter_misc":{"Escrito por":"Aconteceu no Vale","Est. tempo de leitura":"1 minuto"},"schema":{"@context":"https:\/\/schema.org","@graph":[{"@type":"Article","@id":"https:\/\/aconteceunovale.com.br\/portal\/?p=25266#article","isPartOf":{"@id":"https:\/\/aconteceunovale.com.br\/portal\/?p=25266"},"author":{"name":"Aconteceu no Vale","@id":"https:\/\/aconteceunovale.com.br\/portal\/#\/schema\/person\/633529146f2c94272bef50ac2953d589"},"headline":"Subse\u00e7\u00e3o OAB ser\u00e1 instalada em Pe\u00e7anha nesta sexta-feira","datePublished":"2014-03-31T17:31:37+00:00","mainEntityOfPage":{"@id":"https:\/\/aconteceunovale.com.br\/portal\/?p=25266"},"wordCount":138,"commentCount":0,"image":{"@id":"https:\/\/aconteceunovale.com.br\/portal\/?p=25266#primaryimage"},"thumbnailUrl":"https:\/\/aconteceunovale.com.br\/portal\/wp-content\/uploads\/2014\/03\/oab_pecanha_30.jpg","keywords":["Pe\u00e7anha","Subse\u00e7\u00e3o OAB ser\u00e1 instalada em Pe\u00e7anha nesta sexta-feira"],"articleSection":["Leste de Minas"],"inLanguage":"pt-BR","potentialAction":[{"@type":"CommentAction","name":"Comment","target":["https:\/\/aconteceunovale.com.br\/portal\/?p=25266#respond"]}]},{"@type":"WebPage","@id":"https:\/\/aconteceunovale.com.br\/portal\/?p=25266","url":"https:\/\/aconteceunovale.com.br\/portal\/?p=25266","name":"Subse\u00e7\u00e3o OAB ser\u00e1 instalada em Pe\u00e7anha nesta sexta-feira - Aconteceu no Vale","isPartOf":{"@id":"https:\/\/aconteceunovale.com.br\/portal\/#website"},"primaryImageOfPage":{"@id":"https:\/\/aconteceunovale.com.br\/portal\/?p=25266#primaryimage"},"image":{"@id":"https:\/\/aconteceunovale.com.br\/portal\/?p=25266#primaryimage"},"thumbnailUrl":"https:\/\/aconteceunovale.com.br\/portal\/wp-content\/uploads\/2014\/03\/oab_pecanha_30.jpg","datePublished":"2014-03-31T17:31:37+00:00","author":{"@id":"https:\/\/aconteceunovale.com.br\/portal\/#\/schema\/person\/633529146f2c94272bef50ac2953d589"},"breadcrumb":{"@id":"https:\/\/aconteceunovale.com.br\/portal\/?p=25266#breadcrumb"},"inLanguage":"pt-BR","potentialAction":[{"@type":"ReadAction","target":["https:\/\/aconteceunovale.com.br\/portal\/?p=25266"]}]},{"@type":"ImageObject","inLanguage":"pt-BR","@id":"https:\/\/aconteceunovale.com.br\/portal\/?p=25266#primaryimage","url":"https:\/\/aconteceunovale.com.br\/portal\/wp-content\/uploads\/2014\/03\/oab_pecanha_30.jpg","contentUrl":"https:\/\/aconteceunovale.com.br\/portal\/wp-content\/uploads\/2014\/03\/oab_pecanha_30.jpg","width":651,"height":450},{"@type":"BreadcrumbList","@id":"https:\/\/aconteceunovale.com.br\/portal\/?p=25266#breadcrumb","itemListElement":[{"@type":"ListItem","position":1,"name":"In\u00edcio","item":"https:\/\/aconteceunovale.com.br\/portal\/"},{"@type":"ListItem","position":2,"name":"Subse\u00e7\u00e3o OAB ser\u00e1 instalada em Pe\u00e7anha nesta sexta-feira"}]},{"@type":"WebSite","@id":"https:\/\/aconteceunovale.com.br\/portal\/#website","url":"https:\/\/aconteceunovale.com.br\/portal\/","name":"Aconteceu no Vale","description":"Portal de Not\u00edcias","potentialAction":[{"@type":"SearchAction","target":{"@type":"EntryPoint","urlTemplate":"https:\/\/aconteceunovale.com.br\/portal\/?s={search_term_string}"},"query-input":{"@type":"PropertyValueSpecification","valueRequired":true,"valueName":"search_term_string"}}],"inLanguage":"pt-BR"},{"@type":"Person","@id":"https:\/\/aconteceunovale.com.br\/portal\/#\/schema\/person\/633529146f2c94272bef50ac2953d589","name":"Aconteceu no Vale","description":"Equipe de reportagem do Aconteceu no Vale, portal de not\u00edcias do Vale do Jequitinhonha, em Minas Gerais. Cobrimos as 51 cidades do Vale desde 2013. Sugest\u00f5es de pauta e pedidos de corre\u00e7\u00e3o: contato@aconteceunovale.com.br","sameAs":["http:\/\/www.aconteceunovale.com.br"],"url":"https:\/\/aconteceunovale.com.br\/portal\/?author=1"}]}},"_links":{"self":[{"href":"https:\/\/aconteceunovale.com.br\/portal\/index.php?rest_route=\/wp\/v2\/posts\/25266","targetHints":{"allow":["GET"]}}],"collection":[{"href":"https:\/\/aconteceunovale.com.br\/portal\/index.php?rest_route=\/wp\/v2\/posts"}],"about":[{"href":"https:\/\/aconteceunovale.com.br\/portal\/index.php?rest_route=\/wp\/v2\/types\/post"}],"author":[{"embeddable":true,"href":"https:\/\/aconteceunovale.com.br\/portal\/index.php?rest_route=\/wp\/v2\/users\/1"}],"replies":[{"embeddable":true,"href":"https:\/\/aconteceunovale.com.br\/portal\/index.php?rest_route=%2Fwp%2Fv2%2Fcomments&post=25266"}],"version-history":[{"count":0,"href":"https:\/\/aconteceunovale.com.br\/portal\/index.php?rest_route=\/wp\/v2\/posts\/25266\/revisions"}],"wp:featuredmedia":[{"embeddable":true,"href":"https:\/\/aconteceunovale.com.br\/portal\/index.php?rest_route=\/wp\/v2\/media\/25268"}],"wp:attachment":[{"href":"https:\/\/aconteceunovale.com.br\/portal\/index.php?rest_route=%2Fwp%2Fv2%2Fmedia&parent=25266"}],"wp:term":[{"taxonomy":"category","embeddable":true,"href":"https:\/\/aconteceunovale.com.br\/portal\/index.php?rest_route=%2Fwp%2Fv2%2Fcategories&post=25266"},{"taxonomy":"post_tag","embeddable":true,"href":"https:\/\/aconteceunovale.com.br\/portal\/index.php?rest_route=%2Fwp%2Fv2%2Ftags&post=25266"}],"curies":[{"name":"wp","href":"https:\/\/api.w.org\/{rel}","templated":true}]}}