{"id":25264,"date":"2014-03-31T14:29:15","date_gmt":"2014-03-31T17:29:15","guid":{"rendered":"http:\/\/aconteceunovale.com.br\/portal\/?p=25264"},"modified":"2014-03-31T14:29:16","modified_gmt":"2014-03-31T17:29:16","slug":"ifmgsje-seleciona-professores-para-cursos-do-pronatec-em-guanhaes-e-pecanha","status":"publish","type":"post","link":"https:\/\/aconteceunovale.com.br\/portal\/?p=25264","title":{"rendered":"IFMG\/SJE seleciona professores para cursos do Pronatec em Guanh\u00e3es e Pe\u00e7anha"},"content":{"rendered":"<p>O IFMG abriu processo seletivo para professores de cursos t\u00e9cnicos oferecidos por meio do Pronatec.<\/p>\n<p>Ao todo, s\u00e3o 18 cursos diferentes ofertados em cerca de 50 cidades mineiras. \u00c9 importante lembrar que a maioria das disciplinas dever\u00e3o ser ministradas no per\u00edodo noturno. Portanto, caso o candidato n\u00e3o tenha disponibilidade para o hor\u00e1rio, ser\u00e1 automaticamente eliminado.<\/p>\n<p>O IFMG Campus S\u00e3o Jo\u00e3o Evangelista solicita professores para os cursos:<\/p>\n<p>\u2022 T\u00c9CNICO EM DESENHO DE CONSTRU\u00c7\u00c3O CIVIL \/ curso ser\u00e1 ministrado em Guanh\u00e3es<br \/>\n\u2022 CURSO T\u00c9CNICO EM MINERA\u00c7\u00c3O\/ curso ser\u00e1 ministrado em Guanh\u00e3es<br \/>\n\u2022 T\u00c9CNICO EM ENFERMAGEM\/ curso ser\u00e1 ministrado em Guanh\u00e3es<br \/>\n\u2022 T\u00c9CNICO EM RADIOLOGIA\/ curso ser\u00e1 ministrado em Pe\u00e7anha<\/p>\n<p>As inscri\u00e7\u00f5es podem ser feitas presencialmente hoje e amanh\u00e3, 31 de mar\u00e7o e 1\u00ba de abril. Para saber o local para inscri\u00e7\u00f5es e outras informa\u00e7\u00f5es acesse o site <a href=\"http:\/\/www.agronet.gov.br\/index.php?option=com_content&#038;view=article&#038;id=1178:pronatec-seleciona-professores-para-cursos-em-cerca-de-50-cidades&#038;catid=30:noticias&#038;Itemid=64\" target=\"_blank\">http:\/\/www.agronet.gov.br\/<\/a>.<\/p>\n","protected":false},"excerpt":{"rendered":"<p>O IFMG abriu processo seletivo para professores de cursos t\u00e9cnicos oferecidos por meio do Pronatec. Ao todo, s\u00e3o 18 cursos diferentes ofertados em cerca de 50 cidades mineiras. \u00c9 importante lembrar que a maioria das disciplinas dever\u00e3o ser ministradas no per\u00edodo noturno. Portanto, caso o candidato n\u00e3o tenha disponibilidade para o hor\u00e1rio, ser\u00e1 automaticamente eliminado. [&hellip;]<\/p>\n","protected":false},"author":1,"featured_media":14949,"comment_status":"open","ping_status":"closed","sticky":false,"template":"","format":"standard","meta":{"amp_status":"","footnotes":""},"categories":[121],"tags":[155,6150,306,162],"class_list":["post-25264","post","type-post","status-publish","format-standard","has-post-thumbnail","hentry","category-leste","tag-guanhaes","tag-ifmgsje-seleciona-professores-para-cursos-do-pronatec-em-guanhaes-e-pecanha","tag-pecanha","tag-sao-joao-evangelista"],"yoast_head":"<!-- This site is optimized with the Yoast SEO plugin v28.3 - https:\/\/yoast.com\/product\/yoast-seo-wordpress\/ -->\n<title>IFMG\/SJE seleciona professores para cursos do Pronatec em Guanh\u00e3es e Pe\u00e7anha - Aconteceu no Vale<\/title>\n<meta name=\"robots\" content=\"index, follow, max-snippet:-1, max-image-preview:large, max-video-preview:-1\" \/>\n<link rel=\"canonical\" href=\"https:\/\/aconteceunovale.com.br\/portal\/?p=25264\" \/>\n<meta property=\"og:locale\" content=\"pt_BR\" \/>\n<meta property=\"og:type\" content=\"article\" \/>\n<meta property=\"og:title\" content=\"IFMG\/SJE seleciona professores para cursos do Pronatec em Guanh\u00e3es e Pe\u00e7anha - Aconteceu no Vale\" \/>\n<meta property=\"og:description\" content=\"O IFMG abriu processo seletivo para professores de cursos t\u00e9cnicos oferecidos por meio do Pronatec. Ao todo, s\u00e3o 18 cursos diferentes ofertados em cerca de 50 cidades mineiras. \u00c9 importante lembrar que a maioria das disciplinas dever\u00e3o ser ministradas no per\u00edodo noturno. Portanto, caso o candidato n\u00e3o tenha disponibilidade para o hor\u00e1rio, ser\u00e1 automaticamente eliminado. [&hellip;]\" \/>\n<meta property=\"og:url\" content=\"https:\/\/aconteceunovale.com.br\/portal\/?p=25264\" \/>\n<meta property=\"og:site_name\" content=\"Aconteceu no Vale\" \/>\n<meta property=\"article:publisher\" content=\"https:\/\/www.facebook.com\/aconteceunovale\/\" \/>\n<meta property=\"article:published_time\" content=\"2014-03-31T17:29:15+00:00\" \/>\n<meta property=\"article:modified_time\" content=\"2014-03-31T17:29:16+00:00\" \/>\n<meta property=\"og:image\" content=\"https:\/\/aconteceunovale.com.br\/portal\/wp-content\/uploads\/2013\/12\/pronatec_ita.jpg\" \/>\n\t<meta property=\"og:image:width\" content=\"675\" \/>\n\t<meta property=\"og:image:height\" content=\"450\" \/>\n\t<meta property=\"og:image:type\" content=\"image\/jpeg\" \/>\n<meta name=\"author\" content=\"Aconteceu no Vale\" \/>\n<meta name=\"twitter:card\" content=\"summary_large_image\" \/>\n<meta name=\"twitter:creator\" content=\"@noticiadosvales\" \/>\n<meta name=\"twitter:site\" content=\"@noticiadosvales\" \/>\n<meta name=\"twitter:label1\" content=\"Escrito por\" \/>\n\t<meta name=\"twitter:data1\" content=\"Aconteceu no Vale\" \/>\n\t<meta name=\"twitter:label2\" content=\"Est. tempo de leitura\" \/>\n\t<meta name=\"twitter:data2\" content=\"1 minuto\" \/>\n<script type=\"application\/ld+json\" class=\"yoast-schema-graph\">{\"@context\":\"https:\\\/\\\/schema.org\",\"@graph\":[{\"@type\":\"Article\",\"@id\":\"https:\\\/\\\/aconteceunovale.com.br\\\/portal\\\/?p=25264#article\",\"isPartOf\":{\"@id\":\"https:\\\/\\\/aconteceunovale.com.br\\\/portal\\\/?p=25264\"},\"author\":{\"name\":\"Aconteceu no Vale\",\"@id\":\"https:\\\/\\\/aconteceunovale.com.br\\\/portal\\\/#\\\/schema\\\/person\\\/633529146f2c94272bef50ac2953d589\"},\"headline\":\"IFMG\\\/SJE seleciona professores para cursos do Pronatec em Guanh\u00e3es e Pe\u00e7anha\",\"datePublished\":\"2014-03-31T17:29:15+00:00\",\"dateModified\":\"2014-03-31T17:29:16+00:00\",\"mainEntityOfPage\":{\"@id\":\"https:\\\/\\\/aconteceunovale.com.br\\\/portal\\\/?p=25264\"},\"wordCount\":166,\"commentCount\":0,\"image\":{\"@id\":\"https:\\\/\\\/aconteceunovale.com.br\\\/portal\\\/?p=25264#primaryimage\"},\"thumbnailUrl\":\"https:\\\/\\\/aconteceunovale.com.br\\\/portal\\\/wp-content\\\/uploads\\\/2013\\\/12\\\/pronatec_ita.jpg\",\"keywords\":[\"Guanh\u00e3es\",\"IFMG\\\/SJE seleciona professores para cursos do Pronatec em Guanh\u00e3es e Pe\u00e7anha\",\"Pe\u00e7anha\",\"S\u00e3o Jo\u00e3o Evangelista\"],\"articleSection\":[\"Leste de Minas\"],\"inLanguage\":\"pt-BR\",\"potentialAction\":[{\"@type\":\"CommentAction\",\"name\":\"Comment\",\"target\":[\"https:\\\/\\\/aconteceunovale.com.br\\\/portal\\\/?p=25264#respond\"]}]},{\"@type\":\"WebPage\",\"@id\":\"https:\\\/\\\/aconteceunovale.com.br\\\/portal\\\/?p=25264\",\"url\":\"https:\\\/\\\/aconteceunovale.com.br\\\/portal\\\/?p=25264\",\"name\":\"IFMG\\\/SJE seleciona professores para cursos do Pronatec em Guanh\u00e3es e Pe\u00e7anha - Aconteceu no Vale\",\"isPartOf\":{\"@id\":\"https:\\\/\\\/aconteceunovale.com.br\\\/portal\\\/#website\"},\"primaryImageOfPage\":{\"@id\":\"https:\\\/\\\/aconteceunovale.com.br\\\/portal\\\/?p=25264#primaryimage\"},\"image\":{\"@id\":\"https:\\\/\\\/aconteceunovale.com.br\\\/portal\\\/?p=25264#primaryimage\"},\"thumbnailUrl\":\"https:\\\/\\\/aconteceunovale.com.br\\\/portal\\\/wp-content\\\/uploads\\\/2013\\\/12\\\/pronatec_ita.jpg\",\"datePublished\":\"2014-03-31T17:29:15+00:00\",\"dateModified\":\"2014-03-31T17:29:16+00:00\",\"author\":{\"@id\":\"https:\\\/\\\/aconteceunovale.com.br\\\/portal\\\/#\\\/schema\\\/person\\\/633529146f2c94272bef50ac2953d589\"},\"breadcrumb\":{\"@id\":\"https:\\\/\\\/aconteceunovale.com.br\\\/portal\\\/?p=25264#breadcrumb\"},\"inLanguage\":\"pt-BR\",\"potentialAction\":[{\"@type\":\"ReadAction\",\"target\":[\"https:\\\/\\\/aconteceunovale.com.br\\\/portal\\\/?p=25264\"]}]},{\"@type\":\"ImageObject\",\"inLanguage\":\"pt-BR\",\"@id\":\"https:\\\/\\\/aconteceunovale.com.br\\\/portal\\\/?p=25264#primaryimage\",\"url\":\"https:\\\/\\\/aconteceunovale.com.br\\\/portal\\\/wp-content\\\/uploads\\\/2013\\\/12\\\/pronatec_ita.jpg\",\"contentUrl\":\"https:\\\/\\\/aconteceunovale.com.br\\\/portal\\\/wp-content\\\/uploads\\\/2013\\\/12\\\/pronatec_ita.jpg\",\"width\":675,\"height\":450},{\"@type\":\"BreadcrumbList\",\"@id\":\"https:\\\/\\\/aconteceunovale.com.br\\\/portal\\\/?p=25264#breadcrumb\",\"itemListElement\":[{\"@type\":\"ListItem\",\"position\":1,\"name\":\"In\u00edcio\",\"item\":\"https:\\\/\\\/aconteceunovale.com.br\\\/portal\\\/\"},{\"@type\":\"ListItem\",\"position\":2,\"name\":\"IFMG\\\/SJE seleciona professores para cursos do Pronatec em Guanh\u00e3es e Pe\u00e7anha\"}]},{\"@type\":\"WebSite\",\"@id\":\"https:\\\/\\\/aconteceunovale.com.br\\\/portal\\\/#website\",\"url\":\"https:\\\/\\\/aconteceunovale.com.br\\\/portal\\\/\",\"name\":\"Aconteceu no Vale\",\"description\":\"Portal de Not\u00edcias\",\"potentialAction\":[{\"@type\":\"SearchAction\",\"target\":{\"@type\":\"EntryPoint\",\"urlTemplate\":\"https:\\\/\\\/aconteceunovale.com.br\\\/portal\\\/?s={search_term_string}\"},\"query-input\":{\"@type\":\"PropertyValueSpecification\",\"valueRequired\":true,\"valueName\":\"search_term_string\"}}],\"inLanguage\":\"pt-BR\"},{\"@type\":\"Person\",\"@id\":\"https:\\\/\\\/aconteceunovale.com.br\\\/portal\\\/#\\\/schema\\\/person\\\/633529146f2c94272bef50ac2953d589\",\"name\":\"Aconteceu no Vale\",\"description\":\"Equipe de reportagem do Aconteceu no Vale, portal de not\u00edcias do Vale do Jequitinhonha, em Minas Gerais. Cobrimos as 51 cidades do Vale desde 2013. Sugest\u00f5es de pauta e pedidos de corre\u00e7\u00e3o: contato@aconteceunovale.com.br\",\"sameAs\":[\"http:\\\/\\\/www.aconteceunovale.com.br\"],\"url\":\"https:\\\/\\\/aconteceunovale.com.br\\\/portal\\\/?author=1\"}]}<\/script>\n<!-- \/ Yoast SEO plugin. -->","yoast_head_json":{"title":"IFMG\/SJE seleciona professores para cursos do Pronatec em Guanh\u00e3es e Pe\u00e7anha - Aconteceu no Vale","robots":{"index":"index","follow":"follow","max-snippet":"max-snippet:-1","max-image-preview":"max-image-preview:large","max-video-preview":"max-video-preview:-1"},"canonical":"https:\/\/aconteceunovale.com.br\/portal\/?p=25264","og_locale":"pt_BR","og_type":"article","og_title":"IFMG\/SJE seleciona professores para cursos do Pronatec em Guanh\u00e3es e Pe\u00e7anha - Aconteceu no Vale","og_description":"O IFMG abriu processo seletivo para professores de cursos t\u00e9cnicos oferecidos por meio do Pronatec. Ao todo, s\u00e3o 18 cursos diferentes ofertados em cerca de 50 cidades mineiras. \u00c9 importante lembrar que a maioria das disciplinas dever\u00e3o ser ministradas no per\u00edodo noturno. Portanto, caso o candidato n\u00e3o tenha disponibilidade para o hor\u00e1rio, ser\u00e1 automaticamente eliminado. [&hellip;]","og_url":"https:\/\/aconteceunovale.com.br\/portal\/?p=25264","og_site_name":"Aconteceu no Vale","article_publisher":"https:\/\/www.facebook.com\/aconteceunovale\/","article_published_time":"2014-03-31T17:29:15+00:00","article_modified_time":"2014-03-31T17:29:16+00:00","og_image":[{"width":675,"height":450,"url":"https:\/\/aconteceunovale.com.br\/portal\/wp-content\/uploads\/2013\/12\/pronatec_ita.jpg","type":"image\/jpeg"}],"author":"Aconteceu no Vale","twitter_card":"summary_large_image","twitter_creator":"@noticiadosvales","twitter_site":"@noticiadosvales","twitter_misc":{"Escrito por":"Aconteceu no Vale","Est. tempo de leitura":"1 minuto"},"schema":{"@context":"https:\/\/schema.org","@graph":[{"@type":"Article","@id":"https:\/\/aconteceunovale.com.br\/portal\/?p=25264#article","isPartOf":{"@id":"https:\/\/aconteceunovale.com.br\/portal\/?p=25264"},"author":{"name":"Aconteceu no Vale","@id":"https:\/\/aconteceunovale.com.br\/portal\/#\/schema\/person\/633529146f2c94272bef50ac2953d589"},"headline":"IFMG\/SJE seleciona professores para cursos do Pronatec em Guanh\u00e3es e Pe\u00e7anha","datePublished":"2014-03-31T17:29:15+00:00","dateModified":"2014-03-31T17:29:16+00:00","mainEntityOfPage":{"@id":"https:\/\/aconteceunovale.com.br\/portal\/?p=25264"},"wordCount":166,"commentCount":0,"image":{"@id":"https:\/\/aconteceunovale.com.br\/portal\/?p=25264#primaryimage"},"thumbnailUrl":"https:\/\/aconteceunovale.com.br\/portal\/wp-content\/uploads\/2013\/12\/pronatec_ita.jpg","keywords":["Guanh\u00e3es","IFMG\/SJE seleciona professores para cursos do Pronatec em Guanh\u00e3es e Pe\u00e7anha","Pe\u00e7anha","S\u00e3o Jo\u00e3o Evangelista"],"articleSection":["Leste de Minas"],"inLanguage":"pt-BR","potentialAction":[{"@type":"CommentAction","name":"Comment","target":["https:\/\/aconteceunovale.com.br\/portal\/?p=25264#respond"]}]},{"@type":"WebPage","@id":"https:\/\/aconteceunovale.com.br\/portal\/?p=25264","url":"https:\/\/aconteceunovale.com.br\/portal\/?p=25264","name":"IFMG\/SJE seleciona professores para cursos do Pronatec em Guanh\u00e3es e Pe\u00e7anha - Aconteceu no Vale","isPartOf":{"@id":"https:\/\/aconteceunovale.com.br\/portal\/#website"},"primaryImageOfPage":{"@id":"https:\/\/aconteceunovale.com.br\/portal\/?p=25264#primaryimage"},"image":{"@id":"https:\/\/aconteceunovale.com.br\/portal\/?p=25264#primaryimage"},"thumbnailUrl":"https:\/\/aconteceunovale.com.br\/portal\/wp-content\/uploads\/2013\/12\/pronatec_ita.jpg","datePublished":"2014-03-31T17:29:15+00:00","dateModified":"2014-03-31T17:29:16+00:00","author":{"@id":"https:\/\/aconteceunovale.com.br\/portal\/#\/schema\/person\/633529146f2c94272bef50ac2953d589"},"breadcrumb":{"@id":"https:\/\/aconteceunovale.com.br\/portal\/?p=25264#breadcrumb"},"inLanguage":"pt-BR","potentialAction":[{"@type":"ReadAction","target":["https:\/\/aconteceunovale.com.br\/portal\/?p=25264"]}]},{"@type":"ImageObject","inLanguage":"pt-BR","@id":"https:\/\/aconteceunovale.com.br\/portal\/?p=25264#primaryimage","url":"https:\/\/aconteceunovale.com.br\/portal\/wp-content\/uploads\/2013\/12\/pronatec_ita.jpg","contentUrl":"https:\/\/aconteceunovale.com.br\/portal\/wp-content\/uploads\/2013\/12\/pronatec_ita.jpg","width":675,"height":450},{"@type":"BreadcrumbList","@id":"https:\/\/aconteceunovale.com.br\/portal\/?p=25264#breadcrumb","itemListElement":[{"@type":"ListItem","position":1,"name":"In\u00edcio","item":"https:\/\/aconteceunovale.com.br\/portal\/"},{"@type":"ListItem","position":2,"name":"IFMG\/SJE seleciona professores para cursos do Pronatec em Guanh\u00e3es e Pe\u00e7anha"}]},{"@type":"WebSite","@id":"https:\/\/aconteceunovale.com.br\/portal\/#website","url":"https:\/\/aconteceunovale.com.br\/portal\/","name":"Aconteceu no Vale","description":"Portal de Not\u00edcias","potentialAction":[{"@type":"SearchAction","target":{"@type":"EntryPoint","urlTemplate":"https:\/\/aconteceunovale.com.br\/portal\/?s={search_term_string}"},"query-input":{"@type":"PropertyValueSpecification","valueRequired":true,"valueName":"search_term_string"}}],"inLanguage":"pt-BR"},{"@type":"Person","@id":"https:\/\/aconteceunovale.com.br\/portal\/#\/schema\/person\/633529146f2c94272bef50ac2953d589","name":"Aconteceu no Vale","description":"Equipe de reportagem do Aconteceu no Vale, portal de not\u00edcias do Vale do Jequitinhonha, em Minas Gerais. Cobrimos as 51 cidades do Vale desde 2013. Sugest\u00f5es de pauta e pedidos de corre\u00e7\u00e3o: contato@aconteceunovale.com.br","sameAs":["http:\/\/www.aconteceunovale.com.br"],"url":"https:\/\/aconteceunovale.com.br\/portal\/?author=1"}]}},"_links":{"self":[{"href":"https:\/\/aconteceunovale.com.br\/portal\/index.php?rest_route=\/wp\/v2\/posts\/25264","targetHints":{"allow":["GET"]}}],"collection":[{"href":"https:\/\/aconteceunovale.com.br\/portal\/index.php?rest_route=\/wp\/v2\/posts"}],"about":[{"href":"https:\/\/aconteceunovale.com.br\/portal\/index.php?rest_route=\/wp\/v2\/types\/post"}],"author":[{"embeddable":true,"href":"https:\/\/aconteceunovale.com.br\/portal\/index.php?rest_route=\/wp\/v2\/users\/1"}],"replies":[{"embeddable":true,"href":"https:\/\/aconteceunovale.com.br\/portal\/index.php?rest_route=%2Fwp%2Fv2%2Fcomments&post=25264"}],"version-history":[{"count":0,"href":"https:\/\/aconteceunovale.com.br\/portal\/index.php?rest_route=\/wp\/v2\/posts\/25264\/revisions"}],"wp:featuredmedia":[{"embeddable":true,"href":"https:\/\/aconteceunovale.com.br\/portal\/index.php?rest_route=\/wp\/v2\/media\/14949"}],"wp:attachment":[{"href":"https:\/\/aconteceunovale.com.br\/portal\/index.php?rest_route=%2Fwp%2Fv2%2Fmedia&parent=25264"}],"wp:term":[{"taxonomy":"category","embeddable":true,"href":"https:\/\/aconteceunovale.com.br\/portal\/index.php?rest_route=%2Fwp%2Fv2%2Fcategories&post=25264"},{"taxonomy":"post_tag","embeddable":true,"href":"https:\/\/aconteceunovale.com.br\/portal\/index.php?rest_route=%2Fwp%2Fv2%2Ftags&post=25264"}],"curies":[{"name":"wp","href":"https:\/\/api.w.org\/{rel}","templated":true}]}}