{"id":25261,"date":"2014-03-31T13:51:59","date_gmt":"2014-03-31T16:51:59","guid":{"rendered":"http:\/\/aconteceunovale.com.br\/portal\/?p=25261"},"modified":"2014-03-31T13:51:59","modified_gmt":"2014-03-31T16:51:59","slug":"caminhada-pela-paz-reune-mais-de-3-mil-pessoas-em-sao-joao-do-paraiso","status":"publish","type":"post","link":"https:\/\/aconteceunovale.com.br\/portal\/?p=25261","title":{"rendered":"Caminhada pela paz re\u00fane mais de 3 mil pessoas em S\u00e3o Jo\u00e3o do Para\u00edso"},"content":{"rendered":"<p>A popula\u00e7\u00e3o de S\u00e3o Jo\u00e3o do Para\u00edso caminhou pelas ruas do munic\u00edpio para realizar a Caminhada pela Paz na manh\u00e3 desse s\u00e1bado (29), em protesto ao \u00edndice de criminalidade que assombram a comunidade, principalmente da zona rural.<\/p>\n<p>O evento teve apoio da Igreja Cat\u00f3lica local e reuniu mais de tr\u00eas mil pessoas. Faixas expressavam um \u00fanico pedido: paz. A caminhada come\u00e7ou em frente \u00e0 Igreja Matriz S\u00e3o Jo\u00e3o Batista e percorreu v\u00e1rias ruas da cidade durante aproximadamente duas horas e meia.<\/p>\n<p>\u201cA cidade \u00e9 muito pequena e calma e os n\u00fameros de criminalidade n\u00e3o correspondem a nossa realidade, estamos todos muito assustados a ponto de preferir n\u00e3o sair de casa\u201d, afirma o morador Gilvane Caires Pereira.<\/p>\n<h4><strong>Mais seguran\u00e7a<\/strong><\/h4>\n<p>A Pol\u00edcia Militar informou que efetuou a seguran\u00e7a e a interdi\u00e7\u00e3o das ruas durante a manifesta\u00e7\u00e3o pac\u00edfica desse s\u00e1bado.<\/p>\n<p>Ainda de acordo com a PM, uma quadrilha de assaltantes que estava aterrorizando a popula\u00e7\u00e3o foi presa no dia 25 de mar\u00e7o, o que surtiu maior sensa\u00e7\u00e3o de seguran\u00e7a.<\/p>\n<p>A Prefeitura de S\u00e3o Jo\u00e3o do Para\u00edso disse que apoiou a manifesta\u00e7\u00e3o popular e disponibilizou transporte para a participa\u00e7\u00e3o dos estudantes neste ato de democracia e contribui\u00e7\u00e3o para com a seguran\u00e7a p\u00fablica. <\/p>\n<p>&#8220;Mesmo n\u00e3o sendo sua obriga\u00e7\u00e3o, a Prefeitura mant\u00e9m conv\u00eanios com a Pol\u00edcia Militar e Pol\u00edcia Civil, arcando com diversos servi\u00e7os&#8221;, diz a assessora de imprensa Adriana Viana.<\/p>\n<p>Tamb\u00e9m segundo a assessoria da prefeitura, com o aumento das ocorr\u00eancias policiais, o prefeito se reuniu com as autoridades policiais do munic\u00edpio, como o major Geovane Rodrigues, comandante da 2\u00aa Companhia Independente da Pol\u00edcia Militar de Taiobeiras.<\/p>\n<p>Nesta segunda-feira (31) o prefeito Antonio de Oliveira Pinto est\u00e1 em Belo Horizonte participando de uma reuni\u00e3o com o Secret\u00e1rio Estadual de Defesa Social, onde discute o problema da seguran\u00e7a p\u00fablica. (G1)<\/p>\n","protected":false},"excerpt":{"rendered":"<p>A popula\u00e7\u00e3o de S\u00e3o Jo\u00e3o do Para\u00edso caminhou pelas ruas do munic\u00edpio para realizar a Caminhada pela Paz na manh\u00e3 desse s\u00e1bado (29), em protesto ao \u00edndice de criminalidade que assombram a comunidade, principalmente da zona rural. O evento teve apoio da Igreja Cat\u00f3lica local e reuniu mais de tr\u00eas mil pessoas. Faixas expressavam um [&hellip;]<\/p>\n","protected":false},"author":1,"featured_media":25262,"comment_status":"open","ping_status":"closed","sticky":false,"template":"","format":"standard","meta":{"amp_status":"","footnotes":""},"categories":[1236],"tags":[6149,1403],"class_list":["post-25261","post","type-post","status-publish","format-standard","has-post-thumbnail","hentry","category-norte_de_minas","tag-caminhada-pela-paz-reune-mais-de-3-mil-pessoas-em-sao-joao-do-paraiso","tag-sao-joao-do-paraiso"],"yoast_head":"<!-- This site is optimized with the Yoast SEO plugin v28.3 - https:\/\/yoast.com\/product\/yoast-seo-wordpress\/ -->\n<title>Caminhada pela paz re\u00fane mais de 3 mil pessoas em S\u00e3o Jo\u00e3o do Para\u00edso - Aconteceu no Vale<\/title>\n<meta name=\"robots\" content=\"index, follow, max-snippet:-1, max-image-preview:large, max-video-preview:-1\" \/>\n<link rel=\"canonical\" href=\"https:\/\/aconteceunovale.com.br\/portal\/?p=25261\" \/>\n<meta property=\"og:locale\" content=\"pt_BR\" \/>\n<meta property=\"og:type\" content=\"article\" \/>\n<meta property=\"og:title\" content=\"Caminhada pela paz re\u00fane mais de 3 mil pessoas em S\u00e3o Jo\u00e3o do Para\u00edso - Aconteceu no Vale\" \/>\n<meta property=\"og:description\" content=\"A popula\u00e7\u00e3o de S\u00e3o Jo\u00e3o do Para\u00edso caminhou pelas ruas do munic\u00edpio para realizar a Caminhada pela Paz na manh\u00e3 desse s\u00e1bado (29), em protesto ao \u00edndice de criminalidade que assombram a comunidade, principalmente da zona rural. O evento teve apoio da Igreja Cat\u00f3lica local e reuniu mais de tr\u00eas mil pessoas. Faixas expressavam um [&hellip;]\" \/>\n<meta property=\"og:url\" content=\"https:\/\/aconteceunovale.com.br\/portal\/?p=25261\" \/>\n<meta property=\"og:site_name\" content=\"Aconteceu no Vale\" \/>\n<meta property=\"article:publisher\" content=\"https:\/\/www.facebook.com\/aconteceunovale\/\" \/>\n<meta property=\"article:published_time\" content=\"2014-03-31T16:51:59+00:00\" \/>\n<meta property=\"og:image\" content=\"https:\/\/aconteceunovale.com.br\/portal\/wp-content\/uploads\/2014\/03\/paz_sjp.png\" \/>\n\t<meta property=\"og:image:width\" content=\"400\" \/>\n\t<meta property=\"og:image:height\" content=\"343\" \/>\n\t<meta property=\"og:image:type\" content=\"image\/png\" \/>\n<meta name=\"author\" content=\"Aconteceu no Vale\" \/>\n<meta name=\"twitter:card\" content=\"summary_large_image\" \/>\n<meta name=\"twitter:creator\" content=\"@noticiadosvales\" \/>\n<meta name=\"twitter:site\" content=\"@noticiadosvales\" \/>\n<meta name=\"twitter:label1\" content=\"Escrito por\" \/>\n\t<meta name=\"twitter:data1\" content=\"Aconteceu no Vale\" \/>\n\t<meta name=\"twitter:label2\" content=\"Est. tempo de leitura\" \/>\n\t<meta name=\"twitter:data2\" content=\"2 minutos\" \/>\n<script type=\"application\/ld+json\" class=\"yoast-schema-graph\">{\"@context\":\"https:\\\/\\\/schema.org\",\"@graph\":[{\"@type\":\"Article\",\"@id\":\"https:\\\/\\\/aconteceunovale.com.br\\\/portal\\\/?p=25261#article\",\"isPartOf\":{\"@id\":\"https:\\\/\\\/aconteceunovale.com.br\\\/portal\\\/?p=25261\"},\"author\":{\"name\":\"Aconteceu no Vale\",\"@id\":\"https:\\\/\\\/aconteceunovale.com.br\\\/portal\\\/#\\\/schema\\\/person\\\/633529146f2c94272bef50ac2953d589\"},\"headline\":\"Caminhada pela paz re\u00fane mais de 3 mil pessoas em S\u00e3o Jo\u00e3o do Para\u00edso\",\"datePublished\":\"2014-03-31T16:51:59+00:00\",\"mainEntityOfPage\":{\"@id\":\"https:\\\/\\\/aconteceunovale.com.br\\\/portal\\\/?p=25261\"},\"wordCount\":354,\"commentCount\":0,\"image\":{\"@id\":\"https:\\\/\\\/aconteceunovale.com.br\\\/portal\\\/?p=25261#primaryimage\"},\"thumbnailUrl\":\"https:\\\/\\\/aconteceunovale.com.br\\\/portal\\\/wp-content\\\/uploads\\\/2014\\\/03\\\/paz_sjp.png\",\"keywords\":[\"Caminhada pela paz re\u00fane mais de 3 mil pessoas em S\u00e3o Jo\u00e3o do Para\u00edso\",\"S\u00e3o Jo\u00e3o do Para\u00edso\"],\"articleSection\":[\"Norte de Minas\"],\"inLanguage\":\"pt-BR\",\"potentialAction\":[{\"@type\":\"CommentAction\",\"name\":\"Comment\",\"target\":[\"https:\\\/\\\/aconteceunovale.com.br\\\/portal\\\/?p=25261#respond\"]}]},{\"@type\":\"WebPage\",\"@id\":\"https:\\\/\\\/aconteceunovale.com.br\\\/portal\\\/?p=25261\",\"url\":\"https:\\\/\\\/aconteceunovale.com.br\\\/portal\\\/?p=25261\",\"name\":\"Caminhada pela paz re\u00fane mais de 3 mil pessoas em S\u00e3o Jo\u00e3o do Para\u00edso - Aconteceu no Vale\",\"isPartOf\":{\"@id\":\"https:\\\/\\\/aconteceunovale.com.br\\\/portal\\\/#website\"},\"primaryImageOfPage\":{\"@id\":\"https:\\\/\\\/aconteceunovale.com.br\\\/portal\\\/?p=25261#primaryimage\"},\"image\":{\"@id\":\"https:\\\/\\\/aconteceunovale.com.br\\\/portal\\\/?p=25261#primaryimage\"},\"thumbnailUrl\":\"https:\\\/\\\/aconteceunovale.com.br\\\/portal\\\/wp-content\\\/uploads\\\/2014\\\/03\\\/paz_sjp.png\",\"datePublished\":\"2014-03-31T16:51:59+00:00\",\"author\":{\"@id\":\"https:\\\/\\\/aconteceunovale.com.br\\\/portal\\\/#\\\/schema\\\/person\\\/633529146f2c94272bef50ac2953d589\"},\"breadcrumb\":{\"@id\":\"https:\\\/\\\/aconteceunovale.com.br\\\/portal\\\/?p=25261#breadcrumb\"},\"inLanguage\":\"pt-BR\",\"potentialAction\":[{\"@type\":\"ReadAction\",\"target\":[\"https:\\\/\\\/aconteceunovale.com.br\\\/portal\\\/?p=25261\"]}]},{\"@type\":\"ImageObject\",\"inLanguage\":\"pt-BR\",\"@id\":\"https:\\\/\\\/aconteceunovale.com.br\\\/portal\\\/?p=25261#primaryimage\",\"url\":\"https:\\\/\\\/aconteceunovale.com.br\\\/portal\\\/wp-content\\\/uploads\\\/2014\\\/03\\\/paz_sjp.png\",\"contentUrl\":\"https:\\\/\\\/aconteceunovale.com.br\\\/portal\\\/wp-content\\\/uploads\\\/2014\\\/03\\\/paz_sjp.png\",\"width\":400,\"height\":343},{\"@type\":\"BreadcrumbList\",\"@id\":\"https:\\\/\\\/aconteceunovale.com.br\\\/portal\\\/?p=25261#breadcrumb\",\"itemListElement\":[{\"@type\":\"ListItem\",\"position\":1,\"name\":\"In\u00edcio\",\"item\":\"https:\\\/\\\/aconteceunovale.com.br\\\/portal\\\/\"},{\"@type\":\"ListItem\",\"position\":2,\"name\":\"Caminhada pela paz re\u00fane mais de 3 mil pessoas em S\u00e3o Jo\u00e3o do Para\u00edso\"}]},{\"@type\":\"WebSite\",\"@id\":\"https:\\\/\\\/aconteceunovale.com.br\\\/portal\\\/#website\",\"url\":\"https:\\\/\\\/aconteceunovale.com.br\\\/portal\\\/\",\"name\":\"Aconteceu no Vale\",\"description\":\"Portal de Not\u00edcias\",\"potentialAction\":[{\"@type\":\"SearchAction\",\"target\":{\"@type\":\"EntryPoint\",\"urlTemplate\":\"https:\\\/\\\/aconteceunovale.com.br\\\/portal\\\/?s={search_term_string}\"},\"query-input\":{\"@type\":\"PropertyValueSpecification\",\"valueRequired\":true,\"valueName\":\"search_term_string\"}}],\"inLanguage\":\"pt-BR\"},{\"@type\":\"Person\",\"@id\":\"https:\\\/\\\/aconteceunovale.com.br\\\/portal\\\/#\\\/schema\\\/person\\\/633529146f2c94272bef50ac2953d589\",\"name\":\"Aconteceu no Vale\",\"description\":\"Equipe de reportagem do Aconteceu no Vale, portal de not\u00edcias do Vale do Jequitinhonha, em Minas Gerais. Cobrimos as 51 cidades do Vale desde 2013. Sugest\u00f5es de pauta e pedidos de corre\u00e7\u00e3o: contato@aconteceunovale.com.br\",\"sameAs\":[\"http:\\\/\\\/www.aconteceunovale.com.br\"],\"url\":\"https:\\\/\\\/aconteceunovale.com.br\\\/portal\\\/?author=1\"}]}<\/script>\n<!-- \/ Yoast SEO plugin. -->","yoast_head_json":{"title":"Caminhada pela paz re\u00fane mais de 3 mil pessoas em S\u00e3o Jo\u00e3o do Para\u00edso - Aconteceu no Vale","robots":{"index":"index","follow":"follow","max-snippet":"max-snippet:-1","max-image-preview":"max-image-preview:large","max-video-preview":"max-video-preview:-1"},"canonical":"https:\/\/aconteceunovale.com.br\/portal\/?p=25261","og_locale":"pt_BR","og_type":"article","og_title":"Caminhada pela paz re\u00fane mais de 3 mil pessoas em S\u00e3o Jo\u00e3o do Para\u00edso - Aconteceu no Vale","og_description":"A popula\u00e7\u00e3o de S\u00e3o Jo\u00e3o do Para\u00edso caminhou pelas ruas do munic\u00edpio para realizar a Caminhada pela Paz na manh\u00e3 desse s\u00e1bado (29), em protesto ao \u00edndice de criminalidade que assombram a comunidade, principalmente da zona rural. O evento teve apoio da Igreja Cat\u00f3lica local e reuniu mais de tr\u00eas mil pessoas. Faixas expressavam um [&hellip;]","og_url":"https:\/\/aconteceunovale.com.br\/portal\/?p=25261","og_site_name":"Aconteceu no Vale","article_publisher":"https:\/\/www.facebook.com\/aconteceunovale\/","article_published_time":"2014-03-31T16:51:59+00:00","og_image":[{"width":400,"height":343,"url":"https:\/\/aconteceunovale.com.br\/portal\/wp-content\/uploads\/2014\/03\/paz_sjp.png","type":"image\/png"}],"author":"Aconteceu no Vale","twitter_card":"summary_large_image","twitter_creator":"@noticiadosvales","twitter_site":"@noticiadosvales","twitter_misc":{"Escrito por":"Aconteceu no Vale","Est. tempo de leitura":"2 minutos"},"schema":{"@context":"https:\/\/schema.org","@graph":[{"@type":"Article","@id":"https:\/\/aconteceunovale.com.br\/portal\/?p=25261#article","isPartOf":{"@id":"https:\/\/aconteceunovale.com.br\/portal\/?p=25261"},"author":{"name":"Aconteceu no Vale","@id":"https:\/\/aconteceunovale.com.br\/portal\/#\/schema\/person\/633529146f2c94272bef50ac2953d589"},"headline":"Caminhada pela paz re\u00fane mais de 3 mil pessoas em S\u00e3o Jo\u00e3o do Para\u00edso","datePublished":"2014-03-31T16:51:59+00:00","mainEntityOfPage":{"@id":"https:\/\/aconteceunovale.com.br\/portal\/?p=25261"},"wordCount":354,"commentCount":0,"image":{"@id":"https:\/\/aconteceunovale.com.br\/portal\/?p=25261#primaryimage"},"thumbnailUrl":"https:\/\/aconteceunovale.com.br\/portal\/wp-content\/uploads\/2014\/03\/paz_sjp.png","keywords":["Caminhada pela paz re\u00fane mais de 3 mil pessoas em S\u00e3o Jo\u00e3o do Para\u00edso","S\u00e3o Jo\u00e3o do Para\u00edso"],"articleSection":["Norte de Minas"],"inLanguage":"pt-BR","potentialAction":[{"@type":"CommentAction","name":"Comment","target":["https:\/\/aconteceunovale.com.br\/portal\/?p=25261#respond"]}]},{"@type":"WebPage","@id":"https:\/\/aconteceunovale.com.br\/portal\/?p=25261","url":"https:\/\/aconteceunovale.com.br\/portal\/?p=25261","name":"Caminhada pela paz re\u00fane mais de 3 mil pessoas em S\u00e3o Jo\u00e3o do Para\u00edso - Aconteceu no Vale","isPartOf":{"@id":"https:\/\/aconteceunovale.com.br\/portal\/#website"},"primaryImageOfPage":{"@id":"https:\/\/aconteceunovale.com.br\/portal\/?p=25261#primaryimage"},"image":{"@id":"https:\/\/aconteceunovale.com.br\/portal\/?p=25261#primaryimage"},"thumbnailUrl":"https:\/\/aconteceunovale.com.br\/portal\/wp-content\/uploads\/2014\/03\/paz_sjp.png","datePublished":"2014-03-31T16:51:59+00:00","author":{"@id":"https:\/\/aconteceunovale.com.br\/portal\/#\/schema\/person\/633529146f2c94272bef50ac2953d589"},"breadcrumb":{"@id":"https:\/\/aconteceunovale.com.br\/portal\/?p=25261#breadcrumb"},"inLanguage":"pt-BR","potentialAction":[{"@type":"ReadAction","target":["https:\/\/aconteceunovale.com.br\/portal\/?p=25261"]}]},{"@type":"ImageObject","inLanguage":"pt-BR","@id":"https:\/\/aconteceunovale.com.br\/portal\/?p=25261#primaryimage","url":"https:\/\/aconteceunovale.com.br\/portal\/wp-content\/uploads\/2014\/03\/paz_sjp.png","contentUrl":"https:\/\/aconteceunovale.com.br\/portal\/wp-content\/uploads\/2014\/03\/paz_sjp.png","width":400,"height":343},{"@type":"BreadcrumbList","@id":"https:\/\/aconteceunovale.com.br\/portal\/?p=25261#breadcrumb","itemListElement":[{"@type":"ListItem","position":1,"name":"In\u00edcio","item":"https:\/\/aconteceunovale.com.br\/portal\/"},{"@type":"ListItem","position":2,"name":"Caminhada pela paz re\u00fane mais de 3 mil pessoas em S\u00e3o Jo\u00e3o do Para\u00edso"}]},{"@type":"WebSite","@id":"https:\/\/aconteceunovale.com.br\/portal\/#website","url":"https:\/\/aconteceunovale.com.br\/portal\/","name":"Aconteceu no Vale","description":"Portal de Not\u00edcias","potentialAction":[{"@type":"SearchAction","target":{"@type":"EntryPoint","urlTemplate":"https:\/\/aconteceunovale.com.br\/portal\/?s={search_term_string}"},"query-input":{"@type":"PropertyValueSpecification","valueRequired":true,"valueName":"search_term_string"}}],"inLanguage":"pt-BR"},{"@type":"Person","@id":"https:\/\/aconteceunovale.com.br\/portal\/#\/schema\/person\/633529146f2c94272bef50ac2953d589","name":"Aconteceu no Vale","description":"Equipe de reportagem do Aconteceu no Vale, portal de not\u00edcias do Vale do Jequitinhonha, em Minas Gerais. Cobrimos as 51 cidades do Vale desde 2013. Sugest\u00f5es de pauta e pedidos de corre\u00e7\u00e3o: contato@aconteceunovale.com.br","sameAs":["http:\/\/www.aconteceunovale.com.br"],"url":"https:\/\/aconteceunovale.com.br\/portal\/?author=1"}]}},"_links":{"self":[{"href":"https:\/\/aconteceunovale.com.br\/portal\/index.php?rest_route=\/wp\/v2\/posts\/25261","targetHints":{"allow":["GET"]}}],"collection":[{"href":"https:\/\/aconteceunovale.com.br\/portal\/index.php?rest_route=\/wp\/v2\/posts"}],"about":[{"href":"https:\/\/aconteceunovale.com.br\/portal\/index.php?rest_route=\/wp\/v2\/types\/post"}],"author":[{"embeddable":true,"href":"https:\/\/aconteceunovale.com.br\/portal\/index.php?rest_route=\/wp\/v2\/users\/1"}],"replies":[{"embeddable":true,"href":"https:\/\/aconteceunovale.com.br\/portal\/index.php?rest_route=%2Fwp%2Fv2%2Fcomments&post=25261"}],"version-history":[{"count":0,"href":"https:\/\/aconteceunovale.com.br\/portal\/index.php?rest_route=\/wp\/v2\/posts\/25261\/revisions"}],"wp:featuredmedia":[{"embeddable":true,"href":"https:\/\/aconteceunovale.com.br\/portal\/index.php?rest_route=\/wp\/v2\/media\/25262"}],"wp:attachment":[{"href":"https:\/\/aconteceunovale.com.br\/portal\/index.php?rest_route=%2Fwp%2Fv2%2Fmedia&parent=25261"}],"wp:term":[{"taxonomy":"category","embeddable":true,"href":"https:\/\/aconteceunovale.com.br\/portal\/index.php?rest_route=%2Fwp%2Fv2%2Fcategories&post=25261"},{"taxonomy":"post_tag","embeddable":true,"href":"https:\/\/aconteceunovale.com.br\/portal\/index.php?rest_route=%2Fwp%2Fv2%2Ftags&post=25261"}],"curies":[{"name":"wp","href":"https:\/\/api.w.org\/{rel}","templated":true}]}}