{"id":25258,"date":"2014-03-31T13:45:20","date_gmt":"2014-03-31T16:45:20","guid":{"rendered":"http:\/\/aconteceunovale.com.br\/portal\/?p=25258"},"modified":"2014-03-31T13:45:20","modified_gmt":"2014-03-31T16:45:20","slug":"moradores-fecham-lmg-653-em-montes-claros-durante-protesto","status":"publish","type":"post","link":"https:\/\/aconteceunovale.com.br\/portal\/?p=25258","title":{"rendered":"Moradores fecham LMG-653 em Montes Claros durante protesto"},"content":{"rendered":"<p>Moradores do Bairro Alterosa, em Montes Claros (MG) fecharam por cerca de duas horas a LMG-653, que liga as BRs 356 e 135, na manh\u00e3 desta segunda-feira (31). Eles afirmam que na sexta (28) funcion\u00e1rios da Prefeitura estiveram no local e derrubaram nove casas.<\/p>\n<p>\u201cEstava trabalhando quando me ligaram. Cheguei correndo e minha casa j\u00e1 tinha sido derrubada. N\u00e3o avisaram nada para n\u00f3s. Agora eu, minha esposa e meu filho de um ano n\u00e3o temos para onde ir\u201d, fala o pedreiro Wanderson Fernandes, que mora no local h\u00e1 mais de tr\u00eas anos.<\/p>\n<p><img decoding=\"async\" src=\"http:\/\/aconteceunovale.com.br\/portal\/wp-content\/uploads\/2014\/03\/protesto_moc_31.jpg\" alt=\"\" \/><em>(Foto: Michelly Oda \/ G1)<\/em><br \/>\n<\/br><\/p>\n<p>\u201cA minha casa n\u00e3o foi derrubada porque eu entrei dentro dela. Quando vieram, ainda falaram que uma assistente social e uma pessoa do Conselho Tutelar iriam buscar meus seus filhos\u201d, fala Creilene Alves, que tem seis filhos, com idades entre quatro e 18 anos.<\/p>\n<p>Al\u00e9m da casa da faxineira, a do motorista Jorge Elias tamb\u00e9m n\u00e3o foi derrubada. Mas ele afirma que os funcion\u00e1rios da Prefeitura disseram que iriam voltar na segunda para terminar o servi\u00e7o.<\/p>\n<p>\u201cTem um rapaz aqui que perdeu tudo, at\u00e9 o cachorro dele foi morto. Essa casa \u00e9 a \u00fanica coisa que tenho\u201d, diz.<\/p>\n<p>A Pol\u00edcia Militar esteve no local da manifesta\u00e7\u00e3o e negociou a libera\u00e7\u00e3o da rodovia. \u201cDefendemos defende o interesse coletivo e a manifesta\u00e7\u00e3o, desde que ocorra de forma pac\u00edfica, mas a rodovia n\u00e3o pode ficar interditada, por isso pedimos para que o fluxo fosse restabelecido.\u201d<\/p>\n<p>Os bombeiros foram chamados para apagar o fogo. O caminhoneiro Fl\u00e1vio Augusto da Silva ficou parado no congestionamento de seis quil\u00f4metros que se formou na rodovia. \u201cA gente faz uma programa\u00e7\u00e3o que acaba atrasando. Acho que nesse caso eles n\u00e3o deveriam fechar a estrada, o protesto deveria ter sido feito na frente da Prefeitura.\u201d<\/p>\n<p>A Prefeitura informou que seis casa foram demolidas e estavam em est\u00e1gio inicial de constru\u00e7\u00e3o. Disse tamb\u00e9m que 16 notifica\u00e7\u00f5es foram emitidas para os moradores e que a \u00e1rea \u00e9 p\u00fablica institucional. (G1)<\/p>\n","protected":false},"excerpt":{"rendered":"<p>Moradores do Bairro Alterosa, em Montes Claros (MG) fecharam por cerca de duas horas a LMG-653, que liga as BRs 356 e 135, na manh\u00e3 desta segunda-feira (31). Eles afirmam que na sexta (28) funcion\u00e1rios da Prefeitura estiveram no local e derrubaram nove casas. \u201cEstava trabalhando quando me ligaram. Cheguei correndo e minha casa j\u00e1 [&hellip;]<\/p>\n","protected":false},"author":1,"featured_media":25259,"comment_status":"open","ping_status":"closed","sticky":false,"template":"","format":"standard","meta":{"amp_status":"","footnotes":""},"categories":[1236],"tags":[210,6148],"class_list":["post-25258","post","type-post","status-publish","format-standard","has-post-thumbnail","hentry","category-norte_de_minas","tag-montes-claros","tag-moradores-fecham-lmg-653-em-montes-claros-durante-protesto"],"yoast_head":"<!-- This site is optimized with the Yoast SEO plugin v28.3 - https:\/\/yoast.com\/product\/yoast-seo-wordpress\/ -->\n<title>Moradores fecham LMG-653 em Montes Claros durante protesto - Aconteceu no Vale<\/title>\n<meta name=\"robots\" content=\"index, follow, max-snippet:-1, max-image-preview:large, max-video-preview:-1\" \/>\n<link rel=\"canonical\" href=\"https:\/\/aconteceunovale.com.br\/portal\/?p=25258\" \/>\n<meta property=\"og:locale\" content=\"pt_BR\" \/>\n<meta property=\"og:type\" content=\"article\" \/>\n<meta property=\"og:title\" content=\"Moradores fecham LMG-653 em Montes Claros durante protesto - Aconteceu no Vale\" \/>\n<meta property=\"og:description\" content=\"Moradores do Bairro Alterosa, em Montes Claros (MG) fecharam por cerca de duas horas a LMG-653, que liga as BRs 356 e 135, na manh\u00e3 desta segunda-feira (31). Eles afirmam que na sexta (28) funcion\u00e1rios da Prefeitura estiveram no local e derrubaram nove casas. \u201cEstava trabalhando quando me ligaram. Cheguei correndo e minha casa j\u00e1 [&hellip;]\" \/>\n<meta property=\"og:url\" content=\"https:\/\/aconteceunovale.com.br\/portal\/?p=25258\" \/>\n<meta property=\"og:site_name\" content=\"Aconteceu no Vale\" \/>\n<meta property=\"article:publisher\" content=\"https:\/\/www.facebook.com\/aconteceunovale\/\" \/>\n<meta property=\"article:published_time\" content=\"2014-03-31T16:45:20+00:00\" \/>\n<meta property=\"og:image\" content=\"https:\/\/aconteceunovale.com.br\/portal\/wp-content\/uploads\/2014\/03\/protesto_moc_31.jpg\" \/>\n\t<meta property=\"og:image:width\" content=\"600\" \/>\n\t<meta property=\"og:image:height\" content=\"450\" \/>\n\t<meta property=\"og:image:type\" content=\"image\/jpeg\" \/>\n<meta name=\"author\" content=\"Aconteceu no Vale\" \/>\n<meta name=\"twitter:card\" content=\"summary_large_image\" \/>\n<meta name=\"twitter:creator\" content=\"@noticiadosvales\" \/>\n<meta name=\"twitter:site\" content=\"@noticiadosvales\" \/>\n<meta name=\"twitter:label1\" content=\"Escrito por\" \/>\n\t<meta name=\"twitter:data1\" content=\"Aconteceu no Vale\" \/>\n\t<meta name=\"twitter:label2\" content=\"Est. tempo de leitura\" \/>\n\t<meta name=\"twitter:data2\" content=\"2 minutos\" \/>\n<script type=\"application\/ld+json\" class=\"yoast-schema-graph\">{\"@context\":\"https:\\\/\\\/schema.org\",\"@graph\":[{\"@type\":\"Article\",\"@id\":\"https:\\\/\\\/aconteceunovale.com.br\\\/portal\\\/?p=25258#article\",\"isPartOf\":{\"@id\":\"https:\\\/\\\/aconteceunovale.com.br\\\/portal\\\/?p=25258\"},\"author\":{\"name\":\"Aconteceu no Vale\",\"@id\":\"https:\\\/\\\/aconteceunovale.com.br\\\/portal\\\/#\\\/schema\\\/person\\\/633529146f2c94272bef50ac2953d589\"},\"headline\":\"Moradores fecham LMG-653 em Montes Claros durante protesto\",\"datePublished\":\"2014-03-31T16:45:20+00:00\",\"mainEntityOfPage\":{\"@id\":\"https:\\\/\\\/aconteceunovale.com.br\\\/portal\\\/?p=25258\"},\"wordCount\":351,\"commentCount\":0,\"image\":{\"@id\":\"https:\\\/\\\/aconteceunovale.com.br\\\/portal\\\/?p=25258#primaryimage\"},\"thumbnailUrl\":\"https:\\\/\\\/aconteceunovale.com.br\\\/portal\\\/wp-content\\\/uploads\\\/2014\\\/03\\\/protesto_moc_31.jpg\",\"keywords\":[\"Montes Claros\",\"Moradores fecham LMG-653 em Montes Claros durante protesto\"],\"articleSection\":[\"Norte de Minas\"],\"inLanguage\":\"pt-BR\",\"potentialAction\":[{\"@type\":\"CommentAction\",\"name\":\"Comment\",\"target\":[\"https:\\\/\\\/aconteceunovale.com.br\\\/portal\\\/?p=25258#respond\"]}]},{\"@type\":\"WebPage\",\"@id\":\"https:\\\/\\\/aconteceunovale.com.br\\\/portal\\\/?p=25258\",\"url\":\"https:\\\/\\\/aconteceunovale.com.br\\\/portal\\\/?p=25258\",\"name\":\"Moradores fecham LMG-653 em Montes Claros durante protesto - Aconteceu no Vale\",\"isPartOf\":{\"@id\":\"https:\\\/\\\/aconteceunovale.com.br\\\/portal\\\/#website\"},\"primaryImageOfPage\":{\"@id\":\"https:\\\/\\\/aconteceunovale.com.br\\\/portal\\\/?p=25258#primaryimage\"},\"image\":{\"@id\":\"https:\\\/\\\/aconteceunovale.com.br\\\/portal\\\/?p=25258#primaryimage\"},\"thumbnailUrl\":\"https:\\\/\\\/aconteceunovale.com.br\\\/portal\\\/wp-content\\\/uploads\\\/2014\\\/03\\\/protesto_moc_31.jpg\",\"datePublished\":\"2014-03-31T16:45:20+00:00\",\"author\":{\"@id\":\"https:\\\/\\\/aconteceunovale.com.br\\\/portal\\\/#\\\/schema\\\/person\\\/633529146f2c94272bef50ac2953d589\"},\"breadcrumb\":{\"@id\":\"https:\\\/\\\/aconteceunovale.com.br\\\/portal\\\/?p=25258#breadcrumb\"},\"inLanguage\":\"pt-BR\",\"potentialAction\":[{\"@type\":\"ReadAction\",\"target\":[\"https:\\\/\\\/aconteceunovale.com.br\\\/portal\\\/?p=25258\"]}]},{\"@type\":\"ImageObject\",\"inLanguage\":\"pt-BR\",\"@id\":\"https:\\\/\\\/aconteceunovale.com.br\\\/portal\\\/?p=25258#primaryimage\",\"url\":\"https:\\\/\\\/aconteceunovale.com.br\\\/portal\\\/wp-content\\\/uploads\\\/2014\\\/03\\\/protesto_moc_31.jpg\",\"contentUrl\":\"https:\\\/\\\/aconteceunovale.com.br\\\/portal\\\/wp-content\\\/uploads\\\/2014\\\/03\\\/protesto_moc_31.jpg\",\"width\":600,\"height\":450},{\"@type\":\"BreadcrumbList\",\"@id\":\"https:\\\/\\\/aconteceunovale.com.br\\\/portal\\\/?p=25258#breadcrumb\",\"itemListElement\":[{\"@type\":\"ListItem\",\"position\":1,\"name\":\"In\u00edcio\",\"item\":\"https:\\\/\\\/aconteceunovale.com.br\\\/portal\\\/\"},{\"@type\":\"ListItem\",\"position\":2,\"name\":\"Moradores fecham LMG-653 em Montes Claros durante protesto\"}]},{\"@type\":\"WebSite\",\"@id\":\"https:\\\/\\\/aconteceunovale.com.br\\\/portal\\\/#website\",\"url\":\"https:\\\/\\\/aconteceunovale.com.br\\\/portal\\\/\",\"name\":\"Aconteceu no Vale\",\"description\":\"Portal de Not\u00edcias\",\"potentialAction\":[{\"@type\":\"SearchAction\",\"target\":{\"@type\":\"EntryPoint\",\"urlTemplate\":\"https:\\\/\\\/aconteceunovale.com.br\\\/portal\\\/?s={search_term_string}\"},\"query-input\":{\"@type\":\"PropertyValueSpecification\",\"valueRequired\":true,\"valueName\":\"search_term_string\"}}],\"inLanguage\":\"pt-BR\"},{\"@type\":\"Person\",\"@id\":\"https:\\\/\\\/aconteceunovale.com.br\\\/portal\\\/#\\\/schema\\\/person\\\/633529146f2c94272bef50ac2953d589\",\"name\":\"Aconteceu no Vale\",\"description\":\"Equipe de reportagem do Aconteceu no Vale, portal de not\u00edcias do Vale do Jequitinhonha, em Minas Gerais. Cobrimos as 51 cidades do Vale desde 2013. Sugest\u00f5es de pauta e pedidos de corre\u00e7\u00e3o: contato@aconteceunovale.com.br\",\"sameAs\":[\"http:\\\/\\\/www.aconteceunovale.com.br\"],\"url\":\"https:\\\/\\\/aconteceunovale.com.br\\\/portal\\\/?author=1\"}]}<\/script>\n<!-- \/ Yoast SEO plugin. -->","yoast_head_json":{"title":"Moradores fecham LMG-653 em Montes Claros durante protesto - Aconteceu no Vale","robots":{"index":"index","follow":"follow","max-snippet":"max-snippet:-1","max-image-preview":"max-image-preview:large","max-video-preview":"max-video-preview:-1"},"canonical":"https:\/\/aconteceunovale.com.br\/portal\/?p=25258","og_locale":"pt_BR","og_type":"article","og_title":"Moradores fecham LMG-653 em Montes Claros durante protesto - Aconteceu no Vale","og_description":"Moradores do Bairro Alterosa, em Montes Claros (MG) fecharam por cerca de duas horas a LMG-653, que liga as BRs 356 e 135, na manh\u00e3 desta segunda-feira (31). Eles afirmam que na sexta (28) funcion\u00e1rios da Prefeitura estiveram no local e derrubaram nove casas. \u201cEstava trabalhando quando me ligaram. Cheguei correndo e minha casa j\u00e1 [&hellip;]","og_url":"https:\/\/aconteceunovale.com.br\/portal\/?p=25258","og_site_name":"Aconteceu no Vale","article_publisher":"https:\/\/www.facebook.com\/aconteceunovale\/","article_published_time":"2014-03-31T16:45:20+00:00","og_image":[{"width":600,"height":450,"url":"https:\/\/aconteceunovale.com.br\/portal\/wp-content\/uploads\/2014\/03\/protesto_moc_31.jpg","type":"image\/jpeg"}],"author":"Aconteceu no Vale","twitter_card":"summary_large_image","twitter_creator":"@noticiadosvales","twitter_site":"@noticiadosvales","twitter_misc":{"Escrito por":"Aconteceu no Vale","Est. tempo de leitura":"2 minutos"},"schema":{"@context":"https:\/\/schema.org","@graph":[{"@type":"Article","@id":"https:\/\/aconteceunovale.com.br\/portal\/?p=25258#article","isPartOf":{"@id":"https:\/\/aconteceunovale.com.br\/portal\/?p=25258"},"author":{"name":"Aconteceu no Vale","@id":"https:\/\/aconteceunovale.com.br\/portal\/#\/schema\/person\/633529146f2c94272bef50ac2953d589"},"headline":"Moradores fecham LMG-653 em Montes Claros durante protesto","datePublished":"2014-03-31T16:45:20+00:00","mainEntityOfPage":{"@id":"https:\/\/aconteceunovale.com.br\/portal\/?p=25258"},"wordCount":351,"commentCount":0,"image":{"@id":"https:\/\/aconteceunovale.com.br\/portal\/?p=25258#primaryimage"},"thumbnailUrl":"https:\/\/aconteceunovale.com.br\/portal\/wp-content\/uploads\/2014\/03\/protesto_moc_31.jpg","keywords":["Montes Claros","Moradores fecham LMG-653 em Montes Claros durante protesto"],"articleSection":["Norte de Minas"],"inLanguage":"pt-BR","potentialAction":[{"@type":"CommentAction","name":"Comment","target":["https:\/\/aconteceunovale.com.br\/portal\/?p=25258#respond"]}]},{"@type":"WebPage","@id":"https:\/\/aconteceunovale.com.br\/portal\/?p=25258","url":"https:\/\/aconteceunovale.com.br\/portal\/?p=25258","name":"Moradores fecham LMG-653 em Montes Claros durante protesto - Aconteceu no Vale","isPartOf":{"@id":"https:\/\/aconteceunovale.com.br\/portal\/#website"},"primaryImageOfPage":{"@id":"https:\/\/aconteceunovale.com.br\/portal\/?p=25258#primaryimage"},"image":{"@id":"https:\/\/aconteceunovale.com.br\/portal\/?p=25258#primaryimage"},"thumbnailUrl":"https:\/\/aconteceunovale.com.br\/portal\/wp-content\/uploads\/2014\/03\/protesto_moc_31.jpg","datePublished":"2014-03-31T16:45:20+00:00","author":{"@id":"https:\/\/aconteceunovale.com.br\/portal\/#\/schema\/person\/633529146f2c94272bef50ac2953d589"},"breadcrumb":{"@id":"https:\/\/aconteceunovale.com.br\/portal\/?p=25258#breadcrumb"},"inLanguage":"pt-BR","potentialAction":[{"@type":"ReadAction","target":["https:\/\/aconteceunovale.com.br\/portal\/?p=25258"]}]},{"@type":"ImageObject","inLanguage":"pt-BR","@id":"https:\/\/aconteceunovale.com.br\/portal\/?p=25258#primaryimage","url":"https:\/\/aconteceunovale.com.br\/portal\/wp-content\/uploads\/2014\/03\/protesto_moc_31.jpg","contentUrl":"https:\/\/aconteceunovale.com.br\/portal\/wp-content\/uploads\/2014\/03\/protesto_moc_31.jpg","width":600,"height":450},{"@type":"BreadcrumbList","@id":"https:\/\/aconteceunovale.com.br\/portal\/?p=25258#breadcrumb","itemListElement":[{"@type":"ListItem","position":1,"name":"In\u00edcio","item":"https:\/\/aconteceunovale.com.br\/portal\/"},{"@type":"ListItem","position":2,"name":"Moradores fecham LMG-653 em Montes Claros durante protesto"}]},{"@type":"WebSite","@id":"https:\/\/aconteceunovale.com.br\/portal\/#website","url":"https:\/\/aconteceunovale.com.br\/portal\/","name":"Aconteceu no Vale","description":"Portal de Not\u00edcias","potentialAction":[{"@type":"SearchAction","target":{"@type":"EntryPoint","urlTemplate":"https:\/\/aconteceunovale.com.br\/portal\/?s={search_term_string}"},"query-input":{"@type":"PropertyValueSpecification","valueRequired":true,"valueName":"search_term_string"}}],"inLanguage":"pt-BR"},{"@type":"Person","@id":"https:\/\/aconteceunovale.com.br\/portal\/#\/schema\/person\/633529146f2c94272bef50ac2953d589","name":"Aconteceu no Vale","description":"Equipe de reportagem do Aconteceu no Vale, portal de not\u00edcias do Vale do Jequitinhonha, em Minas Gerais. Cobrimos as 51 cidades do Vale desde 2013. Sugest\u00f5es de pauta e pedidos de corre\u00e7\u00e3o: contato@aconteceunovale.com.br","sameAs":["http:\/\/www.aconteceunovale.com.br"],"url":"https:\/\/aconteceunovale.com.br\/portal\/?author=1"}]}},"_links":{"self":[{"href":"https:\/\/aconteceunovale.com.br\/portal\/index.php?rest_route=\/wp\/v2\/posts\/25258","targetHints":{"allow":["GET"]}}],"collection":[{"href":"https:\/\/aconteceunovale.com.br\/portal\/index.php?rest_route=\/wp\/v2\/posts"}],"about":[{"href":"https:\/\/aconteceunovale.com.br\/portal\/index.php?rest_route=\/wp\/v2\/types\/post"}],"author":[{"embeddable":true,"href":"https:\/\/aconteceunovale.com.br\/portal\/index.php?rest_route=\/wp\/v2\/users\/1"}],"replies":[{"embeddable":true,"href":"https:\/\/aconteceunovale.com.br\/portal\/index.php?rest_route=%2Fwp%2Fv2%2Fcomments&post=25258"}],"version-history":[{"count":0,"href":"https:\/\/aconteceunovale.com.br\/portal\/index.php?rest_route=\/wp\/v2\/posts\/25258\/revisions"}],"wp:featuredmedia":[{"embeddable":true,"href":"https:\/\/aconteceunovale.com.br\/portal\/index.php?rest_route=\/wp\/v2\/media\/25259"}],"wp:attachment":[{"href":"https:\/\/aconteceunovale.com.br\/portal\/index.php?rest_route=%2Fwp%2Fv2%2Fmedia&parent=25258"}],"wp:term":[{"taxonomy":"category","embeddable":true,"href":"https:\/\/aconteceunovale.com.br\/portal\/index.php?rest_route=%2Fwp%2Fv2%2Fcategories&post=25258"},{"taxonomy":"post_tag","embeddable":true,"href":"https:\/\/aconteceunovale.com.br\/portal\/index.php?rest_route=%2Fwp%2Fv2%2Ftags&post=25258"}],"curies":[{"name":"wp","href":"https:\/\/api.w.org\/{rel}","templated":true}]}}