{"id":25243,"date":"2014-03-31T11:56:46","date_gmt":"2014-03-31T14:56:46","guid":{"rendered":"http:\/\/aconteceunovale.com.br\/portal\/?p=25243"},"modified":"2014-03-31T11:56:46","modified_gmt":"2014-03-31T14:56:46","slug":"campanha-eu-nao-mereco-ser-estuprada-mobiliza-usuarios-do-facebook","status":"publish","type":"post","link":"https:\/\/aconteceunovale.com.br\/portal\/?p=25243","title":{"rendered":"Campanha \u201cEu n\u00e3o mere\u00e7o ser estuprada\u201d mobiliza usu\u00e1rios do Facebook"},"content":{"rendered":"<p>Ap\u00f3s a divulga\u00e7\u00e3o de uma pesquisa pol\u00eamica realizada por meio do Sistema de Indicadores de Percep\u00e7\u00e3o Social (Sips) do Instituto de Pesquisa Econ\u00f4mica Aplicada (Ipea), onde mais de 65% dos entrevistados concordam totalmente ou parcialmente que as mulheres que usam roupas que mostram o corpo merecem ser atacadas, uma campanha em protesto ao resultado movimento a rede social Facebook.<\/p>\n<p>Criado na noite da \u00faltima sexta-feira (28), o movimento \u201c<a href=\"https:\/\/www.facebook.com\/pages\/Eu-n\u00e3o-mere\u00e7o-ser-estuprada\/262686010579662\" target=\"_blank\">Eu n\u00e3o mere\u00e7o ser estuprada<\/a>\u201d pediu que mulheres tirassem fotos da cintura para cima com a mensagem que n\u00e3o mereciam ser estupradas. Muitas aderiram ao proteso e posaram nuas escrevendo em mensagem no pr\u00f3prio corpo. Al\u00e9m disso, a hashtag  #EuN\u00e3oMere\u00e7oSerEstuprada foi muito usada.<\/p>\n<p>Se por um lado a campanha foi positiva, por outro, a criadora da campanha, a  jornalista e escritora Nana Queiroz, contou ao \u201cBlog do Sakamoto\u201d que recebeu v\u00e1rias ofensas. Em algumas mensagens, os usu\u00e1rios amea\u00e7aram estupr\u00e1-la.<\/p>\n<p>Um homem chegou a postar uma mensagem confessando que j\u00e1 havia cometido estupro e afirmando que faria novamente. A jornalista informou que vai procurara a delegacia para prestar uma queixa.<\/p>\n<p><img decoding=\"async\" src=\"http:\/\/aconteceunovale.com.br\/portal\/wp-content\/uploads\/2014\/03\/campanha_nao_mereco_ser_estuprada_31.jpg\" alt=\"\" \/><\/p>\n","protected":false},"excerpt":{"rendered":"<p>Ap\u00f3s a divulga\u00e7\u00e3o de uma pesquisa pol\u00eamica realizada por meio do Sistema de Indicadores de Percep\u00e7\u00e3o Social (Sips) do Instituto de Pesquisa Econ\u00f4mica Aplicada (Ipea), onde mais de 65% dos entrevistados concordam totalmente ou parcialmente que as mulheres que usam roupas que mostram o corpo merecem ser atacadas, uma campanha em protesto ao resultado movimento [&hellip;]<\/p>\n","protected":false},"author":1,"featured_media":25244,"comment_status":"open","ping_status":"closed","sticky":false,"template":"","format":"standard","meta":{"amp_status":"","footnotes":""},"categories":[6],"tags":[6143,6140,6142,1018,6141],"class_list":["post-25243","post","type-post","status-publish","format-standard","has-post-thumbnail","hentry","category-br","tag-eunaomerecoserestuprada","tag-65-dos-homens-concordam-que-mulheres-que-usam-roupas-curtas-merecem-ser-estrupadas","tag-campanha-eu-nao-mereco-ser-estuprada","tag-destaque","tag-eu-nao-mereco-ser-estuprada"],"yoast_head":"<!-- This site is optimized with the Yoast SEO plugin v28.3 - https:\/\/yoast.com\/product\/yoast-seo-wordpress\/ -->\n<title>Campanha \u201cEu n\u00e3o mere\u00e7o ser estuprada\u201d mobiliza usu\u00e1rios do Facebook - Aconteceu no Vale<\/title>\n<meta name=\"robots\" content=\"index, follow, max-snippet:-1, max-image-preview:large, max-video-preview:-1\" \/>\n<link rel=\"canonical\" href=\"https:\/\/aconteceunovale.com.br\/portal\/?p=25243\" \/>\n<meta property=\"og:locale\" content=\"pt_BR\" \/>\n<meta property=\"og:type\" content=\"article\" \/>\n<meta property=\"og:title\" content=\"Campanha \u201cEu n\u00e3o mere\u00e7o ser estuprada\u201d mobiliza usu\u00e1rios do Facebook - Aconteceu no Vale\" \/>\n<meta property=\"og:description\" content=\"Ap\u00f3s a divulga\u00e7\u00e3o de uma pesquisa pol\u00eamica realizada por meio do Sistema de Indicadores de Percep\u00e7\u00e3o Social (Sips) do Instituto de Pesquisa Econ\u00f4mica Aplicada (Ipea), onde mais de 65% dos entrevistados concordam totalmente ou parcialmente que as mulheres que usam roupas que mostram o corpo merecem ser atacadas, uma campanha em protesto ao resultado movimento [&hellip;]\" \/>\n<meta property=\"og:url\" content=\"https:\/\/aconteceunovale.com.br\/portal\/?p=25243\" \/>\n<meta property=\"og:site_name\" content=\"Aconteceu no Vale\" \/>\n<meta property=\"article:publisher\" content=\"https:\/\/www.facebook.com\/aconteceunovale\/\" \/>\n<meta property=\"article:published_time\" content=\"2014-03-31T14:56:46+00:00\" \/>\n<meta property=\"og:image\" content=\"https:\/\/aconteceunovale.com.br\/portal\/wp-content\/uploads\/2014\/03\/campanha_nao_mereco_ser_estuprada_31.jpg\" \/>\n\t<meta property=\"og:image:width\" content=\"600\" \/>\n\t<meta property=\"og:image:height\" content=\"400\" \/>\n\t<meta property=\"og:image:type\" content=\"image\/jpeg\" \/>\n<meta name=\"author\" content=\"Aconteceu no Vale\" \/>\n<meta name=\"twitter:card\" content=\"summary_large_image\" \/>\n<meta name=\"twitter:creator\" content=\"@noticiadosvales\" \/>\n<meta name=\"twitter:site\" content=\"@noticiadosvales\" \/>\n<meta name=\"twitter:label1\" content=\"Escrito por\" \/>\n\t<meta name=\"twitter:data1\" content=\"Aconteceu no Vale\" \/>\n\t<meta name=\"twitter:label2\" content=\"Est. tempo de leitura\" \/>\n\t<meta name=\"twitter:data2\" content=\"1 minuto\" \/>\n<script type=\"application\/ld+json\" class=\"yoast-schema-graph\">{\"@context\":\"https:\\\/\\\/schema.org\",\"@graph\":[{\"@type\":\"Article\",\"@id\":\"https:\\\/\\\/aconteceunovale.com.br\\\/portal\\\/?p=25243#article\",\"isPartOf\":{\"@id\":\"https:\\\/\\\/aconteceunovale.com.br\\\/portal\\\/?p=25243\"},\"author\":{\"name\":\"Aconteceu no Vale\",\"@id\":\"https:\\\/\\\/aconteceunovale.com.br\\\/portal\\\/#\\\/schema\\\/person\\\/633529146f2c94272bef50ac2953d589\"},\"headline\":\"Campanha \u201cEu n\u00e3o mere\u00e7o ser estuprada\u201d mobiliza usu\u00e1rios do Facebook\",\"datePublished\":\"2014-03-31T14:56:46+00:00\",\"mainEntityOfPage\":{\"@id\":\"https:\\\/\\\/aconteceunovale.com.br\\\/portal\\\/?p=25243\"},\"wordCount\":204,\"commentCount\":0,\"image\":{\"@id\":\"https:\\\/\\\/aconteceunovale.com.br\\\/portal\\\/?p=25243#primaryimage\"},\"thumbnailUrl\":\"https:\\\/\\\/aconteceunovale.com.br\\\/portal\\\/wp-content\\\/uploads\\\/2014\\\/03\\\/campanha_nao_mereco_ser_estuprada_31.jpg\",\"keywords\":[\"#EuN\u00e3oMere\u00e7oSerEstuprada\",\"65% dos homens concordam que mulheres que usam roupas curtas merecem ser estrupadas\",\"campanha Eu n\u00e3o mere\u00e7o ser estuprada\",\"destaque\",\"Eu n\u00e3o mere\u00e7o ser estuprada\"],\"articleSection\":[\"Brasil\"],\"inLanguage\":\"pt-BR\",\"potentialAction\":[{\"@type\":\"CommentAction\",\"name\":\"Comment\",\"target\":[\"https:\\\/\\\/aconteceunovale.com.br\\\/portal\\\/?p=25243#respond\"]}]},{\"@type\":\"WebPage\",\"@id\":\"https:\\\/\\\/aconteceunovale.com.br\\\/portal\\\/?p=25243\",\"url\":\"https:\\\/\\\/aconteceunovale.com.br\\\/portal\\\/?p=25243\",\"name\":\"Campanha \u201cEu n\u00e3o mere\u00e7o ser estuprada\u201d mobiliza usu\u00e1rios do Facebook - Aconteceu no Vale\",\"isPartOf\":{\"@id\":\"https:\\\/\\\/aconteceunovale.com.br\\\/portal\\\/#website\"},\"primaryImageOfPage\":{\"@id\":\"https:\\\/\\\/aconteceunovale.com.br\\\/portal\\\/?p=25243#primaryimage\"},\"image\":{\"@id\":\"https:\\\/\\\/aconteceunovale.com.br\\\/portal\\\/?p=25243#primaryimage\"},\"thumbnailUrl\":\"https:\\\/\\\/aconteceunovale.com.br\\\/portal\\\/wp-content\\\/uploads\\\/2014\\\/03\\\/campanha_nao_mereco_ser_estuprada_31.jpg\",\"datePublished\":\"2014-03-31T14:56:46+00:00\",\"author\":{\"@id\":\"https:\\\/\\\/aconteceunovale.com.br\\\/portal\\\/#\\\/schema\\\/person\\\/633529146f2c94272bef50ac2953d589\"},\"breadcrumb\":{\"@id\":\"https:\\\/\\\/aconteceunovale.com.br\\\/portal\\\/?p=25243#breadcrumb\"},\"inLanguage\":\"pt-BR\",\"potentialAction\":[{\"@type\":\"ReadAction\",\"target\":[\"https:\\\/\\\/aconteceunovale.com.br\\\/portal\\\/?p=25243\"]}]},{\"@type\":\"ImageObject\",\"inLanguage\":\"pt-BR\",\"@id\":\"https:\\\/\\\/aconteceunovale.com.br\\\/portal\\\/?p=25243#primaryimage\",\"url\":\"https:\\\/\\\/aconteceunovale.com.br\\\/portal\\\/wp-content\\\/uploads\\\/2014\\\/03\\\/campanha_nao_mereco_ser_estuprada_31.jpg\",\"contentUrl\":\"https:\\\/\\\/aconteceunovale.com.br\\\/portal\\\/wp-content\\\/uploads\\\/2014\\\/03\\\/campanha_nao_mereco_ser_estuprada_31.jpg\",\"width\":600,\"height\":400},{\"@type\":\"BreadcrumbList\",\"@id\":\"https:\\\/\\\/aconteceunovale.com.br\\\/portal\\\/?p=25243#breadcrumb\",\"itemListElement\":[{\"@type\":\"ListItem\",\"position\":1,\"name\":\"In\u00edcio\",\"item\":\"https:\\\/\\\/aconteceunovale.com.br\\\/portal\\\/\"},{\"@type\":\"ListItem\",\"position\":2,\"name\":\"Campanha \u201cEu n\u00e3o mere\u00e7o ser estuprada\u201d mobiliza usu\u00e1rios do Facebook\"}]},{\"@type\":\"WebSite\",\"@id\":\"https:\\\/\\\/aconteceunovale.com.br\\\/portal\\\/#website\",\"url\":\"https:\\\/\\\/aconteceunovale.com.br\\\/portal\\\/\",\"name\":\"Aconteceu no Vale\",\"description\":\"Portal de Not\u00edcias\",\"potentialAction\":[{\"@type\":\"SearchAction\",\"target\":{\"@type\":\"EntryPoint\",\"urlTemplate\":\"https:\\\/\\\/aconteceunovale.com.br\\\/portal\\\/?s={search_term_string}\"},\"query-input\":{\"@type\":\"PropertyValueSpecification\",\"valueRequired\":true,\"valueName\":\"search_term_string\"}}],\"inLanguage\":\"pt-BR\"},{\"@type\":\"Person\",\"@id\":\"https:\\\/\\\/aconteceunovale.com.br\\\/portal\\\/#\\\/schema\\\/person\\\/633529146f2c94272bef50ac2953d589\",\"name\":\"Aconteceu no Vale\",\"description\":\"Equipe de reportagem do Aconteceu no Vale, portal de not\u00edcias do Vale do Jequitinhonha, em Minas Gerais. Cobrimos as 51 cidades do Vale desde 2013. Sugest\u00f5es de pauta e pedidos de corre\u00e7\u00e3o: contato@aconteceunovale.com.br\",\"sameAs\":[\"http:\\\/\\\/www.aconteceunovale.com.br\"],\"url\":\"https:\\\/\\\/aconteceunovale.com.br\\\/portal\\\/?author=1\"}]}<\/script>\n<!-- \/ Yoast SEO plugin. -->","yoast_head_json":{"title":"Campanha \u201cEu n\u00e3o mere\u00e7o ser estuprada\u201d mobiliza usu\u00e1rios do Facebook - Aconteceu no Vale","robots":{"index":"index","follow":"follow","max-snippet":"max-snippet:-1","max-image-preview":"max-image-preview:large","max-video-preview":"max-video-preview:-1"},"canonical":"https:\/\/aconteceunovale.com.br\/portal\/?p=25243","og_locale":"pt_BR","og_type":"article","og_title":"Campanha \u201cEu n\u00e3o mere\u00e7o ser estuprada\u201d mobiliza usu\u00e1rios do Facebook - Aconteceu no Vale","og_description":"Ap\u00f3s a divulga\u00e7\u00e3o de uma pesquisa pol\u00eamica realizada por meio do Sistema de Indicadores de Percep\u00e7\u00e3o Social (Sips) do Instituto de Pesquisa Econ\u00f4mica Aplicada (Ipea), onde mais de 65% dos entrevistados concordam totalmente ou parcialmente que as mulheres que usam roupas que mostram o corpo merecem ser atacadas, uma campanha em protesto ao resultado movimento [&hellip;]","og_url":"https:\/\/aconteceunovale.com.br\/portal\/?p=25243","og_site_name":"Aconteceu no Vale","article_publisher":"https:\/\/www.facebook.com\/aconteceunovale\/","article_published_time":"2014-03-31T14:56:46+00:00","og_image":[{"width":600,"height":400,"url":"https:\/\/aconteceunovale.com.br\/portal\/wp-content\/uploads\/2014\/03\/campanha_nao_mereco_ser_estuprada_31.jpg","type":"image\/jpeg"}],"author":"Aconteceu no Vale","twitter_card":"summary_large_image","twitter_creator":"@noticiadosvales","twitter_site":"@noticiadosvales","twitter_misc":{"Escrito por":"Aconteceu no Vale","Est. tempo de leitura":"1 minuto"},"schema":{"@context":"https:\/\/schema.org","@graph":[{"@type":"Article","@id":"https:\/\/aconteceunovale.com.br\/portal\/?p=25243#article","isPartOf":{"@id":"https:\/\/aconteceunovale.com.br\/portal\/?p=25243"},"author":{"name":"Aconteceu no Vale","@id":"https:\/\/aconteceunovale.com.br\/portal\/#\/schema\/person\/633529146f2c94272bef50ac2953d589"},"headline":"Campanha \u201cEu n\u00e3o mere\u00e7o ser estuprada\u201d mobiliza usu\u00e1rios do Facebook","datePublished":"2014-03-31T14:56:46+00:00","mainEntityOfPage":{"@id":"https:\/\/aconteceunovale.com.br\/portal\/?p=25243"},"wordCount":204,"commentCount":0,"image":{"@id":"https:\/\/aconteceunovale.com.br\/portal\/?p=25243#primaryimage"},"thumbnailUrl":"https:\/\/aconteceunovale.com.br\/portal\/wp-content\/uploads\/2014\/03\/campanha_nao_mereco_ser_estuprada_31.jpg","keywords":["#EuN\u00e3oMere\u00e7oSerEstuprada","65% dos homens concordam que mulheres que usam roupas curtas merecem ser estrupadas","campanha Eu n\u00e3o mere\u00e7o ser estuprada","destaque","Eu n\u00e3o mere\u00e7o ser estuprada"],"articleSection":["Brasil"],"inLanguage":"pt-BR","potentialAction":[{"@type":"CommentAction","name":"Comment","target":["https:\/\/aconteceunovale.com.br\/portal\/?p=25243#respond"]}]},{"@type":"WebPage","@id":"https:\/\/aconteceunovale.com.br\/portal\/?p=25243","url":"https:\/\/aconteceunovale.com.br\/portal\/?p=25243","name":"Campanha \u201cEu n\u00e3o mere\u00e7o ser estuprada\u201d mobiliza usu\u00e1rios do Facebook - Aconteceu no Vale","isPartOf":{"@id":"https:\/\/aconteceunovale.com.br\/portal\/#website"},"primaryImageOfPage":{"@id":"https:\/\/aconteceunovale.com.br\/portal\/?p=25243#primaryimage"},"image":{"@id":"https:\/\/aconteceunovale.com.br\/portal\/?p=25243#primaryimage"},"thumbnailUrl":"https:\/\/aconteceunovale.com.br\/portal\/wp-content\/uploads\/2014\/03\/campanha_nao_mereco_ser_estuprada_31.jpg","datePublished":"2014-03-31T14:56:46+00:00","author":{"@id":"https:\/\/aconteceunovale.com.br\/portal\/#\/schema\/person\/633529146f2c94272bef50ac2953d589"},"breadcrumb":{"@id":"https:\/\/aconteceunovale.com.br\/portal\/?p=25243#breadcrumb"},"inLanguage":"pt-BR","potentialAction":[{"@type":"ReadAction","target":["https:\/\/aconteceunovale.com.br\/portal\/?p=25243"]}]},{"@type":"ImageObject","inLanguage":"pt-BR","@id":"https:\/\/aconteceunovale.com.br\/portal\/?p=25243#primaryimage","url":"https:\/\/aconteceunovale.com.br\/portal\/wp-content\/uploads\/2014\/03\/campanha_nao_mereco_ser_estuprada_31.jpg","contentUrl":"https:\/\/aconteceunovale.com.br\/portal\/wp-content\/uploads\/2014\/03\/campanha_nao_mereco_ser_estuprada_31.jpg","width":600,"height":400},{"@type":"BreadcrumbList","@id":"https:\/\/aconteceunovale.com.br\/portal\/?p=25243#breadcrumb","itemListElement":[{"@type":"ListItem","position":1,"name":"In\u00edcio","item":"https:\/\/aconteceunovale.com.br\/portal\/"},{"@type":"ListItem","position":2,"name":"Campanha \u201cEu n\u00e3o mere\u00e7o ser estuprada\u201d mobiliza usu\u00e1rios do Facebook"}]},{"@type":"WebSite","@id":"https:\/\/aconteceunovale.com.br\/portal\/#website","url":"https:\/\/aconteceunovale.com.br\/portal\/","name":"Aconteceu no Vale","description":"Portal de Not\u00edcias","potentialAction":[{"@type":"SearchAction","target":{"@type":"EntryPoint","urlTemplate":"https:\/\/aconteceunovale.com.br\/portal\/?s={search_term_string}"},"query-input":{"@type":"PropertyValueSpecification","valueRequired":true,"valueName":"search_term_string"}}],"inLanguage":"pt-BR"},{"@type":"Person","@id":"https:\/\/aconteceunovale.com.br\/portal\/#\/schema\/person\/633529146f2c94272bef50ac2953d589","name":"Aconteceu no Vale","description":"Equipe de reportagem do Aconteceu no Vale, portal de not\u00edcias do Vale do Jequitinhonha, em Minas Gerais. Cobrimos as 51 cidades do Vale desde 2013. Sugest\u00f5es de pauta e pedidos de corre\u00e7\u00e3o: contato@aconteceunovale.com.br","sameAs":["http:\/\/www.aconteceunovale.com.br"],"url":"https:\/\/aconteceunovale.com.br\/portal\/?author=1"}]}},"_links":{"self":[{"href":"https:\/\/aconteceunovale.com.br\/portal\/index.php?rest_route=\/wp\/v2\/posts\/25243","targetHints":{"allow":["GET"]}}],"collection":[{"href":"https:\/\/aconteceunovale.com.br\/portal\/index.php?rest_route=\/wp\/v2\/posts"}],"about":[{"href":"https:\/\/aconteceunovale.com.br\/portal\/index.php?rest_route=\/wp\/v2\/types\/post"}],"author":[{"embeddable":true,"href":"https:\/\/aconteceunovale.com.br\/portal\/index.php?rest_route=\/wp\/v2\/users\/1"}],"replies":[{"embeddable":true,"href":"https:\/\/aconteceunovale.com.br\/portal\/index.php?rest_route=%2Fwp%2Fv2%2Fcomments&post=25243"}],"version-history":[{"count":0,"href":"https:\/\/aconteceunovale.com.br\/portal\/index.php?rest_route=\/wp\/v2\/posts\/25243\/revisions"}],"wp:featuredmedia":[{"embeddable":true,"href":"https:\/\/aconteceunovale.com.br\/portal\/index.php?rest_route=\/wp\/v2\/media\/25244"}],"wp:attachment":[{"href":"https:\/\/aconteceunovale.com.br\/portal\/index.php?rest_route=%2Fwp%2Fv2%2Fmedia&parent=25243"}],"wp:term":[{"taxonomy":"category","embeddable":true,"href":"https:\/\/aconteceunovale.com.br\/portal\/index.php?rest_route=%2Fwp%2Fv2%2Fcategories&post=25243"},{"taxonomy":"post_tag","embeddable":true,"href":"https:\/\/aconteceunovale.com.br\/portal\/index.php?rest_route=%2Fwp%2Fv2%2Ftags&post=25243"}],"curies":[{"name":"wp","href":"https:\/\/api.w.org\/{rel}","templated":true}]}}