{"id":25236,"date":"2014-03-31T10:41:18","date_gmt":"2014-03-31T13:41:18","guid":{"rendered":"http:\/\/aconteceunovale.com.br\/portal\/?p=25236"},"modified":"2026-09-02T12:28:15","modified_gmt":"2026-09-02T15:28:15","slug":"homem-morre-apos-pular-de-torre-em-bandeira","status":"publish","type":"post","link":"https:\/\/aconteceunovale.com.br\/portal\/?p=25236","title":{"rendered":"Homem morre ap\u00f3s pular de torre em Bandeira"},"content":{"rendered":"<p>Um homem de 26 anos cometeu o suic\u00eddio na tarde deste domingo, 30 de mar\u00e7o, em Bandeira, no Vale do Jequitinhonha. <\/p>\n<p>De acordo com informa\u00e7\u00f5es da Pol\u00edcia Militar, a corpora\u00e7\u00e3o foi acionada por volta das 15 horas e 45 minutos por populares informando que Fabr\u00edcio Batista Soares teria pulado de uma torre de telefonia com aproximadamente 30 metros de Altura, localizada na Fazenda Serra Azul, na Zona Rural do munic\u00edpio.<\/p>\n<p>Ao chegar ao local os militares constataram a morte do rapaz. O local foi isolado e o corpo liberado para uma funer\u00e1ria de Almenara que removeu o corpo para que o mesmo fosse necropsiados.<\/p>\n<p>O jovem era morador da Rua Beliz\u00e1rio Amaral, no Centro de Bandeira. De acordo com familiares, a v\u00edtima estava com problemas psicol\u00f3gicos e j\u00e1 havia tentado o suic\u00eddio anteriormente.<\/p>\n","protected":false},"excerpt":{"rendered":"<p>Um homem de 26 anos cometeu o suic\u00eddio na tarde deste domingo, 30 de mar\u00e7o, em Bandeira, no Vale do Jequitinhonha. De acordo com informa\u00e7\u00f5es da Pol\u00edcia Militar, a corpora\u00e7\u00e3o foi acionada por volta das 15 horas e 45 minutos por populares informando que Fabr\u00edcio Batista Soares teria pulado de uma torre de telefonia com [&hellip;]<\/p>\n","protected":false},"author":1,"featured_media":13667,"comment_status":"open","ping_status":"closed","sticky":false,"template":"","format":"standard","meta":{"amp_status":"","footnotes":""},"categories":[272532,120],"tags":[353,6136],"class_list":["post-25236","post","type-post","status-publish","format-standard","has-post-thumbnail","hentry","category-bandeira","category-jequi","tag-bandeira","tag-homem-morre-apos-pular-de-torre-em-bandeira"],"yoast_head":"<!-- This site is optimized with the Yoast SEO plugin v28.3 - https:\/\/yoast.com\/product\/yoast-seo-wordpress\/ -->\n<title>Homem morre ap\u00f3s pular de torre em Bandeira - Aconteceu no Vale<\/title>\n<meta name=\"robots\" content=\"index, follow, max-snippet:-1, max-image-preview:large, max-video-preview:-1\" \/>\n<link rel=\"canonical\" href=\"https:\/\/aconteceunovale.com.br\/portal\/?p=25236\" \/>\n<meta property=\"og:locale\" content=\"pt_BR\" \/>\n<meta property=\"og:type\" content=\"article\" \/>\n<meta property=\"og:title\" content=\"Homem morre ap\u00f3s pular de torre em Bandeira - Aconteceu no Vale\" \/>\n<meta property=\"og:description\" content=\"Um homem de 26 anos cometeu o suic\u00eddio na tarde deste domingo, 30 de mar\u00e7o, em Bandeira, no Vale do Jequitinhonha. De acordo com informa\u00e7\u00f5es da Pol\u00edcia Militar, a corpora\u00e7\u00e3o foi acionada por volta das 15 horas e 45 minutos por populares informando que Fabr\u00edcio Batista Soares teria pulado de uma torre de telefonia com [&hellip;]\" \/>\n<meta property=\"og:url\" content=\"https:\/\/aconteceunovale.com.br\/portal\/?p=25236\" \/>\n<meta property=\"og:site_name\" content=\"Aconteceu no Vale\" \/>\n<meta property=\"article:publisher\" content=\"https:\/\/www.facebook.com\/aconteceunovale\/\" \/>\n<meta property=\"article:published_time\" content=\"2014-03-31T13:41:18+00:00\" \/>\n<meta property=\"article:modified_time\" content=\"2026-09-02T15:28:15+00:00\" \/>\n<meta property=\"og:image\" content=\"https:\/\/aconteceunovale.com.br\/portal\/wp-content\/uploads\/2013\/11\/plantao.jpg\" \/>\n\t<meta property=\"og:image:width\" content=\"625\" \/>\n\t<meta property=\"og:image:height\" content=\"330\" \/>\n\t<meta property=\"og:image:type\" content=\"image\/jpeg\" \/>\n<meta name=\"author\" content=\"Aconteceu no Vale\" \/>\n<meta name=\"twitter:card\" content=\"summary_large_image\" \/>\n<meta name=\"twitter:creator\" content=\"@noticiadosvales\" \/>\n<meta name=\"twitter:site\" content=\"@noticiadosvales\" \/>\n<meta name=\"twitter:label1\" content=\"Escrito por\" \/>\n\t<meta name=\"twitter:data1\" content=\"Aconteceu no Vale\" \/>\n\t<meta name=\"twitter:label2\" content=\"Est. tempo de leitura\" \/>\n\t<meta name=\"twitter:data2\" content=\"1 minuto\" \/>\n<script type=\"application\/ld+json\" class=\"yoast-schema-graph\">{\"@context\":\"https:\\\/\\\/schema.org\",\"@graph\":[{\"@type\":\"Article\",\"@id\":\"https:\\\/\\\/aconteceunovale.com.br\\\/portal\\\/?p=25236#article\",\"isPartOf\":{\"@id\":\"https:\\\/\\\/aconteceunovale.com.br\\\/portal\\\/?p=25236\"},\"author\":{\"name\":\"Aconteceu no Vale\",\"@id\":\"https:\\\/\\\/aconteceunovale.com.br\\\/portal\\\/#\\\/schema\\\/person\\\/633529146f2c94272bef50ac2953d589\"},\"headline\":\"Homem morre ap\u00f3s pular de torre em Bandeira\",\"datePublished\":\"2014-03-31T13:41:18+00:00\",\"dateModified\":\"2026-09-02T15:28:15+00:00\",\"mainEntityOfPage\":{\"@id\":\"https:\\\/\\\/aconteceunovale.com.br\\\/portal\\\/?p=25236\"},\"wordCount\":149,\"commentCount\":0,\"image\":{\"@id\":\"https:\\\/\\\/aconteceunovale.com.br\\\/portal\\\/?p=25236#primaryimage\"},\"thumbnailUrl\":\"https:\\\/\\\/aconteceunovale.com.br\\\/portal\\\/wp-content\\\/uploads\\\/2013\\\/11\\\/plantao.jpg\",\"keywords\":[\"Bandeira\",\"Homem morre ap\u00f3s pular de torre em Bandeira\"],\"articleSection\":[\"Bandeira\",\"Vale do Jequitinhonha\"],\"inLanguage\":\"pt-BR\",\"potentialAction\":[{\"@type\":\"CommentAction\",\"name\":\"Comment\",\"target\":[\"https:\\\/\\\/aconteceunovale.com.br\\\/portal\\\/?p=25236#respond\"]}]},{\"@type\":\"WebPage\",\"@id\":\"https:\\\/\\\/aconteceunovale.com.br\\\/portal\\\/?p=25236\",\"url\":\"https:\\\/\\\/aconteceunovale.com.br\\\/portal\\\/?p=25236\",\"name\":\"Homem morre ap\u00f3s pular de torre em Bandeira - Aconteceu no Vale\",\"isPartOf\":{\"@id\":\"https:\\\/\\\/aconteceunovale.com.br\\\/portal\\\/#website\"},\"primaryImageOfPage\":{\"@id\":\"https:\\\/\\\/aconteceunovale.com.br\\\/portal\\\/?p=25236#primaryimage\"},\"image\":{\"@id\":\"https:\\\/\\\/aconteceunovale.com.br\\\/portal\\\/?p=25236#primaryimage\"},\"thumbnailUrl\":\"https:\\\/\\\/aconteceunovale.com.br\\\/portal\\\/wp-content\\\/uploads\\\/2013\\\/11\\\/plantao.jpg\",\"datePublished\":\"2014-03-31T13:41:18+00:00\",\"dateModified\":\"2026-09-02T15:28:15+00:00\",\"author\":{\"@id\":\"https:\\\/\\\/aconteceunovale.com.br\\\/portal\\\/#\\\/schema\\\/person\\\/633529146f2c94272bef50ac2953d589\"},\"breadcrumb\":{\"@id\":\"https:\\\/\\\/aconteceunovale.com.br\\\/portal\\\/?p=25236#breadcrumb\"},\"inLanguage\":\"pt-BR\",\"potentialAction\":[{\"@type\":\"ReadAction\",\"target\":[\"https:\\\/\\\/aconteceunovale.com.br\\\/portal\\\/?p=25236\"]}]},{\"@type\":\"ImageObject\",\"inLanguage\":\"pt-BR\",\"@id\":\"https:\\\/\\\/aconteceunovale.com.br\\\/portal\\\/?p=25236#primaryimage\",\"url\":\"https:\\\/\\\/aconteceunovale.com.br\\\/portal\\\/wp-content\\\/uploads\\\/2013\\\/11\\\/plantao.jpg\",\"contentUrl\":\"https:\\\/\\\/aconteceunovale.com.br\\\/portal\\\/wp-content\\\/uploads\\\/2013\\\/11\\\/plantao.jpg\",\"width\":625,\"height\":330},{\"@type\":\"BreadcrumbList\",\"@id\":\"https:\\\/\\\/aconteceunovale.com.br\\\/portal\\\/?p=25236#breadcrumb\",\"itemListElement\":[{\"@type\":\"ListItem\",\"position\":1,\"name\":\"In\u00edcio\",\"item\":\"https:\\\/\\\/aconteceunovale.com.br\\\/portal\\\/\"},{\"@type\":\"ListItem\",\"position\":2,\"name\":\"Homem morre ap\u00f3s pular de torre em Bandeira\"}]},{\"@type\":\"WebSite\",\"@id\":\"https:\\\/\\\/aconteceunovale.com.br\\\/portal\\\/#website\",\"url\":\"https:\\\/\\\/aconteceunovale.com.br\\\/portal\\\/\",\"name\":\"Aconteceu no Vale\",\"description\":\"Portal de Not\u00edcias\",\"potentialAction\":[{\"@type\":\"SearchAction\",\"target\":{\"@type\":\"EntryPoint\",\"urlTemplate\":\"https:\\\/\\\/aconteceunovale.com.br\\\/portal\\\/?s={search_term_string}\"},\"query-input\":{\"@type\":\"PropertyValueSpecification\",\"valueRequired\":true,\"valueName\":\"search_term_string\"}}],\"inLanguage\":\"pt-BR\"},{\"@type\":\"Person\",\"@id\":\"https:\\\/\\\/aconteceunovale.com.br\\\/portal\\\/#\\\/schema\\\/person\\\/633529146f2c94272bef50ac2953d589\",\"name\":\"Aconteceu no Vale\",\"description\":\"Equipe de reportagem do Aconteceu no Vale, portal de not\u00edcias do Vale do Jequitinhonha, em Minas Gerais. Cobrimos as 51 cidades do Vale desde 2013. Sugest\u00f5es de pauta e pedidos de corre\u00e7\u00e3o: contato@aconteceunovale.com.br\",\"sameAs\":[\"http:\\\/\\\/www.aconteceunovale.com.br\"],\"url\":\"https:\\\/\\\/aconteceunovale.com.br\\\/portal\\\/?author=1\"}]}<\/script>\n<!-- \/ Yoast SEO plugin. -->","yoast_head_json":{"title":"Homem morre ap\u00f3s pular de torre em Bandeira - Aconteceu no Vale","robots":{"index":"index","follow":"follow","max-snippet":"max-snippet:-1","max-image-preview":"max-image-preview:large","max-video-preview":"max-video-preview:-1"},"canonical":"https:\/\/aconteceunovale.com.br\/portal\/?p=25236","og_locale":"pt_BR","og_type":"article","og_title":"Homem morre ap\u00f3s pular de torre em Bandeira - Aconteceu no Vale","og_description":"Um homem de 26 anos cometeu o suic\u00eddio na tarde deste domingo, 30 de mar\u00e7o, em Bandeira, no Vale do Jequitinhonha. De acordo com informa\u00e7\u00f5es da Pol\u00edcia Militar, a corpora\u00e7\u00e3o foi acionada por volta das 15 horas e 45 minutos por populares informando que Fabr\u00edcio Batista Soares teria pulado de uma torre de telefonia com [&hellip;]","og_url":"https:\/\/aconteceunovale.com.br\/portal\/?p=25236","og_site_name":"Aconteceu no Vale","article_publisher":"https:\/\/www.facebook.com\/aconteceunovale\/","article_published_time":"2014-03-31T13:41:18+00:00","article_modified_time":"2026-09-02T15:28:15+00:00","og_image":[{"width":625,"height":330,"url":"https:\/\/aconteceunovale.com.br\/portal\/wp-content\/uploads\/2013\/11\/plantao.jpg","type":"image\/jpeg"}],"author":"Aconteceu no Vale","twitter_card":"summary_large_image","twitter_creator":"@noticiadosvales","twitter_site":"@noticiadosvales","twitter_misc":{"Escrito por":"Aconteceu no Vale","Est. tempo de leitura":"1 minuto"},"schema":{"@context":"https:\/\/schema.org","@graph":[{"@type":"Article","@id":"https:\/\/aconteceunovale.com.br\/portal\/?p=25236#article","isPartOf":{"@id":"https:\/\/aconteceunovale.com.br\/portal\/?p=25236"},"author":{"name":"Aconteceu no Vale","@id":"https:\/\/aconteceunovale.com.br\/portal\/#\/schema\/person\/633529146f2c94272bef50ac2953d589"},"headline":"Homem morre ap\u00f3s pular de torre em Bandeira","datePublished":"2014-03-31T13:41:18+00:00","dateModified":"2026-09-02T15:28:15+00:00","mainEntityOfPage":{"@id":"https:\/\/aconteceunovale.com.br\/portal\/?p=25236"},"wordCount":149,"commentCount":0,"image":{"@id":"https:\/\/aconteceunovale.com.br\/portal\/?p=25236#primaryimage"},"thumbnailUrl":"https:\/\/aconteceunovale.com.br\/portal\/wp-content\/uploads\/2013\/11\/plantao.jpg","keywords":["Bandeira","Homem morre ap\u00f3s pular de torre em Bandeira"],"articleSection":["Bandeira","Vale do Jequitinhonha"],"inLanguage":"pt-BR","potentialAction":[{"@type":"CommentAction","name":"Comment","target":["https:\/\/aconteceunovale.com.br\/portal\/?p=25236#respond"]}]},{"@type":"WebPage","@id":"https:\/\/aconteceunovale.com.br\/portal\/?p=25236","url":"https:\/\/aconteceunovale.com.br\/portal\/?p=25236","name":"Homem morre ap\u00f3s pular de torre em Bandeira - Aconteceu no Vale","isPartOf":{"@id":"https:\/\/aconteceunovale.com.br\/portal\/#website"},"primaryImageOfPage":{"@id":"https:\/\/aconteceunovale.com.br\/portal\/?p=25236#primaryimage"},"image":{"@id":"https:\/\/aconteceunovale.com.br\/portal\/?p=25236#primaryimage"},"thumbnailUrl":"https:\/\/aconteceunovale.com.br\/portal\/wp-content\/uploads\/2013\/11\/plantao.jpg","datePublished":"2014-03-31T13:41:18+00:00","dateModified":"2026-09-02T15:28:15+00:00","author":{"@id":"https:\/\/aconteceunovale.com.br\/portal\/#\/schema\/person\/633529146f2c94272bef50ac2953d589"},"breadcrumb":{"@id":"https:\/\/aconteceunovale.com.br\/portal\/?p=25236#breadcrumb"},"inLanguage":"pt-BR","potentialAction":[{"@type":"ReadAction","target":["https:\/\/aconteceunovale.com.br\/portal\/?p=25236"]}]},{"@type":"ImageObject","inLanguage":"pt-BR","@id":"https:\/\/aconteceunovale.com.br\/portal\/?p=25236#primaryimage","url":"https:\/\/aconteceunovale.com.br\/portal\/wp-content\/uploads\/2013\/11\/plantao.jpg","contentUrl":"https:\/\/aconteceunovale.com.br\/portal\/wp-content\/uploads\/2013\/11\/plantao.jpg","width":625,"height":330},{"@type":"BreadcrumbList","@id":"https:\/\/aconteceunovale.com.br\/portal\/?p=25236#breadcrumb","itemListElement":[{"@type":"ListItem","position":1,"name":"In\u00edcio","item":"https:\/\/aconteceunovale.com.br\/portal\/"},{"@type":"ListItem","position":2,"name":"Homem morre ap\u00f3s pular de torre em Bandeira"}]},{"@type":"WebSite","@id":"https:\/\/aconteceunovale.com.br\/portal\/#website","url":"https:\/\/aconteceunovale.com.br\/portal\/","name":"Aconteceu no Vale","description":"Portal de Not\u00edcias","potentialAction":[{"@type":"SearchAction","target":{"@type":"EntryPoint","urlTemplate":"https:\/\/aconteceunovale.com.br\/portal\/?s={search_term_string}"},"query-input":{"@type":"PropertyValueSpecification","valueRequired":true,"valueName":"search_term_string"}}],"inLanguage":"pt-BR"},{"@type":"Person","@id":"https:\/\/aconteceunovale.com.br\/portal\/#\/schema\/person\/633529146f2c94272bef50ac2953d589","name":"Aconteceu no Vale","description":"Equipe de reportagem do Aconteceu no Vale, portal de not\u00edcias do Vale do Jequitinhonha, em Minas Gerais. Cobrimos as 51 cidades do Vale desde 2013. Sugest\u00f5es de pauta e pedidos de corre\u00e7\u00e3o: contato@aconteceunovale.com.br","sameAs":["http:\/\/www.aconteceunovale.com.br"],"url":"https:\/\/aconteceunovale.com.br\/portal\/?author=1"}]}},"_links":{"self":[{"href":"https:\/\/aconteceunovale.com.br\/portal\/index.php?rest_route=\/wp\/v2\/posts\/25236","targetHints":{"allow":["GET"]}}],"collection":[{"href":"https:\/\/aconteceunovale.com.br\/portal\/index.php?rest_route=\/wp\/v2\/posts"}],"about":[{"href":"https:\/\/aconteceunovale.com.br\/portal\/index.php?rest_route=\/wp\/v2\/types\/post"}],"author":[{"embeddable":true,"href":"https:\/\/aconteceunovale.com.br\/portal\/index.php?rest_route=\/wp\/v2\/users\/1"}],"replies":[{"embeddable":true,"href":"https:\/\/aconteceunovale.com.br\/portal\/index.php?rest_route=%2Fwp%2Fv2%2Fcomments&post=25236"}],"version-history":[{"count":1,"href":"https:\/\/aconteceunovale.com.br\/portal\/index.php?rest_route=\/wp\/v2\/posts\/25236\/revisions"}],"predecessor-version":[{"id":200003,"href":"https:\/\/aconteceunovale.com.br\/portal\/index.php?rest_route=\/wp\/v2\/posts\/25236\/revisions\/200003"}],"wp:featuredmedia":[{"embeddable":true,"href":"https:\/\/aconteceunovale.com.br\/portal\/index.php?rest_route=\/wp\/v2\/media\/13667"}],"wp:attachment":[{"href":"https:\/\/aconteceunovale.com.br\/portal\/index.php?rest_route=%2Fwp%2Fv2%2Fmedia&parent=25236"}],"wp:term":[{"taxonomy":"category","embeddable":true,"href":"https:\/\/aconteceunovale.com.br\/portal\/index.php?rest_route=%2Fwp%2Fv2%2Fcategories&post=25236"},{"taxonomy":"post_tag","embeddable":true,"href":"https:\/\/aconteceunovale.com.br\/portal\/index.php?rest_route=%2Fwp%2Fv2%2Ftags&post=25236"}],"curies":[{"name":"wp","href":"https:\/\/api.w.org\/{rel}","templated":true}]}}