{"id":25233,"date":"2014-03-31T10:30:09","date_gmt":"2014-03-31T13:30:09","guid":{"rendered":"http:\/\/aconteceunovale.com.br\/portal\/?p=25233"},"modified":"2014-03-31T10:30:09","modified_gmt":"2014-03-31T13:30:09","slug":"50-anos-do-golpe-militar","status":"publish","type":"post","link":"https:\/\/aconteceunovale.com.br\/portal\/?p=25233","title":{"rendered":"50 anos do golpe militar"},"content":{"rendered":"<p>Rememora-se hoje o in\u00edcio do golpe militar que derrubou o governo Jo\u00e3o Goulart, h\u00e1 50 anos. Por causa do n\u00famero redondo, que marca a metade de um s\u00e9culo, a data nunca foi t\u00e3o lembrada. \u00c9 um bom momento para se pensar o passado desta Na\u00e7\u00e3o, com a mente voltada para o futuro.<\/p>\n<p>Do passado, vale reconhecer que a ditadura que se seguiu ao golpe n\u00e3o foi uma exclusividade das For\u00e7as Armadas. Em sua g\u00eanese se encontravam pol\u00edticos, empres\u00e1rios, jornais \u2013 todos civis. Entre os jornais mais influentes na \u00e9poca, apenas \u201c\u00daltima Hora\u201d, que nasceu na d\u00e9cada anterior com apoio do ent\u00e3o presidente Get\u00falio Vargas \u2013 do qual Goulart foi ministro do Trabalho \u2013, se op\u00f4s \u00e0 derrubada do governo. <\/p>\n<p>Somente depois, quando ficou claro que em vez de democracia o pa\u00eds caminhava para uma feroz ditadura, o \u201cCorreio da Manh\u00e3\u201d, que pagou caro pela ousadia, saiu em oposi\u00e7\u00e3o ao novo regime. E o mais importante jornal paulista na \u00e9poca, \u201cO Estado de S. Paulo\u201d, um dos mais influentes na prepara\u00e7\u00e3o do golpe, s\u00f3 passou a atuar em oposi\u00e7\u00e3o \u00e0 ditadura na d\u00e9cada de 1970, depois do AI-5. Ele exp\u00f4s a censura \u00e0 imprensa, ao publicar poemas no espa\u00e7o deixado em branco por not\u00edcias censuradas. N\u00e3o foi imitado por nenhum outro.<\/p>\n<p>Entre as muitas entrevistas sobre o assunto, um destaque neste fim de semana foi a do historiador Daniel Aar\u00e3o Reis, professor da Universidade Federal Fluminense, que acaba de lan\u00e7ar o livro \u201cDitadura e Democracia no Brasil\u201d, pela editora Zahar. Em entrevista publicada s\u00e1bado pela \u201cFolha de S. Paulo\u201d, Reis critica: falar em ditadura militar esconde a participa\u00e7\u00e3o de civis no golpe e no regime instalado em 1964. <\/p>\n<p>O historiador integrava, aos 24 anos, o comando da Dissid\u00eancia Universit\u00e1ria da Guanabara. Ele foi preso em1970 e passou 50 dias muito duros no DOI-Codi, onde foi torturado. Em seguida, foi mandado para a Ilha Grande. Tr\u00eas meses e meio depois da pris\u00e3o, foi colocado na lista dos 40 presos trocados pelo embaixador alem\u00e3o Ehrenfried Von Holleben, que fora sequestrado pela luta armada em junho de1970. Os presos libertados foram levados, num avi\u00e3o, para a Arg\u00e9lia.<\/p>\n<p>Aos 68 anos, Reis avalia que a luta armada contra a ditadura foi um equ\u00edvoco, pois esse tipo de resist\u00eancia n\u00e3o contava com o apoio popular. Na \u00e9poca, o pa\u00eds era governado pelo general M\u00e9dici, o mais popular entre os ditadores p\u00f3s 64.<\/p>\n<p>Tampouco acredita que torturadores sejam punidos em consequ\u00eancia do trabalho da Comiss\u00e3o da Verdade institu\u00edda pela presidente Dilma Rousseff \u2013 que tamb\u00e9m foi presa e torturada. Para o historiador, \u201cuma comiss\u00e3o digna desse nome deveria ter o poder para vasculhar os por\u00f5es das For\u00e7as Armadas\u201d. <\/p>\n<p>De olhos no futuro, o historiador defende a abertura de um debate nacional sobre a tortura como m\u00e9todo. Seja de investiga\u00e7\u00e3o, seja de pol\u00edtica de Estado. <em>(Hoje em Dia)<\/em><\/p>\n","protected":false},"excerpt":{"rendered":"<p>Rememora-se hoje o in\u00edcio do golpe militar que derrubou o governo Jo\u00e3o Goulart, h\u00e1 50 anos. Por causa do n\u00famero redondo, que marca a metade de um s\u00e9culo, a data nunca foi t\u00e3o lembrada. \u00c9 um bom momento para se pensar o passado desta Na\u00e7\u00e3o, com a mente voltada para o futuro. Do passado, vale [&hellip;]<\/p>\n","protected":false},"author":1,"featured_media":25234,"comment_status":"open","ping_status":"closed","sticky":false,"template":"","format":"standard","meta":{"amp_status":"","footnotes":""},"categories":[6],"tags":[6130,6135],"class_list":["post-25233","post","type-post","status-publish","format-standard","has-post-thumbnail","hentry","category-br","tag-50-anos-da-ditadura-militar","tag-50-anos-do-golpe-militar"],"yoast_head":"<!-- This site is optimized with the Yoast SEO plugin v28.3 - https:\/\/yoast.com\/product\/yoast-seo-wordpress\/ -->\n<title>50 anos do golpe militar - Aconteceu no Vale<\/title>\n<meta name=\"robots\" content=\"index, follow, max-snippet:-1, max-image-preview:large, max-video-preview:-1\" \/>\n<link rel=\"canonical\" href=\"https:\/\/aconteceunovale.com.br\/portal\/?p=25233\" \/>\n<meta property=\"og:locale\" content=\"pt_BR\" \/>\n<meta property=\"og:type\" content=\"article\" \/>\n<meta property=\"og:title\" content=\"50 anos do golpe militar - Aconteceu no Vale\" \/>\n<meta property=\"og:description\" content=\"Rememora-se hoje o in\u00edcio do golpe militar que derrubou o governo Jo\u00e3o Goulart, h\u00e1 50 anos. Por causa do n\u00famero redondo, que marca a metade de um s\u00e9culo, a data nunca foi t\u00e3o lembrada. \u00c9 um bom momento para se pensar o passado desta Na\u00e7\u00e3o, com a mente voltada para o futuro. Do passado, vale [&hellip;]\" \/>\n<meta property=\"og:url\" content=\"https:\/\/aconteceunovale.com.br\/portal\/?p=25233\" \/>\n<meta property=\"og:site_name\" content=\"Aconteceu no Vale\" \/>\n<meta property=\"article:publisher\" content=\"https:\/\/www.facebook.com\/aconteceunovale\/\" \/>\n<meta property=\"article:published_time\" content=\"2014-03-31T13:30:09+00:00\" \/>\n<meta property=\"og:image\" content=\"https:\/\/aconteceunovale.com.br\/portal\/wp-content\/uploads\/2014\/03\/50_anos_golpe_militar.jpg\" \/>\n\t<meta property=\"og:image:width\" content=\"400\" \/>\n\t<meta property=\"og:image:height\" content=\"300\" \/>\n\t<meta property=\"og:image:type\" content=\"image\/jpeg\" \/>\n<meta name=\"author\" content=\"Aconteceu no Vale\" \/>\n<meta name=\"twitter:card\" content=\"summary_large_image\" \/>\n<meta name=\"twitter:creator\" content=\"@noticiadosvales\" \/>\n<meta name=\"twitter:site\" content=\"@noticiadosvales\" \/>\n<meta name=\"twitter:label1\" content=\"Escrito por\" \/>\n\t<meta name=\"twitter:data1\" content=\"Aconteceu no Vale\" \/>\n\t<meta name=\"twitter:label2\" content=\"Est. tempo de leitura\" \/>\n\t<meta name=\"twitter:data2\" content=\"3 minutos\" \/>\n<script type=\"application\/ld+json\" class=\"yoast-schema-graph\">{\"@context\":\"https:\\\/\\\/schema.org\",\"@graph\":[{\"@type\":\"Article\",\"@id\":\"https:\\\/\\\/aconteceunovale.com.br\\\/portal\\\/?p=25233#article\",\"isPartOf\":{\"@id\":\"https:\\\/\\\/aconteceunovale.com.br\\\/portal\\\/?p=25233\"},\"author\":{\"name\":\"Aconteceu no Vale\",\"@id\":\"https:\\\/\\\/aconteceunovale.com.br\\\/portal\\\/#\\\/schema\\\/person\\\/633529146f2c94272bef50ac2953d589\"},\"headline\":\"50 anos do golpe militar\",\"datePublished\":\"2014-03-31T13:30:09+00:00\",\"mainEntityOfPage\":{\"@id\":\"https:\\\/\\\/aconteceunovale.com.br\\\/portal\\\/?p=25233\"},\"wordCount\":509,\"commentCount\":0,\"image\":{\"@id\":\"https:\\\/\\\/aconteceunovale.com.br\\\/portal\\\/?p=25233#primaryimage\"},\"thumbnailUrl\":\"https:\\\/\\\/aconteceunovale.com.br\\\/portal\\\/wp-content\\\/uploads\\\/2014\\\/03\\\/50_anos_golpe_militar.jpg\",\"keywords\":[\"50 anos da Ditadura Militar\",\"50 anos do golpe militar\"],\"articleSection\":[\"Brasil\"],\"inLanguage\":\"pt-BR\",\"potentialAction\":[{\"@type\":\"CommentAction\",\"name\":\"Comment\",\"target\":[\"https:\\\/\\\/aconteceunovale.com.br\\\/portal\\\/?p=25233#respond\"]}]},{\"@type\":\"WebPage\",\"@id\":\"https:\\\/\\\/aconteceunovale.com.br\\\/portal\\\/?p=25233\",\"url\":\"https:\\\/\\\/aconteceunovale.com.br\\\/portal\\\/?p=25233\",\"name\":\"50 anos do golpe militar - Aconteceu no Vale\",\"isPartOf\":{\"@id\":\"https:\\\/\\\/aconteceunovale.com.br\\\/portal\\\/#website\"},\"primaryImageOfPage\":{\"@id\":\"https:\\\/\\\/aconteceunovale.com.br\\\/portal\\\/?p=25233#primaryimage\"},\"image\":{\"@id\":\"https:\\\/\\\/aconteceunovale.com.br\\\/portal\\\/?p=25233#primaryimage\"},\"thumbnailUrl\":\"https:\\\/\\\/aconteceunovale.com.br\\\/portal\\\/wp-content\\\/uploads\\\/2014\\\/03\\\/50_anos_golpe_militar.jpg\",\"datePublished\":\"2014-03-31T13:30:09+00:00\",\"author\":{\"@id\":\"https:\\\/\\\/aconteceunovale.com.br\\\/portal\\\/#\\\/schema\\\/person\\\/633529146f2c94272bef50ac2953d589\"},\"breadcrumb\":{\"@id\":\"https:\\\/\\\/aconteceunovale.com.br\\\/portal\\\/?p=25233#breadcrumb\"},\"inLanguage\":\"pt-BR\",\"potentialAction\":[{\"@type\":\"ReadAction\",\"target\":[\"https:\\\/\\\/aconteceunovale.com.br\\\/portal\\\/?p=25233\"]}]},{\"@type\":\"ImageObject\",\"inLanguage\":\"pt-BR\",\"@id\":\"https:\\\/\\\/aconteceunovale.com.br\\\/portal\\\/?p=25233#primaryimage\",\"url\":\"https:\\\/\\\/aconteceunovale.com.br\\\/portal\\\/wp-content\\\/uploads\\\/2014\\\/03\\\/50_anos_golpe_militar.jpg\",\"contentUrl\":\"https:\\\/\\\/aconteceunovale.com.br\\\/portal\\\/wp-content\\\/uploads\\\/2014\\\/03\\\/50_anos_golpe_militar.jpg\",\"width\":400,\"height\":300},{\"@type\":\"BreadcrumbList\",\"@id\":\"https:\\\/\\\/aconteceunovale.com.br\\\/portal\\\/?p=25233#breadcrumb\",\"itemListElement\":[{\"@type\":\"ListItem\",\"position\":1,\"name\":\"In\u00edcio\",\"item\":\"https:\\\/\\\/aconteceunovale.com.br\\\/portal\\\/\"},{\"@type\":\"ListItem\",\"position\":2,\"name\":\"50 anos do golpe militar\"}]},{\"@type\":\"WebSite\",\"@id\":\"https:\\\/\\\/aconteceunovale.com.br\\\/portal\\\/#website\",\"url\":\"https:\\\/\\\/aconteceunovale.com.br\\\/portal\\\/\",\"name\":\"Aconteceu no Vale\",\"description\":\"Portal de Not\u00edcias\",\"potentialAction\":[{\"@type\":\"SearchAction\",\"target\":{\"@type\":\"EntryPoint\",\"urlTemplate\":\"https:\\\/\\\/aconteceunovale.com.br\\\/portal\\\/?s={search_term_string}\"},\"query-input\":{\"@type\":\"PropertyValueSpecification\",\"valueRequired\":true,\"valueName\":\"search_term_string\"}}],\"inLanguage\":\"pt-BR\"},{\"@type\":\"Person\",\"@id\":\"https:\\\/\\\/aconteceunovale.com.br\\\/portal\\\/#\\\/schema\\\/person\\\/633529146f2c94272bef50ac2953d589\",\"name\":\"Aconteceu no Vale\",\"description\":\"Equipe de reportagem do Aconteceu no Vale, portal de not\u00edcias do Vale do Jequitinhonha, em Minas Gerais. Cobrimos as 51 cidades do Vale desde 2013. Sugest\u00f5es de pauta e pedidos de corre\u00e7\u00e3o: contato@aconteceunovale.com.br\",\"sameAs\":[\"http:\\\/\\\/www.aconteceunovale.com.br\"],\"url\":\"https:\\\/\\\/aconteceunovale.com.br\\\/portal\\\/?author=1\"}]}<\/script>\n<!-- \/ Yoast SEO plugin. -->","yoast_head_json":{"title":"50 anos do golpe militar - Aconteceu no Vale","robots":{"index":"index","follow":"follow","max-snippet":"max-snippet:-1","max-image-preview":"max-image-preview:large","max-video-preview":"max-video-preview:-1"},"canonical":"https:\/\/aconteceunovale.com.br\/portal\/?p=25233","og_locale":"pt_BR","og_type":"article","og_title":"50 anos do golpe militar - Aconteceu no Vale","og_description":"Rememora-se hoje o in\u00edcio do golpe militar que derrubou o governo Jo\u00e3o Goulart, h\u00e1 50 anos. Por causa do n\u00famero redondo, que marca a metade de um s\u00e9culo, a data nunca foi t\u00e3o lembrada. \u00c9 um bom momento para se pensar o passado desta Na\u00e7\u00e3o, com a mente voltada para o futuro. Do passado, vale [&hellip;]","og_url":"https:\/\/aconteceunovale.com.br\/portal\/?p=25233","og_site_name":"Aconteceu no Vale","article_publisher":"https:\/\/www.facebook.com\/aconteceunovale\/","article_published_time":"2014-03-31T13:30:09+00:00","og_image":[{"width":400,"height":300,"url":"https:\/\/aconteceunovale.com.br\/portal\/wp-content\/uploads\/2014\/03\/50_anos_golpe_militar.jpg","type":"image\/jpeg"}],"author":"Aconteceu no Vale","twitter_card":"summary_large_image","twitter_creator":"@noticiadosvales","twitter_site":"@noticiadosvales","twitter_misc":{"Escrito por":"Aconteceu no Vale","Est. tempo de leitura":"3 minutos"},"schema":{"@context":"https:\/\/schema.org","@graph":[{"@type":"Article","@id":"https:\/\/aconteceunovale.com.br\/portal\/?p=25233#article","isPartOf":{"@id":"https:\/\/aconteceunovale.com.br\/portal\/?p=25233"},"author":{"name":"Aconteceu no Vale","@id":"https:\/\/aconteceunovale.com.br\/portal\/#\/schema\/person\/633529146f2c94272bef50ac2953d589"},"headline":"50 anos do golpe militar","datePublished":"2014-03-31T13:30:09+00:00","mainEntityOfPage":{"@id":"https:\/\/aconteceunovale.com.br\/portal\/?p=25233"},"wordCount":509,"commentCount":0,"image":{"@id":"https:\/\/aconteceunovale.com.br\/portal\/?p=25233#primaryimage"},"thumbnailUrl":"https:\/\/aconteceunovale.com.br\/portal\/wp-content\/uploads\/2014\/03\/50_anos_golpe_militar.jpg","keywords":["50 anos da Ditadura Militar","50 anos do golpe militar"],"articleSection":["Brasil"],"inLanguage":"pt-BR","potentialAction":[{"@type":"CommentAction","name":"Comment","target":["https:\/\/aconteceunovale.com.br\/portal\/?p=25233#respond"]}]},{"@type":"WebPage","@id":"https:\/\/aconteceunovale.com.br\/portal\/?p=25233","url":"https:\/\/aconteceunovale.com.br\/portal\/?p=25233","name":"50 anos do golpe militar - Aconteceu no Vale","isPartOf":{"@id":"https:\/\/aconteceunovale.com.br\/portal\/#website"},"primaryImageOfPage":{"@id":"https:\/\/aconteceunovale.com.br\/portal\/?p=25233#primaryimage"},"image":{"@id":"https:\/\/aconteceunovale.com.br\/portal\/?p=25233#primaryimage"},"thumbnailUrl":"https:\/\/aconteceunovale.com.br\/portal\/wp-content\/uploads\/2014\/03\/50_anos_golpe_militar.jpg","datePublished":"2014-03-31T13:30:09+00:00","author":{"@id":"https:\/\/aconteceunovale.com.br\/portal\/#\/schema\/person\/633529146f2c94272bef50ac2953d589"},"breadcrumb":{"@id":"https:\/\/aconteceunovale.com.br\/portal\/?p=25233#breadcrumb"},"inLanguage":"pt-BR","potentialAction":[{"@type":"ReadAction","target":["https:\/\/aconteceunovale.com.br\/portal\/?p=25233"]}]},{"@type":"ImageObject","inLanguage":"pt-BR","@id":"https:\/\/aconteceunovale.com.br\/portal\/?p=25233#primaryimage","url":"https:\/\/aconteceunovale.com.br\/portal\/wp-content\/uploads\/2014\/03\/50_anos_golpe_militar.jpg","contentUrl":"https:\/\/aconteceunovale.com.br\/portal\/wp-content\/uploads\/2014\/03\/50_anos_golpe_militar.jpg","width":400,"height":300},{"@type":"BreadcrumbList","@id":"https:\/\/aconteceunovale.com.br\/portal\/?p=25233#breadcrumb","itemListElement":[{"@type":"ListItem","position":1,"name":"In\u00edcio","item":"https:\/\/aconteceunovale.com.br\/portal\/"},{"@type":"ListItem","position":2,"name":"50 anos do golpe militar"}]},{"@type":"WebSite","@id":"https:\/\/aconteceunovale.com.br\/portal\/#website","url":"https:\/\/aconteceunovale.com.br\/portal\/","name":"Aconteceu no Vale","description":"Portal de Not\u00edcias","potentialAction":[{"@type":"SearchAction","target":{"@type":"EntryPoint","urlTemplate":"https:\/\/aconteceunovale.com.br\/portal\/?s={search_term_string}"},"query-input":{"@type":"PropertyValueSpecification","valueRequired":true,"valueName":"search_term_string"}}],"inLanguage":"pt-BR"},{"@type":"Person","@id":"https:\/\/aconteceunovale.com.br\/portal\/#\/schema\/person\/633529146f2c94272bef50ac2953d589","name":"Aconteceu no Vale","description":"Equipe de reportagem do Aconteceu no Vale, portal de not\u00edcias do Vale do Jequitinhonha, em Minas Gerais. Cobrimos as 51 cidades do Vale desde 2013. Sugest\u00f5es de pauta e pedidos de corre\u00e7\u00e3o: contato@aconteceunovale.com.br","sameAs":["http:\/\/www.aconteceunovale.com.br"],"url":"https:\/\/aconteceunovale.com.br\/portal\/?author=1"}]}},"_links":{"self":[{"href":"https:\/\/aconteceunovale.com.br\/portal\/index.php?rest_route=\/wp\/v2\/posts\/25233","targetHints":{"allow":["GET"]}}],"collection":[{"href":"https:\/\/aconteceunovale.com.br\/portal\/index.php?rest_route=\/wp\/v2\/posts"}],"about":[{"href":"https:\/\/aconteceunovale.com.br\/portal\/index.php?rest_route=\/wp\/v2\/types\/post"}],"author":[{"embeddable":true,"href":"https:\/\/aconteceunovale.com.br\/portal\/index.php?rest_route=\/wp\/v2\/users\/1"}],"replies":[{"embeddable":true,"href":"https:\/\/aconteceunovale.com.br\/portal\/index.php?rest_route=%2Fwp%2Fv2%2Fcomments&post=25233"}],"version-history":[{"count":0,"href":"https:\/\/aconteceunovale.com.br\/portal\/index.php?rest_route=\/wp\/v2\/posts\/25233\/revisions"}],"wp:featuredmedia":[{"embeddable":true,"href":"https:\/\/aconteceunovale.com.br\/portal\/index.php?rest_route=\/wp\/v2\/media\/25234"}],"wp:attachment":[{"href":"https:\/\/aconteceunovale.com.br\/portal\/index.php?rest_route=%2Fwp%2Fv2%2Fmedia&parent=25233"}],"wp:term":[{"taxonomy":"category","embeddable":true,"href":"https:\/\/aconteceunovale.com.br\/portal\/index.php?rest_route=%2Fwp%2Fv2%2Fcategories&post=25233"},{"taxonomy":"post_tag","embeddable":true,"href":"https:\/\/aconteceunovale.com.br\/portal\/index.php?rest_route=%2Fwp%2Fv2%2Ftags&post=25233"}],"curies":[{"name":"wp","href":"https:\/\/api.w.org\/{rel}","templated":true}]}}