{"id":25178,"date":"2014-03-30T12:57:56","date_gmt":"2014-03-30T15:57:56","guid":{"rendered":"http:\/\/aconteceunovale.com.br\/portal\/?p=25178"},"modified":"2014-03-30T12:57:56","modified_gmt":"2014-03-30T15:57:56","slug":"crise-nas-usinas-de-alcool-e-acucar-aumenta-desemprego-no-vale-do-jequitinhonha","status":"publish","type":"post","link":"https:\/\/aconteceunovale.com.br\/portal\/?p=25178","title":{"rendered":"Crise nas usinas de \u00e1lcool e a\u00e7ucar aumenta desemprego no Vale do Jequitinhonha"},"content":{"rendered":"<p>A crise que se abateu sobre diversas usinas de a\u00e7\u00facar e \u00e1lcool no pa\u00eds faz aumentar o desemprego no Vale do Jequitinhonha. No passado, anualmente, milhares de trabalhadores sa\u00edam da regi\u00e3o para trabalhar no corte de cana em S\u00e3o Paulo. Nos \u00faltimos anos, a quantidade de pessoas enviadas para as usinas de \u00e1lcool e a\u00e7\u00facar diminuiu de maneira significativa. A consequ\u00eancia \u00e9 que, hoje, grande parcela dos ex-cortadores de cana do Jequitinhonha est\u00e1 desempregada.<\/p>\n<p>\u201cO grande problema \u00e9 que, al\u00e9m da falta de emprego, aqui chove muito pouco. Os agricultores familiares tentam produzir, mas n\u00e3o conseguem por causa da seca\u201d, diz o presidente do Sindicato dos Trabalhadores Rurais de Ara\u00e7ua\u00ed, Antonio das Gra\u00e7as Pires da Silva. Segundo ele, j\u00e1 chegaram a sair do Vale do Jequitinhonha, por ano, cerca de 30 mil trabalhadores para o trabalho no corte de cana nas usinas no interior de S\u00e3o Paulo, principalmente na regi\u00e3o de Ribeir\u00e3o Preto. Os homens costumavam ir nos meses de mar\u00e7o e abril (in\u00edcio da safra). Deixavam para tr\u00e1s as mulheres, as \u201cvi\u00favas da seca\u201d, mas, mesmo \u00e0 dist\u00e2ncia, os cortadores de cana movimentavam a economia no vale, enviando remessas para garantir o sustento da fam\u00edlia que ficou em casa.<\/p>\n<p>\u201cAs pr\u00f3prias empresas que mandavam os \u00f4nibus para levar o pessoal. Mas, ultimamente, as firmas n\u00e3o enviam mais o transporte. Os trabalhadores que desejam ir para S\u00e3o Paulo precisam viajar por conta pr\u00f3pria\u201d, diz Ant\u00f4nio das Gra\u00e7as. \u201cJ\u00e1 chegaram a sair 200 \u00f4nibus de trabalhadores da cidade em poucos dias\u201d, lembra o presidente do sindicato. Segundo ele, com a redu\u00e7\u00e3o da oferta de postos de trabalho nas usinas de a\u00e7\u00facar e \u00e1lcool, uma alternativa para os moradores do Vale do Jequitinhonha \u00e9 procurar ocupa\u00e7\u00e3o na constru\u00e7\u00e3o civil em Belo Horizonte, S\u00e3o Paulo e Rio de Janeiro.<\/p>\n<p><img decoding=\"async\" src=\"http:\/\/aconteceunovale.com.br\/portal\/wp-content\/uploads\/2014\/03\/cortadores_cana_ara_30.jpg\" alt=\"\" \/><em>Andr\u00e9 Felipe e Jos\u00e9 Reinaldo: sem empego no corte de cana em S\u00e3o Paulo, ganham a vida trabalhando como mototaxistas em Ara\u00e7ua\u00ed &#8211; Foto: S\u00e9rgio Vasconcelos<\/em><br \/>\n<\/br><\/p>\n<h4><strong>QUALIFICA\u00c7\u00c3O <\/strong><\/h4>\n<p>Tamb\u00e9m aumentou a migra\u00e7\u00e3o para as lavouras de caf\u00e9 do Sul de Minas. No entanto, a falta de qualifica\u00e7\u00e3o ainda \u00e9 um obst\u00e1culo para muitas pessoas do meio rural, onde muitos est\u00e3o vivendo exclusivamente dos benef\u00edcios do programa Bolsa-Fam\u00edlia.<\/p>\n<p>Andr\u00e9 Felipe Alves de Souza, de 25 anos, solteiro, morador de Ara\u00e7ua\u00ed j\u00e1 viajou para o corte de cana na regi\u00e3o de Ribeir\u00e3o Preto por cinco vezes, na primeira delas com 18 anos. Hoje, com a redu\u00e7\u00e3o da oferta, tenta ganhar a vida como mototaxista em Ara\u00e7ua\u00ed. Outro ex-cortador de cana que tenta sobreviver como mototaxista em Ara\u00e7ua\u00ed \u00e9 Jos\u00e9 Reinaldo Marcelo Santana J\u00fanior, de 26. Ele viajou para o corte de cana durante tr\u00eas anos e trabalhou em usinas no Paran\u00e1 e em S\u00e3o Paulo. \u201cPor mais que o trabalho fosse sofrido, dava para a gente ganhar alguma coisa\u201d, diz Jos\u00e9 Reinaldo, que comprou a moto com o dinheiro que conseguiu juntar nas usinas. Ele disse que no transporte alternativo ganha entre R$ 400 e R$ 700 por m\u00eas. <em>(Estado de Minas)<\/em><\/p>\n","protected":false},"excerpt":{"rendered":"<p>A crise que se abateu sobre diversas usinas de a\u00e7\u00facar e \u00e1lcool no pa\u00eds faz aumentar o desemprego no Vale do Jequitinhonha. No passado, anualmente, milhares de trabalhadores sa\u00edam da regi\u00e3o para trabalhar no corte de cana em S\u00e3o Paulo. Nos \u00faltimos anos, a quantidade de pessoas enviadas para as usinas de \u00e1lcool e a\u00e7\u00facar [&hellip;]<\/p>\n","protected":false},"author":1,"featured_media":25179,"comment_status":"open","ping_status":"closed","sticky":false,"template":"","format":"standard","meta":{"amp_status":"","footnotes":""},"categories":[120],"tags":[186,6113,1018],"class_list":["post-25178","post","type-post","status-publish","format-standard","has-post-thumbnail","hentry","category-jequi","tag-aracuai","tag-crise-nas-usinas-de-alcool-e-acucar-aumenta-desemprego-no-vale-do-jequitinhonha","tag-destaque"],"yoast_head":"<!-- This site is optimized with the Yoast SEO plugin v28.3 - https:\/\/yoast.com\/product\/yoast-seo-wordpress\/ -->\n<title>Crise nas usinas de \u00e1lcool e a\u00e7ucar aumenta desemprego no Vale do Jequitinhonha - Aconteceu no Vale<\/title>\n<meta name=\"robots\" content=\"index, follow, max-snippet:-1, max-image-preview:large, max-video-preview:-1\" \/>\n<link rel=\"canonical\" href=\"https:\/\/aconteceunovale.com.br\/portal\/?p=25178\" \/>\n<meta property=\"og:locale\" content=\"pt_BR\" \/>\n<meta property=\"og:type\" content=\"article\" \/>\n<meta property=\"og:title\" content=\"Crise nas usinas de \u00e1lcool e a\u00e7ucar aumenta desemprego no Vale do Jequitinhonha - Aconteceu no Vale\" \/>\n<meta property=\"og:description\" content=\"A crise que se abateu sobre diversas usinas de a\u00e7\u00facar e \u00e1lcool no pa\u00eds faz aumentar o desemprego no Vale do Jequitinhonha. No passado, anualmente, milhares de trabalhadores sa\u00edam da regi\u00e3o para trabalhar no corte de cana em S\u00e3o Paulo. Nos \u00faltimos anos, a quantidade de pessoas enviadas para as usinas de \u00e1lcool e a\u00e7\u00facar [&hellip;]\" \/>\n<meta property=\"og:url\" content=\"https:\/\/aconteceunovale.com.br\/portal\/?p=25178\" \/>\n<meta property=\"og:site_name\" content=\"Aconteceu no Vale\" \/>\n<meta property=\"article:publisher\" content=\"https:\/\/www.facebook.com\/aconteceunovale\/\" \/>\n<meta property=\"article:published_time\" content=\"2014-03-30T15:57:56+00:00\" \/>\n<meta property=\"og:image\" content=\"https:\/\/aconteceunovale.com.br\/portal\/wp-content\/uploads\/2014\/03\/cortadores_cana_ara_30.jpg\" \/>\n\t<meta property=\"og:image:width\" content=\"640\" \/>\n\t<meta property=\"og:image:height\" content=\"387\" \/>\n\t<meta property=\"og:image:type\" content=\"image\/jpeg\" \/>\n<meta name=\"author\" content=\"Aconteceu no Vale\" \/>\n<meta name=\"twitter:card\" content=\"summary_large_image\" \/>\n<meta name=\"twitter:creator\" content=\"@noticiadosvales\" \/>\n<meta name=\"twitter:site\" content=\"@noticiadosvales\" \/>\n<meta name=\"twitter:label1\" content=\"Escrito por\" \/>\n\t<meta name=\"twitter:data1\" content=\"Aconteceu no Vale\" \/>\n\t<meta name=\"twitter:label2\" content=\"Est. tempo de leitura\" \/>\n\t<meta name=\"twitter:data2\" content=\"3 minutos\" \/>\n<script type=\"application\/ld+json\" class=\"yoast-schema-graph\">{\"@context\":\"https:\\\/\\\/schema.org\",\"@graph\":[{\"@type\":\"Article\",\"@id\":\"https:\\\/\\\/aconteceunovale.com.br\\\/portal\\\/?p=25178#article\",\"isPartOf\":{\"@id\":\"https:\\\/\\\/aconteceunovale.com.br\\\/portal\\\/?p=25178\"},\"author\":{\"name\":\"Aconteceu no Vale\",\"@id\":\"https:\\\/\\\/aconteceunovale.com.br\\\/portal\\\/#\\\/schema\\\/person\\\/633529146f2c94272bef50ac2953d589\"},\"headline\":\"Crise nas usinas de \u00e1lcool e a\u00e7ucar aumenta desemprego no Vale do Jequitinhonha\",\"datePublished\":\"2014-03-30T15:57:56+00:00\",\"mainEntityOfPage\":{\"@id\":\"https:\\\/\\\/aconteceunovale.com.br\\\/portal\\\/?p=25178\"},\"wordCount\":548,\"commentCount\":0,\"image\":{\"@id\":\"https:\\\/\\\/aconteceunovale.com.br\\\/portal\\\/?p=25178#primaryimage\"},\"thumbnailUrl\":\"https:\\\/\\\/aconteceunovale.com.br\\\/portal\\\/wp-content\\\/uploads\\\/2014\\\/03\\\/cortadores_cana_ara_30.jpg\",\"keywords\":[\"Ara\u00e7ua\u00ed\",\"Crise nas usinas de \u00e1lcool e a\u00e7ucar aumenta desemprego no Vale do Jequitinhonha\",\"destaque\"],\"articleSection\":[\"Vale do Jequitinhonha\"],\"inLanguage\":\"pt-BR\",\"potentialAction\":[{\"@type\":\"CommentAction\",\"name\":\"Comment\",\"target\":[\"https:\\\/\\\/aconteceunovale.com.br\\\/portal\\\/?p=25178#respond\"]}]},{\"@type\":\"WebPage\",\"@id\":\"https:\\\/\\\/aconteceunovale.com.br\\\/portal\\\/?p=25178\",\"url\":\"https:\\\/\\\/aconteceunovale.com.br\\\/portal\\\/?p=25178\",\"name\":\"Crise nas usinas de \u00e1lcool e a\u00e7ucar aumenta desemprego no Vale do Jequitinhonha - Aconteceu no Vale\",\"isPartOf\":{\"@id\":\"https:\\\/\\\/aconteceunovale.com.br\\\/portal\\\/#website\"},\"primaryImageOfPage\":{\"@id\":\"https:\\\/\\\/aconteceunovale.com.br\\\/portal\\\/?p=25178#primaryimage\"},\"image\":{\"@id\":\"https:\\\/\\\/aconteceunovale.com.br\\\/portal\\\/?p=25178#primaryimage\"},\"thumbnailUrl\":\"https:\\\/\\\/aconteceunovale.com.br\\\/portal\\\/wp-content\\\/uploads\\\/2014\\\/03\\\/cortadores_cana_ara_30.jpg\",\"datePublished\":\"2014-03-30T15:57:56+00:00\",\"author\":{\"@id\":\"https:\\\/\\\/aconteceunovale.com.br\\\/portal\\\/#\\\/schema\\\/person\\\/633529146f2c94272bef50ac2953d589\"},\"breadcrumb\":{\"@id\":\"https:\\\/\\\/aconteceunovale.com.br\\\/portal\\\/?p=25178#breadcrumb\"},\"inLanguage\":\"pt-BR\",\"potentialAction\":[{\"@type\":\"ReadAction\",\"target\":[\"https:\\\/\\\/aconteceunovale.com.br\\\/portal\\\/?p=25178\"]}]},{\"@type\":\"ImageObject\",\"inLanguage\":\"pt-BR\",\"@id\":\"https:\\\/\\\/aconteceunovale.com.br\\\/portal\\\/?p=25178#primaryimage\",\"url\":\"https:\\\/\\\/aconteceunovale.com.br\\\/portal\\\/wp-content\\\/uploads\\\/2014\\\/03\\\/cortadores_cana_ara_30.jpg\",\"contentUrl\":\"https:\\\/\\\/aconteceunovale.com.br\\\/portal\\\/wp-content\\\/uploads\\\/2014\\\/03\\\/cortadores_cana_ara_30.jpg\",\"width\":640,\"height\":387},{\"@type\":\"BreadcrumbList\",\"@id\":\"https:\\\/\\\/aconteceunovale.com.br\\\/portal\\\/?p=25178#breadcrumb\",\"itemListElement\":[{\"@type\":\"ListItem\",\"position\":1,\"name\":\"In\u00edcio\",\"item\":\"https:\\\/\\\/aconteceunovale.com.br\\\/portal\\\/\"},{\"@type\":\"ListItem\",\"position\":2,\"name\":\"Crise nas usinas de \u00e1lcool e a\u00e7ucar aumenta desemprego no Vale do Jequitinhonha\"}]},{\"@type\":\"WebSite\",\"@id\":\"https:\\\/\\\/aconteceunovale.com.br\\\/portal\\\/#website\",\"url\":\"https:\\\/\\\/aconteceunovale.com.br\\\/portal\\\/\",\"name\":\"Aconteceu no Vale\",\"description\":\"Portal de Not\u00edcias\",\"potentialAction\":[{\"@type\":\"SearchAction\",\"target\":{\"@type\":\"EntryPoint\",\"urlTemplate\":\"https:\\\/\\\/aconteceunovale.com.br\\\/portal\\\/?s={search_term_string}\"},\"query-input\":{\"@type\":\"PropertyValueSpecification\",\"valueRequired\":true,\"valueName\":\"search_term_string\"}}],\"inLanguage\":\"pt-BR\"},{\"@type\":\"Person\",\"@id\":\"https:\\\/\\\/aconteceunovale.com.br\\\/portal\\\/#\\\/schema\\\/person\\\/633529146f2c94272bef50ac2953d589\",\"name\":\"Aconteceu no Vale\",\"description\":\"Equipe de reportagem do Aconteceu no Vale, portal de not\u00edcias do Vale do Jequitinhonha, em Minas Gerais. Cobrimos as 51 cidades do Vale desde 2013. Sugest\u00f5es de pauta e pedidos de corre\u00e7\u00e3o: contato@aconteceunovale.com.br\",\"sameAs\":[\"http:\\\/\\\/www.aconteceunovale.com.br\"],\"url\":\"https:\\\/\\\/aconteceunovale.com.br\\\/portal\\\/?author=1\"}]}<\/script>\n<!-- \/ Yoast SEO plugin. -->","yoast_head_json":{"title":"Crise nas usinas de \u00e1lcool e a\u00e7ucar aumenta desemprego no Vale do Jequitinhonha - Aconteceu no Vale","robots":{"index":"index","follow":"follow","max-snippet":"max-snippet:-1","max-image-preview":"max-image-preview:large","max-video-preview":"max-video-preview:-1"},"canonical":"https:\/\/aconteceunovale.com.br\/portal\/?p=25178","og_locale":"pt_BR","og_type":"article","og_title":"Crise nas usinas de \u00e1lcool e a\u00e7ucar aumenta desemprego no Vale do Jequitinhonha - Aconteceu no Vale","og_description":"A crise que se abateu sobre diversas usinas de a\u00e7\u00facar e \u00e1lcool no pa\u00eds faz aumentar o desemprego no Vale do Jequitinhonha. No passado, anualmente, milhares de trabalhadores sa\u00edam da regi\u00e3o para trabalhar no corte de cana em S\u00e3o Paulo. Nos \u00faltimos anos, a quantidade de pessoas enviadas para as usinas de \u00e1lcool e a\u00e7\u00facar [&hellip;]","og_url":"https:\/\/aconteceunovale.com.br\/portal\/?p=25178","og_site_name":"Aconteceu no Vale","article_publisher":"https:\/\/www.facebook.com\/aconteceunovale\/","article_published_time":"2014-03-30T15:57:56+00:00","og_image":[{"width":640,"height":387,"url":"https:\/\/aconteceunovale.com.br\/portal\/wp-content\/uploads\/2014\/03\/cortadores_cana_ara_30.jpg","type":"image\/jpeg"}],"author":"Aconteceu no Vale","twitter_card":"summary_large_image","twitter_creator":"@noticiadosvales","twitter_site":"@noticiadosvales","twitter_misc":{"Escrito por":"Aconteceu no Vale","Est. tempo de leitura":"3 minutos"},"schema":{"@context":"https:\/\/schema.org","@graph":[{"@type":"Article","@id":"https:\/\/aconteceunovale.com.br\/portal\/?p=25178#article","isPartOf":{"@id":"https:\/\/aconteceunovale.com.br\/portal\/?p=25178"},"author":{"name":"Aconteceu no Vale","@id":"https:\/\/aconteceunovale.com.br\/portal\/#\/schema\/person\/633529146f2c94272bef50ac2953d589"},"headline":"Crise nas usinas de \u00e1lcool e a\u00e7ucar aumenta desemprego no Vale do Jequitinhonha","datePublished":"2014-03-30T15:57:56+00:00","mainEntityOfPage":{"@id":"https:\/\/aconteceunovale.com.br\/portal\/?p=25178"},"wordCount":548,"commentCount":0,"image":{"@id":"https:\/\/aconteceunovale.com.br\/portal\/?p=25178#primaryimage"},"thumbnailUrl":"https:\/\/aconteceunovale.com.br\/portal\/wp-content\/uploads\/2014\/03\/cortadores_cana_ara_30.jpg","keywords":["Ara\u00e7ua\u00ed","Crise nas usinas de \u00e1lcool e a\u00e7ucar aumenta desemprego no Vale do Jequitinhonha","destaque"],"articleSection":["Vale do Jequitinhonha"],"inLanguage":"pt-BR","potentialAction":[{"@type":"CommentAction","name":"Comment","target":["https:\/\/aconteceunovale.com.br\/portal\/?p=25178#respond"]}]},{"@type":"WebPage","@id":"https:\/\/aconteceunovale.com.br\/portal\/?p=25178","url":"https:\/\/aconteceunovale.com.br\/portal\/?p=25178","name":"Crise nas usinas de \u00e1lcool e a\u00e7ucar aumenta desemprego no Vale do Jequitinhonha - Aconteceu no Vale","isPartOf":{"@id":"https:\/\/aconteceunovale.com.br\/portal\/#website"},"primaryImageOfPage":{"@id":"https:\/\/aconteceunovale.com.br\/portal\/?p=25178#primaryimage"},"image":{"@id":"https:\/\/aconteceunovale.com.br\/portal\/?p=25178#primaryimage"},"thumbnailUrl":"https:\/\/aconteceunovale.com.br\/portal\/wp-content\/uploads\/2014\/03\/cortadores_cana_ara_30.jpg","datePublished":"2014-03-30T15:57:56+00:00","author":{"@id":"https:\/\/aconteceunovale.com.br\/portal\/#\/schema\/person\/633529146f2c94272bef50ac2953d589"},"breadcrumb":{"@id":"https:\/\/aconteceunovale.com.br\/portal\/?p=25178#breadcrumb"},"inLanguage":"pt-BR","potentialAction":[{"@type":"ReadAction","target":["https:\/\/aconteceunovale.com.br\/portal\/?p=25178"]}]},{"@type":"ImageObject","inLanguage":"pt-BR","@id":"https:\/\/aconteceunovale.com.br\/portal\/?p=25178#primaryimage","url":"https:\/\/aconteceunovale.com.br\/portal\/wp-content\/uploads\/2014\/03\/cortadores_cana_ara_30.jpg","contentUrl":"https:\/\/aconteceunovale.com.br\/portal\/wp-content\/uploads\/2014\/03\/cortadores_cana_ara_30.jpg","width":640,"height":387},{"@type":"BreadcrumbList","@id":"https:\/\/aconteceunovale.com.br\/portal\/?p=25178#breadcrumb","itemListElement":[{"@type":"ListItem","position":1,"name":"In\u00edcio","item":"https:\/\/aconteceunovale.com.br\/portal\/"},{"@type":"ListItem","position":2,"name":"Crise nas usinas de \u00e1lcool e a\u00e7ucar aumenta desemprego no Vale do Jequitinhonha"}]},{"@type":"WebSite","@id":"https:\/\/aconteceunovale.com.br\/portal\/#website","url":"https:\/\/aconteceunovale.com.br\/portal\/","name":"Aconteceu no Vale","description":"Portal de Not\u00edcias","potentialAction":[{"@type":"SearchAction","target":{"@type":"EntryPoint","urlTemplate":"https:\/\/aconteceunovale.com.br\/portal\/?s={search_term_string}"},"query-input":{"@type":"PropertyValueSpecification","valueRequired":true,"valueName":"search_term_string"}}],"inLanguage":"pt-BR"},{"@type":"Person","@id":"https:\/\/aconteceunovale.com.br\/portal\/#\/schema\/person\/633529146f2c94272bef50ac2953d589","name":"Aconteceu no Vale","description":"Equipe de reportagem do Aconteceu no Vale, portal de not\u00edcias do Vale do Jequitinhonha, em Minas Gerais. Cobrimos as 51 cidades do Vale desde 2013. Sugest\u00f5es de pauta e pedidos de corre\u00e7\u00e3o: contato@aconteceunovale.com.br","sameAs":["http:\/\/www.aconteceunovale.com.br"],"url":"https:\/\/aconteceunovale.com.br\/portal\/?author=1"}]}},"_links":{"self":[{"href":"https:\/\/aconteceunovale.com.br\/portal\/index.php?rest_route=\/wp\/v2\/posts\/25178","targetHints":{"allow":["GET"]}}],"collection":[{"href":"https:\/\/aconteceunovale.com.br\/portal\/index.php?rest_route=\/wp\/v2\/posts"}],"about":[{"href":"https:\/\/aconteceunovale.com.br\/portal\/index.php?rest_route=\/wp\/v2\/types\/post"}],"author":[{"embeddable":true,"href":"https:\/\/aconteceunovale.com.br\/portal\/index.php?rest_route=\/wp\/v2\/users\/1"}],"replies":[{"embeddable":true,"href":"https:\/\/aconteceunovale.com.br\/portal\/index.php?rest_route=%2Fwp%2Fv2%2Fcomments&post=25178"}],"version-history":[{"count":0,"href":"https:\/\/aconteceunovale.com.br\/portal\/index.php?rest_route=\/wp\/v2\/posts\/25178\/revisions"}],"wp:featuredmedia":[{"embeddable":true,"href":"https:\/\/aconteceunovale.com.br\/portal\/index.php?rest_route=\/wp\/v2\/media\/25179"}],"wp:attachment":[{"href":"https:\/\/aconteceunovale.com.br\/portal\/index.php?rest_route=%2Fwp%2Fv2%2Fmedia&parent=25178"}],"wp:term":[{"taxonomy":"category","embeddable":true,"href":"https:\/\/aconteceunovale.com.br\/portal\/index.php?rest_route=%2Fwp%2Fv2%2Fcategories&post=25178"},{"taxonomy":"post_tag","embeddable":true,"href":"https:\/\/aconteceunovale.com.br\/portal\/index.php?rest_route=%2Fwp%2Fv2%2Ftags&post=25178"}],"curies":[{"name":"wp","href":"https:\/\/api.w.org\/{rel}","templated":true}]}}