{"id":25146,"date":"2014-03-29T23:17:00","date_gmt":"2014-03-30T02:17:00","guid":{"rendered":"http:\/\/aconteceunovale.com.br\/portal\/?p=25146"},"modified":"2014-03-29T23:51:07","modified_gmt":"2014-03-30T02:51:07","slug":"duas-pessoas-morrem-em-acidente-na-br-116-proximo-a-alpercata","status":"publish","type":"post","link":"https:\/\/aconteceunovale.com.br\/portal\/?p=25146","title":{"rendered":"Duas pessoas morrem em grave acidente na BR-116, pr\u00f3ximo a Alpercata"},"content":{"rendered":"<p>Dois jovens morreram em um grave acidente no in\u00edcio da noite deste s\u00e1bado, 29 de mar\u00e7o, na BR-116, pr\u00f3ximo \u00e0 cidade de Alpercata no Leste de Minas Gerais.<\/p>\n<p>De acordo com informa\u00e7\u00f5es, uma senhora foi atropelada no acostamento da rodovia por uma motocicleta, em que viajava dois homens. Ap\u00f3s o atropelamento o condutor perdeu o controle e os dois ocupantes ca\u00edram no meio da BR, vindo a ser atropelados por uma carreta. Felipe Valter da Silva, de 23 anos, e Jo\u00e3o Batista Gon\u00e7alves morreram no local. Com a viol\u00eancia do acidente, uma das v\u00edtimas fatais foi degolada, parentes estiveram no local e identificaram os corpos. <\/p>\n<p>A mulher atropelada, ainda n\u00e3o identificada foi encaminhada para o Hospital de Governador Valadares.<\/p>\n<h4><strong>Outro acidente<\/strong><\/h4>\n<p>A condutora de um autom\u00f3vel Gol que seguia na mesma dire\u00e7\u00e3o n\u00e3o conseguiu frear e acabou colidindo na traseira da carreta. A motorista Maria Oliveira Guedes ficou ferida e foi encaminhada ao hospital Municipal de Valadares.<\/p>\n<p>O motorista da carreta fugiu do local. <\/p>\n<p><img decoding=\"async\" src=\"http:\/\/aconteceunovale.com.br\/portal\/wp-content\/uploads\/2014\/03\/acidente_proximo_alpercata_29_2.jpg\" alt=\"\" \/><\/p>\n<p><img decoding=\"async\" src=\"http:\/\/aconteceunovale.com.br\/portal\/wp-content\/uploads\/2014\/03\/acidente_proximo_alpercata_29_1.jpg\" alt=\"\" \/><\/p>\n<p><img decoding=\"async\" src=\"http:\/\/aconteceunovale.com.br\/portal\/wp-content\/uploads\/2014\/03\/acidente_proximo_alpercata_29_3.jpg\" alt=\"\" \/><\/p>\n<p><em>(Reda\u00e7\u00e3o do Aconteceu no Vale com informa\u00e7\u00f5es do Caso de Pol\u00edcia \/ Fotos: Roberto Higino\/CDP)<\/em><\/p>\n","protected":false},"excerpt":{"rendered":"<p>Dois jovens morreram em um grave acidente no in\u00edcio da noite deste s\u00e1bado, 29 de mar\u00e7o, na BR-116, pr\u00f3ximo \u00e0 cidade de Alpercata no Leste de Minas Gerais. De acordo com informa\u00e7\u00f5es, uma senhora foi atropelada no acostamento da rodovia por uma motocicleta, em que viajava dois homens. Ap\u00f3s o atropelamento o condutor perdeu o [&hellip;]<\/p>\n","protected":false},"author":1,"featured_media":25148,"comment_status":"open","ping_status":"closed","sticky":false,"template":"","format":"standard","meta":{"amp_status":"","footnotes":""},"categories":[121],"tags":[6108,6107,1018,6106,247],"class_list":["post-25146","post","type-post","status-publish","format-standard","has-post-thumbnail","hentry","category-leste","tag-acidente-na-br-116-proximo-a-alpercata","tag-acidente-proximo-a-alpercata","tag-destaque","tag-duas-pessoas-morrem-em-acidente-na-br-116","tag-governador-valadares"],"yoast_head":"<!-- This site is optimized with the Yoast SEO plugin v28.3 - https:\/\/yoast.com\/product\/yoast-seo-wordpress\/ -->\n<title>Duas pessoas morrem em grave acidente na BR-116, pr\u00f3ximo a Alpercata - Aconteceu no Vale<\/title>\n<meta name=\"robots\" content=\"index, follow, max-snippet:-1, max-image-preview:large, max-video-preview:-1\" \/>\n<link rel=\"canonical\" href=\"https:\/\/aconteceunovale.com.br\/portal\/?p=25146\" \/>\n<meta property=\"og:locale\" content=\"pt_BR\" \/>\n<meta property=\"og:type\" content=\"article\" \/>\n<meta property=\"og:title\" content=\"Duas pessoas morrem em grave acidente na BR-116, pr\u00f3ximo a Alpercata - Aconteceu no Vale\" \/>\n<meta property=\"og:description\" content=\"Dois jovens morreram em um grave acidente no in\u00edcio da noite deste s\u00e1bado, 29 de mar\u00e7o, na BR-116, pr\u00f3ximo \u00e0 cidade de Alpercata no Leste de Minas Gerais. De acordo com informa\u00e7\u00f5es, uma senhora foi atropelada no acostamento da rodovia por uma motocicleta, em que viajava dois homens. Ap\u00f3s o atropelamento o condutor perdeu o [&hellip;]\" \/>\n<meta property=\"og:url\" content=\"https:\/\/aconteceunovale.com.br\/portal\/?p=25146\" \/>\n<meta property=\"og:site_name\" content=\"Aconteceu no Vale\" \/>\n<meta property=\"article:publisher\" content=\"https:\/\/www.facebook.com\/aconteceunovale\/\" \/>\n<meta property=\"article:published_time\" content=\"2014-03-30T02:17:00+00:00\" \/>\n<meta property=\"article:modified_time\" content=\"2014-03-30T02:51:07+00:00\" \/>\n<meta property=\"og:image\" content=\"https:\/\/aconteceunovale.com.br\/portal\/wp-content\/uploads\/2014\/03\/acidente_proximo_alpercata_29_2.jpg\" \/>\n\t<meta property=\"og:image:width\" content=\"678\" \/>\n\t<meta property=\"og:image:height\" content=\"381\" \/>\n\t<meta property=\"og:image:type\" content=\"image\/jpeg\" \/>\n<meta name=\"author\" content=\"Aconteceu no Vale\" \/>\n<meta name=\"twitter:card\" content=\"summary_large_image\" \/>\n<meta name=\"twitter:creator\" content=\"@noticiadosvales\" \/>\n<meta name=\"twitter:site\" content=\"@noticiadosvales\" \/>\n<meta name=\"twitter:label1\" content=\"Escrito por\" \/>\n\t<meta name=\"twitter:data1\" content=\"Aconteceu no Vale\" \/>\n\t<meta name=\"twitter:label2\" content=\"Est. tempo de leitura\" \/>\n\t<meta name=\"twitter:data2\" content=\"1 minuto\" \/>\n<script type=\"application\/ld+json\" class=\"yoast-schema-graph\">{\"@context\":\"https:\\\/\\\/schema.org\",\"@graph\":[{\"@type\":\"Article\",\"@id\":\"https:\\\/\\\/aconteceunovale.com.br\\\/portal\\\/?p=25146#article\",\"isPartOf\":{\"@id\":\"https:\\\/\\\/aconteceunovale.com.br\\\/portal\\\/?p=25146\"},\"author\":{\"name\":\"Aconteceu no Vale\",\"@id\":\"https:\\\/\\\/aconteceunovale.com.br\\\/portal\\\/#\\\/schema\\\/person\\\/633529146f2c94272bef50ac2953d589\"},\"headline\":\"Duas pessoas morrem em grave acidente na BR-116, pr\u00f3ximo a Alpercata\",\"datePublished\":\"2014-03-30T02:17:00+00:00\",\"dateModified\":\"2014-03-30T02:51:07+00:00\",\"mainEntityOfPage\":{\"@id\":\"https:\\\/\\\/aconteceunovale.com.br\\\/portal\\\/?p=25146\"},\"wordCount\":206,\"commentCount\":0,\"image\":{\"@id\":\"https:\\\/\\\/aconteceunovale.com.br\\\/portal\\\/?p=25146#primaryimage\"},\"thumbnailUrl\":\"https:\\\/\\\/aconteceunovale.com.br\\\/portal\\\/wp-content\\\/uploads\\\/2014\\\/03\\\/acidente_proximo_alpercata_29_2.jpg\",\"keywords\":[\"acidente na br-116 pr\u00f3ximo a alpercata\",\"acidente pr\u00f3ximo a alpercata\",\"destaque\",\"Duas pessoas morrem em acidente na BR-116\",\"Governador Valadares\"],\"articleSection\":[\"Leste de Minas\"],\"inLanguage\":\"pt-BR\",\"potentialAction\":[{\"@type\":\"CommentAction\",\"name\":\"Comment\",\"target\":[\"https:\\\/\\\/aconteceunovale.com.br\\\/portal\\\/?p=25146#respond\"]}]},{\"@type\":\"WebPage\",\"@id\":\"https:\\\/\\\/aconteceunovale.com.br\\\/portal\\\/?p=25146\",\"url\":\"https:\\\/\\\/aconteceunovale.com.br\\\/portal\\\/?p=25146\",\"name\":\"Duas pessoas morrem em grave acidente na BR-116, pr\u00f3ximo a Alpercata - Aconteceu no Vale\",\"isPartOf\":{\"@id\":\"https:\\\/\\\/aconteceunovale.com.br\\\/portal\\\/#website\"},\"primaryImageOfPage\":{\"@id\":\"https:\\\/\\\/aconteceunovale.com.br\\\/portal\\\/?p=25146#primaryimage\"},\"image\":{\"@id\":\"https:\\\/\\\/aconteceunovale.com.br\\\/portal\\\/?p=25146#primaryimage\"},\"thumbnailUrl\":\"https:\\\/\\\/aconteceunovale.com.br\\\/portal\\\/wp-content\\\/uploads\\\/2014\\\/03\\\/acidente_proximo_alpercata_29_2.jpg\",\"datePublished\":\"2014-03-30T02:17:00+00:00\",\"dateModified\":\"2014-03-30T02:51:07+00:00\",\"author\":{\"@id\":\"https:\\\/\\\/aconteceunovale.com.br\\\/portal\\\/#\\\/schema\\\/person\\\/633529146f2c94272bef50ac2953d589\"},\"breadcrumb\":{\"@id\":\"https:\\\/\\\/aconteceunovale.com.br\\\/portal\\\/?p=25146#breadcrumb\"},\"inLanguage\":\"pt-BR\",\"potentialAction\":[{\"@type\":\"ReadAction\",\"target\":[\"https:\\\/\\\/aconteceunovale.com.br\\\/portal\\\/?p=25146\"]}]},{\"@type\":\"ImageObject\",\"inLanguage\":\"pt-BR\",\"@id\":\"https:\\\/\\\/aconteceunovale.com.br\\\/portal\\\/?p=25146#primaryimage\",\"url\":\"https:\\\/\\\/aconteceunovale.com.br\\\/portal\\\/wp-content\\\/uploads\\\/2014\\\/03\\\/acidente_proximo_alpercata_29_2.jpg\",\"contentUrl\":\"https:\\\/\\\/aconteceunovale.com.br\\\/portal\\\/wp-content\\\/uploads\\\/2014\\\/03\\\/acidente_proximo_alpercata_29_2.jpg\",\"width\":678,\"height\":381},{\"@type\":\"BreadcrumbList\",\"@id\":\"https:\\\/\\\/aconteceunovale.com.br\\\/portal\\\/?p=25146#breadcrumb\",\"itemListElement\":[{\"@type\":\"ListItem\",\"position\":1,\"name\":\"In\u00edcio\",\"item\":\"https:\\\/\\\/aconteceunovale.com.br\\\/portal\\\/\"},{\"@type\":\"ListItem\",\"position\":2,\"name\":\"Duas pessoas morrem em grave acidente na BR-116, pr\u00f3ximo a Alpercata\"}]},{\"@type\":\"WebSite\",\"@id\":\"https:\\\/\\\/aconteceunovale.com.br\\\/portal\\\/#website\",\"url\":\"https:\\\/\\\/aconteceunovale.com.br\\\/portal\\\/\",\"name\":\"Aconteceu no Vale\",\"description\":\"Portal de Not\u00edcias\",\"potentialAction\":[{\"@type\":\"SearchAction\",\"target\":{\"@type\":\"EntryPoint\",\"urlTemplate\":\"https:\\\/\\\/aconteceunovale.com.br\\\/portal\\\/?s={search_term_string}\"},\"query-input\":{\"@type\":\"PropertyValueSpecification\",\"valueRequired\":true,\"valueName\":\"search_term_string\"}}],\"inLanguage\":\"pt-BR\"},{\"@type\":\"Person\",\"@id\":\"https:\\\/\\\/aconteceunovale.com.br\\\/portal\\\/#\\\/schema\\\/person\\\/633529146f2c94272bef50ac2953d589\",\"name\":\"Aconteceu no Vale\",\"description\":\"Equipe de reportagem do Aconteceu no Vale, portal de not\u00edcias do Vale do Jequitinhonha, em Minas Gerais. Cobrimos as 51 cidades do Vale desde 2013. Sugest\u00f5es de pauta e pedidos de corre\u00e7\u00e3o: contato@aconteceunovale.com.br\",\"sameAs\":[\"http:\\\/\\\/www.aconteceunovale.com.br\"],\"url\":\"https:\\\/\\\/aconteceunovale.com.br\\\/portal\\\/?author=1\"}]}<\/script>\n<!-- \/ Yoast SEO plugin. -->","yoast_head_json":{"title":"Duas pessoas morrem em grave acidente na BR-116, pr\u00f3ximo a Alpercata - Aconteceu no Vale","robots":{"index":"index","follow":"follow","max-snippet":"max-snippet:-1","max-image-preview":"max-image-preview:large","max-video-preview":"max-video-preview:-1"},"canonical":"https:\/\/aconteceunovale.com.br\/portal\/?p=25146","og_locale":"pt_BR","og_type":"article","og_title":"Duas pessoas morrem em grave acidente na BR-116, pr\u00f3ximo a Alpercata - Aconteceu no Vale","og_description":"Dois jovens morreram em um grave acidente no in\u00edcio da noite deste s\u00e1bado, 29 de mar\u00e7o, na BR-116, pr\u00f3ximo \u00e0 cidade de Alpercata no Leste de Minas Gerais. De acordo com informa\u00e7\u00f5es, uma senhora foi atropelada no acostamento da rodovia por uma motocicleta, em que viajava dois homens. Ap\u00f3s o atropelamento o condutor perdeu o [&hellip;]","og_url":"https:\/\/aconteceunovale.com.br\/portal\/?p=25146","og_site_name":"Aconteceu no Vale","article_publisher":"https:\/\/www.facebook.com\/aconteceunovale\/","article_published_time":"2014-03-30T02:17:00+00:00","article_modified_time":"2014-03-30T02:51:07+00:00","og_image":[{"width":678,"height":381,"url":"https:\/\/aconteceunovale.com.br\/portal\/wp-content\/uploads\/2014\/03\/acidente_proximo_alpercata_29_2.jpg","type":"image\/jpeg"}],"author":"Aconteceu no Vale","twitter_card":"summary_large_image","twitter_creator":"@noticiadosvales","twitter_site":"@noticiadosvales","twitter_misc":{"Escrito por":"Aconteceu no Vale","Est. tempo de leitura":"1 minuto"},"schema":{"@context":"https:\/\/schema.org","@graph":[{"@type":"Article","@id":"https:\/\/aconteceunovale.com.br\/portal\/?p=25146#article","isPartOf":{"@id":"https:\/\/aconteceunovale.com.br\/portal\/?p=25146"},"author":{"name":"Aconteceu no Vale","@id":"https:\/\/aconteceunovale.com.br\/portal\/#\/schema\/person\/633529146f2c94272bef50ac2953d589"},"headline":"Duas pessoas morrem em grave acidente na BR-116, pr\u00f3ximo a Alpercata","datePublished":"2014-03-30T02:17:00+00:00","dateModified":"2014-03-30T02:51:07+00:00","mainEntityOfPage":{"@id":"https:\/\/aconteceunovale.com.br\/portal\/?p=25146"},"wordCount":206,"commentCount":0,"image":{"@id":"https:\/\/aconteceunovale.com.br\/portal\/?p=25146#primaryimage"},"thumbnailUrl":"https:\/\/aconteceunovale.com.br\/portal\/wp-content\/uploads\/2014\/03\/acidente_proximo_alpercata_29_2.jpg","keywords":["acidente na br-116 pr\u00f3ximo a alpercata","acidente pr\u00f3ximo a alpercata","destaque","Duas pessoas morrem em acidente na BR-116","Governador Valadares"],"articleSection":["Leste de Minas"],"inLanguage":"pt-BR","potentialAction":[{"@type":"CommentAction","name":"Comment","target":["https:\/\/aconteceunovale.com.br\/portal\/?p=25146#respond"]}]},{"@type":"WebPage","@id":"https:\/\/aconteceunovale.com.br\/portal\/?p=25146","url":"https:\/\/aconteceunovale.com.br\/portal\/?p=25146","name":"Duas pessoas morrem em grave acidente na BR-116, pr\u00f3ximo a Alpercata - Aconteceu no Vale","isPartOf":{"@id":"https:\/\/aconteceunovale.com.br\/portal\/#website"},"primaryImageOfPage":{"@id":"https:\/\/aconteceunovale.com.br\/portal\/?p=25146#primaryimage"},"image":{"@id":"https:\/\/aconteceunovale.com.br\/portal\/?p=25146#primaryimage"},"thumbnailUrl":"https:\/\/aconteceunovale.com.br\/portal\/wp-content\/uploads\/2014\/03\/acidente_proximo_alpercata_29_2.jpg","datePublished":"2014-03-30T02:17:00+00:00","dateModified":"2014-03-30T02:51:07+00:00","author":{"@id":"https:\/\/aconteceunovale.com.br\/portal\/#\/schema\/person\/633529146f2c94272bef50ac2953d589"},"breadcrumb":{"@id":"https:\/\/aconteceunovale.com.br\/portal\/?p=25146#breadcrumb"},"inLanguage":"pt-BR","potentialAction":[{"@type":"ReadAction","target":["https:\/\/aconteceunovale.com.br\/portal\/?p=25146"]}]},{"@type":"ImageObject","inLanguage":"pt-BR","@id":"https:\/\/aconteceunovale.com.br\/portal\/?p=25146#primaryimage","url":"https:\/\/aconteceunovale.com.br\/portal\/wp-content\/uploads\/2014\/03\/acidente_proximo_alpercata_29_2.jpg","contentUrl":"https:\/\/aconteceunovale.com.br\/portal\/wp-content\/uploads\/2014\/03\/acidente_proximo_alpercata_29_2.jpg","width":678,"height":381},{"@type":"BreadcrumbList","@id":"https:\/\/aconteceunovale.com.br\/portal\/?p=25146#breadcrumb","itemListElement":[{"@type":"ListItem","position":1,"name":"In\u00edcio","item":"https:\/\/aconteceunovale.com.br\/portal\/"},{"@type":"ListItem","position":2,"name":"Duas pessoas morrem em grave acidente na BR-116, pr\u00f3ximo a Alpercata"}]},{"@type":"WebSite","@id":"https:\/\/aconteceunovale.com.br\/portal\/#website","url":"https:\/\/aconteceunovale.com.br\/portal\/","name":"Aconteceu no Vale","description":"Portal de Not\u00edcias","potentialAction":[{"@type":"SearchAction","target":{"@type":"EntryPoint","urlTemplate":"https:\/\/aconteceunovale.com.br\/portal\/?s={search_term_string}"},"query-input":{"@type":"PropertyValueSpecification","valueRequired":true,"valueName":"search_term_string"}}],"inLanguage":"pt-BR"},{"@type":"Person","@id":"https:\/\/aconteceunovale.com.br\/portal\/#\/schema\/person\/633529146f2c94272bef50ac2953d589","name":"Aconteceu no Vale","description":"Equipe de reportagem do Aconteceu no Vale, portal de not\u00edcias do Vale do Jequitinhonha, em Minas Gerais. Cobrimos as 51 cidades do Vale desde 2013. Sugest\u00f5es de pauta e pedidos de corre\u00e7\u00e3o: contato@aconteceunovale.com.br","sameAs":["http:\/\/www.aconteceunovale.com.br"],"url":"https:\/\/aconteceunovale.com.br\/portal\/?author=1"}]}},"_links":{"self":[{"href":"https:\/\/aconteceunovale.com.br\/portal\/index.php?rest_route=\/wp\/v2\/posts\/25146","targetHints":{"allow":["GET"]}}],"collection":[{"href":"https:\/\/aconteceunovale.com.br\/portal\/index.php?rest_route=\/wp\/v2\/posts"}],"about":[{"href":"https:\/\/aconteceunovale.com.br\/portal\/index.php?rest_route=\/wp\/v2\/types\/post"}],"author":[{"embeddable":true,"href":"https:\/\/aconteceunovale.com.br\/portal\/index.php?rest_route=\/wp\/v2\/users\/1"}],"replies":[{"embeddable":true,"href":"https:\/\/aconteceunovale.com.br\/portal\/index.php?rest_route=%2Fwp%2Fv2%2Fcomments&post=25146"}],"version-history":[{"count":0,"href":"https:\/\/aconteceunovale.com.br\/portal\/index.php?rest_route=\/wp\/v2\/posts\/25146\/revisions"}],"wp:featuredmedia":[{"embeddable":true,"href":"https:\/\/aconteceunovale.com.br\/portal\/index.php?rest_route=\/wp\/v2\/media\/25148"}],"wp:attachment":[{"href":"https:\/\/aconteceunovale.com.br\/portal\/index.php?rest_route=%2Fwp%2Fv2%2Fmedia&parent=25146"}],"wp:term":[{"taxonomy":"category","embeddable":true,"href":"https:\/\/aconteceunovale.com.br\/portal\/index.php?rest_route=%2Fwp%2Fv2%2Fcategories&post=25146"},{"taxonomy":"post_tag","embeddable":true,"href":"https:\/\/aconteceunovale.com.br\/portal\/index.php?rest_route=%2Fwp%2Fv2%2Ftags&post=25146"}],"curies":[{"name":"wp","href":"https:\/\/api.w.org\/{rel}","templated":true}]}}