{"id":25138,"date":"2014-03-29T17:06:46","date_gmt":"2014-03-29T20:06:46","guid":{"rendered":"http:\/\/aconteceunovale.com.br\/portal\/?p=25138"},"modified":"2014-03-29T17:06:46","modified_gmt":"2014-03-29T20:06:46","slug":"trinta-anos-de-as-onhas-do-jequi","status":"publish","type":"post","link":"https:\/\/aconteceunovale.com.br\/portal\/?p=25138","title":{"rendered":"Trinta anos de &#8220;As Onhas do Jequi&#8221;"},"content":{"rendered":"<p>Em 1984 o Jequitinhonha desembarcava na capital mineira com a cultura popular, seus artistas grupos e agentes culturais. A\u00ed se v\u00e3o 30 anos e a capital mineira tornara-se uma parte do territ\u00f3rio cultural do Vale do Jequitinhonha, hoje n\u00e3o h\u00e1 mineiro que n\u00e3o conhe\u00e7a e as express\u00f5es culturais desta regi\u00e3o s\u00e3o conhecidas mundo afora.<\/p>\n<p>Para comemorar estes 30 anos, o Valemais \u2013 Instituto Sociocultural Jequitinhonha lan\u00e7ou o projeto \u201cQuando o Jequitinhonha Canta e Dan\u00e7a\u201d, que aconteceu em fevereiro com o semin\u00e1rio \u201cTecendo a Rede Jequitinhonha Cultural\u201d. Este semin\u00e1rio reuniu mais de 50 cidades e quase uma centena de agentes culturais do Jequitinhonha, Mucuri, Belo Horizonte e v\u00e1rias partes de Minas.<\/p>\n<p>A segunda parte deste projeto come\u00e7ar\u00e1 no dia 12 de abril de 2014, com a reedi\u00e7\u00e3o do \u201cAs Onhas do Jequi\u201d no Minascentro, com a grava\u00e7\u00e3o de um DVD. Esta ser\u00e1 uma oportunidade imperd\u00edvel de festejar a cultura popular. O show ter\u00e1 a participa\u00e7\u00e3o de Paulinho Pedra Azul, Saulo Laranjeira, Rubinho do Vale, Frei Chico, Lira Marques, Coral Vozes das Veredas, Tadeu Franco, Gonzaga Medeiros e Tadeu Martins.<\/p>\n<p>J\u00e1 no dia 13, o encerramento ter\u00e1 outro grande show com outra comemora\u00e7\u00e3o, os 20 anos da carreira de Pereira da Viola com o show \u201cIncelente Maravilha\u201d convidando Titane, Wilson Dias, Josino Medina e C\u00e9lio Sene.<\/p>\n<p>\u00c9 mesmo uma Incelente Maravilha, quando todos cantamos e dan\u00e7amos com o Jequitinhonha!<\/p>\n<h4><strong>SERVI\u00c7O<\/strong><\/h4>\n<p><strong>Evento:<\/strong> Quando o Jequitinhonha Canta e Dan\u00e7a<\/p>\n<p><strong>Data:<\/strong> 12 de abril de 2014 \u2013 \u201cAs Onhas do Jequi\u201d<\/p>\n<p><strong>Hora:<\/strong> 20h<\/p>\n<p><strong>Data:<\/strong> 13 de abril de 2014 \u2013 \u201cIncelente Maravilha\u201d<\/p>\n<p><strong>Hora:<\/strong> 20h<\/p>\n<p><strong>Local:<\/strong> Minascentro<\/p>\n<p><strong>Endere\u00e7o: <\/strong>Avenida Augusto de Lima, 785 \u2013 Centro \u2013 Belo Horizonte<\/p>\n<p><strong>Informa\u00e7\u00f5es:<\/strong> 31-9952-3054 &#8211; <a href=\"http:\/\/www.facebook.com\/InstitutoValemais\" target=\"_blank\">www.facebook.com\/InstitutoValemais<\/a><\/p>\n<p><strong>Ingressos:<\/strong> <a href=\"http:\/\/www.sympla.com.br\/valemais\" target=\"_blank\">www.sympla.com.br\/valemais<\/a><\/p>\n<p><img decoding=\"async\" src=\"http:\/\/aconteceunovale.com.br\/portal\/wp-content\/uploads\/2014\/03\/30_anos_onhas_do_jequi.png\" alt=\"\" \/><\/p>\n","protected":false},"excerpt":{"rendered":"<p>Em 1984 o Jequitinhonha desembarcava na capital mineira com a cultura popular, seus artistas grupos e agentes culturais. A\u00ed se v\u00e3o 30 anos e a capital mineira tornara-se uma parte do territ\u00f3rio cultural do Vale do Jequitinhonha, hoje n\u00e3o h\u00e1 mineiro que n\u00e3o conhe\u00e7a e as express\u00f5es culturais desta regi\u00e3o s\u00e3o conhecidas mundo afora. Para [&hellip;]<\/p>\n","protected":false},"author":1,"featured_media":25139,"comment_status":"open","ping_status":"closed","sticky":false,"template":"","format":"standard","meta":{"amp_status":"","footnotes":""},"categories":[125],"tags":[6104,6103],"class_list":["post-25138","post","type-post","status-publish","format-standard","has-post-thumbnail","hentry","category-noticias","tag-as-onhas-do-jequi","tag-trinta-anos-de-as-onhas-do-jequi"],"yoast_head":"<!-- This site is optimized with the Yoast SEO plugin v28.3 - https:\/\/yoast.com\/product\/yoast-seo-wordpress\/ -->\n<title>Trinta anos de &quot;As Onhas do Jequi&quot; - Aconteceu no Vale<\/title>\n<meta name=\"robots\" content=\"index, follow, max-snippet:-1, max-image-preview:large, max-video-preview:-1\" \/>\n<link rel=\"canonical\" href=\"https:\/\/aconteceunovale.com.br\/portal\/?p=25138\" \/>\n<meta property=\"og:locale\" content=\"pt_BR\" \/>\n<meta property=\"og:type\" content=\"article\" \/>\n<meta property=\"og:title\" content=\"Trinta anos de &quot;As Onhas do Jequi&quot; - Aconteceu no Vale\" \/>\n<meta property=\"og:description\" content=\"Em 1984 o Jequitinhonha desembarcava na capital mineira com a cultura popular, seus artistas grupos e agentes culturais. A\u00ed se v\u00e3o 30 anos e a capital mineira tornara-se uma parte do territ\u00f3rio cultural do Vale do Jequitinhonha, hoje n\u00e3o h\u00e1 mineiro que n\u00e3o conhe\u00e7a e as express\u00f5es culturais desta regi\u00e3o s\u00e3o conhecidas mundo afora. Para [&hellip;]\" \/>\n<meta property=\"og:url\" content=\"https:\/\/aconteceunovale.com.br\/portal\/?p=25138\" \/>\n<meta property=\"og:site_name\" content=\"Aconteceu no Vale\" \/>\n<meta property=\"article:publisher\" content=\"https:\/\/www.facebook.com\/aconteceunovale\/\" \/>\n<meta property=\"article:published_time\" content=\"2014-03-29T20:06:46+00:00\" \/>\n<meta property=\"og:image\" content=\"https:\/\/aconteceunovale.com.br\/portal\/wp-content\/uploads\/2014\/03\/30_anos_onhas_do_jequi.png\" \/>\n\t<meta property=\"og:image:width\" content=\"318\" \/>\n\t<meta property=\"og:image:height\" content=\"450\" \/>\n\t<meta property=\"og:image:type\" content=\"image\/png\" \/>\n<meta name=\"author\" content=\"Aconteceu no Vale\" \/>\n<meta name=\"twitter:card\" content=\"summary_large_image\" \/>\n<meta name=\"twitter:creator\" content=\"@noticiadosvales\" \/>\n<meta name=\"twitter:site\" content=\"@noticiadosvales\" \/>\n<meta name=\"twitter:label1\" content=\"Escrito por\" \/>\n\t<meta name=\"twitter:data1\" content=\"Aconteceu no Vale\" \/>\n\t<meta name=\"twitter:label2\" content=\"Est. tempo de leitura\" \/>\n\t<meta name=\"twitter:data2\" content=\"1 minuto\" \/>\n<script type=\"application\/ld+json\" class=\"yoast-schema-graph\">{\"@context\":\"https:\\\/\\\/schema.org\",\"@graph\":[{\"@type\":\"Article\",\"@id\":\"https:\\\/\\\/aconteceunovale.com.br\\\/portal\\\/?p=25138#article\",\"isPartOf\":{\"@id\":\"https:\\\/\\\/aconteceunovale.com.br\\\/portal\\\/?p=25138\"},\"author\":{\"name\":\"Aconteceu no Vale\",\"@id\":\"https:\\\/\\\/aconteceunovale.com.br\\\/portal\\\/#\\\/schema\\\/person\\\/633529146f2c94272bef50ac2953d589\"},\"headline\":\"Trinta anos de &#8220;As Onhas do Jequi&#8221;\",\"datePublished\":\"2014-03-29T20:06:46+00:00\",\"mainEntityOfPage\":{\"@id\":\"https:\\\/\\\/aconteceunovale.com.br\\\/portal\\\/?p=25138\"},\"wordCount\":299,\"commentCount\":0,\"image\":{\"@id\":\"https:\\\/\\\/aconteceunovale.com.br\\\/portal\\\/?p=25138#primaryimage\"},\"thumbnailUrl\":\"https:\\\/\\\/aconteceunovale.com.br\\\/portal\\\/wp-content\\\/uploads\\\/2014\\\/03\\\/30_anos_onhas_do_jequi.png\",\"keywords\":[\"As Onhas do Jequi\",\"Trinta anos de As Onhas do Jequi\"],\"articleSection\":[\"Eventos\"],\"inLanguage\":\"pt-BR\",\"potentialAction\":[{\"@type\":\"CommentAction\",\"name\":\"Comment\",\"target\":[\"https:\\\/\\\/aconteceunovale.com.br\\\/portal\\\/?p=25138#respond\"]}]},{\"@type\":\"WebPage\",\"@id\":\"https:\\\/\\\/aconteceunovale.com.br\\\/portal\\\/?p=25138\",\"url\":\"https:\\\/\\\/aconteceunovale.com.br\\\/portal\\\/?p=25138\",\"name\":\"Trinta anos de \\\"As Onhas do Jequi\\\" - Aconteceu no Vale\",\"isPartOf\":{\"@id\":\"https:\\\/\\\/aconteceunovale.com.br\\\/portal\\\/#website\"},\"primaryImageOfPage\":{\"@id\":\"https:\\\/\\\/aconteceunovale.com.br\\\/portal\\\/?p=25138#primaryimage\"},\"image\":{\"@id\":\"https:\\\/\\\/aconteceunovale.com.br\\\/portal\\\/?p=25138#primaryimage\"},\"thumbnailUrl\":\"https:\\\/\\\/aconteceunovale.com.br\\\/portal\\\/wp-content\\\/uploads\\\/2014\\\/03\\\/30_anos_onhas_do_jequi.png\",\"datePublished\":\"2014-03-29T20:06:46+00:00\",\"author\":{\"@id\":\"https:\\\/\\\/aconteceunovale.com.br\\\/portal\\\/#\\\/schema\\\/person\\\/633529146f2c94272bef50ac2953d589\"},\"breadcrumb\":{\"@id\":\"https:\\\/\\\/aconteceunovale.com.br\\\/portal\\\/?p=25138#breadcrumb\"},\"inLanguage\":\"pt-BR\",\"potentialAction\":[{\"@type\":\"ReadAction\",\"target\":[\"https:\\\/\\\/aconteceunovale.com.br\\\/portal\\\/?p=25138\"]}]},{\"@type\":\"ImageObject\",\"inLanguage\":\"pt-BR\",\"@id\":\"https:\\\/\\\/aconteceunovale.com.br\\\/portal\\\/?p=25138#primaryimage\",\"url\":\"https:\\\/\\\/aconteceunovale.com.br\\\/portal\\\/wp-content\\\/uploads\\\/2014\\\/03\\\/30_anos_onhas_do_jequi.png\",\"contentUrl\":\"https:\\\/\\\/aconteceunovale.com.br\\\/portal\\\/wp-content\\\/uploads\\\/2014\\\/03\\\/30_anos_onhas_do_jequi.png\",\"width\":318,\"height\":450},{\"@type\":\"BreadcrumbList\",\"@id\":\"https:\\\/\\\/aconteceunovale.com.br\\\/portal\\\/?p=25138#breadcrumb\",\"itemListElement\":[{\"@type\":\"ListItem\",\"position\":1,\"name\":\"In\u00edcio\",\"item\":\"https:\\\/\\\/aconteceunovale.com.br\\\/portal\\\/\"},{\"@type\":\"ListItem\",\"position\":2,\"name\":\"Trinta anos de &#8220;As Onhas do Jequi&#8221;\"}]},{\"@type\":\"WebSite\",\"@id\":\"https:\\\/\\\/aconteceunovale.com.br\\\/portal\\\/#website\",\"url\":\"https:\\\/\\\/aconteceunovale.com.br\\\/portal\\\/\",\"name\":\"Aconteceu no Vale\",\"description\":\"Portal de Not\u00edcias\",\"potentialAction\":[{\"@type\":\"SearchAction\",\"target\":{\"@type\":\"EntryPoint\",\"urlTemplate\":\"https:\\\/\\\/aconteceunovale.com.br\\\/portal\\\/?s={search_term_string}\"},\"query-input\":{\"@type\":\"PropertyValueSpecification\",\"valueRequired\":true,\"valueName\":\"search_term_string\"}}],\"inLanguage\":\"pt-BR\"},{\"@type\":\"Person\",\"@id\":\"https:\\\/\\\/aconteceunovale.com.br\\\/portal\\\/#\\\/schema\\\/person\\\/633529146f2c94272bef50ac2953d589\",\"name\":\"Aconteceu no Vale\",\"description\":\"Equipe de reportagem do Aconteceu no Vale, portal de not\u00edcias do Vale do Jequitinhonha, em Minas Gerais. Cobrimos as 51 cidades do Vale desde 2013. Sugest\u00f5es de pauta e pedidos de corre\u00e7\u00e3o: contato@aconteceunovale.com.br\",\"sameAs\":[\"http:\\\/\\\/www.aconteceunovale.com.br\"],\"url\":\"https:\\\/\\\/aconteceunovale.com.br\\\/portal\\\/?author=1\"}]}<\/script>\n<!-- \/ Yoast SEO plugin. -->","yoast_head_json":{"title":"Trinta anos de \"As Onhas do Jequi\" - Aconteceu no Vale","robots":{"index":"index","follow":"follow","max-snippet":"max-snippet:-1","max-image-preview":"max-image-preview:large","max-video-preview":"max-video-preview:-1"},"canonical":"https:\/\/aconteceunovale.com.br\/portal\/?p=25138","og_locale":"pt_BR","og_type":"article","og_title":"Trinta anos de \"As Onhas do Jequi\" - Aconteceu no Vale","og_description":"Em 1984 o Jequitinhonha desembarcava na capital mineira com a cultura popular, seus artistas grupos e agentes culturais. A\u00ed se v\u00e3o 30 anos e a capital mineira tornara-se uma parte do territ\u00f3rio cultural do Vale do Jequitinhonha, hoje n\u00e3o h\u00e1 mineiro que n\u00e3o conhe\u00e7a e as express\u00f5es culturais desta regi\u00e3o s\u00e3o conhecidas mundo afora. Para [&hellip;]","og_url":"https:\/\/aconteceunovale.com.br\/portal\/?p=25138","og_site_name":"Aconteceu no Vale","article_publisher":"https:\/\/www.facebook.com\/aconteceunovale\/","article_published_time":"2014-03-29T20:06:46+00:00","og_image":[{"width":318,"height":450,"url":"https:\/\/aconteceunovale.com.br\/portal\/wp-content\/uploads\/2014\/03\/30_anos_onhas_do_jequi.png","type":"image\/png"}],"author":"Aconteceu no Vale","twitter_card":"summary_large_image","twitter_creator":"@noticiadosvales","twitter_site":"@noticiadosvales","twitter_misc":{"Escrito por":"Aconteceu no Vale","Est. tempo de leitura":"1 minuto"},"schema":{"@context":"https:\/\/schema.org","@graph":[{"@type":"Article","@id":"https:\/\/aconteceunovale.com.br\/portal\/?p=25138#article","isPartOf":{"@id":"https:\/\/aconteceunovale.com.br\/portal\/?p=25138"},"author":{"name":"Aconteceu no Vale","@id":"https:\/\/aconteceunovale.com.br\/portal\/#\/schema\/person\/633529146f2c94272bef50ac2953d589"},"headline":"Trinta anos de &#8220;As Onhas do Jequi&#8221;","datePublished":"2014-03-29T20:06:46+00:00","mainEntityOfPage":{"@id":"https:\/\/aconteceunovale.com.br\/portal\/?p=25138"},"wordCount":299,"commentCount":0,"image":{"@id":"https:\/\/aconteceunovale.com.br\/portal\/?p=25138#primaryimage"},"thumbnailUrl":"https:\/\/aconteceunovale.com.br\/portal\/wp-content\/uploads\/2014\/03\/30_anos_onhas_do_jequi.png","keywords":["As Onhas do Jequi","Trinta anos de As Onhas do Jequi"],"articleSection":["Eventos"],"inLanguage":"pt-BR","potentialAction":[{"@type":"CommentAction","name":"Comment","target":["https:\/\/aconteceunovale.com.br\/portal\/?p=25138#respond"]}]},{"@type":"WebPage","@id":"https:\/\/aconteceunovale.com.br\/portal\/?p=25138","url":"https:\/\/aconteceunovale.com.br\/portal\/?p=25138","name":"Trinta anos de \"As Onhas do Jequi\" - Aconteceu no Vale","isPartOf":{"@id":"https:\/\/aconteceunovale.com.br\/portal\/#website"},"primaryImageOfPage":{"@id":"https:\/\/aconteceunovale.com.br\/portal\/?p=25138#primaryimage"},"image":{"@id":"https:\/\/aconteceunovale.com.br\/portal\/?p=25138#primaryimage"},"thumbnailUrl":"https:\/\/aconteceunovale.com.br\/portal\/wp-content\/uploads\/2014\/03\/30_anos_onhas_do_jequi.png","datePublished":"2014-03-29T20:06:46+00:00","author":{"@id":"https:\/\/aconteceunovale.com.br\/portal\/#\/schema\/person\/633529146f2c94272bef50ac2953d589"},"breadcrumb":{"@id":"https:\/\/aconteceunovale.com.br\/portal\/?p=25138#breadcrumb"},"inLanguage":"pt-BR","potentialAction":[{"@type":"ReadAction","target":["https:\/\/aconteceunovale.com.br\/portal\/?p=25138"]}]},{"@type":"ImageObject","inLanguage":"pt-BR","@id":"https:\/\/aconteceunovale.com.br\/portal\/?p=25138#primaryimage","url":"https:\/\/aconteceunovale.com.br\/portal\/wp-content\/uploads\/2014\/03\/30_anos_onhas_do_jequi.png","contentUrl":"https:\/\/aconteceunovale.com.br\/portal\/wp-content\/uploads\/2014\/03\/30_anos_onhas_do_jequi.png","width":318,"height":450},{"@type":"BreadcrumbList","@id":"https:\/\/aconteceunovale.com.br\/portal\/?p=25138#breadcrumb","itemListElement":[{"@type":"ListItem","position":1,"name":"In\u00edcio","item":"https:\/\/aconteceunovale.com.br\/portal\/"},{"@type":"ListItem","position":2,"name":"Trinta anos de &#8220;As Onhas do Jequi&#8221;"}]},{"@type":"WebSite","@id":"https:\/\/aconteceunovale.com.br\/portal\/#website","url":"https:\/\/aconteceunovale.com.br\/portal\/","name":"Aconteceu no Vale","description":"Portal de Not\u00edcias","potentialAction":[{"@type":"SearchAction","target":{"@type":"EntryPoint","urlTemplate":"https:\/\/aconteceunovale.com.br\/portal\/?s={search_term_string}"},"query-input":{"@type":"PropertyValueSpecification","valueRequired":true,"valueName":"search_term_string"}}],"inLanguage":"pt-BR"},{"@type":"Person","@id":"https:\/\/aconteceunovale.com.br\/portal\/#\/schema\/person\/633529146f2c94272bef50ac2953d589","name":"Aconteceu no Vale","description":"Equipe de reportagem do Aconteceu no Vale, portal de not\u00edcias do Vale do Jequitinhonha, em Minas Gerais. Cobrimos as 51 cidades do Vale desde 2013. Sugest\u00f5es de pauta e pedidos de corre\u00e7\u00e3o: contato@aconteceunovale.com.br","sameAs":["http:\/\/www.aconteceunovale.com.br"],"url":"https:\/\/aconteceunovale.com.br\/portal\/?author=1"}]}},"_links":{"self":[{"href":"https:\/\/aconteceunovale.com.br\/portal\/index.php?rest_route=\/wp\/v2\/posts\/25138","targetHints":{"allow":["GET"]}}],"collection":[{"href":"https:\/\/aconteceunovale.com.br\/portal\/index.php?rest_route=\/wp\/v2\/posts"}],"about":[{"href":"https:\/\/aconteceunovale.com.br\/portal\/index.php?rest_route=\/wp\/v2\/types\/post"}],"author":[{"embeddable":true,"href":"https:\/\/aconteceunovale.com.br\/portal\/index.php?rest_route=\/wp\/v2\/users\/1"}],"replies":[{"embeddable":true,"href":"https:\/\/aconteceunovale.com.br\/portal\/index.php?rest_route=%2Fwp%2Fv2%2Fcomments&post=25138"}],"version-history":[{"count":0,"href":"https:\/\/aconteceunovale.com.br\/portal\/index.php?rest_route=\/wp\/v2\/posts\/25138\/revisions"}],"wp:featuredmedia":[{"embeddable":true,"href":"https:\/\/aconteceunovale.com.br\/portal\/index.php?rest_route=\/wp\/v2\/media\/25139"}],"wp:attachment":[{"href":"https:\/\/aconteceunovale.com.br\/portal\/index.php?rest_route=%2Fwp%2Fv2%2Fmedia&parent=25138"}],"wp:term":[{"taxonomy":"category","embeddable":true,"href":"https:\/\/aconteceunovale.com.br\/portal\/index.php?rest_route=%2Fwp%2Fv2%2Fcategories&post=25138"},{"taxonomy":"post_tag","embeddable":true,"href":"https:\/\/aconteceunovale.com.br\/portal\/index.php?rest_route=%2Fwp%2Fv2%2Ftags&post=25138"}],"curies":[{"name":"wp","href":"https:\/\/api.w.org\/{rel}","templated":true}]}}