{"id":25131,"date":"2014-03-29T16:53:36","date_gmt":"2014-03-29T19:53:36","guid":{"rendered":"http:\/\/aconteceunovale.com.br\/portal\/?p=25131"},"modified":"2014-03-29T16:54:39","modified_gmt":"2014-03-29T19:54:39","slug":"colisao-frontal-deixa-duas-vitimas-fatais-e-cinco-feridas-na-br-458","status":"publish","type":"post","link":"https:\/\/aconteceunovale.com.br\/portal\/?p=25131","title":{"rendered":"Colis\u00e3o frontal deixa duas v\u00edtimas fatais e cinco feridas na BR-458"},"content":{"rendered":"<p>A colis\u00e3o entre dois carros de passeio deixou duas pessoas mortas e outras cinco feridas no in\u00edcio da tarde deste s\u00e1bado (29), no KM 130 da BR-458, pr\u00f3ximo \u00e0 cidade de Ipaba, no Leste de Minas Gerais.<\/p>\n<p>Segundo a Pol\u00edcia Rodovi\u00e1ria Federal, chovia no momento do acidente, que aconteceu por volta das 13h. O motorista de um carro preto perdeu o controle da dire\u00e7\u00e3o e invadiu a contra m\u00e3o, batendo de frente com outro ve\u00edculo que seguida na pista contr\u00e1ria.<\/p>\n<p>Das cinco pessoas que estavam no carro preto, duas conseguiram sair do ve\u00edculo, outras tr\u00eas ficaram presas \u00e0s ferragens. Uma pessoa conseguiu ser retirada com vida pelas equipes de resgate. O motorista e uma passageira que estava no banco traseiro morreram presos \u00e0s ferragens.<\/p>\n<p>Os dois ocupantes que estavam no outro ve\u00edculo envolvido no acidente tamb\u00e9m foram socorridos com vida.<\/p>\n<p><img decoding=\"async\" src=\"http:\/\/aconteceunovale.com.br\/portal\/wp-content\/uploads\/2014\/03\/acidente_proximo_ipaba_29.jpg\" alt=\"\" \/><em>(Foto: K\u00e1ssio Freitas \/ Inter TV MG)<\/em><br \/>\n<\/br><\/p>\n<h4><strong>Outro acidente na rodovia<\/strong><\/h4>\n<p>Pouco mais de uma hora depois, outro acidente foi registrado na rodovia. Um carro que saia do trevo que d\u00e1 acesso \u00e0 cidade de Ipaba chocou-se lateralmente com uma motocicleta.<\/p>\n<p>O motorista da moto tamb\u00e9m foi socorrido sem ferimentos graves e passa bem. (G1)<\/p>\n","protected":false},"excerpt":{"rendered":"<p>A colis\u00e3o entre dois carros de passeio deixou duas pessoas mortas e outras cinco feridas no in\u00edcio da tarde deste s\u00e1bado (29), no KM 130 da BR-458, pr\u00f3ximo \u00e0 cidade de Ipaba, no Leste de Minas Gerais. Segundo a Pol\u00edcia Rodovi\u00e1ria Federal, chovia no momento do acidente, que aconteceu por volta das 13h. O motorista [&hellip;]<\/p>\n","protected":false},"author":1,"featured_media":25132,"comment_status":"open","ping_status":"closed","sticky":false,"template":"","format":"standard","meta":{"amp_status":"","footnotes":""},"categories":[121],"tags":[6101,6100,6099,1018],"class_list":["post-25131","post","type-post","status-publish","format-standard","has-post-thumbnail","hentry","category-leste","tag-acidente-perto-de-ipaba","tag-acidente-proximo-a-ipaba","tag-colisao-frontal-deixa-duas-vitimas-fatais-e-cinco-feridas-na-br-458","tag-destaque"],"yoast_head":"<!-- This site is optimized with the Yoast SEO plugin v28.3 - https:\/\/yoast.com\/product\/yoast-seo-wordpress\/ -->\n<title>Colis\u00e3o frontal deixa duas v\u00edtimas fatais e cinco feridas na BR-458 - Aconteceu no Vale<\/title>\n<meta name=\"robots\" content=\"index, follow, max-snippet:-1, max-image-preview:large, max-video-preview:-1\" \/>\n<link rel=\"canonical\" href=\"https:\/\/aconteceunovale.com.br\/portal\/?p=25131\" \/>\n<meta property=\"og:locale\" content=\"pt_BR\" \/>\n<meta property=\"og:type\" content=\"article\" \/>\n<meta property=\"og:title\" content=\"Colis\u00e3o frontal deixa duas v\u00edtimas fatais e cinco feridas na BR-458 - Aconteceu no Vale\" \/>\n<meta property=\"og:description\" content=\"A colis\u00e3o entre dois carros de passeio deixou duas pessoas mortas e outras cinco feridas no in\u00edcio da tarde deste s\u00e1bado (29), no KM 130 da BR-458, pr\u00f3ximo \u00e0 cidade de Ipaba, no Leste de Minas Gerais. Segundo a Pol\u00edcia Rodovi\u00e1ria Federal, chovia no momento do acidente, que aconteceu por volta das 13h. O motorista [&hellip;]\" \/>\n<meta property=\"og:url\" content=\"https:\/\/aconteceunovale.com.br\/portal\/?p=25131\" \/>\n<meta property=\"og:site_name\" content=\"Aconteceu no Vale\" \/>\n<meta property=\"article:publisher\" content=\"https:\/\/www.facebook.com\/aconteceunovale\/\" \/>\n<meta property=\"article:published_time\" content=\"2014-03-29T19:53:36+00:00\" \/>\n<meta property=\"article:modified_time\" content=\"2014-03-29T19:54:39+00:00\" \/>\n<meta property=\"og:image\" content=\"https:\/\/aconteceunovale.com.br\/portal\/wp-content\/uploads\/2014\/03\/acidente_proximo_ipaba_29.jpg\" \/>\n\t<meta property=\"og:image:width\" content=\"600\" \/>\n\t<meta property=\"og:image:height\" content=\"450\" \/>\n\t<meta property=\"og:image:type\" content=\"image\/jpeg\" \/>\n<meta name=\"author\" content=\"Aconteceu no Vale\" \/>\n<meta name=\"twitter:card\" content=\"summary_large_image\" \/>\n<meta name=\"twitter:creator\" content=\"@noticiadosvales\" \/>\n<meta name=\"twitter:site\" content=\"@noticiadosvales\" \/>\n<meta name=\"twitter:label1\" content=\"Escrito por\" \/>\n\t<meta name=\"twitter:data1\" content=\"Aconteceu no Vale\" \/>\n\t<meta name=\"twitter:label2\" content=\"Est. tempo de leitura\" \/>\n\t<meta name=\"twitter:data2\" content=\"1 minuto\" \/>\n<script type=\"application\/ld+json\" class=\"yoast-schema-graph\">{\"@context\":\"https:\\\/\\\/schema.org\",\"@graph\":[{\"@type\":\"Article\",\"@id\":\"https:\\\/\\\/aconteceunovale.com.br\\\/portal\\\/?p=25131#article\",\"isPartOf\":{\"@id\":\"https:\\\/\\\/aconteceunovale.com.br\\\/portal\\\/?p=25131\"},\"author\":{\"name\":\"Aconteceu no Vale\",\"@id\":\"https:\\\/\\\/aconteceunovale.com.br\\\/portal\\\/#\\\/schema\\\/person\\\/633529146f2c94272bef50ac2953d589\"},\"headline\":\"Colis\u00e3o frontal deixa duas v\u00edtimas fatais e cinco feridas na BR-458\",\"datePublished\":\"2014-03-29T19:53:36+00:00\",\"dateModified\":\"2014-03-29T19:54:39+00:00\",\"mainEntityOfPage\":{\"@id\":\"https:\\\/\\\/aconteceunovale.com.br\\\/portal\\\/?p=25131\"},\"wordCount\":219,\"commentCount\":0,\"image\":{\"@id\":\"https:\\\/\\\/aconteceunovale.com.br\\\/portal\\\/?p=25131#primaryimage\"},\"thumbnailUrl\":\"https:\\\/\\\/aconteceunovale.com.br\\\/portal\\\/wp-content\\\/uploads\\\/2014\\\/03\\\/acidente_proximo_ipaba_29.jpg\",\"keywords\":[\"acidente perto de Ipaba\",\"acidente pr\u00f3ximo a Ipaba\",\"Colis\u00e3o frontal deixa duas v\u00edtimas fatais e cinco feridas na BR-458\",\"destaque\"],\"articleSection\":[\"Leste de Minas\"],\"inLanguage\":\"pt-BR\",\"potentialAction\":[{\"@type\":\"CommentAction\",\"name\":\"Comment\",\"target\":[\"https:\\\/\\\/aconteceunovale.com.br\\\/portal\\\/?p=25131#respond\"]}]},{\"@type\":\"WebPage\",\"@id\":\"https:\\\/\\\/aconteceunovale.com.br\\\/portal\\\/?p=25131\",\"url\":\"https:\\\/\\\/aconteceunovale.com.br\\\/portal\\\/?p=25131\",\"name\":\"Colis\u00e3o frontal deixa duas v\u00edtimas fatais e cinco feridas na BR-458 - Aconteceu no Vale\",\"isPartOf\":{\"@id\":\"https:\\\/\\\/aconteceunovale.com.br\\\/portal\\\/#website\"},\"primaryImageOfPage\":{\"@id\":\"https:\\\/\\\/aconteceunovale.com.br\\\/portal\\\/?p=25131#primaryimage\"},\"image\":{\"@id\":\"https:\\\/\\\/aconteceunovale.com.br\\\/portal\\\/?p=25131#primaryimage\"},\"thumbnailUrl\":\"https:\\\/\\\/aconteceunovale.com.br\\\/portal\\\/wp-content\\\/uploads\\\/2014\\\/03\\\/acidente_proximo_ipaba_29.jpg\",\"datePublished\":\"2014-03-29T19:53:36+00:00\",\"dateModified\":\"2014-03-29T19:54:39+00:00\",\"author\":{\"@id\":\"https:\\\/\\\/aconteceunovale.com.br\\\/portal\\\/#\\\/schema\\\/person\\\/633529146f2c94272bef50ac2953d589\"},\"breadcrumb\":{\"@id\":\"https:\\\/\\\/aconteceunovale.com.br\\\/portal\\\/?p=25131#breadcrumb\"},\"inLanguage\":\"pt-BR\",\"potentialAction\":[{\"@type\":\"ReadAction\",\"target\":[\"https:\\\/\\\/aconteceunovale.com.br\\\/portal\\\/?p=25131\"]}]},{\"@type\":\"ImageObject\",\"inLanguage\":\"pt-BR\",\"@id\":\"https:\\\/\\\/aconteceunovale.com.br\\\/portal\\\/?p=25131#primaryimage\",\"url\":\"https:\\\/\\\/aconteceunovale.com.br\\\/portal\\\/wp-content\\\/uploads\\\/2014\\\/03\\\/acidente_proximo_ipaba_29.jpg\",\"contentUrl\":\"https:\\\/\\\/aconteceunovale.com.br\\\/portal\\\/wp-content\\\/uploads\\\/2014\\\/03\\\/acidente_proximo_ipaba_29.jpg\",\"width\":600,\"height\":450},{\"@type\":\"BreadcrumbList\",\"@id\":\"https:\\\/\\\/aconteceunovale.com.br\\\/portal\\\/?p=25131#breadcrumb\",\"itemListElement\":[{\"@type\":\"ListItem\",\"position\":1,\"name\":\"In\u00edcio\",\"item\":\"https:\\\/\\\/aconteceunovale.com.br\\\/portal\\\/\"},{\"@type\":\"ListItem\",\"position\":2,\"name\":\"Colis\u00e3o frontal deixa duas v\u00edtimas fatais e cinco feridas na BR-458\"}]},{\"@type\":\"WebSite\",\"@id\":\"https:\\\/\\\/aconteceunovale.com.br\\\/portal\\\/#website\",\"url\":\"https:\\\/\\\/aconteceunovale.com.br\\\/portal\\\/\",\"name\":\"Aconteceu no Vale\",\"description\":\"Portal de Not\u00edcias\",\"potentialAction\":[{\"@type\":\"SearchAction\",\"target\":{\"@type\":\"EntryPoint\",\"urlTemplate\":\"https:\\\/\\\/aconteceunovale.com.br\\\/portal\\\/?s={search_term_string}\"},\"query-input\":{\"@type\":\"PropertyValueSpecification\",\"valueRequired\":true,\"valueName\":\"search_term_string\"}}],\"inLanguage\":\"pt-BR\"},{\"@type\":\"Person\",\"@id\":\"https:\\\/\\\/aconteceunovale.com.br\\\/portal\\\/#\\\/schema\\\/person\\\/633529146f2c94272bef50ac2953d589\",\"name\":\"Aconteceu no Vale\",\"description\":\"Equipe de reportagem do Aconteceu no Vale, portal de not\u00edcias do Vale do Jequitinhonha, em Minas Gerais. Cobrimos as 51 cidades do Vale desde 2013. Sugest\u00f5es de pauta e pedidos de corre\u00e7\u00e3o: contato@aconteceunovale.com.br\",\"sameAs\":[\"http:\\\/\\\/www.aconteceunovale.com.br\"],\"url\":\"https:\\\/\\\/aconteceunovale.com.br\\\/portal\\\/?author=1\"}]}<\/script>\n<!-- \/ Yoast SEO plugin. -->","yoast_head_json":{"title":"Colis\u00e3o frontal deixa duas v\u00edtimas fatais e cinco feridas na BR-458 - Aconteceu no Vale","robots":{"index":"index","follow":"follow","max-snippet":"max-snippet:-1","max-image-preview":"max-image-preview:large","max-video-preview":"max-video-preview:-1"},"canonical":"https:\/\/aconteceunovale.com.br\/portal\/?p=25131","og_locale":"pt_BR","og_type":"article","og_title":"Colis\u00e3o frontal deixa duas v\u00edtimas fatais e cinco feridas na BR-458 - Aconteceu no Vale","og_description":"A colis\u00e3o entre dois carros de passeio deixou duas pessoas mortas e outras cinco feridas no in\u00edcio da tarde deste s\u00e1bado (29), no KM 130 da BR-458, pr\u00f3ximo \u00e0 cidade de Ipaba, no Leste de Minas Gerais. Segundo a Pol\u00edcia Rodovi\u00e1ria Federal, chovia no momento do acidente, que aconteceu por volta das 13h. O motorista [&hellip;]","og_url":"https:\/\/aconteceunovale.com.br\/portal\/?p=25131","og_site_name":"Aconteceu no Vale","article_publisher":"https:\/\/www.facebook.com\/aconteceunovale\/","article_published_time":"2014-03-29T19:53:36+00:00","article_modified_time":"2014-03-29T19:54:39+00:00","og_image":[{"width":600,"height":450,"url":"https:\/\/aconteceunovale.com.br\/portal\/wp-content\/uploads\/2014\/03\/acidente_proximo_ipaba_29.jpg","type":"image\/jpeg"}],"author":"Aconteceu no Vale","twitter_card":"summary_large_image","twitter_creator":"@noticiadosvales","twitter_site":"@noticiadosvales","twitter_misc":{"Escrito por":"Aconteceu no Vale","Est. tempo de leitura":"1 minuto"},"schema":{"@context":"https:\/\/schema.org","@graph":[{"@type":"Article","@id":"https:\/\/aconteceunovale.com.br\/portal\/?p=25131#article","isPartOf":{"@id":"https:\/\/aconteceunovale.com.br\/portal\/?p=25131"},"author":{"name":"Aconteceu no Vale","@id":"https:\/\/aconteceunovale.com.br\/portal\/#\/schema\/person\/633529146f2c94272bef50ac2953d589"},"headline":"Colis\u00e3o frontal deixa duas v\u00edtimas fatais e cinco feridas na BR-458","datePublished":"2014-03-29T19:53:36+00:00","dateModified":"2014-03-29T19:54:39+00:00","mainEntityOfPage":{"@id":"https:\/\/aconteceunovale.com.br\/portal\/?p=25131"},"wordCount":219,"commentCount":0,"image":{"@id":"https:\/\/aconteceunovale.com.br\/portal\/?p=25131#primaryimage"},"thumbnailUrl":"https:\/\/aconteceunovale.com.br\/portal\/wp-content\/uploads\/2014\/03\/acidente_proximo_ipaba_29.jpg","keywords":["acidente perto de Ipaba","acidente pr\u00f3ximo a Ipaba","Colis\u00e3o frontal deixa duas v\u00edtimas fatais e cinco feridas na BR-458","destaque"],"articleSection":["Leste de Minas"],"inLanguage":"pt-BR","potentialAction":[{"@type":"CommentAction","name":"Comment","target":["https:\/\/aconteceunovale.com.br\/portal\/?p=25131#respond"]}]},{"@type":"WebPage","@id":"https:\/\/aconteceunovale.com.br\/portal\/?p=25131","url":"https:\/\/aconteceunovale.com.br\/portal\/?p=25131","name":"Colis\u00e3o frontal deixa duas v\u00edtimas fatais e cinco feridas na BR-458 - Aconteceu no Vale","isPartOf":{"@id":"https:\/\/aconteceunovale.com.br\/portal\/#website"},"primaryImageOfPage":{"@id":"https:\/\/aconteceunovale.com.br\/portal\/?p=25131#primaryimage"},"image":{"@id":"https:\/\/aconteceunovale.com.br\/portal\/?p=25131#primaryimage"},"thumbnailUrl":"https:\/\/aconteceunovale.com.br\/portal\/wp-content\/uploads\/2014\/03\/acidente_proximo_ipaba_29.jpg","datePublished":"2014-03-29T19:53:36+00:00","dateModified":"2014-03-29T19:54:39+00:00","author":{"@id":"https:\/\/aconteceunovale.com.br\/portal\/#\/schema\/person\/633529146f2c94272bef50ac2953d589"},"breadcrumb":{"@id":"https:\/\/aconteceunovale.com.br\/portal\/?p=25131#breadcrumb"},"inLanguage":"pt-BR","potentialAction":[{"@type":"ReadAction","target":["https:\/\/aconteceunovale.com.br\/portal\/?p=25131"]}]},{"@type":"ImageObject","inLanguage":"pt-BR","@id":"https:\/\/aconteceunovale.com.br\/portal\/?p=25131#primaryimage","url":"https:\/\/aconteceunovale.com.br\/portal\/wp-content\/uploads\/2014\/03\/acidente_proximo_ipaba_29.jpg","contentUrl":"https:\/\/aconteceunovale.com.br\/portal\/wp-content\/uploads\/2014\/03\/acidente_proximo_ipaba_29.jpg","width":600,"height":450},{"@type":"BreadcrumbList","@id":"https:\/\/aconteceunovale.com.br\/portal\/?p=25131#breadcrumb","itemListElement":[{"@type":"ListItem","position":1,"name":"In\u00edcio","item":"https:\/\/aconteceunovale.com.br\/portal\/"},{"@type":"ListItem","position":2,"name":"Colis\u00e3o frontal deixa duas v\u00edtimas fatais e cinco feridas na BR-458"}]},{"@type":"WebSite","@id":"https:\/\/aconteceunovale.com.br\/portal\/#website","url":"https:\/\/aconteceunovale.com.br\/portal\/","name":"Aconteceu no Vale","description":"Portal de Not\u00edcias","potentialAction":[{"@type":"SearchAction","target":{"@type":"EntryPoint","urlTemplate":"https:\/\/aconteceunovale.com.br\/portal\/?s={search_term_string}"},"query-input":{"@type":"PropertyValueSpecification","valueRequired":true,"valueName":"search_term_string"}}],"inLanguage":"pt-BR"},{"@type":"Person","@id":"https:\/\/aconteceunovale.com.br\/portal\/#\/schema\/person\/633529146f2c94272bef50ac2953d589","name":"Aconteceu no Vale","description":"Equipe de reportagem do Aconteceu no Vale, portal de not\u00edcias do Vale do Jequitinhonha, em Minas Gerais. Cobrimos as 51 cidades do Vale desde 2013. Sugest\u00f5es de pauta e pedidos de corre\u00e7\u00e3o: contato@aconteceunovale.com.br","sameAs":["http:\/\/www.aconteceunovale.com.br"],"url":"https:\/\/aconteceunovale.com.br\/portal\/?author=1"}]}},"_links":{"self":[{"href":"https:\/\/aconteceunovale.com.br\/portal\/index.php?rest_route=\/wp\/v2\/posts\/25131","targetHints":{"allow":["GET"]}}],"collection":[{"href":"https:\/\/aconteceunovale.com.br\/portal\/index.php?rest_route=\/wp\/v2\/posts"}],"about":[{"href":"https:\/\/aconteceunovale.com.br\/portal\/index.php?rest_route=\/wp\/v2\/types\/post"}],"author":[{"embeddable":true,"href":"https:\/\/aconteceunovale.com.br\/portal\/index.php?rest_route=\/wp\/v2\/users\/1"}],"replies":[{"embeddable":true,"href":"https:\/\/aconteceunovale.com.br\/portal\/index.php?rest_route=%2Fwp%2Fv2%2Fcomments&post=25131"}],"version-history":[{"count":0,"href":"https:\/\/aconteceunovale.com.br\/portal\/index.php?rest_route=\/wp\/v2\/posts\/25131\/revisions"}],"wp:featuredmedia":[{"embeddable":true,"href":"https:\/\/aconteceunovale.com.br\/portal\/index.php?rest_route=\/wp\/v2\/media\/25132"}],"wp:attachment":[{"href":"https:\/\/aconteceunovale.com.br\/portal\/index.php?rest_route=%2Fwp%2Fv2%2Fmedia&parent=25131"}],"wp:term":[{"taxonomy":"category","embeddable":true,"href":"https:\/\/aconteceunovale.com.br\/portal\/index.php?rest_route=%2Fwp%2Fv2%2Fcategories&post=25131"},{"taxonomy":"post_tag","embeddable":true,"href":"https:\/\/aconteceunovale.com.br\/portal\/index.php?rest_route=%2Fwp%2Fv2%2Ftags&post=25131"}],"curies":[{"name":"wp","href":"https:\/\/api.w.org\/{rel}","templated":true}]}}