{"id":25127,"date":"2014-03-29T12:33:37","date_gmt":"2014-03-29T15:33:37","guid":{"rendered":"http:\/\/aconteceunovale.com.br\/portal\/?p=25127"},"modified":"2014-03-29T12:33:57","modified_gmt":"2014-03-29T15:33:57","slug":"residencial-sao-francisco-em-breve-um-novo-empreendimento-imobiliario-em-sabinopolis","status":"publish","type":"post","link":"https:\/\/aconteceunovale.com.br\/portal\/?p=25127","title":{"rendered":"Residencial S\u00e3o Francisco, em breve, um novo empreendimento imobili\u00e1rio em Sabin\u00f3polis"},"content":{"rendered":"<p>Em fase final de aprova\u00e7\u00e3o junto \u00e0 prefeitura de Sabin\u00f3polis, muito em breve a cidade ganhar\u00e1 um novo empreendimento imobili\u00e1rio, o Residencial S\u00e3o Francisco. A proposta inicial, de acordo com o idealizador do projeto, Sr. Josemar Santos, \u00e9 realizar a constru\u00e7\u00e3o de casas em cerca de 160 lotes de, no m\u00ednimo 250 m2 cada, com total infraestrutura, ruas com cal\u00e7amento, redes de \u00e1gua e esgoto e ilumina\u00e7\u00e3o. A aquisi\u00e7\u00e3o dos im\u00f3veis ser\u00e1 feita atrav\u00e9s do programa \u201cMinha Casa, Minha Vida\u201d, do Governo Federal.<\/p>\n<p><img decoding=\"async\" src=\"http:\/\/aconteceunovale.com.br\/portal\/wp-content\/uploads\/2014\/03\/residencial_sao_francisco_sabinopolis.jpg\" alt=\"\" \/><\/br><\/p>\n<p>A Reportagem da TV Em Foco e Aconteceu no Vale esteve na Resid\u00eancia do Sr. Josemar, onde em um bate papo, durante um delicioso jantar, ele falou sobre o projeto e inten\u00e7\u00e3o de contribuir para o crescimento do munic\u00edpio de Sabin\u00f3polis, levando benef\u00edcios para a popula\u00e7\u00e3o, n\u00e3o s\u00f3 em rela\u00e7\u00e3o \u00e0s pessoas que necessitam de uma casa para morar, mas tamb\u00e9m quanto \u00e0 gera\u00e7\u00e3o de empregos. De acordo com o Sr. Josemar, a construtora ir\u00e1 contratar m\u00e3o de obra preferencialmente em Sabin\u00f3polis.<\/p>\n<p>O Empreendedor conta com o apoio da prefeitura, da popula\u00e7\u00e3o e de todos os \u00f3rg\u00e3os competentes do munic\u00edpio, para que, o quanto antes seja autorizado o in\u00edcio das obras de constru\u00e7\u00e3o do Residencial S\u00e3o Francisco, que com certeza ser\u00e1 um grande passo para atender parte das necessidades quanto \u00e0 habita\u00e7\u00e3o e contribuir para o desenvolvimento da cidade.<\/p>\n<p>O Residencial S\u00e3o Francisco ser\u00e1 constru\u00eddo em uma \u00e1rea de f\u00e1cil acesso, vista privilegiada, na entrada da cidade, em frente ao pr\u00e9dio  antiga Figuinha e apenas 05 minutos do centro da cidade.<\/p>\n<p>A Reportagem da TV Em Foco e Aconteceu no Vale estar\u00e1 acompanhando o andamento do projeto e mantendo informados todos os interessados.<\/p>\n<p><iframe loading=\"lazy\" width=\"640\" height=\"480\" src=\"\/\/www.youtube.com\/embed\/mSe9hNetsMQ\" frameborder=\"0\" allowfullscreen><\/iframe><\/p>\n","protected":false},"excerpt":{"rendered":"<p>Em fase final de aprova\u00e7\u00e3o junto \u00e0 prefeitura de Sabin\u00f3polis, muito em breve a cidade ganhar\u00e1 um novo empreendimento imobili\u00e1rio, o Residencial S\u00e3o Francisco. A proposta inicial, de acordo com o idealizador do projeto, Sr. Josemar Santos, \u00e9 realizar a constru\u00e7\u00e3o de casas em cerca de 160 lotes de, no m\u00ednimo 250 m2 cada, com [&hellip;]<\/p>\n","protected":false},"author":1,"featured_media":25128,"comment_status":"open","ping_status":"closed","sticky":false,"template":"","format":"standard","meta":{"amp_status":"","footnotes":""},"categories":[121],"tags":[6098,6097,310],"class_list":["post-25127","post","type-post","status-publish","format-standard","has-post-thumbnail","hentry","category-leste","tag-novo-empreendimento-imobiliario-em-sabinopolis","tag-residencial-sao-francisco","tag-sabinopolis"],"yoast_head":"<!-- This site is optimized with the Yoast SEO plugin v28.3 - https:\/\/yoast.com\/product\/yoast-seo-wordpress\/ -->\n<title>Residencial S\u00e3o Francisco, em breve, um novo empreendimento imobili\u00e1rio em Sabin\u00f3polis - Aconteceu no Vale<\/title>\n<meta name=\"robots\" content=\"index, follow, max-snippet:-1, max-image-preview:large, max-video-preview:-1\" \/>\n<link rel=\"canonical\" href=\"https:\/\/aconteceunovale.com.br\/portal\/?p=25127\" \/>\n<meta property=\"og:locale\" content=\"pt_BR\" \/>\n<meta property=\"og:type\" content=\"article\" \/>\n<meta property=\"og:title\" content=\"Residencial S\u00e3o Francisco, em breve, um novo empreendimento imobili\u00e1rio em Sabin\u00f3polis - Aconteceu no Vale\" \/>\n<meta property=\"og:description\" content=\"Em fase final de aprova\u00e7\u00e3o junto \u00e0 prefeitura de Sabin\u00f3polis, muito em breve a cidade ganhar\u00e1 um novo empreendimento imobili\u00e1rio, o Residencial S\u00e3o Francisco. A proposta inicial, de acordo com o idealizador do projeto, Sr. Josemar Santos, \u00e9 realizar a constru\u00e7\u00e3o de casas em cerca de 160 lotes de, no m\u00ednimo 250 m2 cada, com [&hellip;]\" \/>\n<meta property=\"og:url\" content=\"https:\/\/aconteceunovale.com.br\/portal\/?p=25127\" \/>\n<meta property=\"og:site_name\" content=\"Aconteceu no Vale\" \/>\n<meta property=\"article:publisher\" content=\"https:\/\/www.facebook.com\/aconteceunovale\/\" \/>\n<meta property=\"article:published_time\" content=\"2014-03-29T15:33:37+00:00\" \/>\n<meta property=\"article:modified_time\" content=\"2014-03-29T15:33:57+00:00\" \/>\n<meta property=\"og:image\" content=\"https:\/\/aconteceunovale.com.br\/portal\/wp-content\/uploads\/2014\/03\/residencial_sao_francisco_sabinopolis.jpg\" \/>\n\t<meta property=\"og:image:width\" content=\"678\" \/>\n\t<meta property=\"og:image:height\" content=\"166\" \/>\n\t<meta property=\"og:image:type\" content=\"image\/jpeg\" \/>\n<meta name=\"author\" content=\"Aconteceu no Vale\" \/>\n<meta name=\"twitter:card\" content=\"summary_large_image\" \/>\n<meta name=\"twitter:creator\" content=\"@noticiadosvales\" \/>\n<meta name=\"twitter:site\" content=\"@noticiadosvales\" \/>\n<meta name=\"twitter:label1\" content=\"Escrito por\" \/>\n\t<meta name=\"twitter:data1\" content=\"Aconteceu no Vale\" \/>\n\t<meta name=\"twitter:label2\" content=\"Est. tempo de leitura\" \/>\n\t<meta name=\"twitter:data2\" content=\"2 minutos\" \/>\n<script type=\"application\/ld+json\" class=\"yoast-schema-graph\">{\"@context\":\"https:\\\/\\\/schema.org\",\"@graph\":[{\"@type\":\"Article\",\"@id\":\"https:\\\/\\\/aconteceunovale.com.br\\\/portal\\\/?p=25127#article\",\"isPartOf\":{\"@id\":\"https:\\\/\\\/aconteceunovale.com.br\\\/portal\\\/?p=25127\"},\"author\":{\"name\":\"Aconteceu no Vale\",\"@id\":\"https:\\\/\\\/aconteceunovale.com.br\\\/portal\\\/#\\\/schema\\\/person\\\/633529146f2c94272bef50ac2953d589\"},\"headline\":\"Residencial S\u00e3o Francisco, em breve, um novo empreendimento imobili\u00e1rio em Sabin\u00f3polis\",\"datePublished\":\"2014-03-29T15:33:37+00:00\",\"dateModified\":\"2014-03-29T15:33:57+00:00\",\"mainEntityOfPage\":{\"@id\":\"https:\\\/\\\/aconteceunovale.com.br\\\/portal\\\/?p=25127\"},\"wordCount\":317,\"commentCount\":0,\"image\":{\"@id\":\"https:\\\/\\\/aconteceunovale.com.br\\\/portal\\\/?p=25127#primaryimage\"},\"thumbnailUrl\":\"https:\\\/\\\/aconteceunovale.com.br\\\/portal\\\/wp-content\\\/uploads\\\/2014\\\/03\\\/residencial_sao_francisco_sabinopolis.jpg\",\"keywords\":[\"novo empreendimento imobili\u00e1rio em Sabin\u00f3polis\",\"Residencial S\u00e3o Francisco\",\"Sabin\u00f3polis\"],\"articleSection\":[\"Leste de Minas\"],\"inLanguage\":\"pt-BR\",\"potentialAction\":[{\"@type\":\"CommentAction\",\"name\":\"Comment\",\"target\":[\"https:\\\/\\\/aconteceunovale.com.br\\\/portal\\\/?p=25127#respond\"]}]},{\"@type\":\"WebPage\",\"@id\":\"https:\\\/\\\/aconteceunovale.com.br\\\/portal\\\/?p=25127\",\"url\":\"https:\\\/\\\/aconteceunovale.com.br\\\/portal\\\/?p=25127\",\"name\":\"Residencial S\u00e3o Francisco, em breve, um novo empreendimento imobili\u00e1rio em Sabin\u00f3polis - Aconteceu no Vale\",\"isPartOf\":{\"@id\":\"https:\\\/\\\/aconteceunovale.com.br\\\/portal\\\/#website\"},\"primaryImageOfPage\":{\"@id\":\"https:\\\/\\\/aconteceunovale.com.br\\\/portal\\\/?p=25127#primaryimage\"},\"image\":{\"@id\":\"https:\\\/\\\/aconteceunovale.com.br\\\/portal\\\/?p=25127#primaryimage\"},\"thumbnailUrl\":\"https:\\\/\\\/aconteceunovale.com.br\\\/portal\\\/wp-content\\\/uploads\\\/2014\\\/03\\\/residencial_sao_francisco_sabinopolis.jpg\",\"datePublished\":\"2014-03-29T15:33:37+00:00\",\"dateModified\":\"2014-03-29T15:33:57+00:00\",\"author\":{\"@id\":\"https:\\\/\\\/aconteceunovale.com.br\\\/portal\\\/#\\\/schema\\\/person\\\/633529146f2c94272bef50ac2953d589\"},\"breadcrumb\":{\"@id\":\"https:\\\/\\\/aconteceunovale.com.br\\\/portal\\\/?p=25127#breadcrumb\"},\"inLanguage\":\"pt-BR\",\"potentialAction\":[{\"@type\":\"ReadAction\",\"target\":[\"https:\\\/\\\/aconteceunovale.com.br\\\/portal\\\/?p=25127\"]}]},{\"@type\":\"ImageObject\",\"inLanguage\":\"pt-BR\",\"@id\":\"https:\\\/\\\/aconteceunovale.com.br\\\/portal\\\/?p=25127#primaryimage\",\"url\":\"https:\\\/\\\/aconteceunovale.com.br\\\/portal\\\/wp-content\\\/uploads\\\/2014\\\/03\\\/residencial_sao_francisco_sabinopolis.jpg\",\"contentUrl\":\"https:\\\/\\\/aconteceunovale.com.br\\\/portal\\\/wp-content\\\/uploads\\\/2014\\\/03\\\/residencial_sao_francisco_sabinopolis.jpg\",\"width\":678,\"height\":166},{\"@type\":\"BreadcrumbList\",\"@id\":\"https:\\\/\\\/aconteceunovale.com.br\\\/portal\\\/?p=25127#breadcrumb\",\"itemListElement\":[{\"@type\":\"ListItem\",\"position\":1,\"name\":\"In\u00edcio\",\"item\":\"https:\\\/\\\/aconteceunovale.com.br\\\/portal\\\/\"},{\"@type\":\"ListItem\",\"position\":2,\"name\":\"Residencial S\u00e3o Francisco, em breve, um novo empreendimento imobili\u00e1rio em Sabin\u00f3polis\"}]},{\"@type\":\"WebSite\",\"@id\":\"https:\\\/\\\/aconteceunovale.com.br\\\/portal\\\/#website\",\"url\":\"https:\\\/\\\/aconteceunovale.com.br\\\/portal\\\/\",\"name\":\"Aconteceu no Vale\",\"description\":\"Portal de Not\u00edcias\",\"potentialAction\":[{\"@type\":\"SearchAction\",\"target\":{\"@type\":\"EntryPoint\",\"urlTemplate\":\"https:\\\/\\\/aconteceunovale.com.br\\\/portal\\\/?s={search_term_string}\"},\"query-input\":{\"@type\":\"PropertyValueSpecification\",\"valueRequired\":true,\"valueName\":\"search_term_string\"}}],\"inLanguage\":\"pt-BR\"},{\"@type\":\"Person\",\"@id\":\"https:\\\/\\\/aconteceunovale.com.br\\\/portal\\\/#\\\/schema\\\/person\\\/633529146f2c94272bef50ac2953d589\",\"name\":\"Aconteceu no Vale\",\"description\":\"Equipe de reportagem do Aconteceu no Vale, portal de not\u00edcias do Vale do Jequitinhonha, em Minas Gerais. Cobrimos as 51 cidades do Vale desde 2013. Sugest\u00f5es de pauta e pedidos de corre\u00e7\u00e3o: contato@aconteceunovale.com.br\",\"sameAs\":[\"http:\\\/\\\/www.aconteceunovale.com.br\"],\"url\":\"https:\\\/\\\/aconteceunovale.com.br\\\/portal\\\/?author=1\"}]}<\/script>\n<!-- \/ Yoast SEO plugin. -->","yoast_head_json":{"title":"Residencial S\u00e3o Francisco, em breve, um novo empreendimento imobili\u00e1rio em Sabin\u00f3polis - Aconteceu no Vale","robots":{"index":"index","follow":"follow","max-snippet":"max-snippet:-1","max-image-preview":"max-image-preview:large","max-video-preview":"max-video-preview:-1"},"canonical":"https:\/\/aconteceunovale.com.br\/portal\/?p=25127","og_locale":"pt_BR","og_type":"article","og_title":"Residencial S\u00e3o Francisco, em breve, um novo empreendimento imobili\u00e1rio em Sabin\u00f3polis - Aconteceu no Vale","og_description":"Em fase final de aprova\u00e7\u00e3o junto \u00e0 prefeitura de Sabin\u00f3polis, muito em breve a cidade ganhar\u00e1 um novo empreendimento imobili\u00e1rio, o Residencial S\u00e3o Francisco. A proposta inicial, de acordo com o idealizador do projeto, Sr. Josemar Santos, \u00e9 realizar a constru\u00e7\u00e3o de casas em cerca de 160 lotes de, no m\u00ednimo 250 m2 cada, com [&hellip;]","og_url":"https:\/\/aconteceunovale.com.br\/portal\/?p=25127","og_site_name":"Aconteceu no Vale","article_publisher":"https:\/\/www.facebook.com\/aconteceunovale\/","article_published_time":"2014-03-29T15:33:37+00:00","article_modified_time":"2014-03-29T15:33:57+00:00","og_image":[{"width":678,"height":166,"url":"https:\/\/aconteceunovale.com.br\/portal\/wp-content\/uploads\/2014\/03\/residencial_sao_francisco_sabinopolis.jpg","type":"image\/jpeg"}],"author":"Aconteceu no Vale","twitter_card":"summary_large_image","twitter_creator":"@noticiadosvales","twitter_site":"@noticiadosvales","twitter_misc":{"Escrito por":"Aconteceu no Vale","Est. tempo de leitura":"2 minutos"},"schema":{"@context":"https:\/\/schema.org","@graph":[{"@type":"Article","@id":"https:\/\/aconteceunovale.com.br\/portal\/?p=25127#article","isPartOf":{"@id":"https:\/\/aconteceunovale.com.br\/portal\/?p=25127"},"author":{"name":"Aconteceu no Vale","@id":"https:\/\/aconteceunovale.com.br\/portal\/#\/schema\/person\/633529146f2c94272bef50ac2953d589"},"headline":"Residencial S\u00e3o Francisco, em breve, um novo empreendimento imobili\u00e1rio em Sabin\u00f3polis","datePublished":"2014-03-29T15:33:37+00:00","dateModified":"2014-03-29T15:33:57+00:00","mainEntityOfPage":{"@id":"https:\/\/aconteceunovale.com.br\/portal\/?p=25127"},"wordCount":317,"commentCount":0,"image":{"@id":"https:\/\/aconteceunovale.com.br\/portal\/?p=25127#primaryimage"},"thumbnailUrl":"https:\/\/aconteceunovale.com.br\/portal\/wp-content\/uploads\/2014\/03\/residencial_sao_francisco_sabinopolis.jpg","keywords":["novo empreendimento imobili\u00e1rio em Sabin\u00f3polis","Residencial S\u00e3o Francisco","Sabin\u00f3polis"],"articleSection":["Leste de Minas"],"inLanguage":"pt-BR","potentialAction":[{"@type":"CommentAction","name":"Comment","target":["https:\/\/aconteceunovale.com.br\/portal\/?p=25127#respond"]}]},{"@type":"WebPage","@id":"https:\/\/aconteceunovale.com.br\/portal\/?p=25127","url":"https:\/\/aconteceunovale.com.br\/portal\/?p=25127","name":"Residencial S\u00e3o Francisco, em breve, um novo empreendimento imobili\u00e1rio em Sabin\u00f3polis - Aconteceu no Vale","isPartOf":{"@id":"https:\/\/aconteceunovale.com.br\/portal\/#website"},"primaryImageOfPage":{"@id":"https:\/\/aconteceunovale.com.br\/portal\/?p=25127#primaryimage"},"image":{"@id":"https:\/\/aconteceunovale.com.br\/portal\/?p=25127#primaryimage"},"thumbnailUrl":"https:\/\/aconteceunovale.com.br\/portal\/wp-content\/uploads\/2014\/03\/residencial_sao_francisco_sabinopolis.jpg","datePublished":"2014-03-29T15:33:37+00:00","dateModified":"2014-03-29T15:33:57+00:00","author":{"@id":"https:\/\/aconteceunovale.com.br\/portal\/#\/schema\/person\/633529146f2c94272bef50ac2953d589"},"breadcrumb":{"@id":"https:\/\/aconteceunovale.com.br\/portal\/?p=25127#breadcrumb"},"inLanguage":"pt-BR","potentialAction":[{"@type":"ReadAction","target":["https:\/\/aconteceunovale.com.br\/portal\/?p=25127"]}]},{"@type":"ImageObject","inLanguage":"pt-BR","@id":"https:\/\/aconteceunovale.com.br\/portal\/?p=25127#primaryimage","url":"https:\/\/aconteceunovale.com.br\/portal\/wp-content\/uploads\/2014\/03\/residencial_sao_francisco_sabinopolis.jpg","contentUrl":"https:\/\/aconteceunovale.com.br\/portal\/wp-content\/uploads\/2014\/03\/residencial_sao_francisco_sabinopolis.jpg","width":678,"height":166},{"@type":"BreadcrumbList","@id":"https:\/\/aconteceunovale.com.br\/portal\/?p=25127#breadcrumb","itemListElement":[{"@type":"ListItem","position":1,"name":"In\u00edcio","item":"https:\/\/aconteceunovale.com.br\/portal\/"},{"@type":"ListItem","position":2,"name":"Residencial S\u00e3o Francisco, em breve, um novo empreendimento imobili\u00e1rio em Sabin\u00f3polis"}]},{"@type":"WebSite","@id":"https:\/\/aconteceunovale.com.br\/portal\/#website","url":"https:\/\/aconteceunovale.com.br\/portal\/","name":"Aconteceu no Vale","description":"Portal de Not\u00edcias","potentialAction":[{"@type":"SearchAction","target":{"@type":"EntryPoint","urlTemplate":"https:\/\/aconteceunovale.com.br\/portal\/?s={search_term_string}"},"query-input":{"@type":"PropertyValueSpecification","valueRequired":true,"valueName":"search_term_string"}}],"inLanguage":"pt-BR"},{"@type":"Person","@id":"https:\/\/aconteceunovale.com.br\/portal\/#\/schema\/person\/633529146f2c94272bef50ac2953d589","name":"Aconteceu no Vale","description":"Equipe de reportagem do Aconteceu no Vale, portal de not\u00edcias do Vale do Jequitinhonha, em Minas Gerais. Cobrimos as 51 cidades do Vale desde 2013. Sugest\u00f5es de pauta e pedidos de corre\u00e7\u00e3o: contato@aconteceunovale.com.br","sameAs":["http:\/\/www.aconteceunovale.com.br"],"url":"https:\/\/aconteceunovale.com.br\/portal\/?author=1"}]}},"_links":{"self":[{"href":"https:\/\/aconteceunovale.com.br\/portal\/index.php?rest_route=\/wp\/v2\/posts\/25127","targetHints":{"allow":["GET"]}}],"collection":[{"href":"https:\/\/aconteceunovale.com.br\/portal\/index.php?rest_route=\/wp\/v2\/posts"}],"about":[{"href":"https:\/\/aconteceunovale.com.br\/portal\/index.php?rest_route=\/wp\/v2\/types\/post"}],"author":[{"embeddable":true,"href":"https:\/\/aconteceunovale.com.br\/portal\/index.php?rest_route=\/wp\/v2\/users\/1"}],"replies":[{"embeddable":true,"href":"https:\/\/aconteceunovale.com.br\/portal\/index.php?rest_route=%2Fwp%2Fv2%2Fcomments&post=25127"}],"version-history":[{"count":0,"href":"https:\/\/aconteceunovale.com.br\/portal\/index.php?rest_route=\/wp\/v2\/posts\/25127\/revisions"}],"wp:featuredmedia":[{"embeddable":true,"href":"https:\/\/aconteceunovale.com.br\/portal\/index.php?rest_route=\/wp\/v2\/media\/25128"}],"wp:attachment":[{"href":"https:\/\/aconteceunovale.com.br\/portal\/index.php?rest_route=%2Fwp%2Fv2%2Fmedia&parent=25127"}],"wp:term":[{"taxonomy":"category","embeddable":true,"href":"https:\/\/aconteceunovale.com.br\/portal\/index.php?rest_route=%2Fwp%2Fv2%2Fcategories&post=25127"},{"taxonomy":"post_tag","embeddable":true,"href":"https:\/\/aconteceunovale.com.br\/portal\/index.php?rest_route=%2Fwp%2Fv2%2Ftags&post=25127"}],"curies":[{"name":"wp","href":"https:\/\/api.w.org\/{rel}","templated":true}]}}