{"id":25094,"date":"2014-03-28T22:41:21","date_gmt":"2014-03-29T01:41:21","guid":{"rendered":"http:\/\/aconteceunovale.com.br\/portal\/?p=25094"},"modified":"2014-03-28T22:41:21","modified_gmt":"2014-03-29T01:41:21","slug":"goleiro-bruno-confirma-que-tentou-se-matar-na-cadeia","status":"publish","type":"post","link":"https:\/\/aconteceunovale.com.br\/portal\/?p=25094","title":{"rendered":"Goleiro Bruno confirma que tentou se matar na cadeia"},"content":{"rendered":"<p>O boato de que o goleiro Bruno Fernandes tentou suic\u00eddio dentro da penitenci\u00e1ria Nelson Hungria, em Contagem, na regi\u00e3o metropolitana de Belo Horizonte, foi confirmado por ele em uma entrevista \u00e0 revista Placar. Na \u00e9poca do incidente, tanto os advogados do atleta como a Secretaria de Estado de Defesa Social (Seds) negaram o fato, mas na noite desta sexta, o atual defensor de Bruno, Francisco Simim confirmou a hist\u00f3ria publicada pela revista.<\/p>\n<p>Segundo Simim, o fato aconteceu antes mesmo da condena\u00e7\u00e3o do goleiro e na \u00e9poca ele n\u00e3o estava a frente do caso, mas afirma que sabia do incidente. \u201cEsse fato existiu bem no in\u00edcio do caso. Quando ele foi levado para o pres\u00eddio ficou muito abalado com a situa\u00e7\u00e3o. Foi um choque. Ele saiu de uma vida totalmente diferente e ficou de frente a um pared\u00e3o\u201d, conta o advogado.<\/p>\n<p>Na entrevista, o ex-jogador do Flamengo contou que amarrou um len\u00e7ol na ventana, que \u00e9 alta, e em seguida o colocou em volta do pesco\u00e7o e saltou. A sua morte foi evitada porque o tecido n\u00e3o resistiu e arrebentou. Alem disso, ele conta que logo que caiu no ch\u00e3o, a primeira coisa que avistou foi uma b\u00edblia que teria ganhado de um policial ainda no Rio de Janeiro, o que o impediu de tentar se matar novamente.<\/p>\n<p>A Seds mantem a vers\u00e3o dada na \u00e9poca do boato e afirma que n\u00e3o existem registros ou ind\u00edcios de que ele tentou suic\u00eddio enquanto esteve detido no sistema prisional do estado.<\/p>\n<p>Boato &#8211;  A hist\u00f3ria movimentou a porta do F\u00f3rum durante o julgamento do goleiro em Novembro de 2012. Na \u00e9poca um dos advogados de Bruno recebeu uma liga\u00e7\u00e3o informando que o seu cliente teria cometido suic\u00eddio. Na hora, ele se exaltou e chegou a jogar uma garrafa de \u00e1gua. A defesa de Bruno fez contato com a penitenci\u00e1ria Nelson Hungria para averiguar o boato, mas ningu\u00e9m confirmou a hist\u00f3ria.<\/p>\n<p>A informa\u00e7\u00e3o era de que o goleiro teria tentado se matar e que ambul\u00e2ncias do Servi\u00e7o de Atendimento M\u00f3vel de Urg\u00eancia (Samu) estariam na porta da Nelson Hungria.<\/p>\n<p>Mesmo com a confirma\u00e7\u00e3o do incidente e com a confirma\u00e7\u00e3o dada pela Seds em Maio do ano passado sobre o uso de medicamentos antidepressivos, o advogado do ex-jogador do Flamengo, \u00e9 incisivo ao dizer que o atleta est\u00e1 em outra fase agora e que isso \u00e9 passado. \u201cEstamos trabalhando para que ele volte para o futebol e agora o momento \u00e9 de esperan\u00e7a\u201d, comenta Simim. <\/p>\n<h4><strong>Relembre o caso<\/strong><\/h4>\n<p>Depois de um breve relacionamento com o ex-jogador do Flamengo, Bruno Fernandes, a modelo Eliza Sam\u00fadio engravidou. Depois do nascimento de Bruninho, o goleiro se negou a registrar a crian\u00e7a e o casal come\u00e7ou a se desentender. Eliza foi levada at\u00e9 o s\u00edtio do atleta na regi\u00e3o metropolitana de Belo Horizonte e morta. At\u00e9 hoje o corpo dela n\u00e3o foi encontrado.<\/p>\n<p>Condena\u00e7\u00e3o. Bruno e outros dois comparsas foram condenados pelo crime no final de 2012. Atualmente ele est\u00e1 detido na penitenci\u00e1ria Nelson Hungria, em Contagem.<\/p>\n<h4><strong>Permuta pode levar Bruno para o campo<\/strong><\/h4>\n<p>Depois de ser contratado para jogar no Montes Claros Futebol Clube, o goleiro Bruno Fernandes aguarda a libera\u00e7\u00e3o na Justi\u00e7a de sua transfer\u00eancia para a cidade, que fica no Norte de Minas. Ele s\u00f3 voltar\u00e1 a treinar quando se mudar para, mas o excesso de detentos no pres\u00eddio de Montes Claros est\u00e1 adiando o processo.<\/p>\n<p>De acordo com o advogado de Bruno, Francisco Simim, a equipe que defende o atleta est\u00e1 tentando uma permuta. \u201cQueremos trazer um preso de Montes Claros para a capital para liberar uma vaga para Bruno\u201d, explica.<\/p>\n<p>O pedido de libera\u00e7\u00e3o do goleiro para trabalhar s\u00f3 pode ser feito depois de sua transfer\u00eancia. Simim est\u00e1 esperan\u00e7oso e afirma que isso est\u00e1 previsto em lei. Para o advogado todo detendo em regime fechado tem direito de trabalhar. <em>(O Tempo)<\/em><\/p>\n","protected":false},"excerpt":{"rendered":"<p>O boato de que o goleiro Bruno Fernandes tentou suic\u00eddio dentro da penitenci\u00e1ria Nelson Hungria, em Contagem, na regi\u00e3o metropolitana de Belo Horizonte, foi confirmado por ele em uma entrevista \u00e0 revista Placar. Na \u00e9poca do incidente, tanto os advogados do atleta como a Secretaria de Estado de Defesa Social (Seds) negaram o fato, mas [&hellip;]<\/p>\n","protected":false},"author":1,"featured_media":22543,"comment_status":"open","ping_status":"closed","sticky":false,"template":"","format":"standard","meta":{"amp_status":"","footnotes":""},"categories":[123],"tags":[1018,3752,6085,3753],"class_list":["post-25094","post","type-post","status-publish","format-standard","has-post-thumbnail","hentry","category-gerais","tag-destaque","tag-goleiro-bruno","tag-goleiro-bruno-confirma-que-tentou-se-matar-na-cadeia","tag-montes-claros-futebol-clube"],"yoast_head":"<!-- This site is optimized with the Yoast SEO plugin v28.3 - https:\/\/yoast.com\/product\/yoast-seo-wordpress\/ -->\n<title>Goleiro Bruno confirma que tentou se matar na cadeia - Aconteceu no Vale<\/title>\n<meta name=\"robots\" content=\"index, follow, max-snippet:-1, max-image-preview:large, max-video-preview:-1\" \/>\n<link rel=\"canonical\" href=\"https:\/\/aconteceunovale.com.br\/portal\/?p=25094\" \/>\n<meta property=\"og:locale\" content=\"pt_BR\" \/>\n<meta property=\"og:type\" content=\"article\" \/>\n<meta property=\"og:title\" content=\"Goleiro Bruno confirma que tentou se matar na cadeia - Aconteceu no Vale\" \/>\n<meta property=\"og:description\" content=\"O boato de que o goleiro Bruno Fernandes tentou suic\u00eddio dentro da penitenci\u00e1ria Nelson Hungria, em Contagem, na regi\u00e3o metropolitana de Belo Horizonte, foi confirmado por ele em uma entrevista \u00e0 revista Placar. Na \u00e9poca do incidente, tanto os advogados do atleta como a Secretaria de Estado de Defesa Social (Seds) negaram o fato, mas [&hellip;]\" \/>\n<meta property=\"og:url\" content=\"https:\/\/aconteceunovale.com.br\/portal\/?p=25094\" \/>\n<meta property=\"og:site_name\" content=\"Aconteceu no Vale\" \/>\n<meta property=\"article:publisher\" content=\"https:\/\/www.facebook.com\/aconteceunovale\/\" \/>\n<meta property=\"article:published_time\" content=\"2014-03-29T01:41:21+00:00\" \/>\n<meta property=\"og:image\" content=\"https:\/\/aconteceunovale.com.br\/portal\/wp-content\/uploads\/2014\/02\/goleiro_bruno_assina_com_o_moc.jpg\" \/>\n\t<meta property=\"og:image:width\" content=\"620\" \/>\n\t<meta property=\"og:image:height\" content=\"420\" \/>\n\t<meta property=\"og:image:type\" content=\"image\/jpeg\" \/>\n<meta name=\"author\" content=\"Aconteceu no Vale\" \/>\n<meta name=\"twitter:card\" content=\"summary_large_image\" \/>\n<meta name=\"twitter:creator\" content=\"@noticiadosvales\" \/>\n<meta name=\"twitter:site\" content=\"@noticiadosvales\" \/>\n<meta name=\"twitter:label1\" content=\"Escrito por\" \/>\n\t<meta name=\"twitter:data1\" content=\"Aconteceu no Vale\" \/>\n\t<meta name=\"twitter:label2\" content=\"Est. tempo de leitura\" \/>\n\t<meta name=\"twitter:data2\" content=\"3 minutos\" \/>\n<script type=\"application\/ld+json\" class=\"yoast-schema-graph\">{\"@context\":\"https:\\\/\\\/schema.org\",\"@graph\":[{\"@type\":\"Article\",\"@id\":\"https:\\\/\\\/aconteceunovale.com.br\\\/portal\\\/?p=25094#article\",\"isPartOf\":{\"@id\":\"https:\\\/\\\/aconteceunovale.com.br\\\/portal\\\/?p=25094\"},\"author\":{\"name\":\"Aconteceu no Vale\",\"@id\":\"https:\\\/\\\/aconteceunovale.com.br\\\/portal\\\/#\\\/schema\\\/person\\\/633529146f2c94272bef50ac2953d589\"},\"headline\":\"Goleiro Bruno confirma que tentou se matar na cadeia\",\"datePublished\":\"2014-03-29T01:41:21+00:00\",\"mainEntityOfPage\":{\"@id\":\"https:\\\/\\\/aconteceunovale.com.br\\\/portal\\\/?p=25094\"},\"wordCount\":688,\"commentCount\":0,\"image\":{\"@id\":\"https:\\\/\\\/aconteceunovale.com.br\\\/portal\\\/?p=25094#primaryimage\"},\"thumbnailUrl\":\"https:\\\/\\\/aconteceunovale.com.br\\\/portal\\\/wp-content\\\/uploads\\\/2014\\\/02\\\/goleiro_bruno_assina_com_o_moc.jpg\",\"keywords\":[\"destaque\",\"Goleiro Bruno\",\"Goleiro Bruno confirma que tentou se matar na cadeia\",\"Montes Claros Futebol Clube\"],\"articleSection\":[\"Minas Gerais\"],\"inLanguage\":\"pt-BR\",\"potentialAction\":[{\"@type\":\"CommentAction\",\"name\":\"Comment\",\"target\":[\"https:\\\/\\\/aconteceunovale.com.br\\\/portal\\\/?p=25094#respond\"]}]},{\"@type\":\"WebPage\",\"@id\":\"https:\\\/\\\/aconteceunovale.com.br\\\/portal\\\/?p=25094\",\"url\":\"https:\\\/\\\/aconteceunovale.com.br\\\/portal\\\/?p=25094\",\"name\":\"Goleiro Bruno confirma que tentou se matar na cadeia - Aconteceu no Vale\",\"isPartOf\":{\"@id\":\"https:\\\/\\\/aconteceunovale.com.br\\\/portal\\\/#website\"},\"primaryImageOfPage\":{\"@id\":\"https:\\\/\\\/aconteceunovale.com.br\\\/portal\\\/?p=25094#primaryimage\"},\"image\":{\"@id\":\"https:\\\/\\\/aconteceunovale.com.br\\\/portal\\\/?p=25094#primaryimage\"},\"thumbnailUrl\":\"https:\\\/\\\/aconteceunovale.com.br\\\/portal\\\/wp-content\\\/uploads\\\/2014\\\/02\\\/goleiro_bruno_assina_com_o_moc.jpg\",\"datePublished\":\"2014-03-29T01:41:21+00:00\",\"author\":{\"@id\":\"https:\\\/\\\/aconteceunovale.com.br\\\/portal\\\/#\\\/schema\\\/person\\\/633529146f2c94272bef50ac2953d589\"},\"breadcrumb\":{\"@id\":\"https:\\\/\\\/aconteceunovale.com.br\\\/portal\\\/?p=25094#breadcrumb\"},\"inLanguage\":\"pt-BR\",\"potentialAction\":[{\"@type\":\"ReadAction\",\"target\":[\"https:\\\/\\\/aconteceunovale.com.br\\\/portal\\\/?p=25094\"]}]},{\"@type\":\"ImageObject\",\"inLanguage\":\"pt-BR\",\"@id\":\"https:\\\/\\\/aconteceunovale.com.br\\\/portal\\\/?p=25094#primaryimage\",\"url\":\"https:\\\/\\\/aconteceunovale.com.br\\\/portal\\\/wp-content\\\/uploads\\\/2014\\\/02\\\/goleiro_bruno_assina_com_o_moc.jpg\",\"contentUrl\":\"https:\\\/\\\/aconteceunovale.com.br\\\/portal\\\/wp-content\\\/uploads\\\/2014\\\/02\\\/goleiro_bruno_assina_com_o_moc.jpg\",\"width\":620,\"height\":420},{\"@type\":\"BreadcrumbList\",\"@id\":\"https:\\\/\\\/aconteceunovale.com.br\\\/portal\\\/?p=25094#breadcrumb\",\"itemListElement\":[{\"@type\":\"ListItem\",\"position\":1,\"name\":\"In\u00edcio\",\"item\":\"https:\\\/\\\/aconteceunovale.com.br\\\/portal\\\/\"},{\"@type\":\"ListItem\",\"position\":2,\"name\":\"Goleiro Bruno confirma que tentou se matar na cadeia\"}]},{\"@type\":\"WebSite\",\"@id\":\"https:\\\/\\\/aconteceunovale.com.br\\\/portal\\\/#website\",\"url\":\"https:\\\/\\\/aconteceunovale.com.br\\\/portal\\\/\",\"name\":\"Aconteceu no Vale\",\"description\":\"Portal de Not\u00edcias\",\"potentialAction\":[{\"@type\":\"SearchAction\",\"target\":{\"@type\":\"EntryPoint\",\"urlTemplate\":\"https:\\\/\\\/aconteceunovale.com.br\\\/portal\\\/?s={search_term_string}\"},\"query-input\":{\"@type\":\"PropertyValueSpecification\",\"valueRequired\":true,\"valueName\":\"search_term_string\"}}],\"inLanguage\":\"pt-BR\"},{\"@type\":\"Person\",\"@id\":\"https:\\\/\\\/aconteceunovale.com.br\\\/portal\\\/#\\\/schema\\\/person\\\/633529146f2c94272bef50ac2953d589\",\"name\":\"Aconteceu no Vale\",\"description\":\"Equipe de reportagem do Aconteceu no Vale, portal de not\u00edcias do Vale do Jequitinhonha, em Minas Gerais. Cobrimos as 51 cidades do Vale desde 2013. Sugest\u00f5es de pauta e pedidos de corre\u00e7\u00e3o: contato@aconteceunovale.com.br\",\"sameAs\":[\"http:\\\/\\\/www.aconteceunovale.com.br\"],\"url\":\"https:\\\/\\\/aconteceunovale.com.br\\\/portal\\\/?author=1\"}]}<\/script>\n<!-- \/ Yoast SEO plugin. -->","yoast_head_json":{"title":"Goleiro Bruno confirma que tentou se matar na cadeia - Aconteceu no Vale","robots":{"index":"index","follow":"follow","max-snippet":"max-snippet:-1","max-image-preview":"max-image-preview:large","max-video-preview":"max-video-preview:-1"},"canonical":"https:\/\/aconteceunovale.com.br\/portal\/?p=25094","og_locale":"pt_BR","og_type":"article","og_title":"Goleiro Bruno confirma que tentou se matar na cadeia - Aconteceu no Vale","og_description":"O boato de que o goleiro Bruno Fernandes tentou suic\u00eddio dentro da penitenci\u00e1ria Nelson Hungria, em Contagem, na regi\u00e3o metropolitana de Belo Horizonte, foi confirmado por ele em uma entrevista \u00e0 revista Placar. Na \u00e9poca do incidente, tanto os advogados do atleta como a Secretaria de Estado de Defesa Social (Seds) negaram o fato, mas [&hellip;]","og_url":"https:\/\/aconteceunovale.com.br\/portal\/?p=25094","og_site_name":"Aconteceu no Vale","article_publisher":"https:\/\/www.facebook.com\/aconteceunovale\/","article_published_time":"2014-03-29T01:41:21+00:00","og_image":[{"width":620,"height":420,"url":"https:\/\/aconteceunovale.com.br\/portal\/wp-content\/uploads\/2014\/02\/goleiro_bruno_assina_com_o_moc.jpg","type":"image\/jpeg"}],"author":"Aconteceu no Vale","twitter_card":"summary_large_image","twitter_creator":"@noticiadosvales","twitter_site":"@noticiadosvales","twitter_misc":{"Escrito por":"Aconteceu no Vale","Est. tempo de leitura":"3 minutos"},"schema":{"@context":"https:\/\/schema.org","@graph":[{"@type":"Article","@id":"https:\/\/aconteceunovale.com.br\/portal\/?p=25094#article","isPartOf":{"@id":"https:\/\/aconteceunovale.com.br\/portal\/?p=25094"},"author":{"name":"Aconteceu no Vale","@id":"https:\/\/aconteceunovale.com.br\/portal\/#\/schema\/person\/633529146f2c94272bef50ac2953d589"},"headline":"Goleiro Bruno confirma que tentou se matar na cadeia","datePublished":"2014-03-29T01:41:21+00:00","mainEntityOfPage":{"@id":"https:\/\/aconteceunovale.com.br\/portal\/?p=25094"},"wordCount":688,"commentCount":0,"image":{"@id":"https:\/\/aconteceunovale.com.br\/portal\/?p=25094#primaryimage"},"thumbnailUrl":"https:\/\/aconteceunovale.com.br\/portal\/wp-content\/uploads\/2014\/02\/goleiro_bruno_assina_com_o_moc.jpg","keywords":["destaque","Goleiro Bruno","Goleiro Bruno confirma que tentou se matar na cadeia","Montes Claros Futebol Clube"],"articleSection":["Minas Gerais"],"inLanguage":"pt-BR","potentialAction":[{"@type":"CommentAction","name":"Comment","target":["https:\/\/aconteceunovale.com.br\/portal\/?p=25094#respond"]}]},{"@type":"WebPage","@id":"https:\/\/aconteceunovale.com.br\/portal\/?p=25094","url":"https:\/\/aconteceunovale.com.br\/portal\/?p=25094","name":"Goleiro Bruno confirma que tentou se matar na cadeia - Aconteceu no Vale","isPartOf":{"@id":"https:\/\/aconteceunovale.com.br\/portal\/#website"},"primaryImageOfPage":{"@id":"https:\/\/aconteceunovale.com.br\/portal\/?p=25094#primaryimage"},"image":{"@id":"https:\/\/aconteceunovale.com.br\/portal\/?p=25094#primaryimage"},"thumbnailUrl":"https:\/\/aconteceunovale.com.br\/portal\/wp-content\/uploads\/2014\/02\/goleiro_bruno_assina_com_o_moc.jpg","datePublished":"2014-03-29T01:41:21+00:00","author":{"@id":"https:\/\/aconteceunovale.com.br\/portal\/#\/schema\/person\/633529146f2c94272bef50ac2953d589"},"breadcrumb":{"@id":"https:\/\/aconteceunovale.com.br\/portal\/?p=25094#breadcrumb"},"inLanguage":"pt-BR","potentialAction":[{"@type":"ReadAction","target":["https:\/\/aconteceunovale.com.br\/portal\/?p=25094"]}]},{"@type":"ImageObject","inLanguage":"pt-BR","@id":"https:\/\/aconteceunovale.com.br\/portal\/?p=25094#primaryimage","url":"https:\/\/aconteceunovale.com.br\/portal\/wp-content\/uploads\/2014\/02\/goleiro_bruno_assina_com_o_moc.jpg","contentUrl":"https:\/\/aconteceunovale.com.br\/portal\/wp-content\/uploads\/2014\/02\/goleiro_bruno_assina_com_o_moc.jpg","width":620,"height":420},{"@type":"BreadcrumbList","@id":"https:\/\/aconteceunovale.com.br\/portal\/?p=25094#breadcrumb","itemListElement":[{"@type":"ListItem","position":1,"name":"In\u00edcio","item":"https:\/\/aconteceunovale.com.br\/portal\/"},{"@type":"ListItem","position":2,"name":"Goleiro Bruno confirma que tentou se matar na cadeia"}]},{"@type":"WebSite","@id":"https:\/\/aconteceunovale.com.br\/portal\/#website","url":"https:\/\/aconteceunovale.com.br\/portal\/","name":"Aconteceu no Vale","description":"Portal de Not\u00edcias","potentialAction":[{"@type":"SearchAction","target":{"@type":"EntryPoint","urlTemplate":"https:\/\/aconteceunovale.com.br\/portal\/?s={search_term_string}"},"query-input":{"@type":"PropertyValueSpecification","valueRequired":true,"valueName":"search_term_string"}}],"inLanguage":"pt-BR"},{"@type":"Person","@id":"https:\/\/aconteceunovale.com.br\/portal\/#\/schema\/person\/633529146f2c94272bef50ac2953d589","name":"Aconteceu no Vale","description":"Equipe de reportagem do Aconteceu no Vale, portal de not\u00edcias do Vale do Jequitinhonha, em Minas Gerais. Cobrimos as 51 cidades do Vale desde 2013. Sugest\u00f5es de pauta e pedidos de corre\u00e7\u00e3o: contato@aconteceunovale.com.br","sameAs":["http:\/\/www.aconteceunovale.com.br"],"url":"https:\/\/aconteceunovale.com.br\/portal\/?author=1"}]}},"_links":{"self":[{"href":"https:\/\/aconteceunovale.com.br\/portal\/index.php?rest_route=\/wp\/v2\/posts\/25094","targetHints":{"allow":["GET"]}}],"collection":[{"href":"https:\/\/aconteceunovale.com.br\/portal\/index.php?rest_route=\/wp\/v2\/posts"}],"about":[{"href":"https:\/\/aconteceunovale.com.br\/portal\/index.php?rest_route=\/wp\/v2\/types\/post"}],"author":[{"embeddable":true,"href":"https:\/\/aconteceunovale.com.br\/portal\/index.php?rest_route=\/wp\/v2\/users\/1"}],"replies":[{"embeddable":true,"href":"https:\/\/aconteceunovale.com.br\/portal\/index.php?rest_route=%2Fwp%2Fv2%2Fcomments&post=25094"}],"version-history":[{"count":0,"href":"https:\/\/aconteceunovale.com.br\/portal\/index.php?rest_route=\/wp\/v2\/posts\/25094\/revisions"}],"wp:featuredmedia":[{"embeddable":true,"href":"https:\/\/aconteceunovale.com.br\/portal\/index.php?rest_route=\/wp\/v2\/media\/22543"}],"wp:attachment":[{"href":"https:\/\/aconteceunovale.com.br\/portal\/index.php?rest_route=%2Fwp%2Fv2%2Fmedia&parent=25094"}],"wp:term":[{"taxonomy":"category","embeddable":true,"href":"https:\/\/aconteceunovale.com.br\/portal\/index.php?rest_route=%2Fwp%2Fv2%2Fcategories&post=25094"},{"taxonomy":"post_tag","embeddable":true,"href":"https:\/\/aconteceunovale.com.br\/portal\/index.php?rest_route=%2Fwp%2Fv2%2Ftags&post=25094"}],"curies":[{"name":"wp","href":"https:\/\/api.w.org\/{rel}","templated":true}]}}