{"id":25091,"date":"2014-03-28T22:37:27","date_gmt":"2014-03-29T01:37:27","guid":{"rendered":"http:\/\/aconteceunovale.com.br\/portal\/?p=25091"},"modified":"2014-03-28T22:37:27","modified_gmt":"2014-03-29T01:37:27","slug":"comissao-quer-mais-seguranca-para-a-serra-do-cipo","status":"publish","type":"post","link":"https:\/\/aconteceunovale.com.br\/portal\/?p=25091","title":{"rendered":"Comiss\u00e3o quer mais seguran\u00e7a para a Serra do Cip\u00f3"},"content":{"rendered":"<p>A Comiss\u00e3o de Seguran\u00e7a P\u00fablica da Assembleia Legislativa de Minas Gerais quer propor \u00e0 Secretaria de Estado de Defesa Social uma revis\u00e3o do modelo de preven\u00e7\u00e3o \u00e0 criminalidade na Serra do Cip\u00f3, regi\u00e3o Central de Minas. Ontem, durante uma audi\u00eancia p\u00fablica, foi aprovado um pedido para a realiza\u00e7\u00e3o de uma reuni\u00e3o entre as partes. Por\u00e9m, ainda n\u00e3o h\u00e1 data definida para o encontro.<\/p>\n<p>As mortes do advogado Alexandre Werneck de Oliveira, 46, e da namorada dele, a tamb\u00e9m advogada L\u00edvia Viggiano Rocha Silveira, de 39, assassinados em janeiro na regi\u00e3o, motivaram a audi\u00eancia de ontem. O presidente da comiss\u00e3o, o deputado Jo\u00e3o Leite (PSDB), defende a instala\u00e7\u00e3o de uma delegacia de pol\u00edcia para turistas na Serra do Cip\u00f3 e maior rigor na fiscaliza\u00e7\u00e3o.<\/p>\n<p>\u201cOs n\u00fameros n\u00e3o s\u00e3o ruins. A Serra do Cip\u00f3 n\u00e3o tem nenhum homic\u00eddio, apesar de o casal ter sido encontrado na localidade, os dois foram mortos em Santana do Riacho. Mas por causa da Copa, a regi\u00e3o deve ter o triplo de turistas\u201d, afirmou o deputado. Depois do caso, os empres\u00e1rios relataram que est\u00e3o com apenas 30% de ocupa\u00e7\u00e3o dos leitos.<\/p>\n<p>Segundo a Pol\u00edcia Militar (PM), em setembro deste ano v\u00e3o se formar 1.950 militares que ser\u00e3o empenhados somente na regi\u00e3o metropolitana. At\u00e9 l\u00e1, n\u00e3o \u00e9 poss\u00edvel aumentar o efetivo, mas \u00e9 poss\u00edvel mudar a estrat\u00e9gia de seguran\u00e7a ap\u00f3s pesquisa no local.<\/p>\n<p><img decoding=\"async\" src=\"http:\/\/aconteceunovale.com.br\/portal\/wp-content\/uploads\/2014\/03\/mais_seguranca_serra_do_cipo_28.jpg\" alt=\"\" \/><em><strong>(Carro de casal morto foi achado todo queimado; na foto, suspeito (de blusa preta) fazia reconhecimento &#8211; Foto: Leo Fontes \/ O Tempo)<\/strong><\/em><\/p>\n","protected":false},"excerpt":{"rendered":"<p>A Comiss\u00e3o de Seguran\u00e7a P\u00fablica da Assembleia Legislativa de Minas Gerais quer propor \u00e0 Secretaria de Estado de Defesa Social uma revis\u00e3o do modelo de preven\u00e7\u00e3o \u00e0 criminalidade na Serra do Cip\u00f3, regi\u00e3o Central de Minas. Ontem, durante uma audi\u00eancia p\u00fablica, foi aprovado um pedido para a realiza\u00e7\u00e3o de uma reuni\u00e3o entre as partes. Por\u00e9m, [&hellip;]<\/p>\n","protected":false},"author":1,"featured_media":25092,"comment_status":"open","ping_status":"closed","sticky":false,"template":"","format":"standard","meta":{"amp_status":"","footnotes":""},"categories":[123],"tags":[2594,6084,2599],"class_list":["post-25091","post","type-post","status-publish","format-standard","has-post-thumbnail","hentry","category-gerais","tag-alexandre-werneck-de-oliveira","tag-comissao-quer-mais-seguranca-para-a-serra-do-cipo","tag-livia-viggiano-rocha-silveira"],"yoast_head":"<!-- This site is optimized with the Yoast SEO plugin v28.3 - https:\/\/yoast.com\/product\/yoast-seo-wordpress\/ -->\n<title>Comiss\u00e3o quer mais seguran\u00e7a para a Serra do Cip\u00f3 - Aconteceu no Vale<\/title>\n<meta name=\"robots\" content=\"index, follow, max-snippet:-1, max-image-preview:large, max-video-preview:-1\" \/>\n<link rel=\"canonical\" href=\"https:\/\/aconteceunovale.com.br\/portal\/?p=25091\" \/>\n<meta property=\"og:locale\" content=\"pt_BR\" \/>\n<meta property=\"og:type\" content=\"article\" \/>\n<meta property=\"og:title\" content=\"Comiss\u00e3o quer mais seguran\u00e7a para a Serra do Cip\u00f3 - Aconteceu no Vale\" \/>\n<meta property=\"og:description\" content=\"A Comiss\u00e3o de Seguran\u00e7a P\u00fablica da Assembleia Legislativa de Minas Gerais quer propor \u00e0 Secretaria de Estado de Defesa Social uma revis\u00e3o do modelo de preven\u00e7\u00e3o \u00e0 criminalidade na Serra do Cip\u00f3, regi\u00e3o Central de Minas. Ontem, durante uma audi\u00eancia p\u00fablica, foi aprovado um pedido para a realiza\u00e7\u00e3o de uma reuni\u00e3o entre as partes. Por\u00e9m, [&hellip;]\" \/>\n<meta property=\"og:url\" content=\"https:\/\/aconteceunovale.com.br\/portal\/?p=25091\" \/>\n<meta property=\"og:site_name\" content=\"Aconteceu no Vale\" \/>\n<meta property=\"article:publisher\" content=\"https:\/\/www.facebook.com\/aconteceunovale\/\" \/>\n<meta property=\"article:published_time\" content=\"2014-03-29T01:37:27+00:00\" \/>\n<meta property=\"og:image\" content=\"https:\/\/aconteceunovale.com.br\/portal\/wp-content\/uploads\/2014\/03\/mais_seguranca_serra_do_cipo_28.jpg\" \/>\n\t<meta property=\"og:image:width\" content=\"620\" \/>\n\t<meta property=\"og:image:height\" content=\"420\" \/>\n\t<meta property=\"og:image:type\" content=\"image\/jpeg\" \/>\n<meta name=\"author\" content=\"Aconteceu no Vale\" \/>\n<meta name=\"twitter:card\" content=\"summary_large_image\" \/>\n<meta name=\"twitter:creator\" content=\"@noticiadosvales\" \/>\n<meta name=\"twitter:site\" content=\"@noticiadosvales\" \/>\n<meta name=\"twitter:label1\" content=\"Escrito por\" \/>\n\t<meta name=\"twitter:data1\" content=\"Aconteceu no Vale\" \/>\n\t<meta name=\"twitter:label2\" content=\"Est. tempo de leitura\" \/>\n\t<meta name=\"twitter:data2\" content=\"1 minuto\" \/>\n<script type=\"application\/ld+json\" class=\"yoast-schema-graph\">{\"@context\":\"https:\\\/\\\/schema.org\",\"@graph\":[{\"@type\":\"Article\",\"@id\":\"https:\\\/\\\/aconteceunovale.com.br\\\/portal\\\/?p=25091#article\",\"isPartOf\":{\"@id\":\"https:\\\/\\\/aconteceunovale.com.br\\\/portal\\\/?p=25091\"},\"author\":{\"name\":\"Aconteceu no Vale\",\"@id\":\"https:\\\/\\\/aconteceunovale.com.br\\\/portal\\\/#\\\/schema\\\/person\\\/633529146f2c94272bef50ac2953d589\"},\"headline\":\"Comiss\u00e3o quer mais seguran\u00e7a para a Serra do Cip\u00f3\",\"datePublished\":\"2014-03-29T01:37:27+00:00\",\"mainEntityOfPage\":{\"@id\":\"https:\\\/\\\/aconteceunovale.com.br\\\/portal\\\/?p=25091\"},\"wordCount\":290,\"commentCount\":0,\"image\":{\"@id\":\"https:\\\/\\\/aconteceunovale.com.br\\\/portal\\\/?p=25091#primaryimage\"},\"thumbnailUrl\":\"https:\\\/\\\/aconteceunovale.com.br\\\/portal\\\/wp-content\\\/uploads\\\/2014\\\/03\\\/mais_seguranca_serra_do_cipo_28.jpg\",\"keywords\":[\"Alexandre Werneck de Oliveira\",\"Comiss\u00e3o quer mais seguran\u00e7a para a Serra do Cip\u00f3\",\"L\u00edvia Viggiano Rocha Silveira\"],\"articleSection\":[\"Minas Gerais\"],\"inLanguage\":\"pt-BR\",\"potentialAction\":[{\"@type\":\"CommentAction\",\"name\":\"Comment\",\"target\":[\"https:\\\/\\\/aconteceunovale.com.br\\\/portal\\\/?p=25091#respond\"]}]},{\"@type\":\"WebPage\",\"@id\":\"https:\\\/\\\/aconteceunovale.com.br\\\/portal\\\/?p=25091\",\"url\":\"https:\\\/\\\/aconteceunovale.com.br\\\/portal\\\/?p=25091\",\"name\":\"Comiss\u00e3o quer mais seguran\u00e7a para a Serra do Cip\u00f3 - Aconteceu no Vale\",\"isPartOf\":{\"@id\":\"https:\\\/\\\/aconteceunovale.com.br\\\/portal\\\/#website\"},\"primaryImageOfPage\":{\"@id\":\"https:\\\/\\\/aconteceunovale.com.br\\\/portal\\\/?p=25091#primaryimage\"},\"image\":{\"@id\":\"https:\\\/\\\/aconteceunovale.com.br\\\/portal\\\/?p=25091#primaryimage\"},\"thumbnailUrl\":\"https:\\\/\\\/aconteceunovale.com.br\\\/portal\\\/wp-content\\\/uploads\\\/2014\\\/03\\\/mais_seguranca_serra_do_cipo_28.jpg\",\"datePublished\":\"2014-03-29T01:37:27+00:00\",\"author\":{\"@id\":\"https:\\\/\\\/aconteceunovale.com.br\\\/portal\\\/#\\\/schema\\\/person\\\/633529146f2c94272bef50ac2953d589\"},\"breadcrumb\":{\"@id\":\"https:\\\/\\\/aconteceunovale.com.br\\\/portal\\\/?p=25091#breadcrumb\"},\"inLanguage\":\"pt-BR\",\"potentialAction\":[{\"@type\":\"ReadAction\",\"target\":[\"https:\\\/\\\/aconteceunovale.com.br\\\/portal\\\/?p=25091\"]}]},{\"@type\":\"ImageObject\",\"inLanguage\":\"pt-BR\",\"@id\":\"https:\\\/\\\/aconteceunovale.com.br\\\/portal\\\/?p=25091#primaryimage\",\"url\":\"https:\\\/\\\/aconteceunovale.com.br\\\/portal\\\/wp-content\\\/uploads\\\/2014\\\/03\\\/mais_seguranca_serra_do_cipo_28.jpg\",\"contentUrl\":\"https:\\\/\\\/aconteceunovale.com.br\\\/portal\\\/wp-content\\\/uploads\\\/2014\\\/03\\\/mais_seguranca_serra_do_cipo_28.jpg\",\"width\":620,\"height\":420},{\"@type\":\"BreadcrumbList\",\"@id\":\"https:\\\/\\\/aconteceunovale.com.br\\\/portal\\\/?p=25091#breadcrumb\",\"itemListElement\":[{\"@type\":\"ListItem\",\"position\":1,\"name\":\"In\u00edcio\",\"item\":\"https:\\\/\\\/aconteceunovale.com.br\\\/portal\\\/\"},{\"@type\":\"ListItem\",\"position\":2,\"name\":\"Comiss\u00e3o quer mais seguran\u00e7a para a Serra do Cip\u00f3\"}]},{\"@type\":\"WebSite\",\"@id\":\"https:\\\/\\\/aconteceunovale.com.br\\\/portal\\\/#website\",\"url\":\"https:\\\/\\\/aconteceunovale.com.br\\\/portal\\\/\",\"name\":\"Aconteceu no Vale\",\"description\":\"Portal de Not\u00edcias\",\"potentialAction\":[{\"@type\":\"SearchAction\",\"target\":{\"@type\":\"EntryPoint\",\"urlTemplate\":\"https:\\\/\\\/aconteceunovale.com.br\\\/portal\\\/?s={search_term_string}\"},\"query-input\":{\"@type\":\"PropertyValueSpecification\",\"valueRequired\":true,\"valueName\":\"search_term_string\"}}],\"inLanguage\":\"pt-BR\"},{\"@type\":\"Person\",\"@id\":\"https:\\\/\\\/aconteceunovale.com.br\\\/portal\\\/#\\\/schema\\\/person\\\/633529146f2c94272bef50ac2953d589\",\"name\":\"Aconteceu no Vale\",\"description\":\"Equipe de reportagem do Aconteceu no Vale, portal de not\u00edcias do Vale do Jequitinhonha, em Minas Gerais. Cobrimos as 51 cidades do Vale desde 2013. Sugest\u00f5es de pauta e pedidos de corre\u00e7\u00e3o: contato@aconteceunovale.com.br\",\"sameAs\":[\"http:\\\/\\\/www.aconteceunovale.com.br\"],\"url\":\"https:\\\/\\\/aconteceunovale.com.br\\\/portal\\\/?author=1\"}]}<\/script>\n<!-- \/ Yoast SEO plugin. -->","yoast_head_json":{"title":"Comiss\u00e3o quer mais seguran\u00e7a para a Serra do Cip\u00f3 - Aconteceu no Vale","robots":{"index":"index","follow":"follow","max-snippet":"max-snippet:-1","max-image-preview":"max-image-preview:large","max-video-preview":"max-video-preview:-1"},"canonical":"https:\/\/aconteceunovale.com.br\/portal\/?p=25091","og_locale":"pt_BR","og_type":"article","og_title":"Comiss\u00e3o quer mais seguran\u00e7a para a Serra do Cip\u00f3 - Aconteceu no Vale","og_description":"A Comiss\u00e3o de Seguran\u00e7a P\u00fablica da Assembleia Legislativa de Minas Gerais quer propor \u00e0 Secretaria de Estado de Defesa Social uma revis\u00e3o do modelo de preven\u00e7\u00e3o \u00e0 criminalidade na Serra do Cip\u00f3, regi\u00e3o Central de Minas. Ontem, durante uma audi\u00eancia p\u00fablica, foi aprovado um pedido para a realiza\u00e7\u00e3o de uma reuni\u00e3o entre as partes. Por\u00e9m, [&hellip;]","og_url":"https:\/\/aconteceunovale.com.br\/portal\/?p=25091","og_site_name":"Aconteceu no Vale","article_publisher":"https:\/\/www.facebook.com\/aconteceunovale\/","article_published_time":"2014-03-29T01:37:27+00:00","og_image":[{"width":620,"height":420,"url":"https:\/\/aconteceunovale.com.br\/portal\/wp-content\/uploads\/2014\/03\/mais_seguranca_serra_do_cipo_28.jpg","type":"image\/jpeg"}],"author":"Aconteceu no Vale","twitter_card":"summary_large_image","twitter_creator":"@noticiadosvales","twitter_site":"@noticiadosvales","twitter_misc":{"Escrito por":"Aconteceu no Vale","Est. tempo de leitura":"1 minuto"},"schema":{"@context":"https:\/\/schema.org","@graph":[{"@type":"Article","@id":"https:\/\/aconteceunovale.com.br\/portal\/?p=25091#article","isPartOf":{"@id":"https:\/\/aconteceunovale.com.br\/portal\/?p=25091"},"author":{"name":"Aconteceu no Vale","@id":"https:\/\/aconteceunovale.com.br\/portal\/#\/schema\/person\/633529146f2c94272bef50ac2953d589"},"headline":"Comiss\u00e3o quer mais seguran\u00e7a para a Serra do Cip\u00f3","datePublished":"2014-03-29T01:37:27+00:00","mainEntityOfPage":{"@id":"https:\/\/aconteceunovale.com.br\/portal\/?p=25091"},"wordCount":290,"commentCount":0,"image":{"@id":"https:\/\/aconteceunovale.com.br\/portal\/?p=25091#primaryimage"},"thumbnailUrl":"https:\/\/aconteceunovale.com.br\/portal\/wp-content\/uploads\/2014\/03\/mais_seguranca_serra_do_cipo_28.jpg","keywords":["Alexandre Werneck de Oliveira","Comiss\u00e3o quer mais seguran\u00e7a para a Serra do Cip\u00f3","L\u00edvia Viggiano Rocha Silveira"],"articleSection":["Minas Gerais"],"inLanguage":"pt-BR","potentialAction":[{"@type":"CommentAction","name":"Comment","target":["https:\/\/aconteceunovale.com.br\/portal\/?p=25091#respond"]}]},{"@type":"WebPage","@id":"https:\/\/aconteceunovale.com.br\/portal\/?p=25091","url":"https:\/\/aconteceunovale.com.br\/portal\/?p=25091","name":"Comiss\u00e3o quer mais seguran\u00e7a para a Serra do Cip\u00f3 - Aconteceu no Vale","isPartOf":{"@id":"https:\/\/aconteceunovale.com.br\/portal\/#website"},"primaryImageOfPage":{"@id":"https:\/\/aconteceunovale.com.br\/portal\/?p=25091#primaryimage"},"image":{"@id":"https:\/\/aconteceunovale.com.br\/portal\/?p=25091#primaryimage"},"thumbnailUrl":"https:\/\/aconteceunovale.com.br\/portal\/wp-content\/uploads\/2014\/03\/mais_seguranca_serra_do_cipo_28.jpg","datePublished":"2014-03-29T01:37:27+00:00","author":{"@id":"https:\/\/aconteceunovale.com.br\/portal\/#\/schema\/person\/633529146f2c94272bef50ac2953d589"},"breadcrumb":{"@id":"https:\/\/aconteceunovale.com.br\/portal\/?p=25091#breadcrumb"},"inLanguage":"pt-BR","potentialAction":[{"@type":"ReadAction","target":["https:\/\/aconteceunovale.com.br\/portal\/?p=25091"]}]},{"@type":"ImageObject","inLanguage":"pt-BR","@id":"https:\/\/aconteceunovale.com.br\/portal\/?p=25091#primaryimage","url":"https:\/\/aconteceunovale.com.br\/portal\/wp-content\/uploads\/2014\/03\/mais_seguranca_serra_do_cipo_28.jpg","contentUrl":"https:\/\/aconteceunovale.com.br\/portal\/wp-content\/uploads\/2014\/03\/mais_seguranca_serra_do_cipo_28.jpg","width":620,"height":420},{"@type":"BreadcrumbList","@id":"https:\/\/aconteceunovale.com.br\/portal\/?p=25091#breadcrumb","itemListElement":[{"@type":"ListItem","position":1,"name":"In\u00edcio","item":"https:\/\/aconteceunovale.com.br\/portal\/"},{"@type":"ListItem","position":2,"name":"Comiss\u00e3o quer mais seguran\u00e7a para a Serra do Cip\u00f3"}]},{"@type":"WebSite","@id":"https:\/\/aconteceunovale.com.br\/portal\/#website","url":"https:\/\/aconteceunovale.com.br\/portal\/","name":"Aconteceu no Vale","description":"Portal de Not\u00edcias","potentialAction":[{"@type":"SearchAction","target":{"@type":"EntryPoint","urlTemplate":"https:\/\/aconteceunovale.com.br\/portal\/?s={search_term_string}"},"query-input":{"@type":"PropertyValueSpecification","valueRequired":true,"valueName":"search_term_string"}}],"inLanguage":"pt-BR"},{"@type":"Person","@id":"https:\/\/aconteceunovale.com.br\/portal\/#\/schema\/person\/633529146f2c94272bef50ac2953d589","name":"Aconteceu no Vale","description":"Equipe de reportagem do Aconteceu no Vale, portal de not\u00edcias do Vale do Jequitinhonha, em Minas Gerais. Cobrimos as 51 cidades do Vale desde 2013. Sugest\u00f5es de pauta e pedidos de corre\u00e7\u00e3o: contato@aconteceunovale.com.br","sameAs":["http:\/\/www.aconteceunovale.com.br"],"url":"https:\/\/aconteceunovale.com.br\/portal\/?author=1"}]}},"_links":{"self":[{"href":"https:\/\/aconteceunovale.com.br\/portal\/index.php?rest_route=\/wp\/v2\/posts\/25091","targetHints":{"allow":["GET"]}}],"collection":[{"href":"https:\/\/aconteceunovale.com.br\/portal\/index.php?rest_route=\/wp\/v2\/posts"}],"about":[{"href":"https:\/\/aconteceunovale.com.br\/portal\/index.php?rest_route=\/wp\/v2\/types\/post"}],"author":[{"embeddable":true,"href":"https:\/\/aconteceunovale.com.br\/portal\/index.php?rest_route=\/wp\/v2\/users\/1"}],"replies":[{"embeddable":true,"href":"https:\/\/aconteceunovale.com.br\/portal\/index.php?rest_route=%2Fwp%2Fv2%2Fcomments&post=25091"}],"version-history":[{"count":0,"href":"https:\/\/aconteceunovale.com.br\/portal\/index.php?rest_route=\/wp\/v2\/posts\/25091\/revisions"}],"wp:featuredmedia":[{"embeddable":true,"href":"https:\/\/aconteceunovale.com.br\/portal\/index.php?rest_route=\/wp\/v2\/media\/25092"}],"wp:attachment":[{"href":"https:\/\/aconteceunovale.com.br\/portal\/index.php?rest_route=%2Fwp%2Fv2%2Fmedia&parent=25091"}],"wp:term":[{"taxonomy":"category","embeddable":true,"href":"https:\/\/aconteceunovale.com.br\/portal\/index.php?rest_route=%2Fwp%2Fv2%2Fcategories&post=25091"},{"taxonomy":"post_tag","embeddable":true,"href":"https:\/\/aconteceunovale.com.br\/portal\/index.php?rest_route=%2Fwp%2Fv2%2Ftags&post=25091"}],"curies":[{"name":"wp","href":"https:\/\/api.w.org\/{rel}","templated":true}]}}