{"id":25088,"date":"2014-03-28T22:32:03","date_gmt":"2014-03-29T01:32:03","guid":{"rendered":"http:\/\/aconteceunovale.com.br\/portal\/?p=25088"},"modified":"2014-03-28T22:32:03","modified_gmt":"2014-03-29T01:32:03","slug":"trabalhos-do-projeto-com-licenca-vou-a-luta-serao-expostos-na-proxima-terca-feira-em-conceicao-do-mato-dentro","status":"publish","type":"post","link":"https:\/\/aconteceunovale.com.br\/portal\/?p=25088","title":{"rendered":"Trabalhos do projeto \u201cCom Licen\u00e7a, Vou \u00e0 Luta\u201d ser\u00e3o expostos na pr\u00f3xima ter\u00e7a-feira em Concei\u00e7\u00e3o do Mato Dentro"},"content":{"rendered":"<p>Os trabalhos desenvolvidos pelo projeto \u201cCom Licen\u00e7a, Vou \u00e0 Luta!\u201d ser\u00e3o expostos no dia 1\u00ba de abril na Biblioteca P\u00fablica de Concei\u00e7\u00e3o do Mato Dentro. S\u00e3o colchas confeccionas e camisetas customizadas por mulheres a partir de 40 anos que buscam nas atividades manuais o resgate da autoestima e o fortalecimento de v\u00ednculos. Nas pe\u00e7as, elas registram hist\u00f3rias, desejos e retratam suas vidas em formas e cores. A exposi\u00e7\u00e3o representa a valoriza\u00e7\u00e3o de cerca de 50 mulheres dos distritos de C\u00f3rregos, Itacolomi, Costa Sena e Tapera.<\/p>\n<p>Iniciado em julho de 2013, o \u201cCom licen\u00e7a, vou \u00e0 luta\u201d \u00e9 um projeto desenvolvido pela Secretaria Municipal de Desenvolvimento Social que desde ent\u00e3o vem auxiliando essas mulheres em suas reflex\u00f5es acerca do seu papel familiar e social e oferecendo oficinas e cursos pelos quais elas descobrem habilidades, reafirmam potencialidades e adquirem autonomia.<\/p>\n<p>Quem for \u00e0 exposi\u00e7\u00e3o, poder\u00e1 adquirir as colchas que estar\u00e3o \u00e0 venda. O valor ser\u00e1 revertido aos grupos para aquisi\u00e7\u00e3o de materiais e continuidade dos trabalhos.<\/p>\n<h4><strong>Cinema<\/strong><\/h4>\n<p>Dentro da proposta de fortalecer v\u00ednculos e instigar reflex\u00f5es, acontece no mesmo dia a sess\u00e3o de cinema para o Grupo de Fortalecimento de V\u00ednculos da Pessoa Idosa. \u201cPequenas Hist\u00f3rias\u201d \u00e9 o filme que inspirou o projeto \u201cCom Licen\u00e7a, Vou \u00e0 Luta!\u201d por se tratar de hist\u00f3rias contadas pela personagem de Marieta Severo enquanto ela costura colchas de retalhos.  \u201cVida Maria\u201d \u00e9 outro curta metragem que retrata bem a realidade de muitas conceicionenses. \u00c9 a hist\u00f3ria de uma menina que \u00e9 obrigada a largar os estudos para cuidar dos afazeres dom\u00e9sticos e trabalhar na ro\u00e7a.<\/p>\n<p>O evento \u00e9 aberto ao p\u00fablico e acontece \u00e0s 8h30 tamb\u00e9m na Biblioteca P\u00fablica.<\/p>\n<p><img decoding=\"async\" src=\"http:\/\/aconteceunovale.com.br\/portal\/wp-content\/uploads\/2014\/03\/trabalho_projeto_cmd_28.jpg\" alt=\"\" \/><em>(Por Ascom Concei\u00e7\u00e3o do Mato Dentro)<\/em><\/p>\n","protected":false},"excerpt":{"rendered":"<p>Os trabalhos desenvolvidos pelo projeto \u201cCom Licen\u00e7a, Vou \u00e0 Luta!\u201d ser\u00e3o expostos no dia 1\u00ba de abril na Biblioteca P\u00fablica de Concei\u00e7\u00e3o do Mato Dentro. S\u00e3o colchas confeccionas e camisetas customizadas por mulheres a partir de 40 anos que buscam nas atividades manuais o resgate da autoestima e o fortalecimento de v\u00ednculos. Nas pe\u00e7as, elas [&hellip;]<\/p>\n","protected":false},"author":1,"featured_media":25089,"comment_status":"open","ping_status":"closed","sticky":false,"template":"","format":"standard","meta":{"amp_status":"","footnotes":""},"categories":[6],"tags":[628],"class_list":["post-25088","post","type-post","status-publish","format-standard","has-post-thumbnail","hentry","category-br","tag-conceicao-do-mato-dentro"],"yoast_head":"<!-- This site is optimized with the Yoast SEO plugin v28.3 - https:\/\/yoast.com\/product\/yoast-seo-wordpress\/ -->\n<title>Trabalhos do projeto \u201cCom Licen\u00e7a, Vou \u00e0 Luta\u201d ser\u00e3o expostos na pr\u00f3xima ter\u00e7a-feira em Concei\u00e7\u00e3o do Mato Dentro - Aconteceu no Vale<\/title>\n<meta name=\"robots\" content=\"index, follow, max-snippet:-1, max-image-preview:large, max-video-preview:-1\" \/>\n<link rel=\"canonical\" href=\"https:\/\/aconteceunovale.com.br\/portal\/?p=25088\" \/>\n<meta property=\"og:locale\" content=\"pt_BR\" \/>\n<meta property=\"og:type\" content=\"article\" \/>\n<meta property=\"og:title\" content=\"Trabalhos do projeto \u201cCom Licen\u00e7a, Vou \u00e0 Luta\u201d ser\u00e3o expostos na pr\u00f3xima ter\u00e7a-feira em Concei\u00e7\u00e3o do Mato Dentro - Aconteceu no Vale\" \/>\n<meta property=\"og:description\" content=\"Os trabalhos desenvolvidos pelo projeto \u201cCom Licen\u00e7a, Vou \u00e0 Luta!\u201d ser\u00e3o expostos no dia 1\u00ba de abril na Biblioteca P\u00fablica de Concei\u00e7\u00e3o do Mato Dentro. S\u00e3o colchas confeccionas e camisetas customizadas por mulheres a partir de 40 anos que buscam nas atividades manuais o resgate da autoestima e o fortalecimento de v\u00ednculos. Nas pe\u00e7as, elas [&hellip;]\" \/>\n<meta property=\"og:url\" content=\"https:\/\/aconteceunovale.com.br\/portal\/?p=25088\" \/>\n<meta property=\"og:site_name\" content=\"Aconteceu no Vale\" \/>\n<meta property=\"article:publisher\" content=\"https:\/\/www.facebook.com\/aconteceunovale\/\" \/>\n<meta property=\"article:published_time\" content=\"2014-03-29T01:32:03+00:00\" \/>\n<meta property=\"og:image\" content=\"https:\/\/aconteceunovale.com.br\/portal\/wp-content\/uploads\/2014\/03\/trabalho_projeto_cmd_28.jpg\" \/>\n\t<meta property=\"og:image:width\" content=\"678\" \/>\n\t<meta property=\"og:image:height\" content=\"149\" \/>\n\t<meta property=\"og:image:type\" content=\"image\/jpeg\" \/>\n<meta name=\"author\" content=\"Aconteceu no Vale\" \/>\n<meta name=\"twitter:card\" content=\"summary_large_image\" \/>\n<meta name=\"twitter:creator\" content=\"@noticiadosvales\" \/>\n<meta name=\"twitter:site\" content=\"@noticiadosvales\" \/>\n<meta name=\"twitter:label1\" content=\"Escrito por\" \/>\n\t<meta name=\"twitter:data1\" content=\"Aconteceu no Vale\" \/>\n\t<meta name=\"twitter:label2\" content=\"Est. tempo de leitura\" \/>\n\t<meta name=\"twitter:data2\" content=\"1 minuto\" \/>\n<script type=\"application\/ld+json\" class=\"yoast-schema-graph\">{\"@context\":\"https:\\\/\\\/schema.org\",\"@graph\":[{\"@type\":\"Article\",\"@id\":\"https:\\\/\\\/aconteceunovale.com.br\\\/portal\\\/?p=25088#article\",\"isPartOf\":{\"@id\":\"https:\\\/\\\/aconteceunovale.com.br\\\/portal\\\/?p=25088\"},\"author\":{\"name\":\"Aconteceu no Vale\",\"@id\":\"https:\\\/\\\/aconteceunovale.com.br\\\/portal\\\/#\\\/schema\\\/person\\\/633529146f2c94272bef50ac2953d589\"},\"headline\":\"Trabalhos do projeto \u201cCom Licen\u00e7a, Vou \u00e0 Luta\u201d ser\u00e3o expostos na pr\u00f3xima ter\u00e7a-feira em Concei\u00e7\u00e3o do Mato Dentro\",\"datePublished\":\"2014-03-29T01:32:03+00:00\",\"mainEntityOfPage\":{\"@id\":\"https:\\\/\\\/aconteceunovale.com.br\\\/portal\\\/?p=25088\"},\"wordCount\":317,\"commentCount\":0,\"image\":{\"@id\":\"https:\\\/\\\/aconteceunovale.com.br\\\/portal\\\/?p=25088#primaryimage\"},\"thumbnailUrl\":\"https:\\\/\\\/aconteceunovale.com.br\\\/portal\\\/wp-content\\\/uploads\\\/2014\\\/03\\\/trabalho_projeto_cmd_28.jpg\",\"keywords\":[\"Concei\u00e7\u00e3o do Mato Dentro\"],\"articleSection\":[\"Brasil\"],\"inLanguage\":\"pt-BR\",\"potentialAction\":[{\"@type\":\"CommentAction\",\"name\":\"Comment\",\"target\":[\"https:\\\/\\\/aconteceunovale.com.br\\\/portal\\\/?p=25088#respond\"]}]},{\"@type\":\"WebPage\",\"@id\":\"https:\\\/\\\/aconteceunovale.com.br\\\/portal\\\/?p=25088\",\"url\":\"https:\\\/\\\/aconteceunovale.com.br\\\/portal\\\/?p=25088\",\"name\":\"Trabalhos do projeto \u201cCom Licen\u00e7a, Vou \u00e0 Luta\u201d ser\u00e3o expostos na pr\u00f3xima ter\u00e7a-feira em Concei\u00e7\u00e3o do Mato Dentro - Aconteceu no Vale\",\"isPartOf\":{\"@id\":\"https:\\\/\\\/aconteceunovale.com.br\\\/portal\\\/#website\"},\"primaryImageOfPage\":{\"@id\":\"https:\\\/\\\/aconteceunovale.com.br\\\/portal\\\/?p=25088#primaryimage\"},\"image\":{\"@id\":\"https:\\\/\\\/aconteceunovale.com.br\\\/portal\\\/?p=25088#primaryimage\"},\"thumbnailUrl\":\"https:\\\/\\\/aconteceunovale.com.br\\\/portal\\\/wp-content\\\/uploads\\\/2014\\\/03\\\/trabalho_projeto_cmd_28.jpg\",\"datePublished\":\"2014-03-29T01:32:03+00:00\",\"author\":{\"@id\":\"https:\\\/\\\/aconteceunovale.com.br\\\/portal\\\/#\\\/schema\\\/person\\\/633529146f2c94272bef50ac2953d589\"},\"breadcrumb\":{\"@id\":\"https:\\\/\\\/aconteceunovale.com.br\\\/portal\\\/?p=25088#breadcrumb\"},\"inLanguage\":\"pt-BR\",\"potentialAction\":[{\"@type\":\"ReadAction\",\"target\":[\"https:\\\/\\\/aconteceunovale.com.br\\\/portal\\\/?p=25088\"]}]},{\"@type\":\"ImageObject\",\"inLanguage\":\"pt-BR\",\"@id\":\"https:\\\/\\\/aconteceunovale.com.br\\\/portal\\\/?p=25088#primaryimage\",\"url\":\"https:\\\/\\\/aconteceunovale.com.br\\\/portal\\\/wp-content\\\/uploads\\\/2014\\\/03\\\/trabalho_projeto_cmd_28.jpg\",\"contentUrl\":\"https:\\\/\\\/aconteceunovale.com.br\\\/portal\\\/wp-content\\\/uploads\\\/2014\\\/03\\\/trabalho_projeto_cmd_28.jpg\",\"width\":678,\"height\":149},{\"@type\":\"BreadcrumbList\",\"@id\":\"https:\\\/\\\/aconteceunovale.com.br\\\/portal\\\/?p=25088#breadcrumb\",\"itemListElement\":[{\"@type\":\"ListItem\",\"position\":1,\"name\":\"In\u00edcio\",\"item\":\"https:\\\/\\\/aconteceunovale.com.br\\\/portal\\\/\"},{\"@type\":\"ListItem\",\"position\":2,\"name\":\"Trabalhos do projeto \u201cCom Licen\u00e7a, Vou \u00e0 Luta\u201d ser\u00e3o expostos na pr\u00f3xima ter\u00e7a-feira em Concei\u00e7\u00e3o do Mato Dentro\"}]},{\"@type\":\"WebSite\",\"@id\":\"https:\\\/\\\/aconteceunovale.com.br\\\/portal\\\/#website\",\"url\":\"https:\\\/\\\/aconteceunovale.com.br\\\/portal\\\/\",\"name\":\"Aconteceu no Vale\",\"description\":\"Portal de Not\u00edcias\",\"potentialAction\":[{\"@type\":\"SearchAction\",\"target\":{\"@type\":\"EntryPoint\",\"urlTemplate\":\"https:\\\/\\\/aconteceunovale.com.br\\\/portal\\\/?s={search_term_string}\"},\"query-input\":{\"@type\":\"PropertyValueSpecification\",\"valueRequired\":true,\"valueName\":\"search_term_string\"}}],\"inLanguage\":\"pt-BR\"},{\"@type\":\"Person\",\"@id\":\"https:\\\/\\\/aconteceunovale.com.br\\\/portal\\\/#\\\/schema\\\/person\\\/633529146f2c94272bef50ac2953d589\",\"name\":\"Aconteceu no Vale\",\"description\":\"Equipe de reportagem do Aconteceu no Vale, portal de not\u00edcias do Vale do Jequitinhonha, em Minas Gerais. Cobrimos as 51 cidades do Vale desde 2013. Sugest\u00f5es de pauta e pedidos de corre\u00e7\u00e3o: contato@aconteceunovale.com.br\",\"sameAs\":[\"http:\\\/\\\/www.aconteceunovale.com.br\"],\"url\":\"https:\\\/\\\/aconteceunovale.com.br\\\/portal\\\/?author=1\"}]}<\/script>\n<!-- \/ Yoast SEO plugin. -->","yoast_head_json":{"title":"Trabalhos do projeto \u201cCom Licen\u00e7a, Vou \u00e0 Luta\u201d ser\u00e3o expostos na pr\u00f3xima ter\u00e7a-feira em Concei\u00e7\u00e3o do Mato Dentro - Aconteceu no Vale","robots":{"index":"index","follow":"follow","max-snippet":"max-snippet:-1","max-image-preview":"max-image-preview:large","max-video-preview":"max-video-preview:-1"},"canonical":"https:\/\/aconteceunovale.com.br\/portal\/?p=25088","og_locale":"pt_BR","og_type":"article","og_title":"Trabalhos do projeto \u201cCom Licen\u00e7a, Vou \u00e0 Luta\u201d ser\u00e3o expostos na pr\u00f3xima ter\u00e7a-feira em Concei\u00e7\u00e3o do Mato Dentro - Aconteceu no Vale","og_description":"Os trabalhos desenvolvidos pelo projeto \u201cCom Licen\u00e7a, Vou \u00e0 Luta!\u201d ser\u00e3o expostos no dia 1\u00ba de abril na Biblioteca P\u00fablica de Concei\u00e7\u00e3o do Mato Dentro. S\u00e3o colchas confeccionas e camisetas customizadas por mulheres a partir de 40 anos que buscam nas atividades manuais o resgate da autoestima e o fortalecimento de v\u00ednculos. Nas pe\u00e7as, elas [&hellip;]","og_url":"https:\/\/aconteceunovale.com.br\/portal\/?p=25088","og_site_name":"Aconteceu no Vale","article_publisher":"https:\/\/www.facebook.com\/aconteceunovale\/","article_published_time":"2014-03-29T01:32:03+00:00","og_image":[{"width":678,"height":149,"url":"https:\/\/aconteceunovale.com.br\/portal\/wp-content\/uploads\/2014\/03\/trabalho_projeto_cmd_28.jpg","type":"image\/jpeg"}],"author":"Aconteceu no Vale","twitter_card":"summary_large_image","twitter_creator":"@noticiadosvales","twitter_site":"@noticiadosvales","twitter_misc":{"Escrito por":"Aconteceu no Vale","Est. tempo de leitura":"1 minuto"},"schema":{"@context":"https:\/\/schema.org","@graph":[{"@type":"Article","@id":"https:\/\/aconteceunovale.com.br\/portal\/?p=25088#article","isPartOf":{"@id":"https:\/\/aconteceunovale.com.br\/portal\/?p=25088"},"author":{"name":"Aconteceu no Vale","@id":"https:\/\/aconteceunovale.com.br\/portal\/#\/schema\/person\/633529146f2c94272bef50ac2953d589"},"headline":"Trabalhos do projeto \u201cCom Licen\u00e7a, Vou \u00e0 Luta\u201d ser\u00e3o expostos na pr\u00f3xima ter\u00e7a-feira em Concei\u00e7\u00e3o do Mato Dentro","datePublished":"2014-03-29T01:32:03+00:00","mainEntityOfPage":{"@id":"https:\/\/aconteceunovale.com.br\/portal\/?p=25088"},"wordCount":317,"commentCount":0,"image":{"@id":"https:\/\/aconteceunovale.com.br\/portal\/?p=25088#primaryimage"},"thumbnailUrl":"https:\/\/aconteceunovale.com.br\/portal\/wp-content\/uploads\/2014\/03\/trabalho_projeto_cmd_28.jpg","keywords":["Concei\u00e7\u00e3o do Mato Dentro"],"articleSection":["Brasil"],"inLanguage":"pt-BR","potentialAction":[{"@type":"CommentAction","name":"Comment","target":["https:\/\/aconteceunovale.com.br\/portal\/?p=25088#respond"]}]},{"@type":"WebPage","@id":"https:\/\/aconteceunovale.com.br\/portal\/?p=25088","url":"https:\/\/aconteceunovale.com.br\/portal\/?p=25088","name":"Trabalhos do projeto \u201cCom Licen\u00e7a, Vou \u00e0 Luta\u201d ser\u00e3o expostos na pr\u00f3xima ter\u00e7a-feira em Concei\u00e7\u00e3o do Mato Dentro - Aconteceu no Vale","isPartOf":{"@id":"https:\/\/aconteceunovale.com.br\/portal\/#website"},"primaryImageOfPage":{"@id":"https:\/\/aconteceunovale.com.br\/portal\/?p=25088#primaryimage"},"image":{"@id":"https:\/\/aconteceunovale.com.br\/portal\/?p=25088#primaryimage"},"thumbnailUrl":"https:\/\/aconteceunovale.com.br\/portal\/wp-content\/uploads\/2014\/03\/trabalho_projeto_cmd_28.jpg","datePublished":"2014-03-29T01:32:03+00:00","author":{"@id":"https:\/\/aconteceunovale.com.br\/portal\/#\/schema\/person\/633529146f2c94272bef50ac2953d589"},"breadcrumb":{"@id":"https:\/\/aconteceunovale.com.br\/portal\/?p=25088#breadcrumb"},"inLanguage":"pt-BR","potentialAction":[{"@type":"ReadAction","target":["https:\/\/aconteceunovale.com.br\/portal\/?p=25088"]}]},{"@type":"ImageObject","inLanguage":"pt-BR","@id":"https:\/\/aconteceunovale.com.br\/portal\/?p=25088#primaryimage","url":"https:\/\/aconteceunovale.com.br\/portal\/wp-content\/uploads\/2014\/03\/trabalho_projeto_cmd_28.jpg","contentUrl":"https:\/\/aconteceunovale.com.br\/portal\/wp-content\/uploads\/2014\/03\/trabalho_projeto_cmd_28.jpg","width":678,"height":149},{"@type":"BreadcrumbList","@id":"https:\/\/aconteceunovale.com.br\/portal\/?p=25088#breadcrumb","itemListElement":[{"@type":"ListItem","position":1,"name":"In\u00edcio","item":"https:\/\/aconteceunovale.com.br\/portal\/"},{"@type":"ListItem","position":2,"name":"Trabalhos do projeto \u201cCom Licen\u00e7a, Vou \u00e0 Luta\u201d ser\u00e3o expostos na pr\u00f3xima ter\u00e7a-feira em Concei\u00e7\u00e3o do Mato Dentro"}]},{"@type":"WebSite","@id":"https:\/\/aconteceunovale.com.br\/portal\/#website","url":"https:\/\/aconteceunovale.com.br\/portal\/","name":"Aconteceu no Vale","description":"Portal de Not\u00edcias","potentialAction":[{"@type":"SearchAction","target":{"@type":"EntryPoint","urlTemplate":"https:\/\/aconteceunovale.com.br\/portal\/?s={search_term_string}"},"query-input":{"@type":"PropertyValueSpecification","valueRequired":true,"valueName":"search_term_string"}}],"inLanguage":"pt-BR"},{"@type":"Person","@id":"https:\/\/aconteceunovale.com.br\/portal\/#\/schema\/person\/633529146f2c94272bef50ac2953d589","name":"Aconteceu no Vale","description":"Equipe de reportagem do Aconteceu no Vale, portal de not\u00edcias do Vale do Jequitinhonha, em Minas Gerais. Cobrimos as 51 cidades do Vale desde 2013. Sugest\u00f5es de pauta e pedidos de corre\u00e7\u00e3o: contato@aconteceunovale.com.br","sameAs":["http:\/\/www.aconteceunovale.com.br"],"url":"https:\/\/aconteceunovale.com.br\/portal\/?author=1"}]}},"_links":{"self":[{"href":"https:\/\/aconteceunovale.com.br\/portal\/index.php?rest_route=\/wp\/v2\/posts\/25088","targetHints":{"allow":["GET"]}}],"collection":[{"href":"https:\/\/aconteceunovale.com.br\/portal\/index.php?rest_route=\/wp\/v2\/posts"}],"about":[{"href":"https:\/\/aconteceunovale.com.br\/portal\/index.php?rest_route=\/wp\/v2\/types\/post"}],"author":[{"embeddable":true,"href":"https:\/\/aconteceunovale.com.br\/portal\/index.php?rest_route=\/wp\/v2\/users\/1"}],"replies":[{"embeddable":true,"href":"https:\/\/aconteceunovale.com.br\/portal\/index.php?rest_route=%2Fwp%2Fv2%2Fcomments&post=25088"}],"version-history":[{"count":0,"href":"https:\/\/aconteceunovale.com.br\/portal\/index.php?rest_route=\/wp\/v2\/posts\/25088\/revisions"}],"wp:featuredmedia":[{"embeddable":true,"href":"https:\/\/aconteceunovale.com.br\/portal\/index.php?rest_route=\/wp\/v2\/media\/25089"}],"wp:attachment":[{"href":"https:\/\/aconteceunovale.com.br\/portal\/index.php?rest_route=%2Fwp%2Fv2%2Fmedia&parent=25088"}],"wp:term":[{"taxonomy":"category","embeddable":true,"href":"https:\/\/aconteceunovale.com.br\/portal\/index.php?rest_route=%2Fwp%2Fv2%2Fcategories&post=25088"},{"taxonomy":"post_tag","embeddable":true,"href":"https:\/\/aconteceunovale.com.br\/portal\/index.php?rest_route=%2Fwp%2Fv2%2Ftags&post=25088"}],"curies":[{"name":"wp","href":"https:\/\/api.w.org\/{rel}","templated":true}]}}