{"id":25071,"date":"2014-03-28T21:52:26","date_gmt":"2014-03-29T00:52:26","guid":{"rendered":"http:\/\/aconteceunovale.com.br\/portal\/?p=25071"},"modified":"2014-03-28T21:52:26","modified_gmt":"2014-03-29T00:52:26","slug":"acusado-de-14-assaltos-a-comercios-e-preso-no-bairro-iguacu-em-ipatinga","status":"publish","type":"post","link":"https:\/\/aconteceunovale.com.br\/portal\/?p=25071","title":{"rendered":"Acusado de 14 assaltos a com\u00e9rcios \u00e9 preso no bairro Igua\u00e7u em Ipatinga"},"content":{"rendered":"<p>Foi apresentado na manh\u00e3 desta sexta-feira (28) na delegacia regional de Ipatinga, um homem suspeito de praticar 14 assaltos a com\u00e9rcios da regi\u00e3o. Segundo as investiga\u00e7\u00f5es do delegado Gilmaro Alves, Renato Vieira da Silva, de 26 anos, foi preso nesta quinta-feira (27) e j\u00e1 responde na Justi\u00e7a por duas infra\u00e7\u00f5es de mesma natureza.<\/p>\n<p>Segundo Alves, os crimes foram cometidos entre junho e setembro de 2013, quase sempre nos bairros Beth\u00e2nia, Vila Celeste e Cidade Nobre. \u201cApenas um roubo ocorreu no bairro Veneza\u201d, disse Gilmaro.<\/p>\n<p>Segundo um dos inqu\u00e9ritos, j\u00e1 conclu\u00eddo e enviado \u00e0 Justi\u00e7a, para cometer os roubos, o rapaz escolhia estabelecimentos onde havia apenas mulheres e invadia os com\u00e9rcios simulando estar armado. De acordo com o delegado, em dois assaltos, quando as v\u00edtimas tentaram argumentar ou n\u00e3o repassar o dinheiro exigido, Renato chegou a apresentar um canivete, empregando viol\u00eancia e grave amea\u00e7a. Ap\u00f3s cometer os crimes, ele fugia a p\u00e9.<\/p>\n<p>Em agosto de 2013, o assaltante chegou a ser preso por roubo a um dep\u00f3sito de materiais de constru\u00e7\u00e3o no bairro Beth\u00e2nia, mas atualmente se encontrava em liberdade por um benef\u00edcio concedido pela Justi\u00e7a em fevereiro deste ano.<\/p>\n<h4><strong>Investiga\u00e7\u00e3o<\/strong><\/h4>\n<p>O delegado Gilmaro Alves detalhou que o homem vinha sendo investigado h\u00e1 algum tempo e que a pol\u00edcia conseguiu v\u00e1rias provas contra Renato, que foram colhidas para que a Justi\u00e7a pudesse conceder um mandado de pris\u00e3o preventiva contra ele.<\/p>\n<p>\u201cN\u00e3o estamos o colocando como suspeito e sim como indiciado em 14 fatos criminosos cometidos aqui em Ipatinga\u201d, afirmou Gilmaro.<\/p>\n<p>O assaltante foi indiciado e denunciado pelos crimes de roubo simples e qualificado.Dois processos contra ele j\u00e1 tramitam na Vara Criminal de Ipatinga.O assaltante foi encaminhado para o Centro de Remanejamento do Sistema Prisional de Ipatinga (Ceresp).<\/p>\n<p><img decoding=\"async\" src=\"http:\/\/aconteceunovale.com.br\/portal\/wp-content\/uploads\/2014\/03\/acusado_14_assaltos_comercio_ipa_28.jpg\" alt=\"\" \/><em>(Foto: Wellintong Silveira \/ Intertv dos Vales)<\/em><\/p>\n","protected":false},"excerpt":{"rendered":"<p>Foi apresentado na manh\u00e3 desta sexta-feira (28) na delegacia regional de Ipatinga, um homem suspeito de praticar 14 assaltos a com\u00e9rcios da regi\u00e3o. Segundo as investiga\u00e7\u00f5es do delegado Gilmaro Alves, Renato Vieira da Silva, de 26 anos, foi preso nesta quinta-feira (27) e j\u00e1 responde na Justi\u00e7a por duas infra\u00e7\u00f5es de mesma natureza. Segundo Alves, [&hellip;]<\/p>\n","protected":false},"author":1,"featured_media":25072,"comment_status":"open","ping_status":"closed","sticky":false,"template":"","format":"standard","meta":{"amp_status":"","footnotes":""},"categories":[121],"tags":[6078,1018,201],"class_list":["post-25071","post","type-post","status-publish","format-standard","has-post-thumbnail","hentry","category-leste","tag-acusado-de-14-assaltos-a-comercios-e-preso-no-bairro-iguacu-em-ipatinga","tag-destaque","tag-ipatinga"],"yoast_head":"<!-- This site is optimized with the Yoast SEO plugin v28.3 - https:\/\/yoast.com\/product\/yoast-seo-wordpress\/ -->\n<title>Acusado de 14 assaltos a com\u00e9rcios \u00e9 preso no bairro Igua\u00e7u em Ipatinga - Aconteceu no Vale<\/title>\n<meta name=\"robots\" content=\"index, follow, max-snippet:-1, max-image-preview:large, max-video-preview:-1\" \/>\n<link rel=\"canonical\" href=\"https:\/\/aconteceunovale.com.br\/portal\/?p=25071\" \/>\n<meta property=\"og:locale\" content=\"pt_BR\" \/>\n<meta property=\"og:type\" content=\"article\" \/>\n<meta property=\"og:title\" content=\"Acusado de 14 assaltos a com\u00e9rcios \u00e9 preso no bairro Igua\u00e7u em Ipatinga - Aconteceu no Vale\" \/>\n<meta property=\"og:description\" content=\"Foi apresentado na manh\u00e3 desta sexta-feira (28) na delegacia regional de Ipatinga, um homem suspeito de praticar 14 assaltos a com\u00e9rcios da regi\u00e3o. Segundo as investiga\u00e7\u00f5es do delegado Gilmaro Alves, Renato Vieira da Silva, de 26 anos, foi preso nesta quinta-feira (27) e j\u00e1 responde na Justi\u00e7a por duas infra\u00e7\u00f5es de mesma natureza. Segundo Alves, [&hellip;]\" \/>\n<meta property=\"og:url\" content=\"https:\/\/aconteceunovale.com.br\/portal\/?p=25071\" \/>\n<meta property=\"og:site_name\" content=\"Aconteceu no Vale\" \/>\n<meta property=\"article:publisher\" content=\"https:\/\/www.facebook.com\/aconteceunovale\/\" \/>\n<meta property=\"article:published_time\" content=\"2014-03-29T00:52:26+00:00\" \/>\n<meta property=\"og:image\" content=\"https:\/\/aconteceunovale.com.br\/portal\/wp-content\/uploads\/2014\/03\/acusado_14_assaltos_comercio_ipa_28.jpg\" \/>\n\t<meta property=\"og:image:width\" content=\"600\" \/>\n\t<meta property=\"og:image:height\" content=\"450\" \/>\n\t<meta property=\"og:image:type\" content=\"image\/jpeg\" \/>\n<meta name=\"author\" content=\"Aconteceu no Vale\" \/>\n<meta name=\"twitter:card\" content=\"summary_large_image\" \/>\n<meta name=\"twitter:creator\" content=\"@noticiadosvales\" \/>\n<meta name=\"twitter:site\" content=\"@noticiadosvales\" \/>\n<meta name=\"twitter:label1\" content=\"Escrito por\" \/>\n\t<meta name=\"twitter:data1\" content=\"Aconteceu no Vale\" \/>\n\t<meta name=\"twitter:label2\" content=\"Est. tempo de leitura\" \/>\n\t<meta name=\"twitter:data2\" content=\"2 minutos\" \/>\n<script type=\"application\/ld+json\" class=\"yoast-schema-graph\">{\"@context\":\"https:\\\/\\\/schema.org\",\"@graph\":[{\"@type\":\"Article\",\"@id\":\"https:\\\/\\\/aconteceunovale.com.br\\\/portal\\\/?p=25071#article\",\"isPartOf\":{\"@id\":\"https:\\\/\\\/aconteceunovale.com.br\\\/portal\\\/?p=25071\"},\"author\":{\"name\":\"Aconteceu no Vale\",\"@id\":\"https:\\\/\\\/aconteceunovale.com.br\\\/portal\\\/#\\\/schema\\\/person\\\/633529146f2c94272bef50ac2953d589\"},\"headline\":\"Acusado de 14 assaltos a com\u00e9rcios \u00e9 preso no bairro Igua\u00e7u em Ipatinga\",\"datePublished\":\"2014-03-29T00:52:26+00:00\",\"mainEntityOfPage\":{\"@id\":\"https:\\\/\\\/aconteceunovale.com.br\\\/portal\\\/?p=25071\"},\"wordCount\":325,\"commentCount\":0,\"image\":{\"@id\":\"https:\\\/\\\/aconteceunovale.com.br\\\/portal\\\/?p=25071#primaryimage\"},\"thumbnailUrl\":\"https:\\\/\\\/aconteceunovale.com.br\\\/portal\\\/wp-content\\\/uploads\\\/2014\\\/03\\\/acusado_14_assaltos_comercio_ipa_28.jpg\",\"keywords\":[\"Acusado de 14 assaltos a com\u00e9rcios \u00e9 preso no bairro Igua\u00e7u em Ipatinga\",\"destaque\",\"Ipatinga\"],\"articleSection\":[\"Leste de Minas\"],\"inLanguage\":\"pt-BR\",\"potentialAction\":[{\"@type\":\"CommentAction\",\"name\":\"Comment\",\"target\":[\"https:\\\/\\\/aconteceunovale.com.br\\\/portal\\\/?p=25071#respond\"]}]},{\"@type\":\"WebPage\",\"@id\":\"https:\\\/\\\/aconteceunovale.com.br\\\/portal\\\/?p=25071\",\"url\":\"https:\\\/\\\/aconteceunovale.com.br\\\/portal\\\/?p=25071\",\"name\":\"Acusado de 14 assaltos a com\u00e9rcios \u00e9 preso no bairro Igua\u00e7u em Ipatinga - Aconteceu no Vale\",\"isPartOf\":{\"@id\":\"https:\\\/\\\/aconteceunovale.com.br\\\/portal\\\/#website\"},\"primaryImageOfPage\":{\"@id\":\"https:\\\/\\\/aconteceunovale.com.br\\\/portal\\\/?p=25071#primaryimage\"},\"image\":{\"@id\":\"https:\\\/\\\/aconteceunovale.com.br\\\/portal\\\/?p=25071#primaryimage\"},\"thumbnailUrl\":\"https:\\\/\\\/aconteceunovale.com.br\\\/portal\\\/wp-content\\\/uploads\\\/2014\\\/03\\\/acusado_14_assaltos_comercio_ipa_28.jpg\",\"datePublished\":\"2014-03-29T00:52:26+00:00\",\"author\":{\"@id\":\"https:\\\/\\\/aconteceunovale.com.br\\\/portal\\\/#\\\/schema\\\/person\\\/633529146f2c94272bef50ac2953d589\"},\"breadcrumb\":{\"@id\":\"https:\\\/\\\/aconteceunovale.com.br\\\/portal\\\/?p=25071#breadcrumb\"},\"inLanguage\":\"pt-BR\",\"potentialAction\":[{\"@type\":\"ReadAction\",\"target\":[\"https:\\\/\\\/aconteceunovale.com.br\\\/portal\\\/?p=25071\"]}]},{\"@type\":\"ImageObject\",\"inLanguage\":\"pt-BR\",\"@id\":\"https:\\\/\\\/aconteceunovale.com.br\\\/portal\\\/?p=25071#primaryimage\",\"url\":\"https:\\\/\\\/aconteceunovale.com.br\\\/portal\\\/wp-content\\\/uploads\\\/2014\\\/03\\\/acusado_14_assaltos_comercio_ipa_28.jpg\",\"contentUrl\":\"https:\\\/\\\/aconteceunovale.com.br\\\/portal\\\/wp-content\\\/uploads\\\/2014\\\/03\\\/acusado_14_assaltos_comercio_ipa_28.jpg\",\"width\":600,\"height\":450},{\"@type\":\"BreadcrumbList\",\"@id\":\"https:\\\/\\\/aconteceunovale.com.br\\\/portal\\\/?p=25071#breadcrumb\",\"itemListElement\":[{\"@type\":\"ListItem\",\"position\":1,\"name\":\"In\u00edcio\",\"item\":\"https:\\\/\\\/aconteceunovale.com.br\\\/portal\\\/\"},{\"@type\":\"ListItem\",\"position\":2,\"name\":\"Acusado de 14 assaltos a com\u00e9rcios \u00e9 preso no bairro Igua\u00e7u em Ipatinga\"}]},{\"@type\":\"WebSite\",\"@id\":\"https:\\\/\\\/aconteceunovale.com.br\\\/portal\\\/#website\",\"url\":\"https:\\\/\\\/aconteceunovale.com.br\\\/portal\\\/\",\"name\":\"Aconteceu no Vale\",\"description\":\"Portal de Not\u00edcias\",\"potentialAction\":[{\"@type\":\"SearchAction\",\"target\":{\"@type\":\"EntryPoint\",\"urlTemplate\":\"https:\\\/\\\/aconteceunovale.com.br\\\/portal\\\/?s={search_term_string}\"},\"query-input\":{\"@type\":\"PropertyValueSpecification\",\"valueRequired\":true,\"valueName\":\"search_term_string\"}}],\"inLanguage\":\"pt-BR\"},{\"@type\":\"Person\",\"@id\":\"https:\\\/\\\/aconteceunovale.com.br\\\/portal\\\/#\\\/schema\\\/person\\\/633529146f2c94272bef50ac2953d589\",\"name\":\"Aconteceu no Vale\",\"description\":\"Equipe de reportagem do Aconteceu no Vale, portal de not\u00edcias do Vale do Jequitinhonha, em Minas Gerais. Cobrimos as 51 cidades do Vale desde 2013. Sugest\u00f5es de pauta e pedidos de corre\u00e7\u00e3o: contato@aconteceunovale.com.br\",\"sameAs\":[\"http:\\\/\\\/www.aconteceunovale.com.br\"],\"url\":\"https:\\\/\\\/aconteceunovale.com.br\\\/portal\\\/?author=1\"}]}<\/script>\n<!-- \/ Yoast SEO plugin. -->","yoast_head_json":{"title":"Acusado de 14 assaltos a com\u00e9rcios \u00e9 preso no bairro Igua\u00e7u em Ipatinga - Aconteceu no Vale","robots":{"index":"index","follow":"follow","max-snippet":"max-snippet:-1","max-image-preview":"max-image-preview:large","max-video-preview":"max-video-preview:-1"},"canonical":"https:\/\/aconteceunovale.com.br\/portal\/?p=25071","og_locale":"pt_BR","og_type":"article","og_title":"Acusado de 14 assaltos a com\u00e9rcios \u00e9 preso no bairro Igua\u00e7u em Ipatinga - Aconteceu no Vale","og_description":"Foi apresentado na manh\u00e3 desta sexta-feira (28) na delegacia regional de Ipatinga, um homem suspeito de praticar 14 assaltos a com\u00e9rcios da regi\u00e3o. Segundo as investiga\u00e7\u00f5es do delegado Gilmaro Alves, Renato Vieira da Silva, de 26 anos, foi preso nesta quinta-feira (27) e j\u00e1 responde na Justi\u00e7a por duas infra\u00e7\u00f5es de mesma natureza. Segundo Alves, [&hellip;]","og_url":"https:\/\/aconteceunovale.com.br\/portal\/?p=25071","og_site_name":"Aconteceu no Vale","article_publisher":"https:\/\/www.facebook.com\/aconteceunovale\/","article_published_time":"2014-03-29T00:52:26+00:00","og_image":[{"width":600,"height":450,"url":"https:\/\/aconteceunovale.com.br\/portal\/wp-content\/uploads\/2014\/03\/acusado_14_assaltos_comercio_ipa_28.jpg","type":"image\/jpeg"}],"author":"Aconteceu no Vale","twitter_card":"summary_large_image","twitter_creator":"@noticiadosvales","twitter_site":"@noticiadosvales","twitter_misc":{"Escrito por":"Aconteceu no Vale","Est. tempo de leitura":"2 minutos"},"schema":{"@context":"https:\/\/schema.org","@graph":[{"@type":"Article","@id":"https:\/\/aconteceunovale.com.br\/portal\/?p=25071#article","isPartOf":{"@id":"https:\/\/aconteceunovale.com.br\/portal\/?p=25071"},"author":{"name":"Aconteceu no Vale","@id":"https:\/\/aconteceunovale.com.br\/portal\/#\/schema\/person\/633529146f2c94272bef50ac2953d589"},"headline":"Acusado de 14 assaltos a com\u00e9rcios \u00e9 preso no bairro Igua\u00e7u em Ipatinga","datePublished":"2014-03-29T00:52:26+00:00","mainEntityOfPage":{"@id":"https:\/\/aconteceunovale.com.br\/portal\/?p=25071"},"wordCount":325,"commentCount":0,"image":{"@id":"https:\/\/aconteceunovale.com.br\/portal\/?p=25071#primaryimage"},"thumbnailUrl":"https:\/\/aconteceunovale.com.br\/portal\/wp-content\/uploads\/2014\/03\/acusado_14_assaltos_comercio_ipa_28.jpg","keywords":["Acusado de 14 assaltos a com\u00e9rcios \u00e9 preso no bairro Igua\u00e7u em Ipatinga","destaque","Ipatinga"],"articleSection":["Leste de Minas"],"inLanguage":"pt-BR","potentialAction":[{"@type":"CommentAction","name":"Comment","target":["https:\/\/aconteceunovale.com.br\/portal\/?p=25071#respond"]}]},{"@type":"WebPage","@id":"https:\/\/aconteceunovale.com.br\/portal\/?p=25071","url":"https:\/\/aconteceunovale.com.br\/portal\/?p=25071","name":"Acusado de 14 assaltos a com\u00e9rcios \u00e9 preso no bairro Igua\u00e7u em Ipatinga - Aconteceu no Vale","isPartOf":{"@id":"https:\/\/aconteceunovale.com.br\/portal\/#website"},"primaryImageOfPage":{"@id":"https:\/\/aconteceunovale.com.br\/portal\/?p=25071#primaryimage"},"image":{"@id":"https:\/\/aconteceunovale.com.br\/portal\/?p=25071#primaryimage"},"thumbnailUrl":"https:\/\/aconteceunovale.com.br\/portal\/wp-content\/uploads\/2014\/03\/acusado_14_assaltos_comercio_ipa_28.jpg","datePublished":"2014-03-29T00:52:26+00:00","author":{"@id":"https:\/\/aconteceunovale.com.br\/portal\/#\/schema\/person\/633529146f2c94272bef50ac2953d589"},"breadcrumb":{"@id":"https:\/\/aconteceunovale.com.br\/portal\/?p=25071#breadcrumb"},"inLanguage":"pt-BR","potentialAction":[{"@type":"ReadAction","target":["https:\/\/aconteceunovale.com.br\/portal\/?p=25071"]}]},{"@type":"ImageObject","inLanguage":"pt-BR","@id":"https:\/\/aconteceunovale.com.br\/portal\/?p=25071#primaryimage","url":"https:\/\/aconteceunovale.com.br\/portal\/wp-content\/uploads\/2014\/03\/acusado_14_assaltos_comercio_ipa_28.jpg","contentUrl":"https:\/\/aconteceunovale.com.br\/portal\/wp-content\/uploads\/2014\/03\/acusado_14_assaltos_comercio_ipa_28.jpg","width":600,"height":450},{"@type":"BreadcrumbList","@id":"https:\/\/aconteceunovale.com.br\/portal\/?p=25071#breadcrumb","itemListElement":[{"@type":"ListItem","position":1,"name":"In\u00edcio","item":"https:\/\/aconteceunovale.com.br\/portal\/"},{"@type":"ListItem","position":2,"name":"Acusado de 14 assaltos a com\u00e9rcios \u00e9 preso no bairro Igua\u00e7u em Ipatinga"}]},{"@type":"WebSite","@id":"https:\/\/aconteceunovale.com.br\/portal\/#website","url":"https:\/\/aconteceunovale.com.br\/portal\/","name":"Aconteceu no Vale","description":"Portal de Not\u00edcias","potentialAction":[{"@type":"SearchAction","target":{"@type":"EntryPoint","urlTemplate":"https:\/\/aconteceunovale.com.br\/portal\/?s={search_term_string}"},"query-input":{"@type":"PropertyValueSpecification","valueRequired":true,"valueName":"search_term_string"}}],"inLanguage":"pt-BR"},{"@type":"Person","@id":"https:\/\/aconteceunovale.com.br\/portal\/#\/schema\/person\/633529146f2c94272bef50ac2953d589","name":"Aconteceu no Vale","description":"Equipe de reportagem do Aconteceu no Vale, portal de not\u00edcias do Vale do Jequitinhonha, em Minas Gerais. Cobrimos as 51 cidades do Vale desde 2013. Sugest\u00f5es de pauta e pedidos de corre\u00e7\u00e3o: contato@aconteceunovale.com.br","sameAs":["http:\/\/www.aconteceunovale.com.br"],"url":"https:\/\/aconteceunovale.com.br\/portal\/?author=1"}]}},"_links":{"self":[{"href":"https:\/\/aconteceunovale.com.br\/portal\/index.php?rest_route=\/wp\/v2\/posts\/25071","targetHints":{"allow":["GET"]}}],"collection":[{"href":"https:\/\/aconteceunovale.com.br\/portal\/index.php?rest_route=\/wp\/v2\/posts"}],"about":[{"href":"https:\/\/aconteceunovale.com.br\/portal\/index.php?rest_route=\/wp\/v2\/types\/post"}],"author":[{"embeddable":true,"href":"https:\/\/aconteceunovale.com.br\/portal\/index.php?rest_route=\/wp\/v2\/users\/1"}],"replies":[{"embeddable":true,"href":"https:\/\/aconteceunovale.com.br\/portal\/index.php?rest_route=%2Fwp%2Fv2%2Fcomments&post=25071"}],"version-history":[{"count":0,"href":"https:\/\/aconteceunovale.com.br\/portal\/index.php?rest_route=\/wp\/v2\/posts\/25071\/revisions"}],"wp:featuredmedia":[{"embeddable":true,"href":"https:\/\/aconteceunovale.com.br\/portal\/index.php?rest_route=\/wp\/v2\/media\/25072"}],"wp:attachment":[{"href":"https:\/\/aconteceunovale.com.br\/portal\/index.php?rest_route=%2Fwp%2Fv2%2Fmedia&parent=25071"}],"wp:term":[{"taxonomy":"category","embeddable":true,"href":"https:\/\/aconteceunovale.com.br\/portal\/index.php?rest_route=%2Fwp%2Fv2%2Fcategories&post=25071"},{"taxonomy":"post_tag","embeddable":true,"href":"https:\/\/aconteceunovale.com.br\/portal\/index.php?rest_route=%2Fwp%2Fv2%2Ftags&post=25071"}],"curies":[{"name":"wp","href":"https:\/\/api.w.org\/{rel}","templated":true}]}}