{"id":25052,"date":"2014-03-28T21:11:22","date_gmt":"2014-03-29T00:11:22","guid":{"rendered":"http:\/\/aconteceunovale.com.br\/portal\/?p=25052"},"modified":"2014-03-28T21:11:22","modified_gmt":"2014-03-29T00:11:22","slug":"possiveis-modificacoes-em-imoveis-na-vila-biribiri-preocupam-o-ministerio-publico","status":"publish","type":"post","link":"https:\/\/aconteceunovale.com.br\/portal\/?p=25052","title":{"rendered":"Poss\u00edveis modifica\u00e7\u00f5es em im\u00f3veis na Vila Biribiri preocupam o Minist\u00e9rio P\u00fablico"},"content":{"rendered":"<p>A venda de im\u00f3veis e terrenos na Vila do Biribiri, em Diamantina, no Vale do Jequitinhonha, preocupa o Minist\u00e9rio P\u00fablico de Minas Gerais (MPMG). O \u00f3rg\u00e3o constatou que os futuros donos das propriedades estariam dispostos a promover a descaracteriza\u00e7\u00f5es dos bens tombados. Uma recomenda\u00e7\u00e3o foi expedida e entregue \u00e0 empresa propriet\u00e1ria do local. <\/p>\n<p>A Vila do Biribiri \u00e9 composta de resid\u00eancias, igreja e outras edifica\u00e7\u00f5es que serviam \u00e0s pessoas que trabalhavam na antiga f\u00e1brica de tecidos, que funcionou no local por quase cem anos, de 1877 a 1973. A Vila, bem como seu entorno, s\u00e3o tombados pelo Instituto Estadual do Patrim\u00f4nio Hist\u00f3rico e Art\u00edstico (Iepha).<\/p>\n<p>De acordo com a Promotoria de Justi\u00e7a de Meio Ambiente das Bacias dos Rios Jequitinhonha e Mucuri, algumas irregularidades foram encontradas nas vendas dos im\u00f3veis. Conforme o promotor Felipe Faria de Oliveira, \u201cfoi poss\u00edvel constatar que a atual propriet\u00e1ria da \u00e1rea est\u00e1 realizando a venda individualizada das edifica\u00e7\u00f5es e lotes que comp\u00f5em a vila sem observar qualquer dos dispositivos legais incidentes. Al\u00e9m disso, h\u00e1 documentos demonstrando que os futuros adquirentes pretendem promover descaracteriza\u00e7\u00f5es dos bens tombados sem a anu\u00eancia do Iepha, contrariando frontalmente a legisla\u00e7\u00e3o\u201d. <\/p>\n<p>O promotor explica que os pr\u00f3ximos passos ser\u00e3o a verifica\u00e7\u00e3o de eventuais danos j\u00e1 causados ao patrim\u00f4nio cultural da vila, bem como a ado\u00e7\u00e3o das provid\u00eancias necess\u00e1rias para a sua recupera\u00e7\u00e3o.<\/p>\n<p><img decoding=\"async\" src=\"http:\/\/aconteceunovale.com.br\/portal\/wp-content\/uploads\/2014\/03\/modificacoes_vila_biribiri_dtna_28.jpg\" alt=\"\" \/><em>(Foto: Gladyston Rodrigues \/ Estado de Minas)<\/em><\/p>\n","protected":false},"excerpt":{"rendered":"<p>A venda de im\u00f3veis e terrenos na Vila do Biribiri, em Diamantina, no Vale do Jequitinhonha, preocupa o Minist\u00e9rio P\u00fablico de Minas Gerais (MPMG). O \u00f3rg\u00e3o constatou que os futuros donos das propriedades estariam dispostos a promover a descaracteriza\u00e7\u00f5es dos bens tombados. Uma recomenda\u00e7\u00e3o foi expedida e entregue \u00e0 empresa propriet\u00e1ria do local. A Vila [&hellip;]<\/p>\n","protected":false},"author":1,"featured_media":25053,"comment_status":"open","ping_status":"closed","sticky":false,"template":"","format":"standard","meta":{"amp_status":"","footnotes":""},"categories":[120],"tags":[1018,198,6071,6072],"class_list":["post-25052","post","type-post","status-publish","format-standard","has-post-thumbnail","hentry","category-jequi","tag-destaque","tag-diamantina","tag-possiveis-modificacoes-em-imoveis-na-vila-biribiri-preocupam-o-ministerio-publico","tag-vila-biribiri-em-diamantina"],"yoast_head":"<!-- This site is optimized with the Yoast SEO plugin v28.3 - https:\/\/yoast.com\/product\/yoast-seo-wordpress\/ -->\n<title>Poss\u00edveis modifica\u00e7\u00f5es em im\u00f3veis na Vila Biribiri preocupam o Minist\u00e9rio P\u00fablico - Aconteceu no Vale<\/title>\n<meta name=\"robots\" content=\"index, follow, max-snippet:-1, max-image-preview:large, max-video-preview:-1\" \/>\n<link rel=\"canonical\" href=\"https:\/\/aconteceunovale.com.br\/portal\/?p=25052\" \/>\n<meta property=\"og:locale\" content=\"pt_BR\" \/>\n<meta property=\"og:type\" content=\"article\" \/>\n<meta property=\"og:title\" content=\"Poss\u00edveis modifica\u00e7\u00f5es em im\u00f3veis na Vila Biribiri preocupam o Minist\u00e9rio P\u00fablico - Aconteceu no Vale\" \/>\n<meta property=\"og:description\" content=\"A venda de im\u00f3veis e terrenos na Vila do Biribiri, em Diamantina, no Vale do Jequitinhonha, preocupa o Minist\u00e9rio P\u00fablico de Minas Gerais (MPMG). O \u00f3rg\u00e3o constatou que os futuros donos das propriedades estariam dispostos a promover a descaracteriza\u00e7\u00f5es dos bens tombados. Uma recomenda\u00e7\u00e3o foi expedida e entregue \u00e0 empresa propriet\u00e1ria do local. A Vila [&hellip;]\" \/>\n<meta property=\"og:url\" content=\"https:\/\/aconteceunovale.com.br\/portal\/?p=25052\" \/>\n<meta property=\"og:site_name\" content=\"Aconteceu no Vale\" \/>\n<meta property=\"article:publisher\" content=\"https:\/\/www.facebook.com\/aconteceunovale\/\" \/>\n<meta property=\"article:published_time\" content=\"2014-03-29T00:11:22+00:00\" \/>\n<meta property=\"og:image\" content=\"https:\/\/aconteceunovale.com.br\/portal\/wp-content\/uploads\/2014\/03\/modificacoes_vila_biribiri_dtna_28.jpg\" \/>\n\t<meta property=\"og:image:width\" content=\"620\" \/>\n\t<meta property=\"og:image:height\" content=\"350\" \/>\n\t<meta property=\"og:image:type\" content=\"image\/jpeg\" \/>\n<meta name=\"author\" content=\"Aconteceu no Vale\" \/>\n<meta name=\"twitter:card\" content=\"summary_large_image\" \/>\n<meta name=\"twitter:creator\" content=\"@noticiadosvales\" \/>\n<meta name=\"twitter:site\" content=\"@noticiadosvales\" \/>\n<meta name=\"twitter:label1\" content=\"Escrito por\" \/>\n\t<meta name=\"twitter:data1\" content=\"Aconteceu no Vale\" \/>\n\t<meta name=\"twitter:label2\" content=\"Est. tempo de leitura\" \/>\n\t<meta name=\"twitter:data2\" content=\"1 minuto\" \/>\n<script type=\"application\/ld+json\" class=\"yoast-schema-graph\">{\"@context\":\"https:\\\/\\\/schema.org\",\"@graph\":[{\"@type\":\"Article\",\"@id\":\"https:\\\/\\\/aconteceunovale.com.br\\\/portal\\\/?p=25052#article\",\"isPartOf\":{\"@id\":\"https:\\\/\\\/aconteceunovale.com.br\\\/portal\\\/?p=25052\"},\"author\":{\"name\":\"Aconteceu no Vale\",\"@id\":\"https:\\\/\\\/aconteceunovale.com.br\\\/portal\\\/#\\\/schema\\\/person\\\/633529146f2c94272bef50ac2953d589\"},\"headline\":\"Poss\u00edveis modifica\u00e7\u00f5es em im\u00f3veis na Vila Biribiri preocupam o Minist\u00e9rio P\u00fablico\",\"datePublished\":\"2014-03-29T00:11:22+00:00\",\"mainEntityOfPage\":{\"@id\":\"https:\\\/\\\/aconteceunovale.com.br\\\/portal\\\/?p=25052\"},\"wordCount\":271,\"commentCount\":0,\"image\":{\"@id\":\"https:\\\/\\\/aconteceunovale.com.br\\\/portal\\\/?p=25052#primaryimage\"},\"thumbnailUrl\":\"https:\\\/\\\/aconteceunovale.com.br\\\/portal\\\/wp-content\\\/uploads\\\/2014\\\/03\\\/modificacoes_vila_biribiri_dtna_28.jpg\",\"keywords\":[\"destaque\",\"Diamantina\",\"Poss\u00edveis modifica\u00e7\u00f5es em im\u00f3veis na Vila Biribiri preocupam o Minist\u00e9rio P\u00fablico\",\"Vila Biribiri em Diamantina\"],\"articleSection\":[\"Vale do Jequitinhonha\"],\"inLanguage\":\"pt-BR\",\"potentialAction\":[{\"@type\":\"CommentAction\",\"name\":\"Comment\",\"target\":[\"https:\\\/\\\/aconteceunovale.com.br\\\/portal\\\/?p=25052#respond\"]}]},{\"@type\":\"WebPage\",\"@id\":\"https:\\\/\\\/aconteceunovale.com.br\\\/portal\\\/?p=25052\",\"url\":\"https:\\\/\\\/aconteceunovale.com.br\\\/portal\\\/?p=25052\",\"name\":\"Poss\u00edveis modifica\u00e7\u00f5es em im\u00f3veis na Vila Biribiri preocupam o Minist\u00e9rio P\u00fablico - Aconteceu no Vale\",\"isPartOf\":{\"@id\":\"https:\\\/\\\/aconteceunovale.com.br\\\/portal\\\/#website\"},\"primaryImageOfPage\":{\"@id\":\"https:\\\/\\\/aconteceunovale.com.br\\\/portal\\\/?p=25052#primaryimage\"},\"image\":{\"@id\":\"https:\\\/\\\/aconteceunovale.com.br\\\/portal\\\/?p=25052#primaryimage\"},\"thumbnailUrl\":\"https:\\\/\\\/aconteceunovale.com.br\\\/portal\\\/wp-content\\\/uploads\\\/2014\\\/03\\\/modificacoes_vila_biribiri_dtna_28.jpg\",\"datePublished\":\"2014-03-29T00:11:22+00:00\",\"author\":{\"@id\":\"https:\\\/\\\/aconteceunovale.com.br\\\/portal\\\/#\\\/schema\\\/person\\\/633529146f2c94272bef50ac2953d589\"},\"breadcrumb\":{\"@id\":\"https:\\\/\\\/aconteceunovale.com.br\\\/portal\\\/?p=25052#breadcrumb\"},\"inLanguage\":\"pt-BR\",\"potentialAction\":[{\"@type\":\"ReadAction\",\"target\":[\"https:\\\/\\\/aconteceunovale.com.br\\\/portal\\\/?p=25052\"]}]},{\"@type\":\"ImageObject\",\"inLanguage\":\"pt-BR\",\"@id\":\"https:\\\/\\\/aconteceunovale.com.br\\\/portal\\\/?p=25052#primaryimage\",\"url\":\"https:\\\/\\\/aconteceunovale.com.br\\\/portal\\\/wp-content\\\/uploads\\\/2014\\\/03\\\/modificacoes_vila_biribiri_dtna_28.jpg\",\"contentUrl\":\"https:\\\/\\\/aconteceunovale.com.br\\\/portal\\\/wp-content\\\/uploads\\\/2014\\\/03\\\/modificacoes_vila_biribiri_dtna_28.jpg\",\"width\":620,\"height\":350},{\"@type\":\"BreadcrumbList\",\"@id\":\"https:\\\/\\\/aconteceunovale.com.br\\\/portal\\\/?p=25052#breadcrumb\",\"itemListElement\":[{\"@type\":\"ListItem\",\"position\":1,\"name\":\"In\u00edcio\",\"item\":\"https:\\\/\\\/aconteceunovale.com.br\\\/portal\\\/\"},{\"@type\":\"ListItem\",\"position\":2,\"name\":\"Poss\u00edveis modifica\u00e7\u00f5es em im\u00f3veis na Vila Biribiri preocupam o Minist\u00e9rio P\u00fablico\"}]},{\"@type\":\"WebSite\",\"@id\":\"https:\\\/\\\/aconteceunovale.com.br\\\/portal\\\/#website\",\"url\":\"https:\\\/\\\/aconteceunovale.com.br\\\/portal\\\/\",\"name\":\"Aconteceu no Vale\",\"description\":\"Portal de Not\u00edcias\",\"potentialAction\":[{\"@type\":\"SearchAction\",\"target\":{\"@type\":\"EntryPoint\",\"urlTemplate\":\"https:\\\/\\\/aconteceunovale.com.br\\\/portal\\\/?s={search_term_string}\"},\"query-input\":{\"@type\":\"PropertyValueSpecification\",\"valueRequired\":true,\"valueName\":\"search_term_string\"}}],\"inLanguage\":\"pt-BR\"},{\"@type\":\"Person\",\"@id\":\"https:\\\/\\\/aconteceunovale.com.br\\\/portal\\\/#\\\/schema\\\/person\\\/633529146f2c94272bef50ac2953d589\",\"name\":\"Aconteceu no Vale\",\"description\":\"Equipe de reportagem do Aconteceu no Vale, portal de not\u00edcias do Vale do Jequitinhonha, em Minas Gerais. Cobrimos as 51 cidades do Vale desde 2013. Sugest\u00f5es de pauta e pedidos de corre\u00e7\u00e3o: contato@aconteceunovale.com.br\",\"sameAs\":[\"http:\\\/\\\/www.aconteceunovale.com.br\"],\"url\":\"https:\\\/\\\/aconteceunovale.com.br\\\/portal\\\/?author=1\"}]}<\/script>\n<!-- \/ Yoast SEO plugin. -->","yoast_head_json":{"title":"Poss\u00edveis modifica\u00e7\u00f5es em im\u00f3veis na Vila Biribiri preocupam o Minist\u00e9rio P\u00fablico - Aconteceu no Vale","robots":{"index":"index","follow":"follow","max-snippet":"max-snippet:-1","max-image-preview":"max-image-preview:large","max-video-preview":"max-video-preview:-1"},"canonical":"https:\/\/aconteceunovale.com.br\/portal\/?p=25052","og_locale":"pt_BR","og_type":"article","og_title":"Poss\u00edveis modifica\u00e7\u00f5es em im\u00f3veis na Vila Biribiri preocupam o Minist\u00e9rio P\u00fablico - Aconteceu no Vale","og_description":"A venda de im\u00f3veis e terrenos na Vila do Biribiri, em Diamantina, no Vale do Jequitinhonha, preocupa o Minist\u00e9rio P\u00fablico de Minas Gerais (MPMG). O \u00f3rg\u00e3o constatou que os futuros donos das propriedades estariam dispostos a promover a descaracteriza\u00e7\u00f5es dos bens tombados. Uma recomenda\u00e7\u00e3o foi expedida e entregue \u00e0 empresa propriet\u00e1ria do local. A Vila [&hellip;]","og_url":"https:\/\/aconteceunovale.com.br\/portal\/?p=25052","og_site_name":"Aconteceu no Vale","article_publisher":"https:\/\/www.facebook.com\/aconteceunovale\/","article_published_time":"2014-03-29T00:11:22+00:00","og_image":[{"width":620,"height":350,"url":"https:\/\/aconteceunovale.com.br\/portal\/wp-content\/uploads\/2014\/03\/modificacoes_vila_biribiri_dtna_28.jpg","type":"image\/jpeg"}],"author":"Aconteceu no Vale","twitter_card":"summary_large_image","twitter_creator":"@noticiadosvales","twitter_site":"@noticiadosvales","twitter_misc":{"Escrito por":"Aconteceu no Vale","Est. tempo de leitura":"1 minuto"},"schema":{"@context":"https:\/\/schema.org","@graph":[{"@type":"Article","@id":"https:\/\/aconteceunovale.com.br\/portal\/?p=25052#article","isPartOf":{"@id":"https:\/\/aconteceunovale.com.br\/portal\/?p=25052"},"author":{"name":"Aconteceu no Vale","@id":"https:\/\/aconteceunovale.com.br\/portal\/#\/schema\/person\/633529146f2c94272bef50ac2953d589"},"headline":"Poss\u00edveis modifica\u00e7\u00f5es em im\u00f3veis na Vila Biribiri preocupam o Minist\u00e9rio P\u00fablico","datePublished":"2014-03-29T00:11:22+00:00","mainEntityOfPage":{"@id":"https:\/\/aconteceunovale.com.br\/portal\/?p=25052"},"wordCount":271,"commentCount":0,"image":{"@id":"https:\/\/aconteceunovale.com.br\/portal\/?p=25052#primaryimage"},"thumbnailUrl":"https:\/\/aconteceunovale.com.br\/portal\/wp-content\/uploads\/2014\/03\/modificacoes_vila_biribiri_dtna_28.jpg","keywords":["destaque","Diamantina","Poss\u00edveis modifica\u00e7\u00f5es em im\u00f3veis na Vila Biribiri preocupam o Minist\u00e9rio P\u00fablico","Vila Biribiri em Diamantina"],"articleSection":["Vale do Jequitinhonha"],"inLanguage":"pt-BR","potentialAction":[{"@type":"CommentAction","name":"Comment","target":["https:\/\/aconteceunovale.com.br\/portal\/?p=25052#respond"]}]},{"@type":"WebPage","@id":"https:\/\/aconteceunovale.com.br\/portal\/?p=25052","url":"https:\/\/aconteceunovale.com.br\/portal\/?p=25052","name":"Poss\u00edveis modifica\u00e7\u00f5es em im\u00f3veis na Vila Biribiri preocupam o Minist\u00e9rio P\u00fablico - Aconteceu no Vale","isPartOf":{"@id":"https:\/\/aconteceunovale.com.br\/portal\/#website"},"primaryImageOfPage":{"@id":"https:\/\/aconteceunovale.com.br\/portal\/?p=25052#primaryimage"},"image":{"@id":"https:\/\/aconteceunovale.com.br\/portal\/?p=25052#primaryimage"},"thumbnailUrl":"https:\/\/aconteceunovale.com.br\/portal\/wp-content\/uploads\/2014\/03\/modificacoes_vila_biribiri_dtna_28.jpg","datePublished":"2014-03-29T00:11:22+00:00","author":{"@id":"https:\/\/aconteceunovale.com.br\/portal\/#\/schema\/person\/633529146f2c94272bef50ac2953d589"},"breadcrumb":{"@id":"https:\/\/aconteceunovale.com.br\/portal\/?p=25052#breadcrumb"},"inLanguage":"pt-BR","potentialAction":[{"@type":"ReadAction","target":["https:\/\/aconteceunovale.com.br\/portal\/?p=25052"]}]},{"@type":"ImageObject","inLanguage":"pt-BR","@id":"https:\/\/aconteceunovale.com.br\/portal\/?p=25052#primaryimage","url":"https:\/\/aconteceunovale.com.br\/portal\/wp-content\/uploads\/2014\/03\/modificacoes_vila_biribiri_dtna_28.jpg","contentUrl":"https:\/\/aconteceunovale.com.br\/portal\/wp-content\/uploads\/2014\/03\/modificacoes_vila_biribiri_dtna_28.jpg","width":620,"height":350},{"@type":"BreadcrumbList","@id":"https:\/\/aconteceunovale.com.br\/portal\/?p=25052#breadcrumb","itemListElement":[{"@type":"ListItem","position":1,"name":"In\u00edcio","item":"https:\/\/aconteceunovale.com.br\/portal\/"},{"@type":"ListItem","position":2,"name":"Poss\u00edveis modifica\u00e7\u00f5es em im\u00f3veis na Vila Biribiri preocupam o Minist\u00e9rio P\u00fablico"}]},{"@type":"WebSite","@id":"https:\/\/aconteceunovale.com.br\/portal\/#website","url":"https:\/\/aconteceunovale.com.br\/portal\/","name":"Aconteceu no Vale","description":"Portal de Not\u00edcias","potentialAction":[{"@type":"SearchAction","target":{"@type":"EntryPoint","urlTemplate":"https:\/\/aconteceunovale.com.br\/portal\/?s={search_term_string}"},"query-input":{"@type":"PropertyValueSpecification","valueRequired":true,"valueName":"search_term_string"}}],"inLanguage":"pt-BR"},{"@type":"Person","@id":"https:\/\/aconteceunovale.com.br\/portal\/#\/schema\/person\/633529146f2c94272bef50ac2953d589","name":"Aconteceu no Vale","description":"Equipe de reportagem do Aconteceu no Vale, portal de not\u00edcias do Vale do Jequitinhonha, em Minas Gerais. Cobrimos as 51 cidades do Vale desde 2013. Sugest\u00f5es de pauta e pedidos de corre\u00e7\u00e3o: contato@aconteceunovale.com.br","sameAs":["http:\/\/www.aconteceunovale.com.br"],"url":"https:\/\/aconteceunovale.com.br\/portal\/?author=1"}]}},"_links":{"self":[{"href":"https:\/\/aconteceunovale.com.br\/portal\/index.php?rest_route=\/wp\/v2\/posts\/25052","targetHints":{"allow":["GET"]}}],"collection":[{"href":"https:\/\/aconteceunovale.com.br\/portal\/index.php?rest_route=\/wp\/v2\/posts"}],"about":[{"href":"https:\/\/aconteceunovale.com.br\/portal\/index.php?rest_route=\/wp\/v2\/types\/post"}],"author":[{"embeddable":true,"href":"https:\/\/aconteceunovale.com.br\/portal\/index.php?rest_route=\/wp\/v2\/users\/1"}],"replies":[{"embeddable":true,"href":"https:\/\/aconteceunovale.com.br\/portal\/index.php?rest_route=%2Fwp%2Fv2%2Fcomments&post=25052"}],"version-history":[{"count":0,"href":"https:\/\/aconteceunovale.com.br\/portal\/index.php?rest_route=\/wp\/v2\/posts\/25052\/revisions"}],"wp:featuredmedia":[{"embeddable":true,"href":"https:\/\/aconteceunovale.com.br\/portal\/index.php?rest_route=\/wp\/v2\/media\/25053"}],"wp:attachment":[{"href":"https:\/\/aconteceunovale.com.br\/portal\/index.php?rest_route=%2Fwp%2Fv2%2Fmedia&parent=25052"}],"wp:term":[{"taxonomy":"category","embeddable":true,"href":"https:\/\/aconteceunovale.com.br\/portal\/index.php?rest_route=%2Fwp%2Fv2%2Fcategories&post=25052"},{"taxonomy":"post_tag","embeddable":true,"href":"https:\/\/aconteceunovale.com.br\/portal\/index.php?rest_route=%2Fwp%2Fv2%2Ftags&post=25052"}],"curies":[{"name":"wp","href":"https:\/\/api.w.org\/{rel}","templated":true}]}}