{"id":25043,"date":"2014-03-28T12:49:20","date_gmt":"2014-03-28T15:49:20","guid":{"rendered":"http:\/\/aconteceunovale.com.br\/portal\/?p=25043"},"modified":"2026-09-02T12:40:16","modified_gmt":"2026-09-02T15:40:16","slug":"prefeitura-de-carbonita-abre-processo-seletivo-para-contratacao-de-174-profissionais","status":"publish","type":"post","link":"https:\/\/aconteceunovale.com.br\/portal\/?p=25043","title":{"rendered":"Prefeitura de Carbonita abre processo seletivo para contrata\u00e7\u00e3o de 174 profissionais"},"content":{"rendered":"<p>A Prefeitura de Carbonita, Estado de Minas Gerais, publicou edital de processo seletivo 001\/2014, para contrata\u00e7\u00e3o de pessoal, por tempo determinado, de 174 profissionais em cargos de todos os n\u00edveis de escolaridade.<\/p>\n<p>O sal\u00e1rio varia entre R$ 724,00 e R$ 9.800,00, por jornada de 20 a 40 horas semanais. O certame ser\u00e1 realizado sob a responsabilidade da empresa Liberal Consultores Associados Ltda.<\/p>\n<p>Cargos: Educador Social, T\u00e9cnico em Enfermagem, Psic\u00f3logo, Servente Escolar, Dentista, M\u00e9dico, Operador de Motoniveladora, Monitor de Ensino Infantil, Gari, Assistente Social, T\u00e9cnico em Radiologia, Enfermeiro, Bioqu\u00edmico e Professor.<\/p>\n<p>As inscri\u00e7\u00f5es ser\u00e3o realizadas no per\u00edodo de 01 a 11 de abril de 2014, pela internet no site <a href=\"http:\/\/www.liberalconsultores.com.br\/site3\/carbonita_ps.html\" target=\"_blank\">www.liberalconsultores.com.br<\/a> e\/ou no posto de apoio \u00e0s inscri\u00e7\u00f5es que funcionar\u00e1 na sede da Prefeitura de Carbonita, situada na Pra\u00e7a Edgard Miranda, 202, Centro, Carbonita\/MG.<\/p>\n<p>A taxa de inscri\u00e7\u00e3o varia de R$ 30,00 a R$ 70,00, de acordo com o cargo desejado.<\/p>\n<p>A data, local e hor\u00e1rio da prova objetiva ser\u00e1 divulgada no prazo de at\u00e9 10 dias antecedentes \u00e0 data da realiza\u00e7\u00e3o da mesma.<\/p>\n<p>Os gabaritos preliminares ser\u00e3o divulgados no primeiro dia \u00fatil ap\u00f3s a aplica\u00e7\u00e3o da prova objetiva, a partir das 13:00 horas, no site <a href=\"http:\/\/www.liberalconsultores.com.br\/site3\/carbonita_ps.html\" target=\"_blank\">www.liberalconsultores.com.br<\/a>.<\/p>\n<p>A validade do processo seletivo ser\u00e1 de 01 ano, contado a partir da data da homologa\u00e7\u00e3o do seu resultado final, prorrog\u00e1vel, por igual per\u00edodo.<\/p>\n","protected":false},"excerpt":{"rendered":"<p>A Prefeitura de Carbonita, Estado de Minas Gerais, publicou edital de processo seletivo 001\/2014, para contrata\u00e7\u00e3o de pessoal, por tempo determinado, de 174 profissionais em cargos de todos os n\u00edveis de escolaridade. O sal\u00e1rio varia entre R$ 724,00 e R$ 9.800,00, por jornada de 20 a 40 horas semanais. O certame ser\u00e1 realizado sob a [&hellip;]<\/p>\n","protected":false},"author":1,"featured_media":13951,"comment_status":"open","ping_status":"closed","sticky":false,"template":"","format":"standard","meta":{"amp_status":"","footnotes":""},"categories":[272537,120],"tags":[557,1018,6068],"class_list":["post-25043","post","type-post","status-publish","format-standard","has-post-thumbnail","hentry","category-carbonita","category-jequi","tag-carbonita","tag-destaque","tag-prefeitura-de-carbonita-abre-processo-seletivo-para-contratacao-de-174-profissionais"],"yoast_head":"<!-- This site is optimized with the Yoast SEO plugin v28.3 - https:\/\/yoast.com\/product\/yoast-seo-wordpress\/ -->\n<title>Prefeitura de Carbonita abre processo seletivo para contrata\u00e7\u00e3o de 174 profissionais - Aconteceu no Vale<\/title>\n<meta name=\"robots\" content=\"index, follow, max-snippet:-1, max-image-preview:large, max-video-preview:-1\" \/>\n<link rel=\"canonical\" href=\"https:\/\/aconteceunovale.com.br\/portal\/?p=25043\" \/>\n<meta property=\"og:locale\" content=\"pt_BR\" \/>\n<meta property=\"og:type\" content=\"article\" \/>\n<meta property=\"og:title\" content=\"Prefeitura de Carbonita abre processo seletivo para contrata\u00e7\u00e3o de 174 profissionais - Aconteceu no Vale\" \/>\n<meta property=\"og:description\" content=\"A Prefeitura de Carbonita, Estado de Minas Gerais, publicou edital de processo seletivo 001\/2014, para contrata\u00e7\u00e3o de pessoal, por tempo determinado, de 174 profissionais em cargos de todos os n\u00edveis de escolaridade. O sal\u00e1rio varia entre R$ 724,00 e R$ 9.800,00, por jornada de 20 a 40 horas semanais. O certame ser\u00e1 realizado sob a [&hellip;]\" \/>\n<meta property=\"og:url\" content=\"https:\/\/aconteceunovale.com.br\/portal\/?p=25043\" \/>\n<meta property=\"og:site_name\" content=\"Aconteceu no Vale\" \/>\n<meta property=\"article:publisher\" content=\"https:\/\/www.facebook.com\/aconteceunovale\/\" \/>\n<meta property=\"article:published_time\" content=\"2014-03-28T15:49:20+00:00\" \/>\n<meta property=\"article:modified_time\" content=\"2026-09-02T15:40:16+00:00\" \/>\n<meta property=\"og:image\" content=\"https:\/\/aconteceunovale.com.br\/portal\/wp-content\/uploads\/2013\/11\/concurso_publico_angelandia.jpg\" \/>\n\t<meta property=\"og:image:width\" content=\"650\" \/>\n\t<meta property=\"og:image:height\" content=\"400\" \/>\n\t<meta property=\"og:image:type\" content=\"image\/jpeg\" \/>\n<meta name=\"author\" content=\"Aconteceu no Vale\" \/>\n<meta name=\"twitter:card\" content=\"summary_large_image\" \/>\n<meta name=\"twitter:creator\" content=\"@noticiadosvales\" \/>\n<meta name=\"twitter:site\" content=\"@noticiadosvales\" \/>\n<meta name=\"twitter:label1\" content=\"Escrito por\" \/>\n\t<meta name=\"twitter:data1\" content=\"Aconteceu no Vale\" \/>\n\t<meta name=\"twitter:label2\" content=\"Est. tempo de leitura\" \/>\n\t<meta name=\"twitter:data2\" content=\"1 minuto\" \/>\n<script type=\"application\/ld+json\" class=\"yoast-schema-graph\">{\"@context\":\"https:\\\/\\\/schema.org\",\"@graph\":[{\"@type\":\"Article\",\"@id\":\"https:\\\/\\\/aconteceunovale.com.br\\\/portal\\\/?p=25043#article\",\"isPartOf\":{\"@id\":\"https:\\\/\\\/aconteceunovale.com.br\\\/portal\\\/?p=25043\"},\"author\":{\"name\":\"Aconteceu no Vale\",\"@id\":\"https:\\\/\\\/aconteceunovale.com.br\\\/portal\\\/#\\\/schema\\\/person\\\/633529146f2c94272bef50ac2953d589\"},\"headline\":\"Prefeitura de Carbonita abre processo seletivo para contrata\u00e7\u00e3o de 174 profissionais\",\"datePublished\":\"2014-03-28T15:49:20+00:00\",\"dateModified\":\"2026-09-02T15:40:16+00:00\",\"mainEntityOfPage\":{\"@id\":\"https:\\\/\\\/aconteceunovale.com.br\\\/portal\\\/?p=25043\"},\"wordCount\":244,\"commentCount\":0,\"image\":{\"@id\":\"https:\\\/\\\/aconteceunovale.com.br\\\/portal\\\/?p=25043#primaryimage\"},\"thumbnailUrl\":\"https:\\\/\\\/aconteceunovale.com.br\\\/portal\\\/wp-content\\\/uploads\\\/2013\\\/11\\\/concurso_publico_angelandia.jpg\",\"keywords\":[\"Carbonita\",\"destaque\",\"Prefeitura de Carbonita abre processo seletivo para contrata\u00e7\u00e3o de 174 profissionais\"],\"articleSection\":[\"Carbonita\",\"Vale do Jequitinhonha\"],\"inLanguage\":\"pt-BR\",\"potentialAction\":[{\"@type\":\"CommentAction\",\"name\":\"Comment\",\"target\":[\"https:\\\/\\\/aconteceunovale.com.br\\\/portal\\\/?p=25043#respond\"]}]},{\"@type\":\"WebPage\",\"@id\":\"https:\\\/\\\/aconteceunovale.com.br\\\/portal\\\/?p=25043\",\"url\":\"https:\\\/\\\/aconteceunovale.com.br\\\/portal\\\/?p=25043\",\"name\":\"Prefeitura de Carbonita abre processo seletivo para contrata\u00e7\u00e3o de 174 profissionais - Aconteceu no Vale\",\"isPartOf\":{\"@id\":\"https:\\\/\\\/aconteceunovale.com.br\\\/portal\\\/#website\"},\"primaryImageOfPage\":{\"@id\":\"https:\\\/\\\/aconteceunovale.com.br\\\/portal\\\/?p=25043#primaryimage\"},\"image\":{\"@id\":\"https:\\\/\\\/aconteceunovale.com.br\\\/portal\\\/?p=25043#primaryimage\"},\"thumbnailUrl\":\"https:\\\/\\\/aconteceunovale.com.br\\\/portal\\\/wp-content\\\/uploads\\\/2013\\\/11\\\/concurso_publico_angelandia.jpg\",\"datePublished\":\"2014-03-28T15:49:20+00:00\",\"dateModified\":\"2026-09-02T15:40:16+00:00\",\"author\":{\"@id\":\"https:\\\/\\\/aconteceunovale.com.br\\\/portal\\\/#\\\/schema\\\/person\\\/633529146f2c94272bef50ac2953d589\"},\"breadcrumb\":{\"@id\":\"https:\\\/\\\/aconteceunovale.com.br\\\/portal\\\/?p=25043#breadcrumb\"},\"inLanguage\":\"pt-BR\",\"potentialAction\":[{\"@type\":\"ReadAction\",\"target\":[\"https:\\\/\\\/aconteceunovale.com.br\\\/portal\\\/?p=25043\"]}]},{\"@type\":\"ImageObject\",\"inLanguage\":\"pt-BR\",\"@id\":\"https:\\\/\\\/aconteceunovale.com.br\\\/portal\\\/?p=25043#primaryimage\",\"url\":\"https:\\\/\\\/aconteceunovale.com.br\\\/portal\\\/wp-content\\\/uploads\\\/2013\\\/11\\\/concurso_publico_angelandia.jpg\",\"contentUrl\":\"https:\\\/\\\/aconteceunovale.com.br\\\/portal\\\/wp-content\\\/uploads\\\/2013\\\/11\\\/concurso_publico_angelandia.jpg\",\"width\":650,\"height\":400},{\"@type\":\"BreadcrumbList\",\"@id\":\"https:\\\/\\\/aconteceunovale.com.br\\\/portal\\\/?p=25043#breadcrumb\",\"itemListElement\":[{\"@type\":\"ListItem\",\"position\":1,\"name\":\"In\u00edcio\",\"item\":\"https:\\\/\\\/aconteceunovale.com.br\\\/portal\\\/\"},{\"@type\":\"ListItem\",\"position\":2,\"name\":\"Prefeitura de Carbonita abre processo seletivo para contrata\u00e7\u00e3o de 174 profissionais\"}]},{\"@type\":\"WebSite\",\"@id\":\"https:\\\/\\\/aconteceunovale.com.br\\\/portal\\\/#website\",\"url\":\"https:\\\/\\\/aconteceunovale.com.br\\\/portal\\\/\",\"name\":\"Aconteceu no Vale\",\"description\":\"Portal de Not\u00edcias\",\"potentialAction\":[{\"@type\":\"SearchAction\",\"target\":{\"@type\":\"EntryPoint\",\"urlTemplate\":\"https:\\\/\\\/aconteceunovale.com.br\\\/portal\\\/?s={search_term_string}\"},\"query-input\":{\"@type\":\"PropertyValueSpecification\",\"valueRequired\":true,\"valueName\":\"search_term_string\"}}],\"inLanguage\":\"pt-BR\"},{\"@type\":\"Person\",\"@id\":\"https:\\\/\\\/aconteceunovale.com.br\\\/portal\\\/#\\\/schema\\\/person\\\/633529146f2c94272bef50ac2953d589\",\"name\":\"Aconteceu no Vale\",\"description\":\"Equipe de reportagem do Aconteceu no Vale, portal de not\u00edcias do Vale do Jequitinhonha, em Minas Gerais. Cobrimos as 51 cidades do Vale desde 2013. Sugest\u00f5es de pauta e pedidos de corre\u00e7\u00e3o: contato@aconteceunovale.com.br\",\"sameAs\":[\"http:\\\/\\\/www.aconteceunovale.com.br\"],\"url\":\"https:\\\/\\\/aconteceunovale.com.br\\\/portal\\\/?author=1\"}]}<\/script>\n<!-- \/ Yoast SEO plugin. -->","yoast_head_json":{"title":"Prefeitura de Carbonita abre processo seletivo para contrata\u00e7\u00e3o de 174 profissionais - Aconteceu no Vale","robots":{"index":"index","follow":"follow","max-snippet":"max-snippet:-1","max-image-preview":"max-image-preview:large","max-video-preview":"max-video-preview:-1"},"canonical":"https:\/\/aconteceunovale.com.br\/portal\/?p=25043","og_locale":"pt_BR","og_type":"article","og_title":"Prefeitura de Carbonita abre processo seletivo para contrata\u00e7\u00e3o de 174 profissionais - Aconteceu no Vale","og_description":"A Prefeitura de Carbonita, Estado de Minas Gerais, publicou edital de processo seletivo 001\/2014, para contrata\u00e7\u00e3o de pessoal, por tempo determinado, de 174 profissionais em cargos de todos os n\u00edveis de escolaridade. O sal\u00e1rio varia entre R$ 724,00 e R$ 9.800,00, por jornada de 20 a 40 horas semanais. O certame ser\u00e1 realizado sob a [&hellip;]","og_url":"https:\/\/aconteceunovale.com.br\/portal\/?p=25043","og_site_name":"Aconteceu no Vale","article_publisher":"https:\/\/www.facebook.com\/aconteceunovale\/","article_published_time":"2014-03-28T15:49:20+00:00","article_modified_time":"2026-09-02T15:40:16+00:00","og_image":[{"width":650,"height":400,"url":"https:\/\/aconteceunovale.com.br\/portal\/wp-content\/uploads\/2013\/11\/concurso_publico_angelandia.jpg","type":"image\/jpeg"}],"author":"Aconteceu no Vale","twitter_card":"summary_large_image","twitter_creator":"@noticiadosvales","twitter_site":"@noticiadosvales","twitter_misc":{"Escrito por":"Aconteceu no Vale","Est. tempo de leitura":"1 minuto"},"schema":{"@context":"https:\/\/schema.org","@graph":[{"@type":"Article","@id":"https:\/\/aconteceunovale.com.br\/portal\/?p=25043#article","isPartOf":{"@id":"https:\/\/aconteceunovale.com.br\/portal\/?p=25043"},"author":{"name":"Aconteceu no Vale","@id":"https:\/\/aconteceunovale.com.br\/portal\/#\/schema\/person\/633529146f2c94272bef50ac2953d589"},"headline":"Prefeitura de Carbonita abre processo seletivo para contrata\u00e7\u00e3o de 174 profissionais","datePublished":"2014-03-28T15:49:20+00:00","dateModified":"2026-09-02T15:40:16+00:00","mainEntityOfPage":{"@id":"https:\/\/aconteceunovale.com.br\/portal\/?p=25043"},"wordCount":244,"commentCount":0,"image":{"@id":"https:\/\/aconteceunovale.com.br\/portal\/?p=25043#primaryimage"},"thumbnailUrl":"https:\/\/aconteceunovale.com.br\/portal\/wp-content\/uploads\/2013\/11\/concurso_publico_angelandia.jpg","keywords":["Carbonita","destaque","Prefeitura de Carbonita abre processo seletivo para contrata\u00e7\u00e3o de 174 profissionais"],"articleSection":["Carbonita","Vale do Jequitinhonha"],"inLanguage":"pt-BR","potentialAction":[{"@type":"CommentAction","name":"Comment","target":["https:\/\/aconteceunovale.com.br\/portal\/?p=25043#respond"]}]},{"@type":"WebPage","@id":"https:\/\/aconteceunovale.com.br\/portal\/?p=25043","url":"https:\/\/aconteceunovale.com.br\/portal\/?p=25043","name":"Prefeitura de Carbonita abre processo seletivo para contrata\u00e7\u00e3o de 174 profissionais - Aconteceu no Vale","isPartOf":{"@id":"https:\/\/aconteceunovale.com.br\/portal\/#website"},"primaryImageOfPage":{"@id":"https:\/\/aconteceunovale.com.br\/portal\/?p=25043#primaryimage"},"image":{"@id":"https:\/\/aconteceunovale.com.br\/portal\/?p=25043#primaryimage"},"thumbnailUrl":"https:\/\/aconteceunovale.com.br\/portal\/wp-content\/uploads\/2013\/11\/concurso_publico_angelandia.jpg","datePublished":"2014-03-28T15:49:20+00:00","dateModified":"2026-09-02T15:40:16+00:00","author":{"@id":"https:\/\/aconteceunovale.com.br\/portal\/#\/schema\/person\/633529146f2c94272bef50ac2953d589"},"breadcrumb":{"@id":"https:\/\/aconteceunovale.com.br\/portal\/?p=25043#breadcrumb"},"inLanguage":"pt-BR","potentialAction":[{"@type":"ReadAction","target":["https:\/\/aconteceunovale.com.br\/portal\/?p=25043"]}]},{"@type":"ImageObject","inLanguage":"pt-BR","@id":"https:\/\/aconteceunovale.com.br\/portal\/?p=25043#primaryimage","url":"https:\/\/aconteceunovale.com.br\/portal\/wp-content\/uploads\/2013\/11\/concurso_publico_angelandia.jpg","contentUrl":"https:\/\/aconteceunovale.com.br\/portal\/wp-content\/uploads\/2013\/11\/concurso_publico_angelandia.jpg","width":650,"height":400},{"@type":"BreadcrumbList","@id":"https:\/\/aconteceunovale.com.br\/portal\/?p=25043#breadcrumb","itemListElement":[{"@type":"ListItem","position":1,"name":"In\u00edcio","item":"https:\/\/aconteceunovale.com.br\/portal\/"},{"@type":"ListItem","position":2,"name":"Prefeitura de Carbonita abre processo seletivo para contrata\u00e7\u00e3o de 174 profissionais"}]},{"@type":"WebSite","@id":"https:\/\/aconteceunovale.com.br\/portal\/#website","url":"https:\/\/aconteceunovale.com.br\/portal\/","name":"Aconteceu no Vale","description":"Portal de Not\u00edcias","potentialAction":[{"@type":"SearchAction","target":{"@type":"EntryPoint","urlTemplate":"https:\/\/aconteceunovale.com.br\/portal\/?s={search_term_string}"},"query-input":{"@type":"PropertyValueSpecification","valueRequired":true,"valueName":"search_term_string"}}],"inLanguage":"pt-BR"},{"@type":"Person","@id":"https:\/\/aconteceunovale.com.br\/portal\/#\/schema\/person\/633529146f2c94272bef50ac2953d589","name":"Aconteceu no Vale","description":"Equipe de reportagem do Aconteceu no Vale, portal de not\u00edcias do Vale do Jequitinhonha, em Minas Gerais. Cobrimos as 51 cidades do Vale desde 2013. Sugest\u00f5es de pauta e pedidos de corre\u00e7\u00e3o: contato@aconteceunovale.com.br","sameAs":["http:\/\/www.aconteceunovale.com.br"],"url":"https:\/\/aconteceunovale.com.br\/portal\/?author=1"}]}},"_links":{"self":[{"href":"https:\/\/aconteceunovale.com.br\/portal\/index.php?rest_route=\/wp\/v2\/posts\/25043","targetHints":{"allow":["GET"]}}],"collection":[{"href":"https:\/\/aconteceunovale.com.br\/portal\/index.php?rest_route=\/wp\/v2\/posts"}],"about":[{"href":"https:\/\/aconteceunovale.com.br\/portal\/index.php?rest_route=\/wp\/v2\/types\/post"}],"author":[{"embeddable":true,"href":"https:\/\/aconteceunovale.com.br\/portal\/index.php?rest_route=\/wp\/v2\/users\/1"}],"replies":[{"embeddable":true,"href":"https:\/\/aconteceunovale.com.br\/portal\/index.php?rest_route=%2Fwp%2Fv2%2Fcomments&post=25043"}],"version-history":[{"count":1,"href":"https:\/\/aconteceunovale.com.br\/portal\/index.php?rest_route=\/wp\/v2\/posts\/25043\/revisions"}],"predecessor-version":[{"id":200164,"href":"https:\/\/aconteceunovale.com.br\/portal\/index.php?rest_route=\/wp\/v2\/posts\/25043\/revisions\/200164"}],"wp:featuredmedia":[{"embeddable":true,"href":"https:\/\/aconteceunovale.com.br\/portal\/index.php?rest_route=\/wp\/v2\/media\/13951"}],"wp:attachment":[{"href":"https:\/\/aconteceunovale.com.br\/portal\/index.php?rest_route=%2Fwp%2Fv2%2Fmedia&parent=25043"}],"wp:term":[{"taxonomy":"category","embeddable":true,"href":"https:\/\/aconteceunovale.com.br\/portal\/index.php?rest_route=%2Fwp%2Fv2%2Fcategories&post=25043"},{"taxonomy":"post_tag","embeddable":true,"href":"https:\/\/aconteceunovale.com.br\/portal\/index.php?rest_route=%2Fwp%2Fv2%2Ftags&post=25043"}],"curies":[{"name":"wp","href":"https:\/\/api.w.org\/{rel}","templated":true}]}}