{"id":25034,"date":"2014-03-28T12:12:03","date_gmt":"2014-03-28T15:12:03","guid":{"rendered":"http:\/\/aconteceunovale.com.br\/portal\/?p=25034"},"modified":"2014-03-28T12:12:03","modified_gmt":"2014-03-28T15:12:03","slug":"motorista-capota-saveiro-apos-desviar-de-carreta-na-contramao","status":"publish","type":"post","link":"https:\/\/aconteceunovale.com.br\/portal\/?p=25034","title":{"rendered":"Motorista capota Saveiro ap\u00f3s desviar de carreta na contram\u00e3o"},"content":{"rendered":"<p>Na manh\u00e3 desta sexta-feira, 28 de mar\u00e7o, um homem que dirigia uma caminhonete quase perdeu a vida ap\u00f3s um acidente km 17, MG-434, localidade de Terra Branca, em S\u00e3o Gon\u00e7alo do Rio Abaixo. O acidente envolveu tamb\u00e9m um Fiat Palio alugado pela prefeitura de Itabira, mas sem gravidade.<\/p>\n<p>De acordo com o motorista que conduzia o Palio, Roberto Guerra, ele seguia pela rodovia sentido entrada para Ipoema, quando uma caminhonete Saveiro prata, iniciou rapidamente uma ultrapassagem. Ao se deparar com uma carreta na contram\u00e3o, o motorista da Saveiro jogou o carro novamente para pista, tocando o Palio da prefeitura. A caminhonete acabou saindo pelo acostamento e caindo numa ribanceira dentro de um s\u00edtio \u00e0s margens da pista, bateu contra um poste de ilumina\u00e7\u00e3o e ficou com as quatro rodas para cima. A Saveiro ficou bastante danificada. O Palio teve o para-lama esquerdo amassado e o motorista n\u00e3o se feriu.<\/p>\n<p>Agentes do DER que estavam pr\u00f3ximos do local ajudaram no atendimento ao passageiro. O SAMU tamb\u00e9m compareceu e prestou os primeiros socorros \u00e0 v\u00edtima, que tinha apenas escoria\u00e7\u00f5es pelo corpo e estava confuso. Ele foi encaminhado ao Pronto-Socorro de Itabira.<\/p>\n<p>As primeiras informa\u00e7\u00f5es passadas ao Corpo de Bombeiros, que foi acionado, eram de que a v\u00edtima teria ficado presa \u00e0s ferragens, o que n\u00e3o foi constatado com a chegada dos militares. O motorista do Palio, que nada sofreu, apenas desprendeu a v\u00edtima do cinto de seguran\u00e7a. A Pol\u00edcia Rodovi\u00e1ria Estadual de Bar\u00e3o de Cocais registrou um boletim de ocorr\u00eancias.<\/p>\n<p><img decoding=\"async\" src=\"http:\/\/aconteceunovale.com.br\/portal\/wp-content\/uploads\/2014\/03\/acidente_sao_goncalo_rio_abaixo_28.jpg\" alt=\"\" \/> <em>(Foto e informa\u00e7\u00f5es do Portal DeFato Online)<\/em><\/p>\n","protected":false},"excerpt":{"rendered":"<p>Na manh\u00e3 desta sexta-feira, 28 de mar\u00e7o, um homem que dirigia uma caminhonete quase perdeu a vida ap\u00f3s um acidente km 17, MG-434, localidade de Terra Branca, em S\u00e3o Gon\u00e7alo do Rio Abaixo. O acidente envolveu tamb\u00e9m um Fiat Palio alugado pela prefeitura de Itabira, mas sem gravidade. De acordo com o motorista que conduzia [&hellip;]<\/p>\n","protected":false},"author":1,"featured_media":25035,"comment_status":"open","ping_status":"closed","sticky":false,"template":"","format":"standard","meta":{"amp_status":"","footnotes":""},"categories":[123],"tags":[202,6067,1739],"class_list":["post-25034","post","type-post","status-publish","format-standard","has-post-thumbnail","hentry","category-gerais","tag-itabira","tag-motorista-capota-saveiro-apos-desviar-de-carreta-na-contramao","tag-sao-goncalo-do-rio-abaixo"],"yoast_head":"<!-- This site is optimized with the Yoast SEO plugin v28.3 - https:\/\/yoast.com\/product\/yoast-seo-wordpress\/ -->\n<title>Motorista capota Saveiro ap\u00f3s desviar de carreta na contram\u00e3o - Aconteceu no Vale<\/title>\n<meta name=\"robots\" content=\"index, follow, max-snippet:-1, max-image-preview:large, max-video-preview:-1\" \/>\n<link rel=\"canonical\" href=\"https:\/\/aconteceunovale.com.br\/portal\/?p=25034\" \/>\n<meta property=\"og:locale\" content=\"pt_BR\" \/>\n<meta property=\"og:type\" content=\"article\" \/>\n<meta property=\"og:title\" content=\"Motorista capota Saveiro ap\u00f3s desviar de carreta na contram\u00e3o - Aconteceu no Vale\" \/>\n<meta property=\"og:description\" content=\"Na manh\u00e3 desta sexta-feira, 28 de mar\u00e7o, um homem que dirigia uma caminhonete quase perdeu a vida ap\u00f3s um acidente km 17, MG-434, localidade de Terra Branca, em S\u00e3o Gon\u00e7alo do Rio Abaixo. O acidente envolveu tamb\u00e9m um Fiat Palio alugado pela prefeitura de Itabira, mas sem gravidade. De acordo com o motorista que conduzia [&hellip;]\" \/>\n<meta property=\"og:url\" content=\"https:\/\/aconteceunovale.com.br\/portal\/?p=25034\" \/>\n<meta property=\"og:site_name\" content=\"Aconteceu no Vale\" \/>\n<meta property=\"article:publisher\" content=\"https:\/\/www.facebook.com\/aconteceunovale\/\" \/>\n<meta property=\"article:published_time\" content=\"2014-03-28T15:12:03+00:00\" \/>\n<meta property=\"og:image\" content=\"https:\/\/aconteceunovale.com.br\/portal\/wp-content\/uploads\/2014\/03\/acidente_sao_goncalo_rio_abaixo_28.jpg\" \/>\n\t<meta property=\"og:image:width\" content=\"600\" \/>\n\t<meta property=\"og:image:height\" content=\"450\" \/>\n\t<meta property=\"og:image:type\" content=\"image\/jpeg\" \/>\n<meta name=\"author\" content=\"Aconteceu no Vale\" \/>\n<meta name=\"twitter:card\" content=\"summary_large_image\" \/>\n<meta name=\"twitter:creator\" content=\"@noticiadosvales\" \/>\n<meta name=\"twitter:site\" content=\"@noticiadosvales\" \/>\n<meta name=\"twitter:label1\" content=\"Escrito por\" \/>\n\t<meta name=\"twitter:data1\" content=\"Aconteceu no Vale\" \/>\n\t<meta name=\"twitter:label2\" content=\"Est. tempo de leitura\" \/>\n\t<meta name=\"twitter:data2\" content=\"1 minuto\" \/>\n<script type=\"application\/ld+json\" class=\"yoast-schema-graph\">{\"@context\":\"https:\\\/\\\/schema.org\",\"@graph\":[{\"@type\":\"Article\",\"@id\":\"https:\\\/\\\/aconteceunovale.com.br\\\/portal\\\/?p=25034#article\",\"isPartOf\":{\"@id\":\"https:\\\/\\\/aconteceunovale.com.br\\\/portal\\\/?p=25034\"},\"author\":{\"name\":\"Aconteceu no Vale\",\"@id\":\"https:\\\/\\\/aconteceunovale.com.br\\\/portal\\\/#\\\/schema\\\/person\\\/633529146f2c94272bef50ac2953d589\"},\"headline\":\"Motorista capota Saveiro ap\u00f3s desviar de carreta na contram\u00e3o\",\"datePublished\":\"2014-03-28T15:12:03+00:00\",\"mainEntityOfPage\":{\"@id\":\"https:\\\/\\\/aconteceunovale.com.br\\\/portal\\\/?p=25034\"},\"wordCount\":286,\"commentCount\":0,\"image\":{\"@id\":\"https:\\\/\\\/aconteceunovale.com.br\\\/portal\\\/?p=25034#primaryimage\"},\"thumbnailUrl\":\"https:\\\/\\\/aconteceunovale.com.br\\\/portal\\\/wp-content\\\/uploads\\\/2014\\\/03\\\/acidente_sao_goncalo_rio_abaixo_28.jpg\",\"keywords\":[\"Itabira\",\"Motorista capota Saveiro ap\u00f3s desviar de carreta na contram\u00e3o\",\"S\u00e3o Gon\u00e7alo do Rio Abaixo\"],\"articleSection\":[\"Minas Gerais\"],\"inLanguage\":\"pt-BR\",\"potentialAction\":[{\"@type\":\"CommentAction\",\"name\":\"Comment\",\"target\":[\"https:\\\/\\\/aconteceunovale.com.br\\\/portal\\\/?p=25034#respond\"]}]},{\"@type\":\"WebPage\",\"@id\":\"https:\\\/\\\/aconteceunovale.com.br\\\/portal\\\/?p=25034\",\"url\":\"https:\\\/\\\/aconteceunovale.com.br\\\/portal\\\/?p=25034\",\"name\":\"Motorista capota Saveiro ap\u00f3s desviar de carreta na contram\u00e3o - Aconteceu no Vale\",\"isPartOf\":{\"@id\":\"https:\\\/\\\/aconteceunovale.com.br\\\/portal\\\/#website\"},\"primaryImageOfPage\":{\"@id\":\"https:\\\/\\\/aconteceunovale.com.br\\\/portal\\\/?p=25034#primaryimage\"},\"image\":{\"@id\":\"https:\\\/\\\/aconteceunovale.com.br\\\/portal\\\/?p=25034#primaryimage\"},\"thumbnailUrl\":\"https:\\\/\\\/aconteceunovale.com.br\\\/portal\\\/wp-content\\\/uploads\\\/2014\\\/03\\\/acidente_sao_goncalo_rio_abaixo_28.jpg\",\"datePublished\":\"2014-03-28T15:12:03+00:00\",\"author\":{\"@id\":\"https:\\\/\\\/aconteceunovale.com.br\\\/portal\\\/#\\\/schema\\\/person\\\/633529146f2c94272bef50ac2953d589\"},\"breadcrumb\":{\"@id\":\"https:\\\/\\\/aconteceunovale.com.br\\\/portal\\\/?p=25034#breadcrumb\"},\"inLanguage\":\"pt-BR\",\"potentialAction\":[{\"@type\":\"ReadAction\",\"target\":[\"https:\\\/\\\/aconteceunovale.com.br\\\/portal\\\/?p=25034\"]}]},{\"@type\":\"ImageObject\",\"inLanguage\":\"pt-BR\",\"@id\":\"https:\\\/\\\/aconteceunovale.com.br\\\/portal\\\/?p=25034#primaryimage\",\"url\":\"https:\\\/\\\/aconteceunovale.com.br\\\/portal\\\/wp-content\\\/uploads\\\/2014\\\/03\\\/acidente_sao_goncalo_rio_abaixo_28.jpg\",\"contentUrl\":\"https:\\\/\\\/aconteceunovale.com.br\\\/portal\\\/wp-content\\\/uploads\\\/2014\\\/03\\\/acidente_sao_goncalo_rio_abaixo_28.jpg\",\"width\":600,\"height\":450},{\"@type\":\"BreadcrumbList\",\"@id\":\"https:\\\/\\\/aconteceunovale.com.br\\\/portal\\\/?p=25034#breadcrumb\",\"itemListElement\":[{\"@type\":\"ListItem\",\"position\":1,\"name\":\"In\u00edcio\",\"item\":\"https:\\\/\\\/aconteceunovale.com.br\\\/portal\\\/\"},{\"@type\":\"ListItem\",\"position\":2,\"name\":\"Motorista capota Saveiro ap\u00f3s desviar de carreta na contram\u00e3o\"}]},{\"@type\":\"WebSite\",\"@id\":\"https:\\\/\\\/aconteceunovale.com.br\\\/portal\\\/#website\",\"url\":\"https:\\\/\\\/aconteceunovale.com.br\\\/portal\\\/\",\"name\":\"Aconteceu no Vale\",\"description\":\"Portal de Not\u00edcias\",\"potentialAction\":[{\"@type\":\"SearchAction\",\"target\":{\"@type\":\"EntryPoint\",\"urlTemplate\":\"https:\\\/\\\/aconteceunovale.com.br\\\/portal\\\/?s={search_term_string}\"},\"query-input\":{\"@type\":\"PropertyValueSpecification\",\"valueRequired\":true,\"valueName\":\"search_term_string\"}}],\"inLanguage\":\"pt-BR\"},{\"@type\":\"Person\",\"@id\":\"https:\\\/\\\/aconteceunovale.com.br\\\/portal\\\/#\\\/schema\\\/person\\\/633529146f2c94272bef50ac2953d589\",\"name\":\"Aconteceu no Vale\",\"description\":\"Equipe de reportagem do Aconteceu no Vale, portal de not\u00edcias do Vale do Jequitinhonha, em Minas Gerais. Cobrimos as 51 cidades do Vale desde 2013. Sugest\u00f5es de pauta e pedidos de corre\u00e7\u00e3o: contato@aconteceunovale.com.br\",\"sameAs\":[\"http:\\\/\\\/www.aconteceunovale.com.br\"],\"url\":\"https:\\\/\\\/aconteceunovale.com.br\\\/portal\\\/?author=1\"}]}<\/script>\n<!-- \/ Yoast SEO plugin. -->","yoast_head_json":{"title":"Motorista capota Saveiro ap\u00f3s desviar de carreta na contram\u00e3o - Aconteceu no Vale","robots":{"index":"index","follow":"follow","max-snippet":"max-snippet:-1","max-image-preview":"max-image-preview:large","max-video-preview":"max-video-preview:-1"},"canonical":"https:\/\/aconteceunovale.com.br\/portal\/?p=25034","og_locale":"pt_BR","og_type":"article","og_title":"Motorista capota Saveiro ap\u00f3s desviar de carreta na contram\u00e3o - Aconteceu no Vale","og_description":"Na manh\u00e3 desta sexta-feira, 28 de mar\u00e7o, um homem que dirigia uma caminhonete quase perdeu a vida ap\u00f3s um acidente km 17, MG-434, localidade de Terra Branca, em S\u00e3o Gon\u00e7alo do Rio Abaixo. O acidente envolveu tamb\u00e9m um Fiat Palio alugado pela prefeitura de Itabira, mas sem gravidade. De acordo com o motorista que conduzia [&hellip;]","og_url":"https:\/\/aconteceunovale.com.br\/portal\/?p=25034","og_site_name":"Aconteceu no Vale","article_publisher":"https:\/\/www.facebook.com\/aconteceunovale\/","article_published_time":"2014-03-28T15:12:03+00:00","og_image":[{"width":600,"height":450,"url":"https:\/\/aconteceunovale.com.br\/portal\/wp-content\/uploads\/2014\/03\/acidente_sao_goncalo_rio_abaixo_28.jpg","type":"image\/jpeg"}],"author":"Aconteceu no Vale","twitter_card":"summary_large_image","twitter_creator":"@noticiadosvales","twitter_site":"@noticiadosvales","twitter_misc":{"Escrito por":"Aconteceu no Vale","Est. tempo de leitura":"1 minuto"},"schema":{"@context":"https:\/\/schema.org","@graph":[{"@type":"Article","@id":"https:\/\/aconteceunovale.com.br\/portal\/?p=25034#article","isPartOf":{"@id":"https:\/\/aconteceunovale.com.br\/portal\/?p=25034"},"author":{"name":"Aconteceu no Vale","@id":"https:\/\/aconteceunovale.com.br\/portal\/#\/schema\/person\/633529146f2c94272bef50ac2953d589"},"headline":"Motorista capota Saveiro ap\u00f3s desviar de carreta na contram\u00e3o","datePublished":"2014-03-28T15:12:03+00:00","mainEntityOfPage":{"@id":"https:\/\/aconteceunovale.com.br\/portal\/?p=25034"},"wordCount":286,"commentCount":0,"image":{"@id":"https:\/\/aconteceunovale.com.br\/portal\/?p=25034#primaryimage"},"thumbnailUrl":"https:\/\/aconteceunovale.com.br\/portal\/wp-content\/uploads\/2014\/03\/acidente_sao_goncalo_rio_abaixo_28.jpg","keywords":["Itabira","Motorista capota Saveiro ap\u00f3s desviar de carreta na contram\u00e3o","S\u00e3o Gon\u00e7alo do Rio Abaixo"],"articleSection":["Minas Gerais"],"inLanguage":"pt-BR","potentialAction":[{"@type":"CommentAction","name":"Comment","target":["https:\/\/aconteceunovale.com.br\/portal\/?p=25034#respond"]}]},{"@type":"WebPage","@id":"https:\/\/aconteceunovale.com.br\/portal\/?p=25034","url":"https:\/\/aconteceunovale.com.br\/portal\/?p=25034","name":"Motorista capota Saveiro ap\u00f3s desviar de carreta na contram\u00e3o - Aconteceu no Vale","isPartOf":{"@id":"https:\/\/aconteceunovale.com.br\/portal\/#website"},"primaryImageOfPage":{"@id":"https:\/\/aconteceunovale.com.br\/portal\/?p=25034#primaryimage"},"image":{"@id":"https:\/\/aconteceunovale.com.br\/portal\/?p=25034#primaryimage"},"thumbnailUrl":"https:\/\/aconteceunovale.com.br\/portal\/wp-content\/uploads\/2014\/03\/acidente_sao_goncalo_rio_abaixo_28.jpg","datePublished":"2014-03-28T15:12:03+00:00","author":{"@id":"https:\/\/aconteceunovale.com.br\/portal\/#\/schema\/person\/633529146f2c94272bef50ac2953d589"},"breadcrumb":{"@id":"https:\/\/aconteceunovale.com.br\/portal\/?p=25034#breadcrumb"},"inLanguage":"pt-BR","potentialAction":[{"@type":"ReadAction","target":["https:\/\/aconteceunovale.com.br\/portal\/?p=25034"]}]},{"@type":"ImageObject","inLanguage":"pt-BR","@id":"https:\/\/aconteceunovale.com.br\/portal\/?p=25034#primaryimage","url":"https:\/\/aconteceunovale.com.br\/portal\/wp-content\/uploads\/2014\/03\/acidente_sao_goncalo_rio_abaixo_28.jpg","contentUrl":"https:\/\/aconteceunovale.com.br\/portal\/wp-content\/uploads\/2014\/03\/acidente_sao_goncalo_rio_abaixo_28.jpg","width":600,"height":450},{"@type":"BreadcrumbList","@id":"https:\/\/aconteceunovale.com.br\/portal\/?p=25034#breadcrumb","itemListElement":[{"@type":"ListItem","position":1,"name":"In\u00edcio","item":"https:\/\/aconteceunovale.com.br\/portal\/"},{"@type":"ListItem","position":2,"name":"Motorista capota Saveiro ap\u00f3s desviar de carreta na contram\u00e3o"}]},{"@type":"WebSite","@id":"https:\/\/aconteceunovale.com.br\/portal\/#website","url":"https:\/\/aconteceunovale.com.br\/portal\/","name":"Aconteceu no Vale","description":"Portal de Not\u00edcias","potentialAction":[{"@type":"SearchAction","target":{"@type":"EntryPoint","urlTemplate":"https:\/\/aconteceunovale.com.br\/portal\/?s={search_term_string}"},"query-input":{"@type":"PropertyValueSpecification","valueRequired":true,"valueName":"search_term_string"}}],"inLanguage":"pt-BR"},{"@type":"Person","@id":"https:\/\/aconteceunovale.com.br\/portal\/#\/schema\/person\/633529146f2c94272bef50ac2953d589","name":"Aconteceu no Vale","description":"Equipe de reportagem do Aconteceu no Vale, portal de not\u00edcias do Vale do Jequitinhonha, em Minas Gerais. Cobrimos as 51 cidades do Vale desde 2013. Sugest\u00f5es de pauta e pedidos de corre\u00e7\u00e3o: contato@aconteceunovale.com.br","sameAs":["http:\/\/www.aconteceunovale.com.br"],"url":"https:\/\/aconteceunovale.com.br\/portal\/?author=1"}]}},"_links":{"self":[{"href":"https:\/\/aconteceunovale.com.br\/portal\/index.php?rest_route=\/wp\/v2\/posts\/25034","targetHints":{"allow":["GET"]}}],"collection":[{"href":"https:\/\/aconteceunovale.com.br\/portal\/index.php?rest_route=\/wp\/v2\/posts"}],"about":[{"href":"https:\/\/aconteceunovale.com.br\/portal\/index.php?rest_route=\/wp\/v2\/types\/post"}],"author":[{"embeddable":true,"href":"https:\/\/aconteceunovale.com.br\/portal\/index.php?rest_route=\/wp\/v2\/users\/1"}],"replies":[{"embeddable":true,"href":"https:\/\/aconteceunovale.com.br\/portal\/index.php?rest_route=%2Fwp%2Fv2%2Fcomments&post=25034"}],"version-history":[{"count":0,"href":"https:\/\/aconteceunovale.com.br\/portal\/index.php?rest_route=\/wp\/v2\/posts\/25034\/revisions"}],"wp:featuredmedia":[{"embeddable":true,"href":"https:\/\/aconteceunovale.com.br\/portal\/index.php?rest_route=\/wp\/v2\/media\/25035"}],"wp:attachment":[{"href":"https:\/\/aconteceunovale.com.br\/portal\/index.php?rest_route=%2Fwp%2Fv2%2Fmedia&parent=25034"}],"wp:term":[{"taxonomy":"category","embeddable":true,"href":"https:\/\/aconteceunovale.com.br\/portal\/index.php?rest_route=%2Fwp%2Fv2%2Fcategories&post=25034"},{"taxonomy":"post_tag","embeddable":true,"href":"https:\/\/aconteceunovale.com.br\/portal\/index.php?rest_route=%2Fwp%2Fv2%2Ftags&post=25034"}],"curies":[{"name":"wp","href":"https:\/\/api.w.org\/{rel}","templated":true}]}}