{"id":24871,"date":"2014-03-27T17:54:14","date_gmt":"2014-03-27T20:54:14","guid":{"rendered":"http:\/\/aconteceunovale.com.br\/portal\/?p=24871"},"modified":"2014-03-27T17:54:14","modified_gmt":"2014-03-27T20:54:14","slug":"homem-preso-junto-com-quadrilha-em-sao-joao-do-paraiso-e-inocente","status":"publish","type":"post","link":"https:\/\/aconteceunovale.com.br\/portal\/?p=24871","title":{"rendered":"Homem preso junto com quadrilha em S\u00e3o Jo\u00e3o do Para\u00edso \u00e9 inocente"},"content":{"rendered":"<h3><strong>Delegado da cidade explica que ele comprou uma moto da quadrilha, mas n\u00e3o houve m\u00e1 f\u00e9<\/strong><\/h3>\n<p>O delegado de S\u00e3o Jo\u00e3o do Para\u00edso, Everson Moura, esclareceu nesta sexta-feira (27\/03), que Gildeon da Silva Matos, o popular Jo\u00e3o Cigano, 43 anos, \u00e9 inocente e foi conduzido \u00e0 Delegacia por que a quadrilha de assaltantes o enganou na venda de uma motocicleta Yamaha YBR, cor vermelha. &#8220;Ele n\u00e3o tem envolvimento com a quadrilha. Na verdade, agiu de boa f\u00e9 na compra da moto, que estava sendo usada em assaltos pela quadrilha&#8221;, disse o delegado.<\/p>\n<p>Gildeon tinha sido preso no \u00faltimo dia 25, juntamente com quatro integrantes de uma quadrilha que estava assaltando na zona rural do munic\u00edpio. Ele foi levado pela Pol\u00edcia Militar porque a moto adquirida um dia antes da pris\u00e3o estava com o chassi raspado e a placa adulterada. O ve\u00edculo era usado pelos suspeitos para efetuar assaltos.<\/p>\n<p>Em declara\u00e7\u00e3o, Gildeon afirmou que foi v\u00edtima de Jo\u00e3o Evangelista Oliveira, o popular Vanjo. &#8220;EU comprei a moto sem saber que a mesma era clonada&#8221;.<\/p>\n<p style=\"text-align: center;\"><img decoding=\"async\" class=\"aligncenter\" alt=\"\" src=\"http:\/\/aconteceunovale.com.br\/portal\/wp-content\/uploads\/2014\/03\/joao_cigano_sjp_27.jpg\" \/><em>(Foto e informa\u00e7\u00f5es do Jornal Folha Regional)<\/em><\/p>\n","protected":false},"excerpt":{"rendered":"<p>Delegado da cidade explica que ele comprou uma moto da quadrilha, mas n\u00e3o houve m\u00e1 f\u00e9 O delegado de S\u00e3o Jo\u00e3o do Para\u00edso, Everson Moura, esclareceu nesta sexta-feira (27\/03), que Gildeon da Silva Matos, o popular Jo\u00e3o Cigano, 43 anos, \u00e9 inocente e foi conduzido \u00e0 Delegacia por que a quadrilha de assaltantes o enganou [&hellip;]<\/p>\n","protected":false},"author":1,"featured_media":24872,"comment_status":"open","ping_status":"closed","sticky":false,"template":"","format":"standard","meta":{"amp_status":"","footnotes":""},"categories":[1236],"tags":[6032,6031,6033,1403],"class_list":["post-24871","post","type-post","status-publish","format-standard","has-post-thumbnail","hentry","category-norte_de_minas","tag-gildeon-da-silva-matos","tag-homem-preso-junto-com-quadrilha-em-sao-joao-do-paraiso-e-inocente","tag-joao-cigano","tag-sao-joao-do-paraiso"],"yoast_head":"<!-- This site is optimized with the Yoast SEO plugin v28.3 - https:\/\/yoast.com\/product\/yoast-seo-wordpress\/ -->\n<title>Homem preso junto com quadrilha em S\u00e3o Jo\u00e3o do Para\u00edso \u00e9 inocente - Aconteceu no Vale<\/title>\n<meta name=\"robots\" content=\"index, follow, max-snippet:-1, max-image-preview:large, max-video-preview:-1\" \/>\n<link rel=\"canonical\" href=\"https:\/\/aconteceunovale.com.br\/portal\/?p=24871\" \/>\n<meta property=\"og:locale\" content=\"pt_BR\" \/>\n<meta property=\"og:type\" content=\"article\" \/>\n<meta property=\"og:title\" content=\"Homem preso junto com quadrilha em S\u00e3o Jo\u00e3o do Para\u00edso \u00e9 inocente - Aconteceu no Vale\" \/>\n<meta property=\"og:description\" content=\"Delegado da cidade explica que ele comprou uma moto da quadrilha, mas n\u00e3o houve m\u00e1 f\u00e9 O delegado de S\u00e3o Jo\u00e3o do Para\u00edso, Everson Moura, esclareceu nesta sexta-feira (27\/03), que Gildeon da Silva Matos, o popular Jo\u00e3o Cigano, 43 anos, \u00e9 inocente e foi conduzido \u00e0 Delegacia por que a quadrilha de assaltantes o enganou [&hellip;]\" \/>\n<meta property=\"og:url\" content=\"https:\/\/aconteceunovale.com.br\/portal\/?p=24871\" \/>\n<meta property=\"og:site_name\" content=\"Aconteceu no Vale\" \/>\n<meta property=\"article:publisher\" content=\"https:\/\/www.facebook.com\/aconteceunovale\/\" \/>\n<meta property=\"article:published_time\" content=\"2014-03-27T20:54:14+00:00\" \/>\n<meta property=\"og:image\" content=\"https:\/\/aconteceunovale.com.br\/portal\/wp-content\/uploads\/2014\/03\/joao_cigano_sjp_27.jpg\" \/>\n\t<meta property=\"og:image:width\" content=\"360\" \/>\n\t<meta property=\"og:image:height\" content=\"450\" \/>\n\t<meta property=\"og:image:type\" content=\"image\/jpeg\" \/>\n<meta name=\"author\" content=\"Aconteceu no Vale\" \/>\n<meta name=\"twitter:card\" content=\"summary_large_image\" \/>\n<meta name=\"twitter:creator\" content=\"@noticiadosvales\" \/>\n<meta name=\"twitter:site\" content=\"@noticiadosvales\" \/>\n<meta name=\"twitter:label1\" content=\"Escrito por\" \/>\n\t<meta name=\"twitter:data1\" content=\"Aconteceu no Vale\" \/>\n\t<meta name=\"twitter:label2\" content=\"Est. tempo de leitura\" \/>\n\t<meta name=\"twitter:data2\" content=\"1 minuto\" \/>\n<script type=\"application\/ld+json\" class=\"yoast-schema-graph\">{\"@context\":\"https:\\\/\\\/schema.org\",\"@graph\":[{\"@type\":\"Article\",\"@id\":\"https:\\\/\\\/aconteceunovale.com.br\\\/portal\\\/?p=24871#article\",\"isPartOf\":{\"@id\":\"https:\\\/\\\/aconteceunovale.com.br\\\/portal\\\/?p=24871\"},\"author\":{\"name\":\"Aconteceu no Vale\",\"@id\":\"https:\\\/\\\/aconteceunovale.com.br\\\/portal\\\/#\\\/schema\\\/person\\\/633529146f2c94272bef50ac2953d589\"},\"headline\":\"Homem preso junto com quadrilha em S\u00e3o Jo\u00e3o do Para\u00edso \u00e9 inocente\",\"datePublished\":\"2014-03-27T20:54:14+00:00\",\"mainEntityOfPage\":{\"@id\":\"https:\\\/\\\/aconteceunovale.com.br\\\/portal\\\/?p=24871\"},\"wordCount\":203,\"commentCount\":0,\"image\":{\"@id\":\"https:\\\/\\\/aconteceunovale.com.br\\\/portal\\\/?p=24871#primaryimage\"},\"thumbnailUrl\":\"https:\\\/\\\/aconteceunovale.com.br\\\/portal\\\/wp-content\\\/uploads\\\/2014\\\/03\\\/joao_cigano_sjp_27.jpg\",\"keywords\":[\"Gildeon da Silva Matos\",\"Homem preso junto com quadrilha em S\u00e3o Jo\u00e3o do Para\u00edso \u00e9 inocente\",\"Jo\u00e3o Cigano\",\"S\u00e3o Jo\u00e3o do Para\u00edso\"],\"articleSection\":[\"Norte de Minas\"],\"inLanguage\":\"pt-BR\",\"potentialAction\":[{\"@type\":\"CommentAction\",\"name\":\"Comment\",\"target\":[\"https:\\\/\\\/aconteceunovale.com.br\\\/portal\\\/?p=24871#respond\"]}]},{\"@type\":\"WebPage\",\"@id\":\"https:\\\/\\\/aconteceunovale.com.br\\\/portal\\\/?p=24871\",\"url\":\"https:\\\/\\\/aconteceunovale.com.br\\\/portal\\\/?p=24871\",\"name\":\"Homem preso junto com quadrilha em S\u00e3o Jo\u00e3o do Para\u00edso \u00e9 inocente - Aconteceu no Vale\",\"isPartOf\":{\"@id\":\"https:\\\/\\\/aconteceunovale.com.br\\\/portal\\\/#website\"},\"primaryImageOfPage\":{\"@id\":\"https:\\\/\\\/aconteceunovale.com.br\\\/portal\\\/?p=24871#primaryimage\"},\"image\":{\"@id\":\"https:\\\/\\\/aconteceunovale.com.br\\\/portal\\\/?p=24871#primaryimage\"},\"thumbnailUrl\":\"https:\\\/\\\/aconteceunovale.com.br\\\/portal\\\/wp-content\\\/uploads\\\/2014\\\/03\\\/joao_cigano_sjp_27.jpg\",\"datePublished\":\"2014-03-27T20:54:14+00:00\",\"author\":{\"@id\":\"https:\\\/\\\/aconteceunovale.com.br\\\/portal\\\/#\\\/schema\\\/person\\\/633529146f2c94272bef50ac2953d589\"},\"breadcrumb\":{\"@id\":\"https:\\\/\\\/aconteceunovale.com.br\\\/portal\\\/?p=24871#breadcrumb\"},\"inLanguage\":\"pt-BR\",\"potentialAction\":[{\"@type\":\"ReadAction\",\"target\":[\"https:\\\/\\\/aconteceunovale.com.br\\\/portal\\\/?p=24871\"]}]},{\"@type\":\"ImageObject\",\"inLanguage\":\"pt-BR\",\"@id\":\"https:\\\/\\\/aconteceunovale.com.br\\\/portal\\\/?p=24871#primaryimage\",\"url\":\"https:\\\/\\\/aconteceunovale.com.br\\\/portal\\\/wp-content\\\/uploads\\\/2014\\\/03\\\/joao_cigano_sjp_27.jpg\",\"contentUrl\":\"https:\\\/\\\/aconteceunovale.com.br\\\/portal\\\/wp-content\\\/uploads\\\/2014\\\/03\\\/joao_cigano_sjp_27.jpg\",\"width\":360,\"height\":450},{\"@type\":\"BreadcrumbList\",\"@id\":\"https:\\\/\\\/aconteceunovale.com.br\\\/portal\\\/?p=24871#breadcrumb\",\"itemListElement\":[{\"@type\":\"ListItem\",\"position\":1,\"name\":\"In\u00edcio\",\"item\":\"https:\\\/\\\/aconteceunovale.com.br\\\/portal\\\/\"},{\"@type\":\"ListItem\",\"position\":2,\"name\":\"Homem preso junto com quadrilha em S\u00e3o Jo\u00e3o do Para\u00edso \u00e9 inocente\"}]},{\"@type\":\"WebSite\",\"@id\":\"https:\\\/\\\/aconteceunovale.com.br\\\/portal\\\/#website\",\"url\":\"https:\\\/\\\/aconteceunovale.com.br\\\/portal\\\/\",\"name\":\"Aconteceu no Vale\",\"description\":\"Portal de Not\u00edcias\",\"potentialAction\":[{\"@type\":\"SearchAction\",\"target\":{\"@type\":\"EntryPoint\",\"urlTemplate\":\"https:\\\/\\\/aconteceunovale.com.br\\\/portal\\\/?s={search_term_string}\"},\"query-input\":{\"@type\":\"PropertyValueSpecification\",\"valueRequired\":true,\"valueName\":\"search_term_string\"}}],\"inLanguage\":\"pt-BR\"},{\"@type\":\"Person\",\"@id\":\"https:\\\/\\\/aconteceunovale.com.br\\\/portal\\\/#\\\/schema\\\/person\\\/633529146f2c94272bef50ac2953d589\",\"name\":\"Aconteceu no Vale\",\"description\":\"Equipe de reportagem do Aconteceu no Vale, portal de not\u00edcias do Vale do Jequitinhonha, em Minas Gerais. Cobrimos as 51 cidades do Vale desde 2013. Sugest\u00f5es de pauta e pedidos de corre\u00e7\u00e3o: contato@aconteceunovale.com.br\",\"sameAs\":[\"http:\\\/\\\/www.aconteceunovale.com.br\"],\"url\":\"https:\\\/\\\/aconteceunovale.com.br\\\/portal\\\/?author=1\"}]}<\/script>\n<!-- \/ Yoast SEO plugin. -->","yoast_head_json":{"title":"Homem preso junto com quadrilha em S\u00e3o Jo\u00e3o do Para\u00edso \u00e9 inocente - Aconteceu no Vale","robots":{"index":"index","follow":"follow","max-snippet":"max-snippet:-1","max-image-preview":"max-image-preview:large","max-video-preview":"max-video-preview:-1"},"canonical":"https:\/\/aconteceunovale.com.br\/portal\/?p=24871","og_locale":"pt_BR","og_type":"article","og_title":"Homem preso junto com quadrilha em S\u00e3o Jo\u00e3o do Para\u00edso \u00e9 inocente - Aconteceu no Vale","og_description":"Delegado da cidade explica que ele comprou uma moto da quadrilha, mas n\u00e3o houve m\u00e1 f\u00e9 O delegado de S\u00e3o Jo\u00e3o do Para\u00edso, Everson Moura, esclareceu nesta sexta-feira (27\/03), que Gildeon da Silva Matos, o popular Jo\u00e3o Cigano, 43 anos, \u00e9 inocente e foi conduzido \u00e0 Delegacia por que a quadrilha de assaltantes o enganou [&hellip;]","og_url":"https:\/\/aconteceunovale.com.br\/portal\/?p=24871","og_site_name":"Aconteceu no Vale","article_publisher":"https:\/\/www.facebook.com\/aconteceunovale\/","article_published_time":"2014-03-27T20:54:14+00:00","og_image":[{"width":360,"height":450,"url":"https:\/\/aconteceunovale.com.br\/portal\/wp-content\/uploads\/2014\/03\/joao_cigano_sjp_27.jpg","type":"image\/jpeg"}],"author":"Aconteceu no Vale","twitter_card":"summary_large_image","twitter_creator":"@noticiadosvales","twitter_site":"@noticiadosvales","twitter_misc":{"Escrito por":"Aconteceu no Vale","Est. tempo de leitura":"1 minuto"},"schema":{"@context":"https:\/\/schema.org","@graph":[{"@type":"Article","@id":"https:\/\/aconteceunovale.com.br\/portal\/?p=24871#article","isPartOf":{"@id":"https:\/\/aconteceunovale.com.br\/portal\/?p=24871"},"author":{"name":"Aconteceu no Vale","@id":"https:\/\/aconteceunovale.com.br\/portal\/#\/schema\/person\/633529146f2c94272bef50ac2953d589"},"headline":"Homem preso junto com quadrilha em S\u00e3o Jo\u00e3o do Para\u00edso \u00e9 inocente","datePublished":"2014-03-27T20:54:14+00:00","mainEntityOfPage":{"@id":"https:\/\/aconteceunovale.com.br\/portal\/?p=24871"},"wordCount":203,"commentCount":0,"image":{"@id":"https:\/\/aconteceunovale.com.br\/portal\/?p=24871#primaryimage"},"thumbnailUrl":"https:\/\/aconteceunovale.com.br\/portal\/wp-content\/uploads\/2014\/03\/joao_cigano_sjp_27.jpg","keywords":["Gildeon da Silva Matos","Homem preso junto com quadrilha em S\u00e3o Jo\u00e3o do Para\u00edso \u00e9 inocente","Jo\u00e3o Cigano","S\u00e3o Jo\u00e3o do Para\u00edso"],"articleSection":["Norte de Minas"],"inLanguage":"pt-BR","potentialAction":[{"@type":"CommentAction","name":"Comment","target":["https:\/\/aconteceunovale.com.br\/portal\/?p=24871#respond"]}]},{"@type":"WebPage","@id":"https:\/\/aconteceunovale.com.br\/portal\/?p=24871","url":"https:\/\/aconteceunovale.com.br\/portal\/?p=24871","name":"Homem preso junto com quadrilha em S\u00e3o Jo\u00e3o do Para\u00edso \u00e9 inocente - Aconteceu no Vale","isPartOf":{"@id":"https:\/\/aconteceunovale.com.br\/portal\/#website"},"primaryImageOfPage":{"@id":"https:\/\/aconteceunovale.com.br\/portal\/?p=24871#primaryimage"},"image":{"@id":"https:\/\/aconteceunovale.com.br\/portal\/?p=24871#primaryimage"},"thumbnailUrl":"https:\/\/aconteceunovale.com.br\/portal\/wp-content\/uploads\/2014\/03\/joao_cigano_sjp_27.jpg","datePublished":"2014-03-27T20:54:14+00:00","author":{"@id":"https:\/\/aconteceunovale.com.br\/portal\/#\/schema\/person\/633529146f2c94272bef50ac2953d589"},"breadcrumb":{"@id":"https:\/\/aconteceunovale.com.br\/portal\/?p=24871#breadcrumb"},"inLanguage":"pt-BR","potentialAction":[{"@type":"ReadAction","target":["https:\/\/aconteceunovale.com.br\/portal\/?p=24871"]}]},{"@type":"ImageObject","inLanguage":"pt-BR","@id":"https:\/\/aconteceunovale.com.br\/portal\/?p=24871#primaryimage","url":"https:\/\/aconteceunovale.com.br\/portal\/wp-content\/uploads\/2014\/03\/joao_cigano_sjp_27.jpg","contentUrl":"https:\/\/aconteceunovale.com.br\/portal\/wp-content\/uploads\/2014\/03\/joao_cigano_sjp_27.jpg","width":360,"height":450},{"@type":"BreadcrumbList","@id":"https:\/\/aconteceunovale.com.br\/portal\/?p=24871#breadcrumb","itemListElement":[{"@type":"ListItem","position":1,"name":"In\u00edcio","item":"https:\/\/aconteceunovale.com.br\/portal\/"},{"@type":"ListItem","position":2,"name":"Homem preso junto com quadrilha em S\u00e3o Jo\u00e3o do Para\u00edso \u00e9 inocente"}]},{"@type":"WebSite","@id":"https:\/\/aconteceunovale.com.br\/portal\/#website","url":"https:\/\/aconteceunovale.com.br\/portal\/","name":"Aconteceu no Vale","description":"Portal de Not\u00edcias","potentialAction":[{"@type":"SearchAction","target":{"@type":"EntryPoint","urlTemplate":"https:\/\/aconteceunovale.com.br\/portal\/?s={search_term_string}"},"query-input":{"@type":"PropertyValueSpecification","valueRequired":true,"valueName":"search_term_string"}}],"inLanguage":"pt-BR"},{"@type":"Person","@id":"https:\/\/aconteceunovale.com.br\/portal\/#\/schema\/person\/633529146f2c94272bef50ac2953d589","name":"Aconteceu no Vale","description":"Equipe de reportagem do Aconteceu no Vale, portal de not\u00edcias do Vale do Jequitinhonha, em Minas Gerais. Cobrimos as 51 cidades do Vale desde 2013. Sugest\u00f5es de pauta e pedidos de corre\u00e7\u00e3o: contato@aconteceunovale.com.br","sameAs":["http:\/\/www.aconteceunovale.com.br"],"url":"https:\/\/aconteceunovale.com.br\/portal\/?author=1"}]}},"_links":{"self":[{"href":"https:\/\/aconteceunovale.com.br\/portal\/index.php?rest_route=\/wp\/v2\/posts\/24871","targetHints":{"allow":["GET"]}}],"collection":[{"href":"https:\/\/aconteceunovale.com.br\/portal\/index.php?rest_route=\/wp\/v2\/posts"}],"about":[{"href":"https:\/\/aconteceunovale.com.br\/portal\/index.php?rest_route=\/wp\/v2\/types\/post"}],"author":[{"embeddable":true,"href":"https:\/\/aconteceunovale.com.br\/portal\/index.php?rest_route=\/wp\/v2\/users\/1"}],"replies":[{"embeddable":true,"href":"https:\/\/aconteceunovale.com.br\/portal\/index.php?rest_route=%2Fwp%2Fv2%2Fcomments&post=24871"}],"version-history":[{"count":0,"href":"https:\/\/aconteceunovale.com.br\/portal\/index.php?rest_route=\/wp\/v2\/posts\/24871\/revisions"}],"wp:featuredmedia":[{"embeddable":true,"href":"https:\/\/aconteceunovale.com.br\/portal\/index.php?rest_route=\/wp\/v2\/media\/24872"}],"wp:attachment":[{"href":"https:\/\/aconteceunovale.com.br\/portal\/index.php?rest_route=%2Fwp%2Fv2%2Fmedia&parent=24871"}],"wp:term":[{"taxonomy":"category","embeddable":true,"href":"https:\/\/aconteceunovale.com.br\/portal\/index.php?rest_route=%2Fwp%2Fv2%2Fcategories&post=24871"},{"taxonomy":"post_tag","embeddable":true,"href":"https:\/\/aconteceunovale.com.br\/portal\/index.php?rest_route=%2Fwp%2Fv2%2Ftags&post=24871"}],"curies":[{"name":"wp","href":"https:\/\/api.w.org\/{rel}","templated":true}]}}