{"id":24867,"date":"2014-03-27T17:40:55","date_gmt":"2014-03-27T20:40:55","guid":{"rendered":"http:\/\/aconteceunovale.com.br\/portal\/?p=24867"},"modified":"2026-09-02T12:56:30","modified_gmt":"2026-09-02T15:56:30","slug":"curta-local-curta-legal-abertas-as-inscricoes-para-o-1o-encontro-de-imagens-de-diamantina","status":"publish","type":"post","link":"https:\/\/aconteceunovale.com.br\/portal\/?p=24867","title":{"rendered":"\u201cCurta Local, Curta Legal\u201d: inscri\u00e7\u00f5es para o 1\u00ba Encontro de Imagens de Diamantina come\u00e7a nesta sexta"},"content":{"rendered":"<p>Abre nesta sexta-feira (28) e segue at\u00e9 o dia 2 de maio as inscri\u00e7\u00f5es para o 1\u00ba Encontro de Imagens de Diamantina \u201cCurta Local, Curta Legal\u201d. O projeto surgiu de uma ideia de valoriza\u00e7\u00e3o da produ\u00e7\u00e3o de imagens da regi\u00e3o de Diamantina, mais precisamente no Circuito dos Diamantes.<\/p>\n<p>O Circuito dos Diamantes est\u00e1 em uma importante regi\u00e3o de Minas Gerais, impregnada de hist\u00f3ria, cercada de paisagens magn\u00edficas e com um povo que contribuiu para a forma\u00e7\u00e3o da identidade cultural nacional. Este evento busca cobrir uma lacuna existente na produ\u00e7\u00e3o cultural regional. <\/p>\n<p>A proposta \u00e9 que os participantes, sejam eles profissionais ou amadores, tentem captar um pouco de sua vis\u00e3o sobre a regi\u00e3o e a transforme em imagens. A tem\u00e1tica livre tem como objetivo abrir possibilidades a diferentes olhares, para serem divulgadas de forma democr\u00e1tica, a um p\u00fablico plural.<\/p>\n<p>As inscri\u00e7\u00f5es ser\u00e3o aceitas apenas com o preenchimento do formul\u00e1rio no site do evento <a href=\"http:\/\/curtadiamantina.wordpress.com\/\" target=\"_blank\">http:\/\/curtadiamantina.wordpress.com\/<\/a> e ap\u00f3s o preenchimento dever\u00e3o ser acompanhadas dos documentos informados no Edital, juntamente com as m\u00eddias (CD, DVD ou PenDrive) e podem ser entregues no Teatro Santa Izabel no per\u00edodo de inscri\u00e7\u00f5es e dias \u00fateis entre 14h e 17h. <\/p>\n<p>Tamb\u00e9m ser\u00e3o aceitas inscri\u00e7\u00f5es enviadas por SEDEX e aviso de recebimento, postadas at\u00e9 a data limite estipulada no edital. Endere\u00e7o: Teatro Santa Izabel | Pra\u00e7a Dom Joaquim, 166| Centro | Diamantina-MG | CEP: 39100-000.<\/p>\n<p>Este evento \u00e9 uma realiza\u00e7\u00e3o do Teatro Santa Izabel juntamente com a Prefeitura de Diamantina, apoio da PROEXC\/UFVJM e Circuito dos Diamantes e com a produ\u00e7\u00e3o do Instituto Diarte.<\/p>\n<p><img decoding=\"async\" src=\"http:\/\/aconteceunovale.com.br\/portal\/wp-content\/uploads\/2014\/03\/primeiro_encontro_imagens_dtna.jpg\" alt=\"\" \/><strong>(Folha de Guanh\u00e3es \/ \u201cCurta Local, Curta Legal\u201d)<\/strong><\/p>\n","protected":false},"excerpt":{"rendered":"<p>Abre nesta sexta-feira (28) e segue at\u00e9 o dia 2 de maio as inscri\u00e7\u00f5es para o 1\u00ba Encontro de Imagens de Diamantina \u201cCurta Local, Curta Legal\u201d. O projeto surgiu de uma ideia de valoriza\u00e7\u00e3o da produ\u00e7\u00e3o de imagens da regi\u00e3o de Diamantina, mais precisamente no Circuito dos Diamantes. O Circuito dos Diamantes est\u00e1 em uma [&hellip;]<\/p>\n","protected":false},"author":1,"featured_media":24868,"comment_status":"open","ping_status":"closed","sticky":false,"template":"","format":"standard","meta":{"amp_status":"","footnotes":""},"categories":[272543,125],"tags":[6030,198],"class_list":["post-24867","post","type-post","status-publish","format-standard","has-post-thumbnail","hentry","category-diamantina","category-noticias","tag-1o-encontro-de-imagens-de-diamantina","tag-diamantina"],"yoast_head":"<!-- This site is optimized with the Yoast SEO plugin v28.3 - https:\/\/yoast.com\/product\/yoast-seo-wordpress\/ -->\n<title>\u201cCurta Local, Curta Legal\u201d: inscri\u00e7\u00f5es para o 1\u00ba Encontro de Imagens de Diamantina come\u00e7a nesta sexta - Aconteceu no Vale<\/title>\n<meta name=\"robots\" content=\"index, follow, max-snippet:-1, max-image-preview:large, max-video-preview:-1\" \/>\n<link rel=\"canonical\" href=\"https:\/\/aconteceunovale.com.br\/portal\/?p=24867\" \/>\n<meta property=\"og:locale\" content=\"pt_BR\" \/>\n<meta property=\"og:type\" content=\"article\" \/>\n<meta property=\"og:title\" content=\"\u201cCurta Local, Curta Legal\u201d: inscri\u00e7\u00f5es para o 1\u00ba Encontro de Imagens de Diamantina come\u00e7a nesta sexta - Aconteceu no Vale\" \/>\n<meta property=\"og:description\" content=\"Abre nesta sexta-feira (28) e segue at\u00e9 o dia 2 de maio as inscri\u00e7\u00f5es para o 1\u00ba Encontro de Imagens de Diamantina \u201cCurta Local, Curta Legal\u201d. O projeto surgiu de uma ideia de valoriza\u00e7\u00e3o da produ\u00e7\u00e3o de imagens da regi\u00e3o de Diamantina, mais precisamente no Circuito dos Diamantes. O Circuito dos Diamantes est\u00e1 em uma [&hellip;]\" \/>\n<meta property=\"og:url\" content=\"https:\/\/aconteceunovale.com.br\/portal\/?p=24867\" \/>\n<meta property=\"og:site_name\" content=\"Aconteceu no Vale\" \/>\n<meta property=\"article:publisher\" content=\"https:\/\/www.facebook.com\/aconteceunovale\/\" \/>\n<meta property=\"article:published_time\" content=\"2014-03-27T20:40:55+00:00\" \/>\n<meta property=\"article:modified_time\" content=\"2026-09-02T15:56:30+00:00\" \/>\n<meta property=\"og:image\" content=\"https:\/\/aconteceunovale.com.br\/portal\/wp-content\/uploads\/2014\/03\/primeiro_encontro_imagens_dtna.jpg\" \/>\n\t<meta property=\"og:image:width\" content=\"678\" \/>\n\t<meta property=\"og:image:height\" content=\"358\" \/>\n\t<meta property=\"og:image:type\" content=\"image\/jpeg\" \/>\n<meta name=\"author\" content=\"Aconteceu no Vale\" \/>\n<meta name=\"twitter:card\" content=\"summary_large_image\" \/>\n<meta name=\"twitter:creator\" content=\"@noticiadosvales\" \/>\n<meta name=\"twitter:site\" content=\"@noticiadosvales\" \/>\n<meta name=\"twitter:label1\" content=\"Escrito por\" \/>\n\t<meta name=\"twitter:data1\" content=\"Aconteceu no Vale\" \/>\n\t<meta name=\"twitter:label2\" content=\"Est. tempo de leitura\" \/>\n\t<meta name=\"twitter:data2\" content=\"1 minuto\" \/>\n<script type=\"application\/ld+json\" class=\"yoast-schema-graph\">{\"@context\":\"https:\\\/\\\/schema.org\",\"@graph\":[{\"@type\":\"Article\",\"@id\":\"https:\\\/\\\/aconteceunovale.com.br\\\/portal\\\/?p=24867#article\",\"isPartOf\":{\"@id\":\"https:\\\/\\\/aconteceunovale.com.br\\\/portal\\\/?p=24867\"},\"author\":{\"name\":\"Aconteceu no Vale\",\"@id\":\"https:\\\/\\\/aconteceunovale.com.br\\\/portal\\\/#\\\/schema\\\/person\\\/633529146f2c94272bef50ac2953d589\"},\"headline\":\"\u201cCurta Local, Curta Legal\u201d: inscri\u00e7\u00f5es para o 1\u00ba Encontro de Imagens de Diamantina come\u00e7a nesta sexta\",\"datePublished\":\"2014-03-27T20:40:55+00:00\",\"dateModified\":\"2026-09-02T15:56:30+00:00\",\"mainEntityOfPage\":{\"@id\":\"https:\\\/\\\/aconteceunovale.com.br\\\/portal\\\/?p=24867\"},\"wordCount\":304,\"commentCount\":0,\"image\":{\"@id\":\"https:\\\/\\\/aconteceunovale.com.br\\\/portal\\\/?p=24867#primaryimage\"},\"thumbnailUrl\":\"https:\\\/\\\/aconteceunovale.com.br\\\/portal\\\/wp-content\\\/uploads\\\/2014\\\/03\\\/primeiro_encontro_imagens_dtna.jpg\",\"keywords\":[\"1\u00ba Encontro de Imagens de Diamantina\",\"Diamantina\"],\"articleSection\":[\"Diamantina\",\"Eventos\"],\"inLanguage\":\"pt-BR\",\"potentialAction\":[{\"@type\":\"CommentAction\",\"name\":\"Comment\",\"target\":[\"https:\\\/\\\/aconteceunovale.com.br\\\/portal\\\/?p=24867#respond\"]}]},{\"@type\":\"WebPage\",\"@id\":\"https:\\\/\\\/aconteceunovale.com.br\\\/portal\\\/?p=24867\",\"url\":\"https:\\\/\\\/aconteceunovale.com.br\\\/portal\\\/?p=24867\",\"name\":\"\u201cCurta Local, Curta Legal\u201d: inscri\u00e7\u00f5es para o 1\u00ba Encontro de Imagens de Diamantina come\u00e7a nesta sexta - Aconteceu no Vale\",\"isPartOf\":{\"@id\":\"https:\\\/\\\/aconteceunovale.com.br\\\/portal\\\/#website\"},\"primaryImageOfPage\":{\"@id\":\"https:\\\/\\\/aconteceunovale.com.br\\\/portal\\\/?p=24867#primaryimage\"},\"image\":{\"@id\":\"https:\\\/\\\/aconteceunovale.com.br\\\/portal\\\/?p=24867#primaryimage\"},\"thumbnailUrl\":\"https:\\\/\\\/aconteceunovale.com.br\\\/portal\\\/wp-content\\\/uploads\\\/2014\\\/03\\\/primeiro_encontro_imagens_dtna.jpg\",\"datePublished\":\"2014-03-27T20:40:55+00:00\",\"dateModified\":\"2026-09-02T15:56:30+00:00\",\"author\":{\"@id\":\"https:\\\/\\\/aconteceunovale.com.br\\\/portal\\\/#\\\/schema\\\/person\\\/633529146f2c94272bef50ac2953d589\"},\"breadcrumb\":{\"@id\":\"https:\\\/\\\/aconteceunovale.com.br\\\/portal\\\/?p=24867#breadcrumb\"},\"inLanguage\":\"pt-BR\",\"potentialAction\":[{\"@type\":\"ReadAction\",\"target\":[\"https:\\\/\\\/aconteceunovale.com.br\\\/portal\\\/?p=24867\"]}]},{\"@type\":\"ImageObject\",\"inLanguage\":\"pt-BR\",\"@id\":\"https:\\\/\\\/aconteceunovale.com.br\\\/portal\\\/?p=24867#primaryimage\",\"url\":\"https:\\\/\\\/aconteceunovale.com.br\\\/portal\\\/wp-content\\\/uploads\\\/2014\\\/03\\\/primeiro_encontro_imagens_dtna.jpg\",\"contentUrl\":\"https:\\\/\\\/aconteceunovale.com.br\\\/portal\\\/wp-content\\\/uploads\\\/2014\\\/03\\\/primeiro_encontro_imagens_dtna.jpg\",\"width\":678,\"height\":358},{\"@type\":\"BreadcrumbList\",\"@id\":\"https:\\\/\\\/aconteceunovale.com.br\\\/portal\\\/?p=24867#breadcrumb\",\"itemListElement\":[{\"@type\":\"ListItem\",\"position\":1,\"name\":\"In\u00edcio\",\"item\":\"https:\\\/\\\/aconteceunovale.com.br\\\/portal\\\/\"},{\"@type\":\"ListItem\",\"position\":2,\"name\":\"\u201cCurta Local, Curta Legal\u201d: inscri\u00e7\u00f5es para o 1\u00ba Encontro de Imagens de Diamantina come\u00e7a nesta sexta\"}]},{\"@type\":\"WebSite\",\"@id\":\"https:\\\/\\\/aconteceunovale.com.br\\\/portal\\\/#website\",\"url\":\"https:\\\/\\\/aconteceunovale.com.br\\\/portal\\\/\",\"name\":\"Aconteceu no Vale\",\"description\":\"Portal de Not\u00edcias\",\"potentialAction\":[{\"@type\":\"SearchAction\",\"target\":{\"@type\":\"EntryPoint\",\"urlTemplate\":\"https:\\\/\\\/aconteceunovale.com.br\\\/portal\\\/?s={search_term_string}\"},\"query-input\":{\"@type\":\"PropertyValueSpecification\",\"valueRequired\":true,\"valueName\":\"search_term_string\"}}],\"inLanguage\":\"pt-BR\"},{\"@type\":\"Person\",\"@id\":\"https:\\\/\\\/aconteceunovale.com.br\\\/portal\\\/#\\\/schema\\\/person\\\/633529146f2c94272bef50ac2953d589\",\"name\":\"Aconteceu no Vale\",\"description\":\"Equipe de reportagem do Aconteceu no Vale, portal de not\u00edcias do Vale do Jequitinhonha, em Minas Gerais. Cobrimos as 51 cidades do Vale desde 2013. Sugest\u00f5es de pauta e pedidos de corre\u00e7\u00e3o: contato@aconteceunovale.com.br\",\"sameAs\":[\"http:\\\/\\\/www.aconteceunovale.com.br\"],\"url\":\"https:\\\/\\\/aconteceunovale.com.br\\\/portal\\\/?author=1\"}]}<\/script>\n<!-- \/ Yoast SEO plugin. -->","yoast_head_json":{"title":"\u201cCurta Local, Curta Legal\u201d: inscri\u00e7\u00f5es para o 1\u00ba Encontro de Imagens de Diamantina come\u00e7a nesta sexta - Aconteceu no Vale","robots":{"index":"index","follow":"follow","max-snippet":"max-snippet:-1","max-image-preview":"max-image-preview:large","max-video-preview":"max-video-preview:-1"},"canonical":"https:\/\/aconteceunovale.com.br\/portal\/?p=24867","og_locale":"pt_BR","og_type":"article","og_title":"\u201cCurta Local, Curta Legal\u201d: inscri\u00e7\u00f5es para o 1\u00ba Encontro de Imagens de Diamantina come\u00e7a nesta sexta - Aconteceu no Vale","og_description":"Abre nesta sexta-feira (28) e segue at\u00e9 o dia 2 de maio as inscri\u00e7\u00f5es para o 1\u00ba Encontro de Imagens de Diamantina \u201cCurta Local, Curta Legal\u201d. O projeto surgiu de uma ideia de valoriza\u00e7\u00e3o da produ\u00e7\u00e3o de imagens da regi\u00e3o de Diamantina, mais precisamente no Circuito dos Diamantes. O Circuito dos Diamantes est\u00e1 em uma [&hellip;]","og_url":"https:\/\/aconteceunovale.com.br\/portal\/?p=24867","og_site_name":"Aconteceu no Vale","article_publisher":"https:\/\/www.facebook.com\/aconteceunovale\/","article_published_time":"2014-03-27T20:40:55+00:00","article_modified_time":"2026-09-02T15:56:30+00:00","og_image":[{"width":678,"height":358,"url":"https:\/\/aconteceunovale.com.br\/portal\/wp-content\/uploads\/2014\/03\/primeiro_encontro_imagens_dtna.jpg","type":"image\/jpeg"}],"author":"Aconteceu no Vale","twitter_card":"summary_large_image","twitter_creator":"@noticiadosvales","twitter_site":"@noticiadosvales","twitter_misc":{"Escrito por":"Aconteceu no Vale","Est. tempo de leitura":"1 minuto"},"schema":{"@context":"https:\/\/schema.org","@graph":[{"@type":"Article","@id":"https:\/\/aconteceunovale.com.br\/portal\/?p=24867#article","isPartOf":{"@id":"https:\/\/aconteceunovale.com.br\/portal\/?p=24867"},"author":{"name":"Aconteceu no Vale","@id":"https:\/\/aconteceunovale.com.br\/portal\/#\/schema\/person\/633529146f2c94272bef50ac2953d589"},"headline":"\u201cCurta Local, Curta Legal\u201d: inscri\u00e7\u00f5es para o 1\u00ba Encontro de Imagens de Diamantina come\u00e7a nesta sexta","datePublished":"2014-03-27T20:40:55+00:00","dateModified":"2026-09-02T15:56:30+00:00","mainEntityOfPage":{"@id":"https:\/\/aconteceunovale.com.br\/portal\/?p=24867"},"wordCount":304,"commentCount":0,"image":{"@id":"https:\/\/aconteceunovale.com.br\/portal\/?p=24867#primaryimage"},"thumbnailUrl":"https:\/\/aconteceunovale.com.br\/portal\/wp-content\/uploads\/2014\/03\/primeiro_encontro_imagens_dtna.jpg","keywords":["1\u00ba Encontro de Imagens de Diamantina","Diamantina"],"articleSection":["Diamantina","Eventos"],"inLanguage":"pt-BR","potentialAction":[{"@type":"CommentAction","name":"Comment","target":["https:\/\/aconteceunovale.com.br\/portal\/?p=24867#respond"]}]},{"@type":"WebPage","@id":"https:\/\/aconteceunovale.com.br\/portal\/?p=24867","url":"https:\/\/aconteceunovale.com.br\/portal\/?p=24867","name":"\u201cCurta Local, Curta Legal\u201d: inscri\u00e7\u00f5es para o 1\u00ba Encontro de Imagens de Diamantina come\u00e7a nesta sexta - Aconteceu no Vale","isPartOf":{"@id":"https:\/\/aconteceunovale.com.br\/portal\/#website"},"primaryImageOfPage":{"@id":"https:\/\/aconteceunovale.com.br\/portal\/?p=24867#primaryimage"},"image":{"@id":"https:\/\/aconteceunovale.com.br\/portal\/?p=24867#primaryimage"},"thumbnailUrl":"https:\/\/aconteceunovale.com.br\/portal\/wp-content\/uploads\/2014\/03\/primeiro_encontro_imagens_dtna.jpg","datePublished":"2014-03-27T20:40:55+00:00","dateModified":"2026-09-02T15:56:30+00:00","author":{"@id":"https:\/\/aconteceunovale.com.br\/portal\/#\/schema\/person\/633529146f2c94272bef50ac2953d589"},"breadcrumb":{"@id":"https:\/\/aconteceunovale.com.br\/portal\/?p=24867#breadcrumb"},"inLanguage":"pt-BR","potentialAction":[{"@type":"ReadAction","target":["https:\/\/aconteceunovale.com.br\/portal\/?p=24867"]}]},{"@type":"ImageObject","inLanguage":"pt-BR","@id":"https:\/\/aconteceunovale.com.br\/portal\/?p=24867#primaryimage","url":"https:\/\/aconteceunovale.com.br\/portal\/wp-content\/uploads\/2014\/03\/primeiro_encontro_imagens_dtna.jpg","contentUrl":"https:\/\/aconteceunovale.com.br\/portal\/wp-content\/uploads\/2014\/03\/primeiro_encontro_imagens_dtna.jpg","width":678,"height":358},{"@type":"BreadcrumbList","@id":"https:\/\/aconteceunovale.com.br\/portal\/?p=24867#breadcrumb","itemListElement":[{"@type":"ListItem","position":1,"name":"In\u00edcio","item":"https:\/\/aconteceunovale.com.br\/portal\/"},{"@type":"ListItem","position":2,"name":"\u201cCurta Local, Curta Legal\u201d: inscri\u00e7\u00f5es para o 1\u00ba Encontro de Imagens de Diamantina come\u00e7a nesta sexta"}]},{"@type":"WebSite","@id":"https:\/\/aconteceunovale.com.br\/portal\/#website","url":"https:\/\/aconteceunovale.com.br\/portal\/","name":"Aconteceu no Vale","description":"Portal de Not\u00edcias","potentialAction":[{"@type":"SearchAction","target":{"@type":"EntryPoint","urlTemplate":"https:\/\/aconteceunovale.com.br\/portal\/?s={search_term_string}"},"query-input":{"@type":"PropertyValueSpecification","valueRequired":true,"valueName":"search_term_string"}}],"inLanguage":"pt-BR"},{"@type":"Person","@id":"https:\/\/aconteceunovale.com.br\/portal\/#\/schema\/person\/633529146f2c94272bef50ac2953d589","name":"Aconteceu no Vale","description":"Equipe de reportagem do Aconteceu no Vale, portal de not\u00edcias do Vale do Jequitinhonha, em Minas Gerais. Cobrimos as 51 cidades do Vale desde 2013. Sugest\u00f5es de pauta e pedidos de corre\u00e7\u00e3o: contato@aconteceunovale.com.br","sameAs":["http:\/\/www.aconteceunovale.com.br"],"url":"https:\/\/aconteceunovale.com.br\/portal\/?author=1"}]}},"_links":{"self":[{"href":"https:\/\/aconteceunovale.com.br\/portal\/index.php?rest_route=\/wp\/v2\/posts\/24867","targetHints":{"allow":["GET"]}}],"collection":[{"href":"https:\/\/aconteceunovale.com.br\/portal\/index.php?rest_route=\/wp\/v2\/posts"}],"about":[{"href":"https:\/\/aconteceunovale.com.br\/portal\/index.php?rest_route=\/wp\/v2\/types\/post"}],"author":[{"embeddable":true,"href":"https:\/\/aconteceunovale.com.br\/portal\/index.php?rest_route=\/wp\/v2\/users\/1"}],"replies":[{"embeddable":true,"href":"https:\/\/aconteceunovale.com.br\/portal\/index.php?rest_route=%2Fwp%2Fv2%2Fcomments&post=24867"}],"version-history":[{"count":1,"href":"https:\/\/aconteceunovale.com.br\/portal\/index.php?rest_route=\/wp\/v2\/posts\/24867\/revisions"}],"predecessor-version":[{"id":200608,"href":"https:\/\/aconteceunovale.com.br\/portal\/index.php?rest_route=\/wp\/v2\/posts\/24867\/revisions\/200608"}],"wp:featuredmedia":[{"embeddable":true,"href":"https:\/\/aconteceunovale.com.br\/portal\/index.php?rest_route=\/wp\/v2\/media\/24868"}],"wp:attachment":[{"href":"https:\/\/aconteceunovale.com.br\/portal\/index.php?rest_route=%2Fwp%2Fv2%2Fmedia&parent=24867"}],"wp:term":[{"taxonomy":"category","embeddable":true,"href":"https:\/\/aconteceunovale.com.br\/portal\/index.php?rest_route=%2Fwp%2Fv2%2Fcategories&post=24867"},{"taxonomy":"post_tag","embeddable":true,"href":"https:\/\/aconteceunovale.com.br\/portal\/index.php?rest_route=%2Fwp%2Fv2%2Ftags&post=24867"}],"curies":[{"name":"wp","href":"https:\/\/api.w.org\/{rel}","templated":true}]}}