{"id":24845,"date":"2014-03-27T17:02:04","date_gmt":"2014-03-27T20:02:04","guid":{"rendered":"http:\/\/aconteceunovale.com.br\/portal\/?p=24845"},"modified":"2014-03-27T17:03:20","modified_gmt":"2014-03-27T20:03:20","slug":"projeto-cine-praca-brasil-e-atracao-em-belo-oriente","status":"publish","type":"post","link":"https:\/\/aconteceunovale.com.br\/portal\/?p=24845","title":{"rendered":"Projeto Cine Pra\u00e7a Brasil \u00e9 atra\u00e7\u00e3o em Belo Oriente"},"content":{"rendered":"<p>Uma forma inovadora de democratiza\u00e7\u00e3o do cinema. Esta \u00e9 a proposta do projeto Cine Pra\u00e7a Brasil, que chega \u00e0 cidade de Belo Oriente(MG). A mostra consiste numa a\u00e7\u00e3o diferenciada de pensar o cinema, reunindo boas hist\u00f3rias e a comunidade em um mesmo ambiente.<\/p>\n<p>Na noite de ontem (26), a Pra\u00e7a Severo Louren\u00e7o da Costa, em frente ao INSS foi palco da estreia do projeto na cidade, com a exibi\u00e7\u00e3o do filme \u201cPequenas hist\u00f3rias\u201d. A mostra se estende at\u00e9 o dia 11 de abril, com a exibi\u00e7\u00e3o do filme \u201cCentral do Brasil\u201d, na pra\u00e7a dos Correios, em Cachoeira Escura.<\/p>\n<p>Ao todo ser\u00e3o 10 obras nacionais apresentadas gratuitamente em uma grande tela nas pra\u00e7as dos quatro principais bairros da cidade, como explica o produtor do Cine Pra\u00e7a Brasil, \u00c9derson Caldas.<\/p>\n<p>Al\u00e9m da mostra cinematogr\u00e1fica, o projeto ir\u00e1 possibilitar aos alunos das escolas p\u00fablicas da cidade a oportunidade de conhecer de perto um pouco mais do universo do cinema. Ao todo 20 alunos, com representantes de todos os distritos participar\u00e3o da oficina \u201cDire\u00e7\u00e3o para Iniciantes\u201d.<\/p>\n<p>A proposta \u00e9 incentivar o processo de cria\u00e7\u00e3o dos alunos, com aulas expositivas te\u00f3ricas sobre os conceitos b\u00e1sicos da linguagem do cinema e tamb\u00e9m aulas pr\u00e1ticas.<\/p>\n<h4><strong>Confira a programa\u00e7\u00e3o<\/strong><\/h4>\n<p>27 DE MAR\u00c7O \u2013 20h<br \/>\n*CASTELO R\u00c1\u2013TI M\u2013BUM<br \/>\nPra\u00e7a da Igreja Cat\u00f3lica &#8211; S\u00e3o Sebasti\u00e3o de Bra\u00fanas<\/p>\n<p>28 DE MAR\u00c7O \u2013 20h<br \/>\n*SANEAMENTO B\u00c1SICO<br \/>\nPra\u00e7a S\u00e3o Sebasti\u00e3o &#8211; Cachoeira Escura<\/p>\n<p>29 DE MAR\u00c7O \u2013 20h<br \/>\n*5X FAVELA \u201cAGORA POR N\u00d3S MESMOS\u201d.<br \/>\nPra\u00e7a dos Correios<\/p>\n<p>11 DE ABRIL \u2013 20h<br \/>\n*CENTRAL DO BRASIL<br \/>\nPra\u00e7a dos Correios<\/p>\n<p><img decoding=\"async\" src=\"http:\/\/aconteceunovale.com.br\/portal\/wp-content\/uploads\/2014\/03\/cine_na_praca_belo_oriente_27.jpg\" alt=\"\" \/<em>(Foto: Ana Paula Vasconcelos )<\/em><\/p>\n","protected":false},"excerpt":{"rendered":"<p>Uma forma inovadora de democratiza\u00e7\u00e3o do cinema. Esta \u00e9 a proposta do projeto Cine Pra\u00e7a Brasil, que chega \u00e0 cidade de Belo Oriente(MG). A mostra consiste numa a\u00e7\u00e3o diferenciada de pensar o cinema, reunindo boas hist\u00f3rias e a comunidade em um mesmo ambiente. Na noite de ontem (26), a Pra\u00e7a Severo Louren\u00e7o da Costa, em [&hellip;]<\/p>\n","protected":false},"author":1,"featured_media":24846,"comment_status":"open","ping_status":"closed","sticky":false,"template":"","format":"standard","meta":{"amp_status":"","footnotes":""},"categories":[121],"tags":[350,6024,6023],"class_list":["post-24845","post","type-post","status-publish","format-standard","has-post-thumbnail","hentry","category-leste","tag-belo-oriente","tag-projeto-cine-praca-brasil","tag-projeto-cine-praca-brasil-e-atracao-em-belo-oriente"],"yoast_head":"<!-- This site is optimized with the Yoast SEO plugin v28.3 - https:\/\/yoast.com\/product\/yoast-seo-wordpress\/ -->\n<title>Projeto Cine Pra\u00e7a Brasil \u00e9 atra\u00e7\u00e3o em Belo Oriente - Aconteceu no Vale<\/title>\n<meta name=\"robots\" content=\"index, follow, max-snippet:-1, max-image-preview:large, max-video-preview:-1\" \/>\n<link rel=\"canonical\" href=\"https:\/\/aconteceunovale.com.br\/portal\/?p=24845\" \/>\n<meta property=\"og:locale\" content=\"pt_BR\" \/>\n<meta property=\"og:type\" content=\"article\" \/>\n<meta property=\"og:title\" content=\"Projeto Cine Pra\u00e7a Brasil \u00e9 atra\u00e7\u00e3o em Belo Oriente - Aconteceu no Vale\" \/>\n<meta property=\"og:description\" content=\"Uma forma inovadora de democratiza\u00e7\u00e3o do cinema. Esta \u00e9 a proposta do projeto Cine Pra\u00e7a Brasil, que chega \u00e0 cidade de Belo Oriente(MG). A mostra consiste numa a\u00e7\u00e3o diferenciada de pensar o cinema, reunindo boas hist\u00f3rias e a comunidade em um mesmo ambiente. Na noite de ontem (26), a Pra\u00e7a Severo Louren\u00e7o da Costa, em [&hellip;]\" \/>\n<meta property=\"og:url\" content=\"https:\/\/aconteceunovale.com.br\/portal\/?p=24845\" \/>\n<meta property=\"og:site_name\" content=\"Aconteceu no Vale\" \/>\n<meta property=\"article:publisher\" content=\"https:\/\/www.facebook.com\/aconteceunovale\/\" \/>\n<meta property=\"article:published_time\" content=\"2014-03-27T20:02:04+00:00\" \/>\n<meta property=\"article:modified_time\" content=\"2014-03-27T20:03:20+00:00\" \/>\n<meta property=\"og:image\" content=\"https:\/\/aconteceunovale.com.br\/portal\/wp-content\/uploads\/2014\/03\/cine_na_praca_belo_oriente_27.jpg\" \/>\n\t<meta property=\"og:image:width\" content=\"600\" \/>\n\t<meta property=\"og:image:height\" content=\"450\" \/>\n\t<meta property=\"og:image:type\" content=\"image\/jpeg\" \/>\n<meta name=\"author\" content=\"Aconteceu no Vale\" \/>\n<meta name=\"twitter:card\" content=\"summary_large_image\" \/>\n<meta name=\"twitter:creator\" content=\"@noticiadosvales\" \/>\n<meta name=\"twitter:site\" content=\"@noticiadosvales\" \/>\n<meta name=\"twitter:label1\" content=\"Escrito por\" \/>\n\t<meta name=\"twitter:data1\" content=\"Aconteceu no Vale\" \/>\n\t<meta name=\"twitter:label2\" content=\"Est. tempo de leitura\" \/>\n\t<meta name=\"twitter:data2\" content=\"1 minuto\" \/>\n<script type=\"application\/ld+json\" class=\"yoast-schema-graph\">{\"@context\":\"https:\\\/\\\/schema.org\",\"@graph\":[{\"@type\":\"Article\",\"@id\":\"https:\\\/\\\/aconteceunovale.com.br\\\/portal\\\/?p=24845#article\",\"isPartOf\":{\"@id\":\"https:\\\/\\\/aconteceunovale.com.br\\\/portal\\\/?p=24845\"},\"author\":{\"name\":\"Aconteceu no Vale\",\"@id\":\"https:\\\/\\\/aconteceunovale.com.br\\\/portal\\\/#\\\/schema\\\/person\\\/633529146f2c94272bef50ac2953d589\"},\"headline\":\"Projeto Cine Pra\u00e7a Brasil \u00e9 atra\u00e7\u00e3o em Belo Oriente\",\"datePublished\":\"2014-03-27T20:02:04+00:00\",\"dateModified\":\"2014-03-27T20:03:20+00:00\",\"mainEntityOfPage\":{\"@id\":\"https:\\\/\\\/aconteceunovale.com.br\\\/portal\\\/?p=24845\"},\"wordCount\":293,\"commentCount\":0,\"image\":{\"@id\":\"https:\\\/\\\/aconteceunovale.com.br\\\/portal\\\/?p=24845#primaryimage\"},\"thumbnailUrl\":\"https:\\\/\\\/aconteceunovale.com.br\\\/portal\\\/wp-content\\\/uploads\\\/2014\\\/03\\\/cine_na_praca_belo_oriente_27.jpg\",\"keywords\":[\"belo oriente\",\"Projeto Cine Pra\u00e7a Brasil\",\"Projeto Cine Pra\u00e7a Brasil \u00e9 atra\u00e7\u00e3o em Belo Oriente\"],\"articleSection\":[\"Leste de Minas\"],\"inLanguage\":\"pt-BR\",\"potentialAction\":[{\"@type\":\"CommentAction\",\"name\":\"Comment\",\"target\":[\"https:\\\/\\\/aconteceunovale.com.br\\\/portal\\\/?p=24845#respond\"]}]},{\"@type\":\"WebPage\",\"@id\":\"https:\\\/\\\/aconteceunovale.com.br\\\/portal\\\/?p=24845\",\"url\":\"https:\\\/\\\/aconteceunovale.com.br\\\/portal\\\/?p=24845\",\"name\":\"Projeto Cine Pra\u00e7a Brasil \u00e9 atra\u00e7\u00e3o em Belo Oriente - Aconteceu no Vale\",\"isPartOf\":{\"@id\":\"https:\\\/\\\/aconteceunovale.com.br\\\/portal\\\/#website\"},\"primaryImageOfPage\":{\"@id\":\"https:\\\/\\\/aconteceunovale.com.br\\\/portal\\\/?p=24845#primaryimage\"},\"image\":{\"@id\":\"https:\\\/\\\/aconteceunovale.com.br\\\/portal\\\/?p=24845#primaryimage\"},\"thumbnailUrl\":\"https:\\\/\\\/aconteceunovale.com.br\\\/portal\\\/wp-content\\\/uploads\\\/2014\\\/03\\\/cine_na_praca_belo_oriente_27.jpg\",\"datePublished\":\"2014-03-27T20:02:04+00:00\",\"dateModified\":\"2014-03-27T20:03:20+00:00\",\"author\":{\"@id\":\"https:\\\/\\\/aconteceunovale.com.br\\\/portal\\\/#\\\/schema\\\/person\\\/633529146f2c94272bef50ac2953d589\"},\"breadcrumb\":{\"@id\":\"https:\\\/\\\/aconteceunovale.com.br\\\/portal\\\/?p=24845#breadcrumb\"},\"inLanguage\":\"pt-BR\",\"potentialAction\":[{\"@type\":\"ReadAction\",\"target\":[\"https:\\\/\\\/aconteceunovale.com.br\\\/portal\\\/?p=24845\"]}]},{\"@type\":\"ImageObject\",\"inLanguage\":\"pt-BR\",\"@id\":\"https:\\\/\\\/aconteceunovale.com.br\\\/portal\\\/?p=24845#primaryimage\",\"url\":\"https:\\\/\\\/aconteceunovale.com.br\\\/portal\\\/wp-content\\\/uploads\\\/2014\\\/03\\\/cine_na_praca_belo_oriente_27.jpg\",\"contentUrl\":\"https:\\\/\\\/aconteceunovale.com.br\\\/portal\\\/wp-content\\\/uploads\\\/2014\\\/03\\\/cine_na_praca_belo_oriente_27.jpg\",\"width\":600,\"height\":450},{\"@type\":\"BreadcrumbList\",\"@id\":\"https:\\\/\\\/aconteceunovale.com.br\\\/portal\\\/?p=24845#breadcrumb\",\"itemListElement\":[{\"@type\":\"ListItem\",\"position\":1,\"name\":\"In\u00edcio\",\"item\":\"https:\\\/\\\/aconteceunovale.com.br\\\/portal\\\/\"},{\"@type\":\"ListItem\",\"position\":2,\"name\":\"Projeto Cine Pra\u00e7a Brasil \u00e9 atra\u00e7\u00e3o em Belo Oriente\"}]},{\"@type\":\"WebSite\",\"@id\":\"https:\\\/\\\/aconteceunovale.com.br\\\/portal\\\/#website\",\"url\":\"https:\\\/\\\/aconteceunovale.com.br\\\/portal\\\/\",\"name\":\"Aconteceu no Vale\",\"description\":\"Portal de Not\u00edcias\",\"potentialAction\":[{\"@type\":\"SearchAction\",\"target\":{\"@type\":\"EntryPoint\",\"urlTemplate\":\"https:\\\/\\\/aconteceunovale.com.br\\\/portal\\\/?s={search_term_string}\"},\"query-input\":{\"@type\":\"PropertyValueSpecification\",\"valueRequired\":true,\"valueName\":\"search_term_string\"}}],\"inLanguage\":\"pt-BR\"},{\"@type\":\"Person\",\"@id\":\"https:\\\/\\\/aconteceunovale.com.br\\\/portal\\\/#\\\/schema\\\/person\\\/633529146f2c94272bef50ac2953d589\",\"name\":\"Aconteceu no Vale\",\"description\":\"Equipe de reportagem do Aconteceu no Vale, portal de not\u00edcias do Vale do Jequitinhonha, em Minas Gerais. Cobrimos as 51 cidades do Vale desde 2013. Sugest\u00f5es de pauta e pedidos de corre\u00e7\u00e3o: contato@aconteceunovale.com.br\",\"sameAs\":[\"http:\\\/\\\/www.aconteceunovale.com.br\"],\"url\":\"https:\\\/\\\/aconteceunovale.com.br\\\/portal\\\/?author=1\"}]}<\/script>\n<!-- \/ Yoast SEO plugin. -->","yoast_head_json":{"title":"Projeto Cine Pra\u00e7a Brasil \u00e9 atra\u00e7\u00e3o em Belo Oriente - Aconteceu no Vale","robots":{"index":"index","follow":"follow","max-snippet":"max-snippet:-1","max-image-preview":"max-image-preview:large","max-video-preview":"max-video-preview:-1"},"canonical":"https:\/\/aconteceunovale.com.br\/portal\/?p=24845","og_locale":"pt_BR","og_type":"article","og_title":"Projeto Cine Pra\u00e7a Brasil \u00e9 atra\u00e7\u00e3o em Belo Oriente - Aconteceu no Vale","og_description":"Uma forma inovadora de democratiza\u00e7\u00e3o do cinema. Esta \u00e9 a proposta do projeto Cine Pra\u00e7a Brasil, que chega \u00e0 cidade de Belo Oriente(MG). A mostra consiste numa a\u00e7\u00e3o diferenciada de pensar o cinema, reunindo boas hist\u00f3rias e a comunidade em um mesmo ambiente. Na noite de ontem (26), a Pra\u00e7a Severo Louren\u00e7o da Costa, em [&hellip;]","og_url":"https:\/\/aconteceunovale.com.br\/portal\/?p=24845","og_site_name":"Aconteceu no Vale","article_publisher":"https:\/\/www.facebook.com\/aconteceunovale\/","article_published_time":"2014-03-27T20:02:04+00:00","article_modified_time":"2014-03-27T20:03:20+00:00","og_image":[{"width":600,"height":450,"url":"https:\/\/aconteceunovale.com.br\/portal\/wp-content\/uploads\/2014\/03\/cine_na_praca_belo_oriente_27.jpg","type":"image\/jpeg"}],"author":"Aconteceu no Vale","twitter_card":"summary_large_image","twitter_creator":"@noticiadosvales","twitter_site":"@noticiadosvales","twitter_misc":{"Escrito por":"Aconteceu no Vale","Est. tempo de leitura":"1 minuto"},"schema":{"@context":"https:\/\/schema.org","@graph":[{"@type":"Article","@id":"https:\/\/aconteceunovale.com.br\/portal\/?p=24845#article","isPartOf":{"@id":"https:\/\/aconteceunovale.com.br\/portal\/?p=24845"},"author":{"name":"Aconteceu no Vale","@id":"https:\/\/aconteceunovale.com.br\/portal\/#\/schema\/person\/633529146f2c94272bef50ac2953d589"},"headline":"Projeto Cine Pra\u00e7a Brasil \u00e9 atra\u00e7\u00e3o em Belo Oriente","datePublished":"2014-03-27T20:02:04+00:00","dateModified":"2014-03-27T20:03:20+00:00","mainEntityOfPage":{"@id":"https:\/\/aconteceunovale.com.br\/portal\/?p=24845"},"wordCount":293,"commentCount":0,"image":{"@id":"https:\/\/aconteceunovale.com.br\/portal\/?p=24845#primaryimage"},"thumbnailUrl":"https:\/\/aconteceunovale.com.br\/portal\/wp-content\/uploads\/2014\/03\/cine_na_praca_belo_oriente_27.jpg","keywords":["belo oriente","Projeto Cine Pra\u00e7a Brasil","Projeto Cine Pra\u00e7a Brasil \u00e9 atra\u00e7\u00e3o em Belo Oriente"],"articleSection":["Leste de Minas"],"inLanguage":"pt-BR","potentialAction":[{"@type":"CommentAction","name":"Comment","target":["https:\/\/aconteceunovale.com.br\/portal\/?p=24845#respond"]}]},{"@type":"WebPage","@id":"https:\/\/aconteceunovale.com.br\/portal\/?p=24845","url":"https:\/\/aconteceunovale.com.br\/portal\/?p=24845","name":"Projeto Cine Pra\u00e7a Brasil \u00e9 atra\u00e7\u00e3o em Belo Oriente - Aconteceu no Vale","isPartOf":{"@id":"https:\/\/aconteceunovale.com.br\/portal\/#website"},"primaryImageOfPage":{"@id":"https:\/\/aconteceunovale.com.br\/portal\/?p=24845#primaryimage"},"image":{"@id":"https:\/\/aconteceunovale.com.br\/portal\/?p=24845#primaryimage"},"thumbnailUrl":"https:\/\/aconteceunovale.com.br\/portal\/wp-content\/uploads\/2014\/03\/cine_na_praca_belo_oriente_27.jpg","datePublished":"2014-03-27T20:02:04+00:00","dateModified":"2014-03-27T20:03:20+00:00","author":{"@id":"https:\/\/aconteceunovale.com.br\/portal\/#\/schema\/person\/633529146f2c94272bef50ac2953d589"},"breadcrumb":{"@id":"https:\/\/aconteceunovale.com.br\/portal\/?p=24845#breadcrumb"},"inLanguage":"pt-BR","potentialAction":[{"@type":"ReadAction","target":["https:\/\/aconteceunovale.com.br\/portal\/?p=24845"]}]},{"@type":"ImageObject","inLanguage":"pt-BR","@id":"https:\/\/aconteceunovale.com.br\/portal\/?p=24845#primaryimage","url":"https:\/\/aconteceunovale.com.br\/portal\/wp-content\/uploads\/2014\/03\/cine_na_praca_belo_oriente_27.jpg","contentUrl":"https:\/\/aconteceunovale.com.br\/portal\/wp-content\/uploads\/2014\/03\/cine_na_praca_belo_oriente_27.jpg","width":600,"height":450},{"@type":"BreadcrumbList","@id":"https:\/\/aconteceunovale.com.br\/portal\/?p=24845#breadcrumb","itemListElement":[{"@type":"ListItem","position":1,"name":"In\u00edcio","item":"https:\/\/aconteceunovale.com.br\/portal\/"},{"@type":"ListItem","position":2,"name":"Projeto Cine Pra\u00e7a Brasil \u00e9 atra\u00e7\u00e3o em Belo Oriente"}]},{"@type":"WebSite","@id":"https:\/\/aconteceunovale.com.br\/portal\/#website","url":"https:\/\/aconteceunovale.com.br\/portal\/","name":"Aconteceu no Vale","description":"Portal de Not\u00edcias","potentialAction":[{"@type":"SearchAction","target":{"@type":"EntryPoint","urlTemplate":"https:\/\/aconteceunovale.com.br\/portal\/?s={search_term_string}"},"query-input":{"@type":"PropertyValueSpecification","valueRequired":true,"valueName":"search_term_string"}}],"inLanguage":"pt-BR"},{"@type":"Person","@id":"https:\/\/aconteceunovale.com.br\/portal\/#\/schema\/person\/633529146f2c94272bef50ac2953d589","name":"Aconteceu no Vale","description":"Equipe de reportagem do Aconteceu no Vale, portal de not\u00edcias do Vale do Jequitinhonha, em Minas Gerais. Cobrimos as 51 cidades do Vale desde 2013. Sugest\u00f5es de pauta e pedidos de corre\u00e7\u00e3o: contato@aconteceunovale.com.br","sameAs":["http:\/\/www.aconteceunovale.com.br"],"url":"https:\/\/aconteceunovale.com.br\/portal\/?author=1"}]}},"_links":{"self":[{"href":"https:\/\/aconteceunovale.com.br\/portal\/index.php?rest_route=\/wp\/v2\/posts\/24845","targetHints":{"allow":["GET"]}}],"collection":[{"href":"https:\/\/aconteceunovale.com.br\/portal\/index.php?rest_route=\/wp\/v2\/posts"}],"about":[{"href":"https:\/\/aconteceunovale.com.br\/portal\/index.php?rest_route=\/wp\/v2\/types\/post"}],"author":[{"embeddable":true,"href":"https:\/\/aconteceunovale.com.br\/portal\/index.php?rest_route=\/wp\/v2\/users\/1"}],"replies":[{"embeddable":true,"href":"https:\/\/aconteceunovale.com.br\/portal\/index.php?rest_route=%2Fwp%2Fv2%2Fcomments&post=24845"}],"version-history":[{"count":0,"href":"https:\/\/aconteceunovale.com.br\/portal\/index.php?rest_route=\/wp\/v2\/posts\/24845\/revisions"}],"wp:featuredmedia":[{"embeddable":true,"href":"https:\/\/aconteceunovale.com.br\/portal\/index.php?rest_route=\/wp\/v2\/media\/24846"}],"wp:attachment":[{"href":"https:\/\/aconteceunovale.com.br\/portal\/index.php?rest_route=%2Fwp%2Fv2%2Fmedia&parent=24845"}],"wp:term":[{"taxonomy":"category","embeddable":true,"href":"https:\/\/aconteceunovale.com.br\/portal\/index.php?rest_route=%2Fwp%2Fv2%2Fcategories&post=24845"},{"taxonomy":"post_tag","embeddable":true,"href":"https:\/\/aconteceunovale.com.br\/portal\/index.php?rest_route=%2Fwp%2Fv2%2Ftags&post=24845"}],"curies":[{"name":"wp","href":"https:\/\/api.w.org\/{rel}","templated":true}]}}