{"id":24807,"date":"2014-03-27T14:09:02","date_gmt":"2014-03-27T17:09:02","guid":{"rendered":"http:\/\/aconteceunovale.com.br\/portal\/?p=24807"},"modified":"2014-03-27T14:10:24","modified_gmt":"2014-03-27T17:10:24","slug":"agenda-de-shows-da-expomontes-2014","status":"publish","type":"post","link":"https:\/\/aconteceunovale.com.br\/portal\/?p=24807","title":{"rendered":"Agenda de shows da Expomontes 2014"},"content":{"rendered":"<p>A organiza\u00e7\u00e3o da Expomontes 2014 confirmou nesta quinta-feira (27) as novas atra\u00e7\u00f5es que far\u00e3o parte do maior evento agropecu\u00e1rio do Norte de Minas Gerais. Integraram a lista a dupla Victor e L\u00e9o, o cantor Lucas Lucco, e a banda Avi\u00f5es do Forr\u00f3. Na noite gospel estar\u00e3o Damaris e Oficina G3.<\/p>\n<p>J\u00e1 s\u00e3o esperados tamb\u00e9m Chit\u00e3ozinho e Xoror\u00f3, Cristiano Ara\u00fajo e as bandas Garota Safada e Jota Quest. Em um dia especial para as crian\u00e7as a dupla de palha\u00e7os Patati Patat\u00e1 anima a festa.<\/p>\n<p>O evento vai ser realizado de 02 a 13 de julho no Parque de Exposi\u00e7\u00f5es Jo\u00e3o Alencar Athayde, que fica na Av. Geraldo Athayde, no Bairro Alto S\u00e3o Jo\u00e3o, em Montes Claros. Quem inicia os shows em grande estilo \u00e9 a dupla Victor e L\u00e9o.<\/p>\n<p>De 07 a 09 de julho est\u00e3o previstas noites universit\u00e1rias com atra\u00e7\u00f5es regionais, estaduais e nacionais, com atra\u00e7\u00f5es ainda n\u00e3o definidas, assim como no dia 11.<\/p>\n<p>\u201cA demora na divulga\u00e7\u00e3o dos shows se deu por causa Copa do Mundo de Futebol, certamente. Como a Exposi\u00e7\u00e3o coincide com a competi\u00e7\u00e3o ficamos prejudicados no que refere a transporte e ao valor dos cach\u00eas, porque muitos artistas ficaram \u00e0 espera das prefeituras das capitais, onde ter\u00e3o as partidas de futebol, e os valores chegam a R$ 1 milh\u00e3o por apresenta\u00e7\u00e3o\u201d, explica o organizador Leonardo Borges, da Cia Promo\u00e7\u00f5es.<\/p>\n<p>De acordo com Thiago Rezende, tamb\u00e9m da Cia Promo\u00e7\u00f5es, os ingressos ser\u00e3o vendidos somente em junho, mas os passaportes ser\u00e3o comercializados a partir da semana que vem. Os valores n\u00e3o foram divulgados.<\/p>\n<p><img decoding=\"async\" alt=\"\" src=\"http:\/\/aconteceunovale.com.br\/portal\/wp-content\/uploads\/2014\/03\/dupla_victor_e_leo.jpg\" \/><em>Dupla mineira Victor e L\u00e9o \u00e9 a atra\u00e7\u00e3o do primeiro dia da Expomentos.<\/em><\/p>\n<h3><\/h3>\n<h3><strong>Confira a agenda de shows da Expomontes 2014<\/strong><\/h3>\n<p>02\/07 &#8211; Victor &amp; L\u00e9o<br \/>\n03\/07 \u2013 Anivers\u00e1rio de Montes Claros \u2013 Show a cargo da prefeitura<br \/>\n04\/07 \u2013 Lucas Lucco<br \/>\n05\/07 \u2013 Avi\u00f5es do Forr\u00f3<br \/>\n06\/07 \u2013 Patati Patat\u00e1 e Jota Quest<br \/>\n07\/07 a 09\/07 \u2013 Noites universit\u00e1rias<br \/>\n10\/07 \u2013 Damaris e Oficina G3 (Gospel)<br \/>\n11\/07 \u2013 Chit\u00e3ozinho e Xoror\u00f3<br \/>\n12\/07 \u2013 Garota Safada e Cristiano Ara\u00fajo<br \/>\n13\/07 &#8211; Shows a definir<\/p>\n<h3><strong>Outras atra\u00e7\u00f5es<\/strong><\/h3>\n<p>A exposi\u00e7\u00e3o trar\u00e1 ainda 10 leil\u00f5es de animais, semin\u00e1rios, visitas t\u00e9cnicas, parque de divers\u00e3o, mini-fazenda, comercializa\u00e7\u00e3o de produtos agr\u00edcolas e feira de agricultura familiar. A estimativa \u00e9 de que R$ 310 milh\u00f5es sejam movimentados em neg\u00f3cios durante o evento, que espera a visita de 360 mil pessoas.<\/p>\n<p>O diretor financeiro da Sociedade Rural, Moacyr Basso, salienta que s\u00e3o abertas novas oportunidades para que haja um crescente n\u00famero de neg\u00f3cios. \u201cEngana-se quem pensa que o evento se retrai nos tempos de crise \u2013 ao contr\u00e1rio. Quanto maior a dificuldade, maior a import\u00e2ncia de promovermos essa festa. \u00c9 nessa hora que a aten\u00e7\u00e3o do produtor passa a ser disputada e novas oportunidades s\u00e3o criadas, possibilitando avan\u00e7os e resultados conjuntos\u201d, afirma.<\/p>\n<p>\u201cFomentamos a economia, o turismo e potencializamos o entretenimento norte-mineiro. A Exposi\u00e7\u00e3o \u00e9 a vitrine do agroneg\u00f3cio, um mix do que o homem do campo tem melhor, e a noite celebramos com artistas de renome nacional o nosso evento\u201d, completa o presidente da Sociedade Rural, Osmani Barbosa Neto. (G1)<\/p>\n","protected":false},"excerpt":{"rendered":"<p>A organiza\u00e7\u00e3o da Expomontes 2014 confirmou nesta quinta-feira (27) as novas atra\u00e7\u00f5es que far\u00e3o parte do maior evento agropecu\u00e1rio do Norte de Minas Gerais. Integraram a lista a dupla Victor e L\u00e9o, o cantor Lucas Lucco, e a banda Avi\u00f5es do Forr\u00f3. Na noite gospel estar\u00e3o Damaris e Oficina G3. J\u00e1 s\u00e3o esperados tamb\u00e9m Chit\u00e3ozinho [&hellip;]<\/p>\n","protected":false},"author":1,"featured_media":24808,"comment_status":"open","ping_status":"closed","sticky":false,"template":"","format":"standard","meta":{"amp_status":"","footnotes":""},"categories":[125],"tags":[6014,1018,6015,210],"class_list":["post-24807","post","type-post","status-publish","format-standard","has-post-thumbnail","hentry","category-noticias","tag-confira-a-agenda-de-shows-da-expomontes-2014","tag-destaque","tag-expomontes-2014","tag-montes-claros"],"_links":{"self":[{"href":"https:\/\/aconteceunovale.com.br\/portal\/index.php?rest_route=\/wp\/v2\/posts\/24807","targetHints":{"allow":["GET"]}}],"collection":[{"href":"https:\/\/aconteceunovale.com.br\/portal\/index.php?rest_route=\/wp\/v2\/posts"}],"about":[{"href":"https:\/\/aconteceunovale.com.br\/portal\/index.php?rest_route=\/wp\/v2\/types\/post"}],"author":[{"embeddable":true,"href":"https:\/\/aconteceunovale.com.br\/portal\/index.php?rest_route=\/wp\/v2\/users\/1"}],"replies":[{"embeddable":true,"href":"https:\/\/aconteceunovale.com.br\/portal\/index.php?rest_route=%2Fwp%2Fv2%2Fcomments&post=24807"}],"version-history":[{"count":0,"href":"https:\/\/aconteceunovale.com.br\/portal\/index.php?rest_route=\/wp\/v2\/posts\/24807\/revisions"}],"wp:featuredmedia":[{"embeddable":true,"href":"https:\/\/aconteceunovale.com.br\/portal\/index.php?rest_route=\/wp\/v2\/media\/24808"}],"wp:attachment":[{"href":"https:\/\/aconteceunovale.com.br\/portal\/index.php?rest_route=%2Fwp%2Fv2%2Fmedia&parent=24807"}],"wp:term":[{"taxonomy":"category","embeddable":true,"href":"https:\/\/aconteceunovale.com.br\/portal\/index.php?rest_route=%2Fwp%2Fv2%2Fcategories&post=24807"},{"taxonomy":"post_tag","embeddable":true,"href":"https:\/\/aconteceunovale.com.br\/portal\/index.php?rest_route=%2Fwp%2Fv2%2Ftags&post=24807"}],"curies":[{"name":"wp","href":"https:\/\/api.w.org\/{rel}","templated":true}]}}