{"id":24800,"date":"2014-03-27T13:56:00","date_gmt":"2014-03-27T16:56:00","guid":{"rendered":"http:\/\/aconteceunovale.com.br\/portal\/?p=24800"},"modified":"2014-03-27T13:56:00","modified_gmt":"2014-03-27T16:56:00","slug":"camara-municipal-de-sao-joao-do-manteninha-da-posse-a-nova-prefeita","status":"publish","type":"post","link":"https:\/\/aconteceunovale.com.br\/portal\/?p=24800","title":{"rendered":"C\u00e2mara Municipal de S\u00e3o Jo\u00e3o do Manteninha d\u00e1 posse a nova prefeita"},"content":{"rendered":"<p>A C\u00e2mara Municipal de S\u00e3o Jo\u00e3o do Manteninha, no Leste de Minas Gerais, realizou na noite dessa quarta-feira (26), a cerim\u00f4nia de posse de Maria Aparecida de Ara\u00fajo como prefeita da cidade. Aparecida era a vice-prefeita do munic\u00edpio e a assume a chefia do executivo no lugar de Paulo Roberto Rodrigues.<\/p>\n<p>Paulinho, como era conhecido, e o pai dele, Ilson de Paula Rodrigues de 73 anos, morreram na \u00faltima ter\u00e7a-feira (25) em um acidente de carro na BR-259, perto de Governador Valadares. A nova prefeita vai ficar no cargo at\u00e9 o fim do mandato.<\/p>\n","protected":false},"excerpt":{"rendered":"<p>A C\u00e2mara Municipal de S\u00e3o Jo\u00e3o do Manteninha, no Leste de Minas Gerais, realizou na noite dessa quarta-feira (26), a cerim\u00f4nia de posse de Maria Aparecida de Ara\u00fajo como prefeita da cidade. Aparecida era a vice-prefeita do munic\u00edpio e a assume a chefia do executivo no lugar de Paulo Roberto Rodrigues. Paulinho, como era conhecido, [&hellip;]<\/p>\n","protected":false},"author":1,"featured_media":24801,"comment_status":"open","ping_status":"closed","sticky":false,"template":"","format":"standard","meta":{"amp_status":"","footnotes":""},"categories":[121],"tags":[6010,6011,5873,1675],"class_list":["post-24800","post","type-post","status-publish","format-standard","has-post-thumbnail","hentry","category-leste","tag-camara-municipal-de-sao-joao-do-manteninha-da-posse-a-nova-prefeita","tag-maria-aparecida-de-araujo","tag-paulo-roberto-rodrigues","tag-sao-joao-do-manteninha"],"_links":{"self":[{"href":"https:\/\/aconteceunovale.com.br\/portal\/index.php?rest_route=\/wp\/v2\/posts\/24800","targetHints":{"allow":["GET"]}}],"collection":[{"href":"https:\/\/aconteceunovale.com.br\/portal\/index.php?rest_route=\/wp\/v2\/posts"}],"about":[{"href":"https:\/\/aconteceunovale.com.br\/portal\/index.php?rest_route=\/wp\/v2\/types\/post"}],"author":[{"embeddable":true,"href":"https:\/\/aconteceunovale.com.br\/portal\/index.php?rest_route=\/wp\/v2\/users\/1"}],"replies":[{"embeddable":true,"href":"https:\/\/aconteceunovale.com.br\/portal\/index.php?rest_route=%2Fwp%2Fv2%2Fcomments&post=24800"}],"version-history":[{"count":0,"href":"https:\/\/aconteceunovale.com.br\/portal\/index.php?rest_route=\/wp\/v2\/posts\/24800\/revisions"}],"wp:featuredmedia":[{"embeddable":true,"href":"https:\/\/aconteceunovale.com.br\/portal\/index.php?rest_route=\/wp\/v2\/media\/24801"}],"wp:attachment":[{"href":"https:\/\/aconteceunovale.com.br\/portal\/index.php?rest_route=%2Fwp%2Fv2%2Fmedia&parent=24800"}],"wp:term":[{"taxonomy":"category","embeddable":true,"href":"https:\/\/aconteceunovale.com.br\/portal\/index.php?rest_route=%2Fwp%2Fv2%2Fcategories&post=24800"},{"taxonomy":"post_tag","embeddable":true,"href":"https:\/\/aconteceunovale.com.br\/portal\/index.php?rest_route=%2Fwp%2Fv2%2Ftags&post=24800"}],"curies":[{"name":"wp","href":"https:\/\/api.w.org\/{rel}","templated":true}]}}