{"id":24787,"date":"2014-03-27T13:34:49","date_gmt":"2014-03-27T16:34:49","guid":{"rendered":"http:\/\/aconteceunovale.com.br\/portal\/?p=24787"},"modified":"2014-03-27T13:34:49","modified_gmt":"2014-03-27T16:34:49","slug":"camara-aprova-reserva-de-20-de-vagas-para-negros-em-concursos-publicos","status":"publish","type":"post","link":"https:\/\/aconteceunovale.com.br\/portal\/?p=24787","title":{"rendered":"C\u00e2mara aprova reserva de 20% de vagas para negros em concursos p\u00fablicos"},"content":{"rendered":"<p>A C\u00e2mara dos Deputados aprovou ontem, 26 de mar\u00e7o, o projeto de lei que reserva 20% das vagas em concursos p\u00fablicos da administra\u00e7\u00e3o direta e indireta da Uni\u00e3o a candidatos negros. Foram 314 votos favor\u00e1veis, 36 contr\u00e1rios e seis absten\u00e7\u00f5es. De acordo com o projeto, a reserva vai durar dez anos e come\u00e7ar\u00e1 a valer ap\u00f3s a aprova\u00e7\u00e3o do texto pelo Senado e a san\u00e7\u00e3o presidencial. O projeto, apresentado pelo Executivo, segue agora para aprecia\u00e7\u00e3o dos senadores.<\/p>\n<p><img decoding=\"async\" src=\"http:\/\/aconteceunovale.com.br\/portal\/wp-content\/uploads\/2014\/03\/cota_negros_concurso_publico.jpg\" alt=\"\" \/><br \/>\n<em><strong>Deputados comemoram aprova\u00e7\u00e3o de projeto que estabelece cota de 20% das vagas para negros na administra\u00e7\u00e3o federal<\/strong><\/em><\/p>\n<p>Ontem pela manh\u00e3, o projeto tinha sido aprovado pela Comiss\u00e3o de Constitui\u00e7\u00e3o e Justi\u00e7a da C\u00e2mara, depois de ter sido discutido durante toda a tarde de ter\u00e7a, 25 de mar\u00e7o, e parte da manh\u00e3 de ontem. Antes da vota\u00e7\u00e3o em plen\u00e1rio do texto principal, os deputados rejeitaram duas emendas ao projeto, que estendiam a reserva de vagas aos cargos em comiss\u00e3o da esfera federal e subdividiam a cota, nos concursos p\u00fablicos, entre os que estudaram em escola p\u00fablica e privada. <em>(Ag\u00eancia Brasil)<\/em><\/p>\n","protected":false},"excerpt":{"rendered":"<p>A C\u00e2mara dos Deputados aprovou ontem, 26 de mar\u00e7o, o projeto de lei que reserva 20% das vagas em concursos p\u00fablicos da administra\u00e7\u00e3o direta e indireta da Uni\u00e3o a candidatos negros. Foram 314 votos favor\u00e1veis, 36 contr\u00e1rios e seis absten\u00e7\u00f5es. De acordo com o projeto, a reserva vai durar dez anos e come\u00e7ar\u00e1 a valer [&hellip;]<\/p>\n","protected":false},"author":1,"featured_media":24788,"comment_status":"open","ping_status":"closed","sticky":false,"template":"","format":"standard","meta":{"amp_status":"","footnotes":""},"categories":[6],"tags":[6004,6003,245],"class_list":["post-24787","post","type-post","status-publish","format-standard","has-post-thumbnail","hentry","category-br","tag-20-de-vagas-para-negros-em-concursos-publicos","tag-camara-aprova-reserva-de-20-de-vagas-para-negros-em-concursos-publicos","tag-concursos-publicos"],"_links":{"self":[{"href":"https:\/\/aconteceunovale.com.br\/portal\/index.php?rest_route=\/wp\/v2\/posts\/24787","targetHints":{"allow":["GET"]}}],"collection":[{"href":"https:\/\/aconteceunovale.com.br\/portal\/index.php?rest_route=\/wp\/v2\/posts"}],"about":[{"href":"https:\/\/aconteceunovale.com.br\/portal\/index.php?rest_route=\/wp\/v2\/types\/post"}],"author":[{"embeddable":true,"href":"https:\/\/aconteceunovale.com.br\/portal\/index.php?rest_route=\/wp\/v2\/users\/1"}],"replies":[{"embeddable":true,"href":"https:\/\/aconteceunovale.com.br\/portal\/index.php?rest_route=%2Fwp%2Fv2%2Fcomments&post=24787"}],"version-history":[{"count":0,"href":"https:\/\/aconteceunovale.com.br\/portal\/index.php?rest_route=\/wp\/v2\/posts\/24787\/revisions"}],"wp:featuredmedia":[{"embeddable":true,"href":"https:\/\/aconteceunovale.com.br\/portal\/index.php?rest_route=\/wp\/v2\/media\/24788"}],"wp:attachment":[{"href":"https:\/\/aconteceunovale.com.br\/portal\/index.php?rest_route=%2Fwp%2Fv2%2Fmedia&parent=24787"}],"wp:term":[{"taxonomy":"category","embeddable":true,"href":"https:\/\/aconteceunovale.com.br\/portal\/index.php?rest_route=%2Fwp%2Fv2%2Fcategories&post=24787"},{"taxonomy":"post_tag","embeddable":true,"href":"https:\/\/aconteceunovale.com.br\/portal\/index.php?rest_route=%2Fwp%2Fv2%2Ftags&post=24787"}],"curies":[{"name":"wp","href":"https:\/\/api.w.org\/{rel}","templated":true}]}}