{"id":24762,"date":"2014-03-26T23:24:30","date_gmt":"2014-03-27T02:24:30","guid":{"rendered":"http:\/\/aconteceunovale.com.br\/portal\/?p=24762"},"modified":"2026-09-02T12:24:00","modified_gmt":"2026-09-02T15:24:00","slug":"projeto-de-implantacao-da-ufvjm-para-as-cidades-de-aracuai-capelinha-e-almenara-recebem-sinal-verde","status":"publish","type":"post","link":"https:\/\/aconteceunovale.com.br\/portal\/?p=24762","title":{"rendered":"Projeto de implanta\u00e7\u00e3o da UFVJM para as cidades de Ara\u00e7ua\u00ed, Capelinha e Almenara recebem sinal verde"},"content":{"rendered":"<p>Articulado pelo deputado federal Reginaldo Lopes e liderado pelo Movimento &#8220;A UFVJM \u00e9 nossa&#8221;, o projeto de expans\u00e3o da Universidade Federal dos Vales do Jequitinhonha e Mucuri (UFVJM) para as cidades de Ara\u00e7ua\u00ed, Almenara e Capelinha est\u00e1 mais pr\u00f3xima de se tornar realidade. O secret\u00e1rio executivo do Minist\u00e9rio da Educa\u00e7\u00e3o (MEC), Luiz Claudio Costa, solicitou que o reitor da Universidade, Pedro \u00c2ngelo, encaminhe o plano pedag\u00f3gico e administrativo, contendo informa\u00e7\u00f5es sobre os cursos, professores e t\u00e9cnicos necess\u00e1rios e tamb\u00e9m sobre os terrenos onde os campi dever\u00e3o ser instalados. \u201cA interioriza\u00e7\u00e3o da UFVJM, contemplando o Baixo, M\u00e9dio e Alto Jequitinhonha \u00e9 um caminho sem volta\u201d, declarou Lopes.<\/p>\n<p>O pedido do MEC foi feito no \u00faltimo dia 19, em reuni\u00e3o promovida por Lopes em Bras\u00edlia e que contou com a participa\u00e7\u00e3o de Costa, do reitor Pedro \u00c2ngelo, do prefeito e vice de Ara\u00e7ua\u00ed , Armando Paix\u00e3o e Rita Capdeville, respectivamente, da prefeita de Almenara, Fabiany Ferraz e do prefeito de Capelinha, Jos\u00e9 Ant\u00f4nio.<\/p>\n<p>O parlamentar lembrou que a articula\u00e7\u00e3o para expans\u00e3o da UFVJM iniciou em 2011, a partir da segunda etapa da Reestrutura\u00e7\u00e3o e Expans\u00e3o das Universidades Federais (Reuni), que contemplou a abertura de novas vagas nas institui\u00e7\u00f5es federais, al\u00e9m da cria\u00e7\u00e3o de novas universidades e novos campi. Em 2012, o Conselho Universit\u00e1rio aprovou o Plano de Desenvolvimento Institucional (PDI) da Universidade, que prev\u00ea a instala\u00e7\u00e3o de campus em Capelinha, Ara\u00e7ua\u00ed e Almenara. J\u00e1 no ano passado foi a vez de definir os terrenos, \u00e1reas do conhecimento e cursos que ser\u00e3o ofertados em cada cidade. E agora foi apresentado o plano pedag\u00f3gico, recebido com elogios pelo MEC.<\/p>\n<p>O secret\u00e1rio executivo do Minist\u00e9rio ressaltou que a data certa para o in\u00edcio da implanta\u00e7\u00e3o depender\u00e1 da aprova\u00e7\u00e3o, no Congresso, de um projeto de lei que garante mais professores e t\u00e9cnicos administrativos para as institui\u00e7\u00f5es federais de ensino superior. A cria\u00e7\u00e3o dos campi est\u00e1 prevista dentro da terceira expans\u00e3o da rede federal de ensino que ser\u00e1 realizada pelo Governo Federal entre os anos de 2015 e 2018.<\/p>\n<p>\u201cIsso \u00e9 compromisso de alma e de irm\u00e3o, enquanto eu tiver representa\u00e7\u00e3o na vida p\u00fablica vou trabalhar para que o Vale do Jequitinhonha receba tr\u00eas unidades da UFVJM para fazer jus \u00e0s dist\u00e2ncias da regi\u00e3o e a sua diversidade\u201d, afirmou Lopes. <\/p>\n","protected":false},"excerpt":{"rendered":"<p>Articulado pelo deputado federal Reginaldo Lopes e liderado pelo Movimento &#8220;A UFVJM \u00e9 nossa&#8221;, o projeto de expans\u00e3o da Universidade Federal dos Vales do Jequitinhonha e Mucuri (UFVJM) para as cidades de Ara\u00e7ua\u00ed, Almenara e Capelinha est\u00e1 mais pr\u00f3xima de se tornar realidade. O secret\u00e1rio executivo do Minist\u00e9rio da Educa\u00e7\u00e3o (MEC), Luiz Claudio Costa, solicitou [&hellip;]<\/p>\n","protected":false},"author":1,"featured_media":24763,"comment_status":"open","ping_status":"closed","sticky":false,"template":"","format":"standard","meta":{"amp_status":"","footnotes":""},"categories":[272528,272530,272535,120],"tags":[142,186,132,5998,5999,5997,5996,250],"class_list":["post-24762","post","type-post","status-publish","format-standard","has-post-thumbnail","hentry","category-almenara","category-aracuai","category-capelinha","category-jequi","tag-almenara","tag-aracuai","tag-capelinha","tag-implantacao-de-campus-da-ufvjm-em-almenara-recebe-sinal-verde-do-mec","tag-implantacao-de-campus-da-ufvjm-em-aracuai-recebe-sinal-verde-do-mec","tag-implantacao-de-campus-da-ufvjm-em-capelinha-recebe-sinal-verde-do-mec","tag-movimento-ufvjm-e-nossa","tag-ufvjm"],"yoast_head":"<!-- This site is optimized with the Yoast SEO plugin v28.3 - https:\/\/yoast.com\/product\/yoast-seo-wordpress\/ -->\n<title>Projeto de implanta\u00e7\u00e3o da UFVJM para as cidades de Ara\u00e7ua\u00ed, Capelinha e Almenara recebem sinal verde - Aconteceu no Vale<\/title>\n<meta name=\"robots\" content=\"index, follow, max-snippet:-1, max-image-preview:large, max-video-preview:-1\" \/>\n<link rel=\"canonical\" href=\"https:\/\/aconteceunovale.com.br\/portal\/?p=24762\" \/>\n<meta property=\"og:locale\" content=\"pt_BR\" \/>\n<meta property=\"og:type\" content=\"article\" \/>\n<meta property=\"og:title\" content=\"Projeto de implanta\u00e7\u00e3o da UFVJM para as cidades de Ara\u00e7ua\u00ed, Capelinha e Almenara recebem sinal verde - Aconteceu no Vale\" \/>\n<meta property=\"og:description\" content=\"Articulado pelo deputado federal Reginaldo Lopes e liderado pelo Movimento &#8220;A UFVJM \u00e9 nossa&#8221;, o projeto de expans\u00e3o da Universidade Federal dos Vales do Jequitinhonha e Mucuri (UFVJM) para as cidades de Ara\u00e7ua\u00ed, Almenara e Capelinha est\u00e1 mais pr\u00f3xima de se tornar realidade. O secret\u00e1rio executivo do Minist\u00e9rio da Educa\u00e7\u00e3o (MEC), Luiz Claudio Costa, solicitou [&hellip;]\" \/>\n<meta property=\"og:url\" content=\"https:\/\/aconteceunovale.com.br\/portal\/?p=24762\" \/>\n<meta property=\"og:site_name\" content=\"Aconteceu no Vale\" \/>\n<meta property=\"article:publisher\" content=\"https:\/\/www.facebook.com\/aconteceunovale\/\" \/>\n<meta property=\"article:published_time\" content=\"2014-03-27T02:24:30+00:00\" \/>\n<meta property=\"article:modified_time\" content=\"2026-09-02T15:24:00+00:00\" \/>\n<meta property=\"og:image\" content=\"https:\/\/aconteceunovale.com.br\/portal\/wp-content\/uploads\/2014\/03\/movimento_ufvjm_recebe_sinal_verde.jpg\" \/>\n\t<meta property=\"og:image:width\" content=\"568\" \/>\n\t<meta property=\"og:image:height\" content=\"450\" \/>\n\t<meta property=\"og:image:type\" content=\"image\/jpeg\" \/>\n<meta name=\"author\" content=\"Aconteceu no Vale\" \/>\n<meta name=\"twitter:card\" content=\"summary_large_image\" \/>\n<meta name=\"twitter:creator\" content=\"@noticiadosvales\" \/>\n<meta name=\"twitter:site\" content=\"@noticiadosvales\" \/>\n<meta name=\"twitter:label1\" content=\"Escrito por\" \/>\n\t<meta name=\"twitter:data1\" content=\"Aconteceu no Vale\" \/>\n\t<meta name=\"twitter:label2\" content=\"Est. tempo de leitura\" \/>\n\t<meta name=\"twitter:data2\" content=\"2 minutos\" \/>\n<script type=\"application\/ld+json\" class=\"yoast-schema-graph\">{\"@context\":\"https:\\\/\\\/schema.org\",\"@graph\":[{\"@type\":\"Article\",\"@id\":\"https:\\\/\\\/aconteceunovale.com.br\\\/portal\\\/?p=24762#article\",\"isPartOf\":{\"@id\":\"https:\\\/\\\/aconteceunovale.com.br\\\/portal\\\/?p=24762\"},\"author\":{\"name\":\"Aconteceu no Vale\",\"@id\":\"https:\\\/\\\/aconteceunovale.com.br\\\/portal\\\/#\\\/schema\\\/person\\\/633529146f2c94272bef50ac2953d589\"},\"headline\":\"Projeto de implanta\u00e7\u00e3o da UFVJM para as cidades de Ara\u00e7ua\u00ed, Capelinha e Almenara recebem sinal verde\",\"datePublished\":\"2014-03-27T02:24:30+00:00\",\"dateModified\":\"2026-09-02T15:24:00+00:00\",\"mainEntityOfPage\":{\"@id\":\"https:\\\/\\\/aconteceunovale.com.br\\\/portal\\\/?p=24762\"},\"wordCount\":429,\"commentCount\":0,\"image\":{\"@id\":\"https:\\\/\\\/aconteceunovale.com.br\\\/portal\\\/?p=24762#primaryimage\"},\"thumbnailUrl\":\"https:\\\/\\\/aconteceunovale.com.br\\\/portal\\\/wp-content\\\/uploads\\\/2014\\\/03\\\/movimento_ufvjm_recebe_sinal_verde.jpg\",\"keywords\":[\"Almenara\",\"Ara\u00e7ua\u00ed\",\"Capelinha\",\"implanta\u00e7\u00e3o de campus da ufvjm em almenara recebe sinal verde do mec\",\"implanta\u00e7\u00e3o de campus da ufvjm em ara\u00e7ua\u00ed recebe sinal verde do mec\",\"implanta\u00e7\u00e3o de campus da ufvjm em capelinha recebe sinal verde do mec\",\"Movimento UFVJM \u00e9 nossa\",\"UFVJM\"],\"articleSection\":[\"Almenara\",\"Ara\u00e7ua\u00ed\",\"Capelinha\",\"Vale do Jequitinhonha\"],\"inLanguage\":\"pt-BR\",\"potentialAction\":[{\"@type\":\"CommentAction\",\"name\":\"Comment\",\"target\":[\"https:\\\/\\\/aconteceunovale.com.br\\\/portal\\\/?p=24762#respond\"]}]},{\"@type\":\"WebPage\",\"@id\":\"https:\\\/\\\/aconteceunovale.com.br\\\/portal\\\/?p=24762\",\"url\":\"https:\\\/\\\/aconteceunovale.com.br\\\/portal\\\/?p=24762\",\"name\":\"Projeto de implanta\u00e7\u00e3o da UFVJM para as cidades de Ara\u00e7ua\u00ed, Capelinha e Almenara recebem sinal verde - Aconteceu no Vale\",\"isPartOf\":{\"@id\":\"https:\\\/\\\/aconteceunovale.com.br\\\/portal\\\/#website\"},\"primaryImageOfPage\":{\"@id\":\"https:\\\/\\\/aconteceunovale.com.br\\\/portal\\\/?p=24762#primaryimage\"},\"image\":{\"@id\":\"https:\\\/\\\/aconteceunovale.com.br\\\/portal\\\/?p=24762#primaryimage\"},\"thumbnailUrl\":\"https:\\\/\\\/aconteceunovale.com.br\\\/portal\\\/wp-content\\\/uploads\\\/2014\\\/03\\\/movimento_ufvjm_recebe_sinal_verde.jpg\",\"datePublished\":\"2014-03-27T02:24:30+00:00\",\"dateModified\":\"2026-09-02T15:24:00+00:00\",\"author\":{\"@id\":\"https:\\\/\\\/aconteceunovale.com.br\\\/portal\\\/#\\\/schema\\\/person\\\/633529146f2c94272bef50ac2953d589\"},\"breadcrumb\":{\"@id\":\"https:\\\/\\\/aconteceunovale.com.br\\\/portal\\\/?p=24762#breadcrumb\"},\"inLanguage\":\"pt-BR\",\"potentialAction\":[{\"@type\":\"ReadAction\",\"target\":[\"https:\\\/\\\/aconteceunovale.com.br\\\/portal\\\/?p=24762\"]}]},{\"@type\":\"ImageObject\",\"inLanguage\":\"pt-BR\",\"@id\":\"https:\\\/\\\/aconteceunovale.com.br\\\/portal\\\/?p=24762#primaryimage\",\"url\":\"https:\\\/\\\/aconteceunovale.com.br\\\/portal\\\/wp-content\\\/uploads\\\/2014\\\/03\\\/movimento_ufvjm_recebe_sinal_verde.jpg\",\"contentUrl\":\"https:\\\/\\\/aconteceunovale.com.br\\\/portal\\\/wp-content\\\/uploads\\\/2014\\\/03\\\/movimento_ufvjm_recebe_sinal_verde.jpg\",\"width\":568,\"height\":450},{\"@type\":\"BreadcrumbList\",\"@id\":\"https:\\\/\\\/aconteceunovale.com.br\\\/portal\\\/?p=24762#breadcrumb\",\"itemListElement\":[{\"@type\":\"ListItem\",\"position\":1,\"name\":\"In\u00edcio\",\"item\":\"https:\\\/\\\/aconteceunovale.com.br\\\/portal\\\/\"},{\"@type\":\"ListItem\",\"position\":2,\"name\":\"Projeto de implanta\u00e7\u00e3o da UFVJM para as cidades de Ara\u00e7ua\u00ed, Capelinha e Almenara recebem sinal verde\"}]},{\"@type\":\"WebSite\",\"@id\":\"https:\\\/\\\/aconteceunovale.com.br\\\/portal\\\/#website\",\"url\":\"https:\\\/\\\/aconteceunovale.com.br\\\/portal\\\/\",\"name\":\"Aconteceu no Vale\",\"description\":\"Portal de Not\u00edcias\",\"potentialAction\":[{\"@type\":\"SearchAction\",\"target\":{\"@type\":\"EntryPoint\",\"urlTemplate\":\"https:\\\/\\\/aconteceunovale.com.br\\\/portal\\\/?s={search_term_string}\"},\"query-input\":{\"@type\":\"PropertyValueSpecification\",\"valueRequired\":true,\"valueName\":\"search_term_string\"}}],\"inLanguage\":\"pt-BR\"},{\"@type\":\"Person\",\"@id\":\"https:\\\/\\\/aconteceunovale.com.br\\\/portal\\\/#\\\/schema\\\/person\\\/633529146f2c94272bef50ac2953d589\",\"name\":\"Aconteceu no Vale\",\"description\":\"Equipe de reportagem do Aconteceu no Vale, portal de not\u00edcias do Vale do Jequitinhonha, em Minas Gerais. Cobrimos as 51 cidades do Vale desde 2013. Sugest\u00f5es de pauta e pedidos de corre\u00e7\u00e3o: contato@aconteceunovale.com.br\",\"sameAs\":[\"http:\\\/\\\/www.aconteceunovale.com.br\"],\"url\":\"https:\\\/\\\/aconteceunovale.com.br\\\/portal\\\/?author=1\"}]}<\/script>\n<!-- \/ Yoast SEO plugin. -->","yoast_head_json":{"title":"Projeto de implanta\u00e7\u00e3o da UFVJM para as cidades de Ara\u00e7ua\u00ed, Capelinha e Almenara recebem sinal verde - Aconteceu no Vale","robots":{"index":"index","follow":"follow","max-snippet":"max-snippet:-1","max-image-preview":"max-image-preview:large","max-video-preview":"max-video-preview:-1"},"canonical":"https:\/\/aconteceunovale.com.br\/portal\/?p=24762","og_locale":"pt_BR","og_type":"article","og_title":"Projeto de implanta\u00e7\u00e3o da UFVJM para as cidades de Ara\u00e7ua\u00ed, Capelinha e Almenara recebem sinal verde - Aconteceu no Vale","og_description":"Articulado pelo deputado federal Reginaldo Lopes e liderado pelo Movimento &#8220;A UFVJM \u00e9 nossa&#8221;, o projeto de expans\u00e3o da Universidade Federal dos Vales do Jequitinhonha e Mucuri (UFVJM) para as cidades de Ara\u00e7ua\u00ed, Almenara e Capelinha est\u00e1 mais pr\u00f3xima de se tornar realidade. O secret\u00e1rio executivo do Minist\u00e9rio da Educa\u00e7\u00e3o (MEC), Luiz Claudio Costa, solicitou [&hellip;]","og_url":"https:\/\/aconteceunovale.com.br\/portal\/?p=24762","og_site_name":"Aconteceu no Vale","article_publisher":"https:\/\/www.facebook.com\/aconteceunovale\/","article_published_time":"2014-03-27T02:24:30+00:00","article_modified_time":"2026-09-02T15:24:00+00:00","og_image":[{"width":568,"height":450,"url":"https:\/\/aconteceunovale.com.br\/portal\/wp-content\/uploads\/2014\/03\/movimento_ufvjm_recebe_sinal_verde.jpg","type":"image\/jpeg"}],"author":"Aconteceu no Vale","twitter_card":"summary_large_image","twitter_creator":"@noticiadosvales","twitter_site":"@noticiadosvales","twitter_misc":{"Escrito por":"Aconteceu no Vale","Est. tempo de leitura":"2 minutos"},"schema":{"@context":"https:\/\/schema.org","@graph":[{"@type":"Article","@id":"https:\/\/aconteceunovale.com.br\/portal\/?p=24762#article","isPartOf":{"@id":"https:\/\/aconteceunovale.com.br\/portal\/?p=24762"},"author":{"name":"Aconteceu no Vale","@id":"https:\/\/aconteceunovale.com.br\/portal\/#\/schema\/person\/633529146f2c94272bef50ac2953d589"},"headline":"Projeto de implanta\u00e7\u00e3o da UFVJM para as cidades de Ara\u00e7ua\u00ed, Capelinha e Almenara recebem sinal verde","datePublished":"2014-03-27T02:24:30+00:00","dateModified":"2026-09-02T15:24:00+00:00","mainEntityOfPage":{"@id":"https:\/\/aconteceunovale.com.br\/portal\/?p=24762"},"wordCount":429,"commentCount":0,"image":{"@id":"https:\/\/aconteceunovale.com.br\/portal\/?p=24762#primaryimage"},"thumbnailUrl":"https:\/\/aconteceunovale.com.br\/portal\/wp-content\/uploads\/2014\/03\/movimento_ufvjm_recebe_sinal_verde.jpg","keywords":["Almenara","Ara\u00e7ua\u00ed","Capelinha","implanta\u00e7\u00e3o de campus da ufvjm em almenara recebe sinal verde do mec","implanta\u00e7\u00e3o de campus da ufvjm em ara\u00e7ua\u00ed recebe sinal verde do mec","implanta\u00e7\u00e3o de campus da ufvjm em capelinha recebe sinal verde do mec","Movimento UFVJM \u00e9 nossa","UFVJM"],"articleSection":["Almenara","Ara\u00e7ua\u00ed","Capelinha","Vale do Jequitinhonha"],"inLanguage":"pt-BR","potentialAction":[{"@type":"CommentAction","name":"Comment","target":["https:\/\/aconteceunovale.com.br\/portal\/?p=24762#respond"]}]},{"@type":"WebPage","@id":"https:\/\/aconteceunovale.com.br\/portal\/?p=24762","url":"https:\/\/aconteceunovale.com.br\/portal\/?p=24762","name":"Projeto de implanta\u00e7\u00e3o da UFVJM para as cidades de Ara\u00e7ua\u00ed, Capelinha e Almenara recebem sinal verde - Aconteceu no Vale","isPartOf":{"@id":"https:\/\/aconteceunovale.com.br\/portal\/#website"},"primaryImageOfPage":{"@id":"https:\/\/aconteceunovale.com.br\/portal\/?p=24762#primaryimage"},"image":{"@id":"https:\/\/aconteceunovale.com.br\/portal\/?p=24762#primaryimage"},"thumbnailUrl":"https:\/\/aconteceunovale.com.br\/portal\/wp-content\/uploads\/2014\/03\/movimento_ufvjm_recebe_sinal_verde.jpg","datePublished":"2014-03-27T02:24:30+00:00","dateModified":"2026-09-02T15:24:00+00:00","author":{"@id":"https:\/\/aconteceunovale.com.br\/portal\/#\/schema\/person\/633529146f2c94272bef50ac2953d589"},"breadcrumb":{"@id":"https:\/\/aconteceunovale.com.br\/portal\/?p=24762#breadcrumb"},"inLanguage":"pt-BR","potentialAction":[{"@type":"ReadAction","target":["https:\/\/aconteceunovale.com.br\/portal\/?p=24762"]}]},{"@type":"ImageObject","inLanguage":"pt-BR","@id":"https:\/\/aconteceunovale.com.br\/portal\/?p=24762#primaryimage","url":"https:\/\/aconteceunovale.com.br\/portal\/wp-content\/uploads\/2014\/03\/movimento_ufvjm_recebe_sinal_verde.jpg","contentUrl":"https:\/\/aconteceunovale.com.br\/portal\/wp-content\/uploads\/2014\/03\/movimento_ufvjm_recebe_sinal_verde.jpg","width":568,"height":450},{"@type":"BreadcrumbList","@id":"https:\/\/aconteceunovale.com.br\/portal\/?p=24762#breadcrumb","itemListElement":[{"@type":"ListItem","position":1,"name":"In\u00edcio","item":"https:\/\/aconteceunovale.com.br\/portal\/"},{"@type":"ListItem","position":2,"name":"Projeto de implanta\u00e7\u00e3o da UFVJM para as cidades de Ara\u00e7ua\u00ed, Capelinha e Almenara recebem sinal verde"}]},{"@type":"WebSite","@id":"https:\/\/aconteceunovale.com.br\/portal\/#website","url":"https:\/\/aconteceunovale.com.br\/portal\/","name":"Aconteceu no Vale","description":"Portal de Not\u00edcias","potentialAction":[{"@type":"SearchAction","target":{"@type":"EntryPoint","urlTemplate":"https:\/\/aconteceunovale.com.br\/portal\/?s={search_term_string}"},"query-input":{"@type":"PropertyValueSpecification","valueRequired":true,"valueName":"search_term_string"}}],"inLanguage":"pt-BR"},{"@type":"Person","@id":"https:\/\/aconteceunovale.com.br\/portal\/#\/schema\/person\/633529146f2c94272bef50ac2953d589","name":"Aconteceu no Vale","description":"Equipe de reportagem do Aconteceu no Vale, portal de not\u00edcias do Vale do Jequitinhonha, em Minas Gerais. Cobrimos as 51 cidades do Vale desde 2013. Sugest\u00f5es de pauta e pedidos de corre\u00e7\u00e3o: contato@aconteceunovale.com.br","sameAs":["http:\/\/www.aconteceunovale.com.br"],"url":"https:\/\/aconteceunovale.com.br\/portal\/?author=1"}]}},"_links":{"self":[{"href":"https:\/\/aconteceunovale.com.br\/portal\/index.php?rest_route=\/wp\/v2\/posts\/24762","targetHints":{"allow":["GET"]}}],"collection":[{"href":"https:\/\/aconteceunovale.com.br\/portal\/index.php?rest_route=\/wp\/v2\/posts"}],"about":[{"href":"https:\/\/aconteceunovale.com.br\/portal\/index.php?rest_route=\/wp\/v2\/types\/post"}],"author":[{"embeddable":true,"href":"https:\/\/aconteceunovale.com.br\/portal\/index.php?rest_route=\/wp\/v2\/users\/1"}],"replies":[{"embeddable":true,"href":"https:\/\/aconteceunovale.com.br\/portal\/index.php?rest_route=%2Fwp%2Fv2%2Fcomments&post=24762"}],"version-history":[{"count":1,"href":"https:\/\/aconteceunovale.com.br\/portal\/index.php?rest_route=\/wp\/v2\/posts\/24762\/revisions"}],"predecessor-version":[{"id":198797,"href":"https:\/\/aconteceunovale.com.br\/portal\/index.php?rest_route=\/wp\/v2\/posts\/24762\/revisions\/198797"}],"wp:featuredmedia":[{"embeddable":true,"href":"https:\/\/aconteceunovale.com.br\/portal\/index.php?rest_route=\/wp\/v2\/media\/24763"}],"wp:attachment":[{"href":"https:\/\/aconteceunovale.com.br\/portal\/index.php?rest_route=%2Fwp%2Fv2%2Fmedia&parent=24762"}],"wp:term":[{"taxonomy":"category","embeddable":true,"href":"https:\/\/aconteceunovale.com.br\/portal\/index.php?rest_route=%2Fwp%2Fv2%2Fcategories&post=24762"},{"taxonomy":"post_tag","embeddable":true,"href":"https:\/\/aconteceunovale.com.br\/portal\/index.php?rest_route=%2Fwp%2Fv2%2Ftags&post=24762"}],"curies":[{"name":"wp","href":"https:\/\/api.w.org\/{rel}","templated":true}]}}