{"id":24748,"date":"2014-03-26T20:21:54","date_gmt":"2014-03-26T23:21:54","guid":{"rendered":"http:\/\/aconteceunovale.com.br\/portal\/?p=24748"},"modified":"2014-03-26T20:21:54","modified_gmt":"2014-03-26T23:21:54","slug":"minas-gerais-podera-ter-um-codigo-de-protecao-animal","status":"publish","type":"post","link":"https:\/\/aconteceunovale.com.br\/portal\/?p=24748","title":{"rendered":"Minas Gerais poder\u00e1 ter um c\u00f3digo de prote\u00e7\u00e3o animal"},"content":{"rendered":"<p>Minas Gerais poder\u00e1 ganhar um C\u00f3digo de Prote\u00e7\u00e3o Animal. Este \u00e9 o objetivo da s\u00e9rie de audi\u00eancias realizada pela Comiss\u00e3o de Meio Ambiente e Desenvolvimento Sustent\u00e1vel da Assembleia Legislativa de Minas Gerais (ALMG) sobre a quest\u00e3o animal. A \u00faltima delas aconteceu nessa ter\u00e7a-feira (25) e contou com diversas autoridades sobre o assunto, entre entidades protetoras e conselhos veterin\u00e1rios. Daqui a 15 dias, uma nova audi\u00eancia sobre o tema est\u00e1 marcada e, dentro desse intervalo de 15 dias, outras duas ainda acontecer\u00e3o at\u00e9 que a comiss\u00e3o chegue a uma conclus\u00e3o.<\/p>\n<p>O tema desta ter\u00e7a foi a guarda respons\u00e1vel de animais dom\u00e9sticos e o controle populacional de c\u00e3es e gatos. A coordenadora do Grupo Especial de Defesa da Fauna do Minist\u00e9rio P\u00fablico (MP), Lilian Marotta, que t\u00eam acompanhado as reuni\u00f5es, informou que a falta de uma pol\u00edtica p\u00fablica de prote\u00e7\u00e3o animal dificulta at\u00e9 mesmo o trabalho da MP que, frequentemente, recebe den\u00fancias de maus tratos.<\/p>\n<p>Segundo ela, o objetivo \u00e9 unificar todos os projetos existentes sobre a quest\u00e3o animal e criar, assim, um C\u00f3digo que contemple as quest\u00f5es envolvidas. \u201cA ideia \u00e9 estimular o poder p\u00fablico a cumprir os preceitos constitucionais, j\u00e1 que na Constitui\u00e7\u00e3o, h\u00e1 uma cl\u00e1usula sobre a prote\u00e7\u00e3o animal. No entanto, para fazer a lei vale, \u00e9 preciso que a sociedade busque essa regulamenta\u00e7\u00e3o em n\u00edvel estadual\u201d, disse.<\/p>\n<p>De acordo com o deputado C\u00e9lio Moreira, presidente da Comiss\u00e3o, ao todo, s\u00e3o 32 os projetos de lei que tramitam na casa sobre a prote\u00e7\u00e3o animal. \u201cResolvemos discutir esses projetos e depois apresentar um relat\u00f3rio e cobrar do Estado pol\u00edticas p\u00fablicas. Tamb\u00e9m \u00e9 preciso que haja recursos para que essas pol\u00edticas sejam implementadas. Atualmente, a cidade conta com 200 mil animais abandonados pelas ruas\u201d, disse.<\/p>\n<p>A cria\u00e7\u00e3o de um Hospital P\u00fablico Veterin\u00e1rio, a castra\u00e7\u00e3o facilitada e gratuita dos animais &#8211; o servi\u00e7o pode ser feito pela prefeitura, mas o tempo m\u00ednimo de espera, geralmente, \u00e9 de 6 meses -, a reestrutura\u00e7\u00e3o dos centros de zoonoses e uma alternativa a eles para abrigar os animais, s\u00e3o ideias que t\u00eam sido debatidas nas audi\u00eancias e podem ser inclu\u00eddas no C\u00f3digo de Prote\u00e7\u00e3o Animal. <em>(O Tempo)<\/em><\/p>\n","protected":false},"excerpt":{"rendered":"<p>Minas Gerais poder\u00e1 ganhar um C\u00f3digo de Prote\u00e7\u00e3o Animal. Este \u00e9 o objetivo da s\u00e9rie de audi\u00eancias realizada pela Comiss\u00e3o de Meio Ambiente e Desenvolvimento Sustent\u00e1vel da Assembleia Legislativa de Minas Gerais (ALMG) sobre a quest\u00e3o animal. A \u00faltima delas aconteceu nessa ter\u00e7a-feira (25) e contou com diversas autoridades sobre o assunto, entre entidades protetoras [&hellip;]<\/p>\n","protected":false},"author":1,"featured_media":24749,"comment_status":"open","ping_status":"closed","sticky":false,"template":"","format":"standard","meta":{"amp_status":"","footnotes":""},"categories":[123],"tags":[5995,1018,5994],"class_list":["post-24748","post","type-post","status-publish","format-standard","has-post-thumbnail","hentry","category-gerais","tag-codigo-de-protecao-animal","tag-destaque","tag-minas-gerais-podera-ter-um-codigo-de-protecao-animal"],"yoast_head":"<!-- This site is optimized with the Yoast SEO plugin v28.3 - https:\/\/yoast.com\/product\/yoast-seo-wordpress\/ -->\n<title>Minas Gerais poder\u00e1 ter um c\u00f3digo de prote\u00e7\u00e3o animal - Aconteceu no Vale<\/title>\n<meta name=\"robots\" content=\"index, follow, max-snippet:-1, max-image-preview:large, max-video-preview:-1\" \/>\n<link rel=\"canonical\" href=\"https:\/\/aconteceunovale.com.br\/portal\/?p=24748\" \/>\n<meta property=\"og:locale\" content=\"pt_BR\" \/>\n<meta property=\"og:type\" content=\"article\" \/>\n<meta property=\"og:title\" content=\"Minas Gerais poder\u00e1 ter um c\u00f3digo de prote\u00e7\u00e3o animal - Aconteceu no Vale\" \/>\n<meta property=\"og:description\" content=\"Minas Gerais poder\u00e1 ganhar um C\u00f3digo de Prote\u00e7\u00e3o Animal. Este \u00e9 o objetivo da s\u00e9rie de audi\u00eancias realizada pela Comiss\u00e3o de Meio Ambiente e Desenvolvimento Sustent\u00e1vel da Assembleia Legislativa de Minas Gerais (ALMG) sobre a quest\u00e3o animal. A \u00faltima delas aconteceu nessa ter\u00e7a-feira (25) e contou com diversas autoridades sobre o assunto, entre entidades protetoras [&hellip;]\" \/>\n<meta property=\"og:url\" content=\"https:\/\/aconteceunovale.com.br\/portal\/?p=24748\" \/>\n<meta property=\"og:site_name\" content=\"Aconteceu no Vale\" \/>\n<meta property=\"article:publisher\" content=\"https:\/\/www.facebook.com\/aconteceunovale\/\" \/>\n<meta property=\"article:published_time\" content=\"2014-03-26T23:21:54+00:00\" \/>\n<meta property=\"og:image\" content=\"https:\/\/aconteceunovale.com.br\/portal\/wp-content\/uploads\/2014\/03\/codigo_protecao_animal_mg.jpg\" \/>\n\t<meta property=\"og:image:width\" content=\"620\" \/>\n\t<meta property=\"og:image:height\" content=\"420\" \/>\n\t<meta property=\"og:image:type\" content=\"image\/jpeg\" \/>\n<meta name=\"author\" content=\"Aconteceu no Vale\" \/>\n<meta name=\"twitter:card\" content=\"summary_large_image\" \/>\n<meta name=\"twitter:creator\" content=\"@noticiadosvales\" \/>\n<meta name=\"twitter:site\" content=\"@noticiadosvales\" \/>\n<meta name=\"twitter:label1\" content=\"Escrito por\" \/>\n\t<meta name=\"twitter:data1\" content=\"Aconteceu no Vale\" \/>\n\t<meta name=\"twitter:label2\" content=\"Est. tempo de leitura\" \/>\n\t<meta name=\"twitter:data2\" content=\"2 minutos\" \/>\n<script type=\"application\/ld+json\" class=\"yoast-schema-graph\">{\"@context\":\"https:\\\/\\\/schema.org\",\"@graph\":[{\"@type\":\"Article\",\"@id\":\"https:\\\/\\\/aconteceunovale.com.br\\\/portal\\\/?p=24748#article\",\"isPartOf\":{\"@id\":\"https:\\\/\\\/aconteceunovale.com.br\\\/portal\\\/?p=24748\"},\"author\":{\"name\":\"Aconteceu no Vale\",\"@id\":\"https:\\\/\\\/aconteceunovale.com.br\\\/portal\\\/#\\\/schema\\\/person\\\/633529146f2c94272bef50ac2953d589\"},\"headline\":\"Minas Gerais poder\u00e1 ter um c\u00f3digo de prote\u00e7\u00e3o animal\",\"datePublished\":\"2014-03-26T23:21:54+00:00\",\"mainEntityOfPage\":{\"@id\":\"https:\\\/\\\/aconteceunovale.com.br\\\/portal\\\/?p=24748\"},\"wordCount\":407,\"commentCount\":0,\"image\":{\"@id\":\"https:\\\/\\\/aconteceunovale.com.br\\\/portal\\\/?p=24748#primaryimage\"},\"thumbnailUrl\":\"https:\\\/\\\/aconteceunovale.com.br\\\/portal\\\/wp-content\\\/uploads\\\/2014\\\/03\\\/codigo_protecao_animal_mg.jpg\",\"keywords\":[\"c\u00f3digo de prote\u00e7\u00e3o animal\",\"destaque\",\"Minas Gerais poder\u00e1 ter um c\u00f3digo de prote\u00e7\u00e3o animal\"],\"articleSection\":[\"Minas Gerais\"],\"inLanguage\":\"pt-BR\",\"potentialAction\":[{\"@type\":\"CommentAction\",\"name\":\"Comment\",\"target\":[\"https:\\\/\\\/aconteceunovale.com.br\\\/portal\\\/?p=24748#respond\"]}]},{\"@type\":\"WebPage\",\"@id\":\"https:\\\/\\\/aconteceunovale.com.br\\\/portal\\\/?p=24748\",\"url\":\"https:\\\/\\\/aconteceunovale.com.br\\\/portal\\\/?p=24748\",\"name\":\"Minas Gerais poder\u00e1 ter um c\u00f3digo de prote\u00e7\u00e3o animal - Aconteceu no Vale\",\"isPartOf\":{\"@id\":\"https:\\\/\\\/aconteceunovale.com.br\\\/portal\\\/#website\"},\"primaryImageOfPage\":{\"@id\":\"https:\\\/\\\/aconteceunovale.com.br\\\/portal\\\/?p=24748#primaryimage\"},\"image\":{\"@id\":\"https:\\\/\\\/aconteceunovale.com.br\\\/portal\\\/?p=24748#primaryimage\"},\"thumbnailUrl\":\"https:\\\/\\\/aconteceunovale.com.br\\\/portal\\\/wp-content\\\/uploads\\\/2014\\\/03\\\/codigo_protecao_animal_mg.jpg\",\"datePublished\":\"2014-03-26T23:21:54+00:00\",\"author\":{\"@id\":\"https:\\\/\\\/aconteceunovale.com.br\\\/portal\\\/#\\\/schema\\\/person\\\/633529146f2c94272bef50ac2953d589\"},\"breadcrumb\":{\"@id\":\"https:\\\/\\\/aconteceunovale.com.br\\\/portal\\\/?p=24748#breadcrumb\"},\"inLanguage\":\"pt-BR\",\"potentialAction\":[{\"@type\":\"ReadAction\",\"target\":[\"https:\\\/\\\/aconteceunovale.com.br\\\/portal\\\/?p=24748\"]}]},{\"@type\":\"ImageObject\",\"inLanguage\":\"pt-BR\",\"@id\":\"https:\\\/\\\/aconteceunovale.com.br\\\/portal\\\/?p=24748#primaryimage\",\"url\":\"https:\\\/\\\/aconteceunovale.com.br\\\/portal\\\/wp-content\\\/uploads\\\/2014\\\/03\\\/codigo_protecao_animal_mg.jpg\",\"contentUrl\":\"https:\\\/\\\/aconteceunovale.com.br\\\/portal\\\/wp-content\\\/uploads\\\/2014\\\/03\\\/codigo_protecao_animal_mg.jpg\",\"width\":620,\"height\":420},{\"@type\":\"BreadcrumbList\",\"@id\":\"https:\\\/\\\/aconteceunovale.com.br\\\/portal\\\/?p=24748#breadcrumb\",\"itemListElement\":[{\"@type\":\"ListItem\",\"position\":1,\"name\":\"In\u00edcio\",\"item\":\"https:\\\/\\\/aconteceunovale.com.br\\\/portal\\\/\"},{\"@type\":\"ListItem\",\"position\":2,\"name\":\"Minas Gerais poder\u00e1 ter um c\u00f3digo de prote\u00e7\u00e3o animal\"}]},{\"@type\":\"WebSite\",\"@id\":\"https:\\\/\\\/aconteceunovale.com.br\\\/portal\\\/#website\",\"url\":\"https:\\\/\\\/aconteceunovale.com.br\\\/portal\\\/\",\"name\":\"Aconteceu no Vale\",\"description\":\"Portal de Not\u00edcias\",\"potentialAction\":[{\"@type\":\"SearchAction\",\"target\":{\"@type\":\"EntryPoint\",\"urlTemplate\":\"https:\\\/\\\/aconteceunovale.com.br\\\/portal\\\/?s={search_term_string}\"},\"query-input\":{\"@type\":\"PropertyValueSpecification\",\"valueRequired\":true,\"valueName\":\"search_term_string\"}}],\"inLanguage\":\"pt-BR\"},{\"@type\":\"Person\",\"@id\":\"https:\\\/\\\/aconteceunovale.com.br\\\/portal\\\/#\\\/schema\\\/person\\\/633529146f2c94272bef50ac2953d589\",\"name\":\"Aconteceu no Vale\",\"description\":\"Equipe de reportagem do Aconteceu no Vale, portal de not\u00edcias do Vale do Jequitinhonha, em Minas Gerais. Cobrimos as 51 cidades do Vale desde 2013. Sugest\u00f5es de pauta e pedidos de corre\u00e7\u00e3o: contato@aconteceunovale.com.br\",\"sameAs\":[\"http:\\\/\\\/www.aconteceunovale.com.br\"],\"url\":\"https:\\\/\\\/aconteceunovale.com.br\\\/portal\\\/?author=1\"}]}<\/script>\n<!-- \/ Yoast SEO plugin. -->","yoast_head_json":{"title":"Minas Gerais poder\u00e1 ter um c\u00f3digo de prote\u00e7\u00e3o animal - Aconteceu no Vale","robots":{"index":"index","follow":"follow","max-snippet":"max-snippet:-1","max-image-preview":"max-image-preview:large","max-video-preview":"max-video-preview:-1"},"canonical":"https:\/\/aconteceunovale.com.br\/portal\/?p=24748","og_locale":"pt_BR","og_type":"article","og_title":"Minas Gerais poder\u00e1 ter um c\u00f3digo de prote\u00e7\u00e3o animal - Aconteceu no Vale","og_description":"Minas Gerais poder\u00e1 ganhar um C\u00f3digo de Prote\u00e7\u00e3o Animal. Este \u00e9 o objetivo da s\u00e9rie de audi\u00eancias realizada pela Comiss\u00e3o de Meio Ambiente e Desenvolvimento Sustent\u00e1vel da Assembleia Legislativa de Minas Gerais (ALMG) sobre a quest\u00e3o animal. A \u00faltima delas aconteceu nessa ter\u00e7a-feira (25) e contou com diversas autoridades sobre o assunto, entre entidades protetoras [&hellip;]","og_url":"https:\/\/aconteceunovale.com.br\/portal\/?p=24748","og_site_name":"Aconteceu no Vale","article_publisher":"https:\/\/www.facebook.com\/aconteceunovale\/","article_published_time":"2014-03-26T23:21:54+00:00","og_image":[{"width":620,"height":420,"url":"https:\/\/aconteceunovale.com.br\/portal\/wp-content\/uploads\/2014\/03\/codigo_protecao_animal_mg.jpg","type":"image\/jpeg"}],"author":"Aconteceu no Vale","twitter_card":"summary_large_image","twitter_creator":"@noticiadosvales","twitter_site":"@noticiadosvales","twitter_misc":{"Escrito por":"Aconteceu no Vale","Est. tempo de leitura":"2 minutos"},"schema":{"@context":"https:\/\/schema.org","@graph":[{"@type":"Article","@id":"https:\/\/aconteceunovale.com.br\/portal\/?p=24748#article","isPartOf":{"@id":"https:\/\/aconteceunovale.com.br\/portal\/?p=24748"},"author":{"name":"Aconteceu no Vale","@id":"https:\/\/aconteceunovale.com.br\/portal\/#\/schema\/person\/633529146f2c94272bef50ac2953d589"},"headline":"Minas Gerais poder\u00e1 ter um c\u00f3digo de prote\u00e7\u00e3o animal","datePublished":"2014-03-26T23:21:54+00:00","mainEntityOfPage":{"@id":"https:\/\/aconteceunovale.com.br\/portal\/?p=24748"},"wordCount":407,"commentCount":0,"image":{"@id":"https:\/\/aconteceunovale.com.br\/portal\/?p=24748#primaryimage"},"thumbnailUrl":"https:\/\/aconteceunovale.com.br\/portal\/wp-content\/uploads\/2014\/03\/codigo_protecao_animal_mg.jpg","keywords":["c\u00f3digo de prote\u00e7\u00e3o animal","destaque","Minas Gerais poder\u00e1 ter um c\u00f3digo de prote\u00e7\u00e3o animal"],"articleSection":["Minas Gerais"],"inLanguage":"pt-BR","potentialAction":[{"@type":"CommentAction","name":"Comment","target":["https:\/\/aconteceunovale.com.br\/portal\/?p=24748#respond"]}]},{"@type":"WebPage","@id":"https:\/\/aconteceunovale.com.br\/portal\/?p=24748","url":"https:\/\/aconteceunovale.com.br\/portal\/?p=24748","name":"Minas Gerais poder\u00e1 ter um c\u00f3digo de prote\u00e7\u00e3o animal - Aconteceu no Vale","isPartOf":{"@id":"https:\/\/aconteceunovale.com.br\/portal\/#website"},"primaryImageOfPage":{"@id":"https:\/\/aconteceunovale.com.br\/portal\/?p=24748#primaryimage"},"image":{"@id":"https:\/\/aconteceunovale.com.br\/portal\/?p=24748#primaryimage"},"thumbnailUrl":"https:\/\/aconteceunovale.com.br\/portal\/wp-content\/uploads\/2014\/03\/codigo_protecao_animal_mg.jpg","datePublished":"2014-03-26T23:21:54+00:00","author":{"@id":"https:\/\/aconteceunovale.com.br\/portal\/#\/schema\/person\/633529146f2c94272bef50ac2953d589"},"breadcrumb":{"@id":"https:\/\/aconteceunovale.com.br\/portal\/?p=24748#breadcrumb"},"inLanguage":"pt-BR","potentialAction":[{"@type":"ReadAction","target":["https:\/\/aconteceunovale.com.br\/portal\/?p=24748"]}]},{"@type":"ImageObject","inLanguage":"pt-BR","@id":"https:\/\/aconteceunovale.com.br\/portal\/?p=24748#primaryimage","url":"https:\/\/aconteceunovale.com.br\/portal\/wp-content\/uploads\/2014\/03\/codigo_protecao_animal_mg.jpg","contentUrl":"https:\/\/aconteceunovale.com.br\/portal\/wp-content\/uploads\/2014\/03\/codigo_protecao_animal_mg.jpg","width":620,"height":420},{"@type":"BreadcrumbList","@id":"https:\/\/aconteceunovale.com.br\/portal\/?p=24748#breadcrumb","itemListElement":[{"@type":"ListItem","position":1,"name":"In\u00edcio","item":"https:\/\/aconteceunovale.com.br\/portal\/"},{"@type":"ListItem","position":2,"name":"Minas Gerais poder\u00e1 ter um c\u00f3digo de prote\u00e7\u00e3o animal"}]},{"@type":"WebSite","@id":"https:\/\/aconteceunovale.com.br\/portal\/#website","url":"https:\/\/aconteceunovale.com.br\/portal\/","name":"Aconteceu no Vale","description":"Portal de Not\u00edcias","potentialAction":[{"@type":"SearchAction","target":{"@type":"EntryPoint","urlTemplate":"https:\/\/aconteceunovale.com.br\/portal\/?s={search_term_string}"},"query-input":{"@type":"PropertyValueSpecification","valueRequired":true,"valueName":"search_term_string"}}],"inLanguage":"pt-BR"},{"@type":"Person","@id":"https:\/\/aconteceunovale.com.br\/portal\/#\/schema\/person\/633529146f2c94272bef50ac2953d589","name":"Aconteceu no Vale","description":"Equipe de reportagem do Aconteceu no Vale, portal de not\u00edcias do Vale do Jequitinhonha, em Minas Gerais. Cobrimos as 51 cidades do Vale desde 2013. Sugest\u00f5es de pauta e pedidos de corre\u00e7\u00e3o: contato@aconteceunovale.com.br","sameAs":["http:\/\/www.aconteceunovale.com.br"],"url":"https:\/\/aconteceunovale.com.br\/portal\/?author=1"}]}},"_links":{"self":[{"href":"https:\/\/aconteceunovale.com.br\/portal\/index.php?rest_route=\/wp\/v2\/posts\/24748","targetHints":{"allow":["GET"]}}],"collection":[{"href":"https:\/\/aconteceunovale.com.br\/portal\/index.php?rest_route=\/wp\/v2\/posts"}],"about":[{"href":"https:\/\/aconteceunovale.com.br\/portal\/index.php?rest_route=\/wp\/v2\/types\/post"}],"author":[{"embeddable":true,"href":"https:\/\/aconteceunovale.com.br\/portal\/index.php?rest_route=\/wp\/v2\/users\/1"}],"replies":[{"embeddable":true,"href":"https:\/\/aconteceunovale.com.br\/portal\/index.php?rest_route=%2Fwp%2Fv2%2Fcomments&post=24748"}],"version-history":[{"count":0,"href":"https:\/\/aconteceunovale.com.br\/portal\/index.php?rest_route=\/wp\/v2\/posts\/24748\/revisions"}],"wp:featuredmedia":[{"embeddable":true,"href":"https:\/\/aconteceunovale.com.br\/portal\/index.php?rest_route=\/wp\/v2\/media\/24749"}],"wp:attachment":[{"href":"https:\/\/aconteceunovale.com.br\/portal\/index.php?rest_route=%2Fwp%2Fv2%2Fmedia&parent=24748"}],"wp:term":[{"taxonomy":"category","embeddable":true,"href":"https:\/\/aconteceunovale.com.br\/portal\/index.php?rest_route=%2Fwp%2Fv2%2Fcategories&post=24748"},{"taxonomy":"post_tag","embeddable":true,"href":"https:\/\/aconteceunovale.com.br\/portal\/index.php?rest_route=%2Fwp%2Fv2%2Ftags&post=24748"}],"curies":[{"name":"wp","href":"https:\/\/api.w.org\/{rel}","templated":true}]}}