{"id":24739,"date":"2014-03-26T18:48:15","date_gmt":"2014-03-26T21:48:15","guid":{"rendered":"http:\/\/aconteceunovale.com.br\/portal\/?p=24739"},"modified":"2026-09-02T13:28:21","modified_gmt":"2026-09-02T16:28:21","slug":"ex-presidente-da-camara-de-minas-novas-vereador-e-outras-tres-pessoas-sao-indiciados-por-desvio-de-verbas-publicas","status":"publish","type":"post","link":"https:\/\/aconteceunovale.com.br\/portal\/?p=24739","title":{"rendered":"Ex-presidente da C\u00e2mara de Minas Novas, Vereador e quadrilha s\u00e3o indiciados por desvio de verbas"},"content":{"rendered":"<p>A Pol\u00edcia Civil concluiu, no final de fevereiro, um inqu\u00e9rito que investigou o envolvimento de funcion\u00e1rios da C\u00e2mara Municipal de Minas Novas, na Regi\u00e3o do Alto Jequitinhonha, com um amplo esquema de desvio de verbas p\u00fablicas. O titular da Delegacia de Minas Novas, delegado V\u00edtor Amaro Beduschi Beloti, finalizou as investiga\u00e7\u00f5es com o indiciamento de Jos\u00e9 Maria Lopes Ferreira, que na ocasi\u00e3o era presidente da c\u00e2mara municipal, do vereador Geraldo Fernandes, do empres\u00e1rio Wellington Ad\u00e3o Pires e dos funcion\u00e1rios p\u00fablicos Felipe Gabriel Martins Almeida e Josivando Alves Souza, que atuavam, respectivamente, como contador e motorista da c\u00e2mara.<\/p>\n<p>O inqu\u00e9rito foi instaurado em fevereiro de 2012, a partir da queixa de amea\u00e7a registrada por Jo\u00e3o Martins Dutra, ex-vereador de Minas Novas, contra Jos\u00e9 Maria Lopes Ferreira. Na ocasi\u00e3o, o denunciante disse que teria sofrido as amea\u00e7as ap\u00f3s denunciar o envolvimento do ent\u00e3o presidente da c\u00e2mara no desvio de um computador. Ap\u00f3s um ano de investiga\u00e7\u00f5es o caso foi conclu\u00eddo resultando em 11 volumes e quase 2 mil laudas, que compreendem uma complexa investiga\u00e7\u00e3o a respeito de crimes contra a administra\u00e7\u00e3o p\u00fablica no munic\u00edpio de Minas Novas.<\/p>\n<p>Nos autos constam mandados de pris\u00e3o preventiva, tempor\u00e1ria e quebra do sigilo telef\u00f4nico, banc\u00e1rio e fiscal do envolvidos. Eles foram indiciados nos crimes de posse ilegal de arma de fogo de uso restrito, amea\u00e7a, peculato desvio, forma\u00e7\u00e3o de quadrilha, dispensa injustificada de licita\u00e7\u00e3o e destrui\u00e7\u00e3o ou inutiliza\u00e7\u00e3o de pap\u00e9is ou documentos p\u00fablicos.<\/p>\n<p>As investiga\u00e7\u00f5es apontaram que Jos\u00e9 Maria Lopes Ferreira subtraiu e desviou um computador, um tel\u00e3o e uma c\u00e2mera fotogr\u00e1fica do gabinete da c\u00e2mara municipal, configurando o crime de peculato. O ent\u00e3o presidente da c\u00e2mara tamb\u00e9m \u00e9 acusado de oculta\u00e7\u00e3o de presta\u00e7\u00e3o de contas referentes a 2011.<\/p>\n<p>O inqu\u00e9rito tamb\u00e9m apontou que Jos\u00e9 Maria reuniu-se aos outros quatro indiciados para cometer os crimes contra a administra\u00e7\u00e3o p\u00fablica, deixando Wellington respons\u00e1vel pela cria\u00e7\u00e3o de uma empresa fantasma que foi usada para simular a presta\u00e7\u00e3o de servi\u00e7os de publicidade \u00e0 c\u00e2mara. Como o ex-vereador Geraldo exercia fun\u00e7\u00e3o de Secret\u00e1rio Executivo da casa, coube a ele a aprova\u00e7\u00e3o de todas as notas de empenho emitidas irregularmente.<\/p>\n<p>O esquema teve a participa\u00e7\u00e3o de Felipe Gabriel, que foi contratado como contador da c\u00e2mara municipal para substituir um funcion\u00e1rio de carreira, que havia sido exonerado repentinamente por Jos\u00e9 Maria. J\u00e1 o motorista Josivando se envolveu nas irregularidades por ter seu nome usado em notas de viagens expedidas de forma fraudulenta.<\/p>\n<p>A quebra do sigilo banc\u00e1rio dos indiciados revelou que foram feitos lan\u00e7amentos de valores apenas na conta do ex-vereador Geraldo, o que leva a pol\u00edcia a acreditar que existam \u201claranjas\u201d no esquema, levantando, inclusive, o nome de tr\u00eas suspeitos. O inqu\u00e9rito foi encaminhado concluso \u00e0 Justi\u00e7a de Minas Novas.<\/p>\n<p><img decoding=\"async\" src=\"http:\/\/aconteceunovale.com.br\/portal\/wp-content\/uploads\/2014\/02\/justica_indenizacao.jpg\" alt=\"\" \/><\/p>\n<p><strong><em>(Pol\u00edcia Civil de Minas Gerais)<\/em><\/strong><\/p>\n","protected":false},"excerpt":{"rendered":"<p>A Pol\u00edcia Civil concluiu, no final de fevereiro, um inqu\u00e9rito que investigou o envolvimento de funcion\u00e1rios da C\u00e2mara Municipal de Minas Novas, na Regi\u00e3o do Alto Jequitinhonha, com um amplo esquema de desvio de verbas p\u00fablicas. O titular da Delegacia de Minas Novas, delegado V\u00edtor Amaro Beduschi Beloti, finalizou as investiga\u00e7\u00f5es com o indiciamento de [&hellip;]<\/p>\n","protected":false},"author":1,"featured_media":21635,"comment_status":"open","ping_status":"closed","sticky":false,"template":"","format":"standard","meta":{"amp_status":"","footnotes":""},"categories":[272561,120],"tags":[1018,5986,5990,5988,5987,5991,137,5985,5989],"class_list":["post-24739","post","type-post","status-publish","format-standard","has-post-thumbnail","hentry","category-minas-novas","category-jequi","tag-destaque","tag-desvio-de-verbas-na-camara-de-minas-novas","tag-felipe-gabriel-martins-almeida","tag-geraldo-fernandes","tag-jose-maria-lopes-ferreira","tag-josivando-alves-souza","tag-minas-novas","tag-policia-acusa-ex-presidente-da-camara-de-minas-novas-de-desvio-de-verbas","tag-wellington-adao-pires"],"yoast_head":"<!-- This site is optimized with the Yoast SEO plugin v28.3 - https:\/\/yoast.com\/product\/yoast-seo-wordpress\/ -->\n<title>Ex-presidente da C\u00e2mara de Minas Novas, Vereador e quadrilha s\u00e3o indiciados por desvio de verbas - Aconteceu no Vale<\/title>\n<meta name=\"robots\" content=\"index, follow, max-snippet:-1, max-image-preview:large, max-video-preview:-1\" \/>\n<link rel=\"canonical\" href=\"https:\/\/aconteceunovale.com.br\/portal\/?p=24739\" \/>\n<meta property=\"og:locale\" content=\"pt_BR\" \/>\n<meta property=\"og:type\" content=\"article\" \/>\n<meta property=\"og:title\" content=\"Ex-presidente da C\u00e2mara de Minas Novas, Vereador e quadrilha s\u00e3o indiciados por desvio de verbas - Aconteceu no Vale\" \/>\n<meta property=\"og:description\" content=\"A Pol\u00edcia Civil concluiu, no final de fevereiro, um inqu\u00e9rito que investigou o envolvimento de funcion\u00e1rios da C\u00e2mara Municipal de Minas Novas, na Regi\u00e3o do Alto Jequitinhonha, com um amplo esquema de desvio de verbas p\u00fablicas. O titular da Delegacia de Minas Novas, delegado V\u00edtor Amaro Beduschi Beloti, finalizou as investiga\u00e7\u00f5es com o indiciamento de [&hellip;]\" \/>\n<meta property=\"og:url\" content=\"https:\/\/aconteceunovale.com.br\/portal\/?p=24739\" \/>\n<meta property=\"og:site_name\" content=\"Aconteceu no Vale\" \/>\n<meta property=\"article:publisher\" content=\"https:\/\/www.facebook.com\/aconteceunovale\/\" \/>\n<meta property=\"article:published_time\" content=\"2014-03-26T21:48:15+00:00\" \/>\n<meta property=\"article:modified_time\" content=\"2026-09-02T16:28:21+00:00\" \/>\n<meta property=\"og:image\" content=\"https:\/\/aconteceunovale.com.br\/portal\/wp-content\/uploads\/2014\/02\/justica_indenizacao.jpg\" \/>\n\t<meta property=\"og:image:width\" content=\"600\" \/>\n\t<meta property=\"og:image:height\" content=\"391\" \/>\n\t<meta property=\"og:image:type\" content=\"image\/jpeg\" \/>\n<meta name=\"author\" content=\"Aconteceu no Vale\" \/>\n<meta name=\"twitter:card\" content=\"summary_large_image\" \/>\n<meta name=\"twitter:creator\" content=\"@noticiadosvales\" \/>\n<meta name=\"twitter:site\" content=\"@noticiadosvales\" \/>\n<meta name=\"twitter:label1\" content=\"Escrito por\" \/>\n\t<meta name=\"twitter:data1\" content=\"Aconteceu no Vale\" \/>\n\t<meta name=\"twitter:label2\" content=\"Est. tempo de leitura\" \/>\n\t<meta name=\"twitter:data2\" content=\"3 minutos\" \/>\n<script type=\"application\/ld+json\" class=\"yoast-schema-graph\">{\"@context\":\"https:\\\/\\\/schema.org\",\"@graph\":[{\"@type\":\"Article\",\"@id\":\"https:\\\/\\\/aconteceunovale.com.br\\\/portal\\\/?p=24739#article\",\"isPartOf\":{\"@id\":\"https:\\\/\\\/aconteceunovale.com.br\\\/portal\\\/?p=24739\"},\"author\":{\"name\":\"Aconteceu no Vale\",\"@id\":\"https:\\\/\\\/aconteceunovale.com.br\\\/portal\\\/#\\\/schema\\\/person\\\/633529146f2c94272bef50ac2953d589\"},\"headline\":\"Ex-presidente da C\u00e2mara de Minas Novas, Vereador e quadrilha s\u00e3o indiciados por desvio de verbas\",\"datePublished\":\"2014-03-26T21:48:15+00:00\",\"dateModified\":\"2026-09-02T16:28:21+00:00\",\"mainEntityOfPage\":{\"@id\":\"https:\\\/\\\/aconteceunovale.com.br\\\/portal\\\/?p=24739\"},\"wordCount\":537,\"commentCount\":0,\"image\":{\"@id\":\"https:\\\/\\\/aconteceunovale.com.br\\\/portal\\\/?p=24739#primaryimage\"},\"thumbnailUrl\":\"https:\\\/\\\/aconteceunovale.com.br\\\/portal\\\/wp-content\\\/uploads\\\/2014\\\/02\\\/justica_indenizacao.jpg\",\"keywords\":[\"destaque\",\"desvio de verbas na c\u00e2mara de minas novas\",\"Felipe Gabriel Martins Almeida\",\"Geraldo Fernandes\",\"Jos\u00e9 Maria Lopes Ferreira\",\"Josivando Alves Souza\",\"Minas Novas\",\"pol\u00edcia acusa ex-presidente da c\u00e2mara de minas novas de desvio de verbas\",\"Wellington Ad\u00e3o Pires\"],\"articleSection\":[\"Minas Novas\",\"Vale do Jequitinhonha\"],\"inLanguage\":\"pt-BR\",\"potentialAction\":[{\"@type\":\"CommentAction\",\"name\":\"Comment\",\"target\":[\"https:\\\/\\\/aconteceunovale.com.br\\\/portal\\\/?p=24739#respond\"]}]},{\"@type\":\"WebPage\",\"@id\":\"https:\\\/\\\/aconteceunovale.com.br\\\/portal\\\/?p=24739\",\"url\":\"https:\\\/\\\/aconteceunovale.com.br\\\/portal\\\/?p=24739\",\"name\":\"Ex-presidente da C\u00e2mara de Minas Novas, Vereador e quadrilha s\u00e3o indiciados por desvio de verbas - Aconteceu no Vale\",\"isPartOf\":{\"@id\":\"https:\\\/\\\/aconteceunovale.com.br\\\/portal\\\/#website\"},\"primaryImageOfPage\":{\"@id\":\"https:\\\/\\\/aconteceunovale.com.br\\\/portal\\\/?p=24739#primaryimage\"},\"image\":{\"@id\":\"https:\\\/\\\/aconteceunovale.com.br\\\/portal\\\/?p=24739#primaryimage\"},\"thumbnailUrl\":\"https:\\\/\\\/aconteceunovale.com.br\\\/portal\\\/wp-content\\\/uploads\\\/2014\\\/02\\\/justica_indenizacao.jpg\",\"datePublished\":\"2014-03-26T21:48:15+00:00\",\"dateModified\":\"2026-09-02T16:28:21+00:00\",\"author\":{\"@id\":\"https:\\\/\\\/aconteceunovale.com.br\\\/portal\\\/#\\\/schema\\\/person\\\/633529146f2c94272bef50ac2953d589\"},\"breadcrumb\":{\"@id\":\"https:\\\/\\\/aconteceunovale.com.br\\\/portal\\\/?p=24739#breadcrumb\"},\"inLanguage\":\"pt-BR\",\"potentialAction\":[{\"@type\":\"ReadAction\",\"target\":[\"https:\\\/\\\/aconteceunovale.com.br\\\/portal\\\/?p=24739\"]}]},{\"@type\":\"ImageObject\",\"inLanguage\":\"pt-BR\",\"@id\":\"https:\\\/\\\/aconteceunovale.com.br\\\/portal\\\/?p=24739#primaryimage\",\"url\":\"https:\\\/\\\/aconteceunovale.com.br\\\/portal\\\/wp-content\\\/uploads\\\/2014\\\/02\\\/justica_indenizacao.jpg\",\"contentUrl\":\"https:\\\/\\\/aconteceunovale.com.br\\\/portal\\\/wp-content\\\/uploads\\\/2014\\\/02\\\/justica_indenizacao.jpg\",\"width\":600,\"height\":391},{\"@type\":\"BreadcrumbList\",\"@id\":\"https:\\\/\\\/aconteceunovale.com.br\\\/portal\\\/?p=24739#breadcrumb\",\"itemListElement\":[{\"@type\":\"ListItem\",\"position\":1,\"name\":\"In\u00edcio\",\"item\":\"https:\\\/\\\/aconteceunovale.com.br\\\/portal\\\/\"},{\"@type\":\"ListItem\",\"position\":2,\"name\":\"Ex-presidente da C\u00e2mara de Minas Novas, Vereador e quadrilha s\u00e3o indiciados por desvio de verbas\"}]},{\"@type\":\"WebSite\",\"@id\":\"https:\\\/\\\/aconteceunovale.com.br\\\/portal\\\/#website\",\"url\":\"https:\\\/\\\/aconteceunovale.com.br\\\/portal\\\/\",\"name\":\"Aconteceu no Vale\",\"description\":\"Portal de Not\u00edcias\",\"potentialAction\":[{\"@type\":\"SearchAction\",\"target\":{\"@type\":\"EntryPoint\",\"urlTemplate\":\"https:\\\/\\\/aconteceunovale.com.br\\\/portal\\\/?s={search_term_string}\"},\"query-input\":{\"@type\":\"PropertyValueSpecification\",\"valueRequired\":true,\"valueName\":\"search_term_string\"}}],\"inLanguage\":\"pt-BR\"},{\"@type\":\"Person\",\"@id\":\"https:\\\/\\\/aconteceunovale.com.br\\\/portal\\\/#\\\/schema\\\/person\\\/633529146f2c94272bef50ac2953d589\",\"name\":\"Aconteceu no Vale\",\"description\":\"Equipe de reportagem do Aconteceu no Vale, portal de not\u00edcias do Vale do Jequitinhonha, em Minas Gerais. Cobrimos as 51 cidades do Vale desde 2013. Sugest\u00f5es de pauta e pedidos de corre\u00e7\u00e3o: contato@aconteceunovale.com.br\",\"sameAs\":[\"http:\\\/\\\/www.aconteceunovale.com.br\"],\"url\":\"https:\\\/\\\/aconteceunovale.com.br\\\/portal\\\/?author=1\"}]}<\/script>\n<!-- \/ Yoast SEO plugin. -->","yoast_head_json":{"title":"Ex-presidente da C\u00e2mara de Minas Novas, Vereador e quadrilha s\u00e3o indiciados por desvio de verbas - Aconteceu no Vale","robots":{"index":"index","follow":"follow","max-snippet":"max-snippet:-1","max-image-preview":"max-image-preview:large","max-video-preview":"max-video-preview:-1"},"canonical":"https:\/\/aconteceunovale.com.br\/portal\/?p=24739","og_locale":"pt_BR","og_type":"article","og_title":"Ex-presidente da C\u00e2mara de Minas Novas, Vereador e quadrilha s\u00e3o indiciados por desvio de verbas - Aconteceu no Vale","og_description":"A Pol\u00edcia Civil concluiu, no final de fevereiro, um inqu\u00e9rito que investigou o envolvimento de funcion\u00e1rios da C\u00e2mara Municipal de Minas Novas, na Regi\u00e3o do Alto Jequitinhonha, com um amplo esquema de desvio de verbas p\u00fablicas. O titular da Delegacia de Minas Novas, delegado V\u00edtor Amaro Beduschi Beloti, finalizou as investiga\u00e7\u00f5es com o indiciamento de [&hellip;]","og_url":"https:\/\/aconteceunovale.com.br\/portal\/?p=24739","og_site_name":"Aconteceu no Vale","article_publisher":"https:\/\/www.facebook.com\/aconteceunovale\/","article_published_time":"2014-03-26T21:48:15+00:00","article_modified_time":"2026-09-02T16:28:21+00:00","og_image":[{"width":600,"height":391,"url":"https:\/\/aconteceunovale.com.br\/portal\/wp-content\/uploads\/2014\/02\/justica_indenizacao.jpg","type":"image\/jpeg"}],"author":"Aconteceu no Vale","twitter_card":"summary_large_image","twitter_creator":"@noticiadosvales","twitter_site":"@noticiadosvales","twitter_misc":{"Escrito por":"Aconteceu no Vale","Est. tempo de leitura":"3 minutos"},"schema":{"@context":"https:\/\/schema.org","@graph":[{"@type":"Article","@id":"https:\/\/aconteceunovale.com.br\/portal\/?p=24739#article","isPartOf":{"@id":"https:\/\/aconteceunovale.com.br\/portal\/?p=24739"},"author":{"name":"Aconteceu no Vale","@id":"https:\/\/aconteceunovale.com.br\/portal\/#\/schema\/person\/633529146f2c94272bef50ac2953d589"},"headline":"Ex-presidente da C\u00e2mara de Minas Novas, Vereador e quadrilha s\u00e3o indiciados por desvio de verbas","datePublished":"2014-03-26T21:48:15+00:00","dateModified":"2026-09-02T16:28:21+00:00","mainEntityOfPage":{"@id":"https:\/\/aconteceunovale.com.br\/portal\/?p=24739"},"wordCount":537,"commentCount":0,"image":{"@id":"https:\/\/aconteceunovale.com.br\/portal\/?p=24739#primaryimage"},"thumbnailUrl":"https:\/\/aconteceunovale.com.br\/portal\/wp-content\/uploads\/2014\/02\/justica_indenizacao.jpg","keywords":["destaque","desvio de verbas na c\u00e2mara de minas novas","Felipe Gabriel Martins Almeida","Geraldo Fernandes","Jos\u00e9 Maria Lopes Ferreira","Josivando Alves Souza","Minas Novas","pol\u00edcia acusa ex-presidente da c\u00e2mara de minas novas de desvio de verbas","Wellington Ad\u00e3o Pires"],"articleSection":["Minas Novas","Vale do Jequitinhonha"],"inLanguage":"pt-BR","potentialAction":[{"@type":"CommentAction","name":"Comment","target":["https:\/\/aconteceunovale.com.br\/portal\/?p=24739#respond"]}]},{"@type":"WebPage","@id":"https:\/\/aconteceunovale.com.br\/portal\/?p=24739","url":"https:\/\/aconteceunovale.com.br\/portal\/?p=24739","name":"Ex-presidente da C\u00e2mara de Minas Novas, Vereador e quadrilha s\u00e3o indiciados por desvio de verbas - Aconteceu no Vale","isPartOf":{"@id":"https:\/\/aconteceunovale.com.br\/portal\/#website"},"primaryImageOfPage":{"@id":"https:\/\/aconteceunovale.com.br\/portal\/?p=24739#primaryimage"},"image":{"@id":"https:\/\/aconteceunovale.com.br\/portal\/?p=24739#primaryimage"},"thumbnailUrl":"https:\/\/aconteceunovale.com.br\/portal\/wp-content\/uploads\/2014\/02\/justica_indenizacao.jpg","datePublished":"2014-03-26T21:48:15+00:00","dateModified":"2026-09-02T16:28:21+00:00","author":{"@id":"https:\/\/aconteceunovale.com.br\/portal\/#\/schema\/person\/633529146f2c94272bef50ac2953d589"},"breadcrumb":{"@id":"https:\/\/aconteceunovale.com.br\/portal\/?p=24739#breadcrumb"},"inLanguage":"pt-BR","potentialAction":[{"@type":"ReadAction","target":["https:\/\/aconteceunovale.com.br\/portal\/?p=24739"]}]},{"@type":"ImageObject","inLanguage":"pt-BR","@id":"https:\/\/aconteceunovale.com.br\/portal\/?p=24739#primaryimage","url":"https:\/\/aconteceunovale.com.br\/portal\/wp-content\/uploads\/2014\/02\/justica_indenizacao.jpg","contentUrl":"https:\/\/aconteceunovale.com.br\/portal\/wp-content\/uploads\/2014\/02\/justica_indenizacao.jpg","width":600,"height":391},{"@type":"BreadcrumbList","@id":"https:\/\/aconteceunovale.com.br\/portal\/?p=24739#breadcrumb","itemListElement":[{"@type":"ListItem","position":1,"name":"In\u00edcio","item":"https:\/\/aconteceunovale.com.br\/portal\/"},{"@type":"ListItem","position":2,"name":"Ex-presidente da C\u00e2mara de Minas Novas, Vereador e quadrilha s\u00e3o indiciados por desvio de verbas"}]},{"@type":"WebSite","@id":"https:\/\/aconteceunovale.com.br\/portal\/#website","url":"https:\/\/aconteceunovale.com.br\/portal\/","name":"Aconteceu no Vale","description":"Portal de Not\u00edcias","potentialAction":[{"@type":"SearchAction","target":{"@type":"EntryPoint","urlTemplate":"https:\/\/aconteceunovale.com.br\/portal\/?s={search_term_string}"},"query-input":{"@type":"PropertyValueSpecification","valueRequired":true,"valueName":"search_term_string"}}],"inLanguage":"pt-BR"},{"@type":"Person","@id":"https:\/\/aconteceunovale.com.br\/portal\/#\/schema\/person\/633529146f2c94272bef50ac2953d589","name":"Aconteceu no Vale","description":"Equipe de reportagem do Aconteceu no Vale, portal de not\u00edcias do Vale do Jequitinhonha, em Minas Gerais. Cobrimos as 51 cidades do Vale desde 2013. Sugest\u00f5es de pauta e pedidos de corre\u00e7\u00e3o: contato@aconteceunovale.com.br","sameAs":["http:\/\/www.aconteceunovale.com.br"],"url":"https:\/\/aconteceunovale.com.br\/portal\/?author=1"}]}},"_links":{"self":[{"href":"https:\/\/aconteceunovale.com.br\/portal\/index.php?rest_route=\/wp\/v2\/posts\/24739","targetHints":{"allow":["GET"]}}],"collection":[{"href":"https:\/\/aconteceunovale.com.br\/portal\/index.php?rest_route=\/wp\/v2\/posts"}],"about":[{"href":"https:\/\/aconteceunovale.com.br\/portal\/index.php?rest_route=\/wp\/v2\/types\/post"}],"author":[{"embeddable":true,"href":"https:\/\/aconteceunovale.com.br\/portal\/index.php?rest_route=\/wp\/v2\/users\/1"}],"replies":[{"embeddable":true,"href":"https:\/\/aconteceunovale.com.br\/portal\/index.php?rest_route=%2Fwp%2Fv2%2Fcomments&post=24739"}],"version-history":[{"count":1,"href":"https:\/\/aconteceunovale.com.br\/portal\/index.php?rest_route=\/wp\/v2\/posts\/24739\/revisions"}],"predecessor-version":[{"id":201370,"href":"https:\/\/aconteceunovale.com.br\/portal\/index.php?rest_route=\/wp\/v2\/posts\/24739\/revisions\/201370"}],"wp:featuredmedia":[{"embeddable":true,"href":"https:\/\/aconteceunovale.com.br\/portal\/index.php?rest_route=\/wp\/v2\/media\/21635"}],"wp:attachment":[{"href":"https:\/\/aconteceunovale.com.br\/portal\/index.php?rest_route=%2Fwp%2Fv2%2Fmedia&parent=24739"}],"wp:term":[{"taxonomy":"category","embeddable":true,"href":"https:\/\/aconteceunovale.com.br\/portal\/index.php?rest_route=%2Fwp%2Fv2%2Fcategories&post=24739"},{"taxonomy":"post_tag","embeddable":true,"href":"https:\/\/aconteceunovale.com.br\/portal\/index.php?rest_route=%2Fwp%2Fv2%2Ftags&post=24739"}],"curies":[{"name":"wp","href":"https:\/\/api.w.org\/{rel}","templated":true}]}}